{"id":440722,"date":"2026-04-11T14:32:29","date_gmt":"2026-04-11T17:32:29","guid":{"rendered":"https:\/\/portaltela.pt\/noticias\/2026\/04\/11\/despiste-de-carrinha-em-palmela-faz-uma-morte-e-seis-feridos\/"},"modified":"2026-04-11T14:32:29","modified_gmt":"2026-04-11T17:32:29","slug":"despiste-de-carrinha-em-palmela-faz-uma-morte-e-seis-feridos","status":"publish","type":"post","link":"https:\/\/portaltela.pt\/acidentes\/2026\/04\/11\/despiste-de-carrinha-em-palmela-faz-uma-morte-e-seis-feridos\/","title":{"rendered":"Despiste de carrinha em Palmela faz uma morte e seis feridos"},"content":{"rendered":"<p>O despiste ocorreu \u00e0s 17h27 deste s\u00e1bado na Estrada Nacional 10, entre Set\u00fabal e \u00c1guas de Moura, junto a Cajados, Palmela. Uma carrinha de 9 lugares, com sete ocupantes, saiu da via em circunst\u00e2ncias ainda por apurar.<\/p>\n<p>A gravidade levou \u00e0 mobiliza\u00e7\u00e3o de 15 operacionais e 7 viaturas, com apoio dos Bombeiros de \u00c1guas de Moura, da GNR e do INEM. A opera\u00e7\u00e3o envolveu desencarceramento de pessoas.<\/p>\n<p>O \u00f3bito foi confirmado no local; tr\u00eas feridos recusaram transporte ao hospital, enquanto os restantes tr\u00eas seguiram para o Hospital de Set\u00fabal. O tr\u00e2nsito na zona ficou condicionado.<\/p>\n","protected":false},"excerpt":{"rendered":"<ul>\n<li>Despiste de uma carrinha de nove lugares, \u00e0s 17h27 de s\u00e1bado, na Estrada Nacional 10, entre Set\u00fabal e \u00c1guas de Moura, junto a Cajados, Palmela.<\/li>\n<li>Balan\u00e7o: um morto e seis feridos; estavam sete ocupantes na viatura.<\/li>\n<li>For\u00e7as mobilizadas: bombeiros de \u00c1guas de Moura, Guarda Nacional Republicana e INEM, com 15 operacionais e sete viaturas; foi necess\u00e1rio desencarcerar v\u00edtimas.<\/li>\n<li>\u00d3bito confirmado no local; tr\u00eas feridos recusaram transporte ao hospital, os outros tr\u00eas seguem para o Hospital de Set\u00fabal.<\/li>\n<li>Tr\u00e2nsito na zona encontra-se condicionado.<\/li>\n<\/ul>\n","protected":false},"author":2,"featured_media":440723,"comment_status":"closed","ping_status":"closed","sticky":false,"template":"","format":"standard","meta":{"footnotes":""},"categories":[6849],"tags":[4169,3449,5934,250,994,1629],"class_list":["post-440722","post","type-post","status-publish","format-standard","has-post-thumbnail","hentry","category-acidentes","tag-acidente-rodoviario","tag-feridos","tag-obitos","tag-seguranca-publica","tag-setubal","tag-transito"],"yoast_head":"<!-- This site is optimized with the Yoast SEO plugin v27.2 - https:\/\/yoast.com\/product\/yoast-seo-wordpress\/ -->\n<title>Despiste de carrinha em Palmela faz uma morte e seis feridos - Portal Tela Portugal<\/title>\n<meta name=\"robots\" content=\"index, follow, max-snippet:-1, max-image-preview:large, max-video-preview:-1\" \/>\n<meta property=\"og:locale\" content=\"pt_PT\" \/>\n<meta property=\"og:type\" content=\"article\" \/>\n<meta property=\"og:title\" content=\"Despiste de carrinha em Palmela faz uma morte e seis feridos - Portal Tela Portugal\" \/>\n<meta property=\"og:description\" content=\"Despiste de uma carrinha de nove lugares, \u00e0s 17h27 de s\u00e1bado, na Estrada Nacional 10, entre Set\u00fabal e \u00c1guas de Moura, junto a Cajados, Palmela. Balan\u00e7o: um morto e seis feridos; estavam sete ocupantes na viatura. For\u00e7as mobilizadas: bombeiros de \u00c1guas de Moura, Guarda Nacional Republicana e INEM, com 15 operacionais e sete viaturas; foi necess\u00e1rio desencarcerar v\u00edtimas. \u00d3bito confirmado no local; tr\u00eas feridos recusaram transporte ao hospital, os outros tr\u00eas seguem para o Hospital de Set\u00fabal. Tr\u00e2nsito na zona encontra-se condicionado.\" \/>\n<meta property=\"og:url\" content=\"https:\/\/portaltela.pt\/noticias\/2026\/04\/11\/despiste-de-carrinha-em-palmela-faz-uma-morte-e-seis-feridos\/\" \/>\n<meta property=\"og:site_name\" content=\"Portal Tela Portugal\" \/>\n<meta property=\"article:published_time\" content=\"2026-04-11T17:32:29+00:00\" \/>\n<meta name=\"author\" content=\"Telinha\" \/>\n<meta name=\"twitter:card\" content=\"summary_large_image\" \/>\n<meta name=\"twitter:label1\" content=\"Escrito por\" \/>\n\t<meta name=\"twitter:data1\" content=\"Telinha\" \/>\n<script type=\"application\/ld+json\" class=\"yoast-schema-graph\">{\"@context\":\"https:\/\/schema.org\",\"@graph\":[{\"@type\":\"Article\",\"@id\":\"https:\/\/portaltela.pt\/noticias\/2026\/04\/11\/despiste-de-carrinha-em-palmela-faz-uma-morte-e-seis-feridos\/#article\",\"isPartOf\":{\"@id\":\"https:\/\/portaltela.pt\/noticias\/2026\/04\/11\/despiste-de-carrinha-em-palmela-faz-uma-morte-e-seis-feridos\/\"},\"author\":{\"name\":\"Telinha\",\"@id\":\"https:\/\/portaltela.pt\/#\/schema\/person\/c4278d4a6028830caff9ee44b42d32ed\"},\"headline\":\"Despiste de carrinha em Palmela faz uma morte e seis feridos\",\"datePublished\":\"2026-04-11T17:32:29+00:00\",\"mainEntityOfPage\":{\"@id\":\"https:\/\/portaltela.pt\/noticias\/2026\/04\/11\/despiste-de-carrinha-em-palmela-faz-uma-morte-e-seis-feridos\/\"},\"wordCount\":110,\"image\":{\"@id\":\"https:\/\/portaltela.pt\/noticias\/2026\/04\/11\/despiste-de-carrinha-em-palmela-faz-uma-morte-e-seis-feridos\/#primaryimage\"},\"thumbnailUrl\":\"https:\/\/portaltela.pt\/s.01k8rhncp4jt1\/2026\/04\/img_1500x1000uu2026-04-11-18-23-36-2277945-im-639115286691603492.jpg\",\"keywords\":[\"acidente rodovi\u00e1rio\",\"feridos\",\"\u00f3bitos\",\"seguran\u00e7a p\u00fablica\",\"Set\u00fabal\",\"tr\u00e2nsito\"],\"articleSection\":[\"Acidentes\"],\"inLanguage\":\"pt-PT\"},{\"@type\":\"WebPage\",\"@id\":\"https:\/\/portaltela.pt\/noticias\/2026\/04\/11\/despiste-de-carrinha-em-palmela-faz-uma-morte-e-seis-feridos\/\",\"url\":\"https:\/\/portaltela.pt\/noticias\/2026\/04\/11\/despiste-de-carrinha-em-palmela-faz-uma-morte-e-seis-feridos\/\",\"name\":\"Despiste de carrinha em Palmela faz uma morte e seis feridos - Portal Tela Portugal\",\"isPartOf\":{\"@id\":\"https:\/\/portaltela.pt\/#website\"},\"primaryImageOfPage\":{\"@id\":\"https:\/\/portaltela.pt\/noticias\/2026\/04\/11\/despiste-de-carrinha-em-palmela-faz-uma-morte-e-seis-feridos\/#primaryimage\"},\"image\":{\"@id\":\"https:\/\/portaltela.pt\/noticias\/2026\/04\/11\/despiste-de-carrinha-em-palmela-faz-uma-morte-e-seis-feridos\/#primaryimage\"},\"thumbnailUrl\":\"https:\/\/portaltela.pt\/s.01k8rhncp4jt1\/2026\/04\/img_1500x1000uu2026-04-11-18-23-36-2277945-im-639115286691603492.jpg\",\"datePublished\":\"2026-04-11T17:32:29+00:00\",\"author\":{\"@id\":\"https:\/\/portaltela.pt\/#\/schema\/person\/c4278d4a6028830caff9ee44b42d32ed\"},\"breadcrumb\":{\"@id\":\"https:\/\/portaltela.pt\/noticias\/2026\/04\/11\/despiste-de-carrinha-em-palmela-faz-uma-morte-e-seis-feridos\/#breadcrumb\"},\"inLanguage\":\"pt-PT\",\"potentialAction\":[{\"@type\":\"ReadAction\",\"target\":[\"https:\/\/portaltela.pt\/noticias\/2026\/04\/11\/despiste-de-carrinha-em-palmela-faz-uma-morte-e-seis-feridos\/\"]}]},{\"@type\":\"ImageObject\",\"inLanguage\":\"pt-PT\",\"@id\":\"https:\/\/portaltela.pt\/noticias\/2026\/04\/11\/despiste-de-carrinha-em-palmela-faz-uma-morte-e-seis-feridos\/#primaryimage\",\"url\":\"https:\/\/portaltela.pt\/s.01k8rhncp4jt1\/2026\/04\/img_1500x1000uu2026-04-11-18-23-36-2277945-im-639115286691603492.jpg\",\"contentUrl\":\"https:\/\/portaltela.pt\/s.01k8rhncp4jt1\/2026\/04\/img_1500x1000uu2026-04-11-18-23-36-2277945-im-639115286691603492.jpg\",\"width\":796,\"height\":448,\"caption\":\"Bombeiros de \u00c1guas de Moura tomaram conta da ocorr\u00eancia\"},{\"@type\":\"BreadcrumbList\",\"@id\":\"https:\/\/portaltela.pt\/noticias\/2026\/04\/11\/despiste-de-carrinha-em-palmela-faz-uma-morte-e-seis-feridos\/#breadcrumb\",\"itemListElement\":[{\"@type\":\"ListItem\",\"position\":1,\"name\":\"In\u00edcio\",\"item\":\"https:\/\/portaltela.pt\/\"},{\"@type\":\"ListItem\",\"position\":2,\"name\":\"Despiste de carrinha em Palmela faz uma morte e seis feridos\"}]},{\"@type\":\"WebSite\",\"@id\":\"https:\/\/portaltela.pt\/#website\",\"url\":\"https:\/\/portaltela.pt\/\",\"name\":\"Portal Tela Portugal\",\"description\":\"\",\"potentialAction\":[{\"@type\":\"SearchAction\",\"target\":{\"@type\":\"EntryPoint\",\"urlTemplate\":\"https:\/\/portaltela.pt\/?s={search_term_string}\"},\"query-input\":{\"@type\":\"PropertyValueSpecification\",\"valueRequired\":true,\"valueName\":\"search_term_string\"}}],\"inLanguage\":\"pt-PT\"},{\"@type\":\"Person\",\"@id\":\"https:\/\/portaltela.pt\/#\/schema\/person\/c4278d4a6028830caff9ee44b42d32ed\",\"name\":\"Telinha\",\"image\":{\"@type\":\"ImageObject\",\"inLanguage\":\"pt-PT\",\"@id\":\"https:\/\/portaltela.pt\/s.01k8rhncp4jt1\/2025\/11\/talking-bot-125x125.png\",\"url\":\"https:\/\/portaltela.pt\/s.01k8rhncp4jt1\/2025\/11\/talking-bot-125x125.png\",\"contentUrl\":\"https:\/\/portaltela.pt\/s.01k8rhncp4jt1\/2025\/11\/talking-bot-125x125.png\",\"caption\":\"Telinha\"},\"sameAs\":[\"https:\/\/portaltela.pt\/\"],\"url\":\"https:\/\/portaltela.pt\/por\/367410592786\/\"}]}<\/script>\n<!-- \/ Yoast SEO plugin. -->","yoast_head_json":{"title":"Despiste de carrinha em Palmela faz uma morte e seis feridos - Portal Tela Portugal","robots":{"index":"index","follow":"follow","max-snippet":"max-snippet:-1","max-image-preview":"max-image-preview:large","max-video-preview":"max-video-preview:-1"},"og_locale":"pt_PT","og_type":"article","og_title":"Despiste de carrinha em Palmela faz uma morte e seis feridos - Portal Tela Portugal","og_description":"Despiste de uma carrinha de nove lugares, \u00e0s 17h27 de s\u00e1bado, na Estrada Nacional 10, entre Set\u00fabal e \u00c1guas de Moura, junto a Cajados, Palmela. Balan\u00e7o: um morto e seis feridos; estavam sete ocupantes na viatura. For\u00e7as mobilizadas: bombeiros de \u00c1guas de Moura, Guarda Nacional Republicana e INEM, com 15 operacionais e sete viaturas; foi necess\u00e1rio desencarcerar v\u00edtimas. \u00d3bito confirmado no local; tr\u00eas feridos recusaram transporte ao hospital, os outros tr\u00eas seguem para o Hospital de Set\u00fabal. Tr\u00e2nsito na zona encontra-se condicionado.","og_url":"https:\/\/portaltela.pt\/noticias\/2026\/04\/11\/despiste-de-carrinha-em-palmela-faz-uma-morte-e-seis-feridos\/","og_site_name":"Portal Tela Portugal","article_published_time":"2026-04-11T17:32:29+00:00","author":"Telinha","twitter_card":"summary_large_image","twitter_misc":{"Escrito por":"Telinha"},"schema":{"@context":"https:\/\/schema.org","@graph":[{"@type":"Article","@id":"https:\/\/portaltela.pt\/noticias\/2026\/04\/11\/despiste-de-carrinha-em-palmela-faz-uma-morte-e-seis-feridos\/#article","isPartOf":{"@id":"https:\/\/portaltela.pt\/noticias\/2026\/04\/11\/despiste-de-carrinha-em-palmela-faz-uma-morte-e-seis-feridos\/"},"author":{"name":"Telinha","@id":"https:\/\/portaltela.pt\/#\/schema\/person\/c4278d4a6028830caff9ee44b42d32ed"},"headline":"Despiste de carrinha em Palmela faz uma morte e seis feridos","datePublished":"2026-04-11T17:32:29+00:00","mainEntityOfPage":{"@id":"https:\/\/portaltela.pt\/noticias\/2026\/04\/11\/despiste-de-carrinha-em-palmela-faz-uma-morte-e-seis-feridos\/"},"wordCount":110,"image":{"@id":"https:\/\/portaltela.pt\/noticias\/2026\/04\/11\/despiste-de-carrinha-em-palmela-faz-uma-morte-e-seis-feridos\/#primaryimage"},"thumbnailUrl":"https:\/\/portaltela.pt\/s.01k8rhncp4jt1\/2026\/04\/img_1500x1000uu2026-04-11-18-23-36-2277945-im-639115286691603492.jpg","keywords":["acidente rodovi\u00e1rio","feridos","\u00f3bitos","seguran\u00e7a p\u00fablica","Set\u00fabal","tr\u00e2nsito"],"articleSection":["Acidentes"],"inLanguage":"pt-PT"},{"@type":"WebPage","@id":"https:\/\/portaltela.pt\/noticias\/2026\/04\/11\/despiste-de-carrinha-em-palmela-faz-uma-morte-e-seis-feridos\/","url":"https:\/\/portaltela.pt\/noticias\/2026\/04\/11\/despiste-de-carrinha-em-palmela-faz-uma-morte-e-seis-feridos\/","name":"Despiste de carrinha em Palmela faz uma morte e seis feridos - Portal Tela Portugal","isPartOf":{"@id":"https:\/\/portaltela.pt\/#website"},"primaryImageOfPage":{"@id":"https:\/\/portaltela.pt\/noticias\/2026\/04\/11\/despiste-de-carrinha-em-palmela-faz-uma-morte-e-seis-feridos\/#primaryimage"},"image":{"@id":"https:\/\/portaltela.pt\/noticias\/2026\/04\/11\/despiste-de-carrinha-em-palmela-faz-uma-morte-e-seis-feridos\/#primaryimage"},"thumbnailUrl":"https:\/\/portaltela.pt\/s.01k8rhncp4jt1\/2026\/04\/img_1500x1000uu2026-04-11-18-23-36-2277945-im-639115286691603492.jpg","datePublished":"2026-04-11T17:32:29+00:00","author":{"@id":"https:\/\/portaltela.pt\/#\/schema\/person\/c4278d4a6028830caff9ee44b42d32ed"},"breadcrumb":{"@id":"https:\/\/portaltela.pt\/noticias\/2026\/04\/11\/despiste-de-carrinha-em-palmela-faz-uma-morte-e-seis-feridos\/#breadcrumb"},"inLanguage":"pt-PT","potentialAction":[{"@type":"ReadAction","target":["https:\/\/portaltela.pt\/noticias\/2026\/04\/11\/despiste-de-carrinha-em-palmela-faz-uma-morte-e-seis-feridos\/"]}]},{"@type":"ImageObject","inLanguage":"pt-PT","@id":"https:\/\/portaltela.pt\/noticias\/2026\/04\/11\/despiste-de-carrinha-em-palmela-faz-uma-morte-e-seis-feridos\/#primaryimage","url":"https:\/\/portaltela.pt\/s.01k8rhncp4jt1\/2026\/04\/img_1500x1000uu2026-04-11-18-23-36-2277945-im-639115286691603492.jpg","contentUrl":"https:\/\/portaltela.pt\/s.01k8rhncp4jt1\/2026\/04\/img_1500x1000uu2026-04-11-18-23-36-2277945-im-639115286691603492.jpg","width":796,"height":448,"caption":"Bombeiros de \u00c1guas de Moura tomaram conta da ocorr\u00eancia"},{"@type":"BreadcrumbList","@id":"https:\/\/portaltela.pt\/noticias\/2026\/04\/11\/despiste-de-carrinha-em-palmela-faz-uma-morte-e-seis-feridos\/#breadcrumb","itemListElement":[{"@type":"ListItem","position":1,"name":"In\u00edcio","item":"https:\/\/portaltela.pt\/"},{"@type":"ListItem","position":2,"name":"Despiste de carrinha em Palmela faz uma morte e seis feridos"}]},{"@type":"WebSite","@id":"https:\/\/portaltela.pt\/#website","url":"https:\/\/portaltela.pt\/","name":"Portal Tela Portugal","description":"","potentialAction":[{"@type":"SearchAction","target":{"@type":"EntryPoint","urlTemplate":"https:\/\/portaltela.pt\/?s={search_term_string}"},"query-input":{"@type":"PropertyValueSpecification","valueRequired":true,"valueName":"search_term_string"}}],"inLanguage":"pt-PT"},{"@type":"Person","@id":"https:\/\/portaltela.pt\/#\/schema\/person\/c4278d4a6028830caff9ee44b42d32ed","name":"Telinha","image":{"@type":"ImageObject","inLanguage":"pt-PT","@id":"https:\/\/portaltela.pt\/s.01k8rhncp4jt1\/2025\/11\/talking-bot-125x125.png","url":"https:\/\/portaltela.pt\/s.01k8rhncp4jt1\/2025\/11\/talking-bot-125x125.png","contentUrl":"https:\/\/portaltela.pt\/s.01k8rhncp4jt1\/2025\/11\/talking-bot-125x125.png","caption":"Telinha"},"sameAs":["https:\/\/portaltela.pt\/"],"url":"https:\/\/portaltela.pt\/por\/367410592786\/"}]}},"_links":{"self":[{"href":"https:\/\/portaltela.pt\/api\/wp\/v2\/posts\/440722","targetHints":{"allow":["GET"]}}],"collection":[{"href":"https:\/\/portaltela.pt\/api\/wp\/v2\/posts"}],"about":[{"href":"https:\/\/portaltela.pt\/api\/wp\/v2\/types\/post"}],"author":[{"embeddable":true,"href":"https:\/\/portaltela.pt\/api\/wp\/v2\/users\/2"}],"replies":[{"embeddable":true,"href":"https:\/\/portaltela.pt\/api\/wp\/v2\/comments?post=440722"}],"version-history":[{"count":0,"href":"https:\/\/portaltela.pt\/api\/wp\/v2\/posts\/440722\/revisions"}],"wp:featuredmedia":[{"embeddable":true,"href":"https:\/\/portaltela.pt\/api\/wp\/v2\/media\/440723"}],"wp:attachment":[{"href":"https:\/\/portaltela.pt\/api\/wp\/v2\/media?parent=440722"}],"wp:term":[{"taxonomy":"category","embeddable":true,"href":"https:\/\/portaltela.pt\/api\/wp\/v2\/categories?post=440722"},{"taxonomy":"post_tag","embeddable":true,"href":"https:\/\/portaltela.pt\/api\/wp\/v2\/tags?post=440722"}],"curies":[{"name":"wp","href":"https:\/\/api.w.org\/{rel}","templated":true}]}}