{"id":440662,"date":"2026-04-11T08:57:00","date_gmt":"2026-04-11T11:57:00","guid":{"rendered":"https:\/\/portaltela.pt\/noticias\/2026\/04\/11\/conflito-no-sudao-forca-14-milhoes-a-abandonar-casas-diz-a-onu\/"},"modified":"2026-04-11T08:57:00","modified_gmt":"2026-04-11T11:57:00","slug":"conflito-no-sudao-forca-14-milhoes-a-abandonar-casas-diz-a-onu","status":"publish","type":"post","link":"https:\/\/portaltela.pt\/noticias\/internacional\/2026\/04\/11\/conflito-no-sudao-forca-14-milhoes-a-abandonar-casas-diz-a-onu\/","title":{"rendered":"Conflito no Sud\u00e3o for\u00e7a 14 milh\u00f5es a abandonar casas, diz a ONU"},"content":{"rendered":"<p>O conflito no Sud\u00e3o, que j\u00e1 dura tr\u00eas anos, obrigou cerca de 14 milh\u00f5es de pessoas a abandonar as suas casas para salvar a vida, at\u00e9 15 de abril, segundo estimativas da ONU. A cifra representa aproximadamente um quarto da popula\u00e7\u00e3o do pa\u00eds.<\/p>\n<p>A ONU aponta que as desloca\u00e7\u00f5es ocorreram principalmente dentro do Sud\u00e3o, com muitas pessoas a buscar abrigo em zonas mais seguras. Organiza\u00e7\u00f5es humanit\u00e1rias alertam para a cont\u00ednua vulnerabilidade dessas comunidades.<\/p>\n<p>As ag\u00eancias internacionais destacam a necessidade de maior acesso e financiamento para acelerar a entrega de ajuda b\u00e1sica, como alimentos, \u00e1gua e cuidados m\u00e9dicos. Este cen\u00e1rio permanece marcado por inseguran\u00e7a e dificuldades log\u00edsticas em v\u00e1rias regi\u00f5es.<\/p>\n","protected":false},"excerpt":{"rendered":"<ul>\n<li>A ONU estima que cerca de 14 milh\u00f5es de pessoas no Sud\u00e3o, um quarto da popula\u00e7\u00e3o, tiveram de abandonar as suas casas em algum momento dos tr\u00eas anos de guerra, at\u00e9 15 de abril.<\/li>\n<li>O deslocamento ocorreu para salvar a vida durante o conflito.<\/li>\n<li>O relat\u00f3rio refor\u00e7a a dimens\u00e3o humanit\u00e1ria da crise e a press\u00e3o sobre abrigos, alimentos e servi\u00e7os b\u00e1sicos.<\/li>\n<li>Os n\u00fameros destacam a necessidade de respostas internacionais cont\u00ednuas para prote\u00e7\u00e3o e assist\u00eancia aos deslocados.<\/li>\n<\/ul>\n","protected":false},"author":2,"featured_media":440664,"comment_status":"closed","ping_status":"closed","sticky":false,"template":"","format":"standard","meta":{"footnotes":""},"categories":[6804,4],"tags":[7791,7885,4617,226,5029,3786],"class_list":["post-440662","post","type-post","status-publish","format-standard","has-post-thumbnail","hentry","category-guerra","category-internacional","tag-_habitacao","tag-_seguranca-alimentar","tag-deslocados","tag-deslocados-internos","tag-deslocamentos","tag-refugiados-internos"],"yoast_head":"<!-- This site is optimized with the Yoast SEO plugin v27.2 - https:\/\/yoast.com\/product\/yoast-seo-wordpress\/ -->\n<title>Conflito no Sud\u00e3o for\u00e7a 14 milh\u00f5es a abandonar casas, diz a ONU - Portal Tela Portugal<\/title>\n<meta name=\"robots\" content=\"index, follow, max-snippet:-1, max-image-preview:large, max-video-preview:-1\" \/>\n<meta property=\"og:locale\" content=\"pt_PT\" \/>\n<meta property=\"og:type\" content=\"article\" \/>\n<meta property=\"og:title\" content=\"Conflito no Sud\u00e3o for\u00e7a 14 milh\u00f5es a abandonar casas, diz a ONU - Portal Tela Portugal\" \/>\n<meta property=\"og:description\" content=\"A ONU estima que cerca de 14 milh\u00f5es de pessoas no Sud\u00e3o, um quarto da popula\u00e7\u00e3o, tiveram de abandonar as suas casas em algum momento dos tr\u00eas anos de guerra, at\u00e9 15 de abril. O deslocamento ocorreu para salvar a vida durante o conflito. O relat\u00f3rio refor\u00e7a a dimens\u00e3o humanit\u00e1ria da crise e a press\u00e3o sobre abrigos, alimentos e servi\u00e7os b\u00e1sicos. Os n\u00fameros destacam a necessidade de respostas internacionais cont\u00ednuas para prote\u00e7\u00e3o e assist\u00eancia aos deslocados.\" \/>\n<meta property=\"og:url\" content=\"https:\/\/portaltela.pt\/noticias\/2026\/04\/11\/conflito-no-sudao-forca-14-milhoes-a-abandonar-casas-diz-a-onu\/\" \/>\n<meta property=\"og:site_name\" content=\"Portal Tela Portugal\" \/>\n<meta property=\"article:published_time\" content=\"2026-04-11T11:57:00+00:00\" \/>\n<meta name=\"author\" content=\"Telinha\" \/>\n<meta name=\"twitter:card\" content=\"summary_large_image\" \/>\n<meta name=\"twitter:label1\" content=\"Escrito por\" \/>\n\t<meta name=\"twitter:data1\" content=\"Telinha\" \/>\n\t<meta name=\"twitter:label2\" content=\"Tempo estimado de leitura\" \/>\n\t<meta name=\"twitter:data2\" content=\"1 minuto\" \/>\n<script type=\"application\/ld+json\" class=\"yoast-schema-graph\">{\"@context\":\"https:\/\/schema.org\",\"@graph\":[{\"@type\":\"Article\",\"@id\":\"https:\/\/portaltela.pt\/noticias\/2026\/04\/11\/conflito-no-sudao-forca-14-milhoes-a-abandonar-casas-diz-a-onu\/#article\",\"isPartOf\":{\"@id\":\"https:\/\/portaltela.pt\/noticias\/2026\/04\/11\/conflito-no-sudao-forca-14-milhoes-a-abandonar-casas-diz-a-onu\/\"},\"author\":{\"name\":\"Telinha\",\"@id\":\"https:\/\/portaltela.pt\/#\/schema\/person\/c4278d4a6028830caff9ee44b42d32ed\"},\"headline\":\"Conflito no Sud\u00e3o for\u00e7a 14 milh\u00f5es a abandonar casas, diz a ONU\",\"datePublished\":\"2026-04-11T11:57:00+00:00\",\"mainEntityOfPage\":{\"@id\":\"https:\/\/portaltela.pt\/noticias\/2026\/04\/11\/conflito-no-sudao-forca-14-milhoes-a-abandonar-casas-diz-a-onu\/\"},\"wordCount\":139,\"image\":{\"@id\":\"https:\/\/portaltela.pt\/noticias\/2026\/04\/11\/conflito-no-sudao-forca-14-milhoes-a-abandonar-casas-diz-a-onu\/#primaryimage\"},\"thumbnailUrl\":\"https:\/\/portaltela.pt\/s.01k8rhncp4jt1\/2026\/04\/CACHE_780X1200_ANALOG_WATERMARKED_44824135_302132912192845.jpg\",\"keywords\":[\"_habita\u00e7\u00e3o\",\"_seguran\u00e7a alimentar\",\"deslocados\",\"deslocados internos\",\"deslocamentos\",\"refugiados internos\"],\"articleSection\":[\"Guerra\",\"Internacional\"],\"inLanguage\":\"pt-PT\"},{\"@type\":\"WebPage\",\"@id\":\"https:\/\/portaltela.pt\/noticias\/2026\/04\/11\/conflito-no-sudao-forca-14-milhoes-a-abandonar-casas-diz-a-onu\/\",\"url\":\"https:\/\/portaltela.pt\/noticias\/2026\/04\/11\/conflito-no-sudao-forca-14-milhoes-a-abandonar-casas-diz-a-onu\/\",\"name\":\"Conflito no Sud\u00e3o for\u00e7a 14 milh\u00f5es a abandonar casas, diz a ONU - Portal Tela Portugal\",\"isPartOf\":{\"@id\":\"https:\/\/portaltela.pt\/#website\"},\"primaryImageOfPage\":{\"@id\":\"https:\/\/portaltela.pt\/noticias\/2026\/04\/11\/conflito-no-sudao-forca-14-milhoes-a-abandonar-casas-diz-a-onu\/#primaryimage\"},\"image\":{\"@id\":\"https:\/\/portaltela.pt\/noticias\/2026\/04\/11\/conflito-no-sudao-forca-14-milhoes-a-abandonar-casas-diz-a-onu\/#primaryimage\"},\"thumbnailUrl\":\"https:\/\/portaltela.pt\/s.01k8rhncp4jt1\/2026\/04\/CACHE_780X1200_ANALOG_WATERMARKED_44824135_302132912192845.jpg\",\"datePublished\":\"2026-04-11T11:57:00+00:00\",\"author\":{\"@id\":\"https:\/\/portaltela.pt\/#\/schema\/person\/c4278d4a6028830caff9ee44b42d32ed\"},\"breadcrumb\":{\"@id\":\"https:\/\/portaltela.pt\/noticias\/2026\/04\/11\/conflito-no-sudao-forca-14-milhoes-a-abandonar-casas-diz-a-onu\/#breadcrumb\"},\"inLanguage\":\"pt-PT\",\"potentialAction\":[{\"@type\":\"ReadAction\",\"target\":[\"https:\/\/portaltela.pt\/noticias\/2026\/04\/11\/conflito-no-sudao-forca-14-milhoes-a-abandonar-casas-diz-a-onu\/\"]}]},{\"@type\":\"ImageObject\",\"inLanguage\":\"pt-PT\",\"@id\":\"https:\/\/portaltela.pt\/noticias\/2026\/04\/11\/conflito-no-sudao-forca-14-milhoes-a-abandonar-casas-diz-a-onu\/#primaryimage\",\"url\":\"https:\/\/portaltela.pt\/s.01k8rhncp4jt1\/2026\/04\/CACHE_780X1200_ANALOG_WATERMARKED_44824135_302132912192845.jpg\",\"contentUrl\":\"https:\/\/portaltela.pt\/s.01k8rhncp4jt1\/2026\/04\/CACHE_780X1200_ANALOG_WATERMARKED_44824135_302132912192845.jpg\",\"width\":796,\"height\":448,\"caption\":\"Guerra no Sud\u00e3o obrigou 14 milh\u00f5es de pessoas a abandonar as suas casas - ONU\"},{\"@type\":\"BreadcrumbList\",\"@id\":\"https:\/\/portaltela.pt\/noticias\/2026\/04\/11\/conflito-no-sudao-forca-14-milhoes-a-abandonar-casas-diz-a-onu\/#breadcrumb\",\"itemListElement\":[{\"@type\":\"ListItem\",\"position\":1,\"name\":\"In\u00edcio\",\"item\":\"https:\/\/portaltela.pt\/\"},{\"@type\":\"ListItem\",\"position\":2,\"name\":\"Conflito no Sud\u00e3o for\u00e7a 14 milh\u00f5es a abandonar casas, diz a ONU\"}]},{\"@type\":\"WebSite\",\"@id\":\"https:\/\/portaltela.pt\/#website\",\"url\":\"https:\/\/portaltela.pt\/\",\"name\":\"Portal Tela Portugal\",\"description\":\"\",\"potentialAction\":[{\"@type\":\"SearchAction\",\"target\":{\"@type\":\"EntryPoint\",\"urlTemplate\":\"https:\/\/portaltela.pt\/?s={search_term_string}\"},\"query-input\":{\"@type\":\"PropertyValueSpecification\",\"valueRequired\":true,\"valueName\":\"search_term_string\"}}],\"inLanguage\":\"pt-PT\"},{\"@type\":\"Person\",\"@id\":\"https:\/\/portaltela.pt\/#\/schema\/person\/c4278d4a6028830caff9ee44b42d32ed\",\"name\":\"Telinha\",\"image\":{\"@type\":\"ImageObject\",\"inLanguage\":\"pt-PT\",\"@id\":\"https:\/\/portaltela.pt\/s.01k8rhncp4jt1\/2025\/11\/talking-bot-125x125.png\",\"url\":\"https:\/\/portaltela.pt\/s.01k8rhncp4jt1\/2025\/11\/talking-bot-125x125.png\",\"contentUrl\":\"https:\/\/portaltela.pt\/s.01k8rhncp4jt1\/2025\/11\/talking-bot-125x125.png\",\"caption\":\"Telinha\"},\"sameAs\":[\"https:\/\/portaltela.pt\/\"],\"url\":\"https:\/\/portaltela.pt\/por\/367410592786\/\"}]}<\/script>\n<!-- \/ Yoast SEO plugin. -->","yoast_head_json":{"title":"Conflito no Sud\u00e3o for\u00e7a 14 milh\u00f5es a abandonar casas, diz a ONU - Portal Tela Portugal","robots":{"index":"index","follow":"follow","max-snippet":"max-snippet:-1","max-image-preview":"max-image-preview:large","max-video-preview":"max-video-preview:-1"},"og_locale":"pt_PT","og_type":"article","og_title":"Conflito no Sud\u00e3o for\u00e7a 14 milh\u00f5es a abandonar casas, diz a ONU - Portal Tela Portugal","og_description":"A ONU estima que cerca de 14 milh\u00f5es de pessoas no Sud\u00e3o, um quarto da popula\u00e7\u00e3o, tiveram de abandonar as suas casas em algum momento dos tr\u00eas anos de guerra, at\u00e9 15 de abril. O deslocamento ocorreu para salvar a vida durante o conflito. O relat\u00f3rio refor\u00e7a a dimens\u00e3o humanit\u00e1ria da crise e a press\u00e3o sobre abrigos, alimentos e servi\u00e7os b\u00e1sicos. Os n\u00fameros destacam a necessidade de respostas internacionais cont\u00ednuas para prote\u00e7\u00e3o e assist\u00eancia aos deslocados.","og_url":"https:\/\/portaltela.pt\/noticias\/2026\/04\/11\/conflito-no-sudao-forca-14-milhoes-a-abandonar-casas-diz-a-onu\/","og_site_name":"Portal Tela Portugal","article_published_time":"2026-04-11T11:57:00+00:00","author":"Telinha","twitter_card":"summary_large_image","twitter_misc":{"Escrito por":"Telinha","Tempo estimado de leitura":"1 minuto"},"schema":{"@context":"https:\/\/schema.org","@graph":[{"@type":"Article","@id":"https:\/\/portaltela.pt\/noticias\/2026\/04\/11\/conflito-no-sudao-forca-14-milhoes-a-abandonar-casas-diz-a-onu\/#article","isPartOf":{"@id":"https:\/\/portaltela.pt\/noticias\/2026\/04\/11\/conflito-no-sudao-forca-14-milhoes-a-abandonar-casas-diz-a-onu\/"},"author":{"name":"Telinha","@id":"https:\/\/portaltela.pt\/#\/schema\/person\/c4278d4a6028830caff9ee44b42d32ed"},"headline":"Conflito no Sud\u00e3o for\u00e7a 14 milh\u00f5es a abandonar casas, diz a ONU","datePublished":"2026-04-11T11:57:00+00:00","mainEntityOfPage":{"@id":"https:\/\/portaltela.pt\/noticias\/2026\/04\/11\/conflito-no-sudao-forca-14-milhoes-a-abandonar-casas-diz-a-onu\/"},"wordCount":139,"image":{"@id":"https:\/\/portaltela.pt\/noticias\/2026\/04\/11\/conflito-no-sudao-forca-14-milhoes-a-abandonar-casas-diz-a-onu\/#primaryimage"},"thumbnailUrl":"https:\/\/portaltela.pt\/s.01k8rhncp4jt1\/2026\/04\/CACHE_780X1200_ANALOG_WATERMARKED_44824135_302132912192845.jpg","keywords":["_habita\u00e7\u00e3o","_seguran\u00e7a alimentar","deslocados","deslocados internos","deslocamentos","refugiados internos"],"articleSection":["Guerra","Internacional"],"inLanguage":"pt-PT"},{"@type":"WebPage","@id":"https:\/\/portaltela.pt\/noticias\/2026\/04\/11\/conflito-no-sudao-forca-14-milhoes-a-abandonar-casas-diz-a-onu\/","url":"https:\/\/portaltela.pt\/noticias\/2026\/04\/11\/conflito-no-sudao-forca-14-milhoes-a-abandonar-casas-diz-a-onu\/","name":"Conflito no Sud\u00e3o for\u00e7a 14 milh\u00f5es a abandonar casas, diz a ONU - Portal Tela Portugal","isPartOf":{"@id":"https:\/\/portaltela.pt\/#website"},"primaryImageOfPage":{"@id":"https:\/\/portaltela.pt\/noticias\/2026\/04\/11\/conflito-no-sudao-forca-14-milhoes-a-abandonar-casas-diz-a-onu\/#primaryimage"},"image":{"@id":"https:\/\/portaltela.pt\/noticias\/2026\/04\/11\/conflito-no-sudao-forca-14-milhoes-a-abandonar-casas-diz-a-onu\/#primaryimage"},"thumbnailUrl":"https:\/\/portaltela.pt\/s.01k8rhncp4jt1\/2026\/04\/CACHE_780X1200_ANALOG_WATERMARKED_44824135_302132912192845.jpg","datePublished":"2026-04-11T11:57:00+00:00","author":{"@id":"https:\/\/portaltela.pt\/#\/schema\/person\/c4278d4a6028830caff9ee44b42d32ed"},"breadcrumb":{"@id":"https:\/\/portaltela.pt\/noticias\/2026\/04\/11\/conflito-no-sudao-forca-14-milhoes-a-abandonar-casas-diz-a-onu\/#breadcrumb"},"inLanguage":"pt-PT","potentialAction":[{"@type":"ReadAction","target":["https:\/\/portaltela.pt\/noticias\/2026\/04\/11\/conflito-no-sudao-forca-14-milhoes-a-abandonar-casas-diz-a-onu\/"]}]},{"@type":"ImageObject","inLanguage":"pt-PT","@id":"https:\/\/portaltela.pt\/noticias\/2026\/04\/11\/conflito-no-sudao-forca-14-milhoes-a-abandonar-casas-diz-a-onu\/#primaryimage","url":"https:\/\/portaltela.pt\/s.01k8rhncp4jt1\/2026\/04\/CACHE_780X1200_ANALOG_WATERMARKED_44824135_302132912192845.jpg","contentUrl":"https:\/\/portaltela.pt\/s.01k8rhncp4jt1\/2026\/04\/CACHE_780X1200_ANALOG_WATERMARKED_44824135_302132912192845.jpg","width":796,"height":448,"caption":"Guerra no Sud\u00e3o obrigou 14 milh\u00f5es de pessoas a abandonar as suas casas - ONU"},{"@type":"BreadcrumbList","@id":"https:\/\/portaltela.pt\/noticias\/2026\/04\/11\/conflito-no-sudao-forca-14-milhoes-a-abandonar-casas-diz-a-onu\/#breadcrumb","itemListElement":[{"@type":"ListItem","position":1,"name":"In\u00edcio","item":"https:\/\/portaltela.pt\/"},{"@type":"ListItem","position":2,"name":"Conflito no Sud\u00e3o for\u00e7a 14 milh\u00f5es a abandonar casas, diz a ONU"}]},{"@type":"WebSite","@id":"https:\/\/portaltela.pt\/#website","url":"https:\/\/portaltela.pt\/","name":"Portal Tela Portugal","description":"","potentialAction":[{"@type":"SearchAction","target":{"@type":"EntryPoint","urlTemplate":"https:\/\/portaltela.pt\/?s={search_term_string}"},"query-input":{"@type":"PropertyValueSpecification","valueRequired":true,"valueName":"search_term_string"}}],"inLanguage":"pt-PT"},{"@type":"Person","@id":"https:\/\/portaltela.pt\/#\/schema\/person\/c4278d4a6028830caff9ee44b42d32ed","name":"Telinha","image":{"@type":"ImageObject","inLanguage":"pt-PT","@id":"https:\/\/portaltela.pt\/s.01k8rhncp4jt1\/2025\/11\/talking-bot-125x125.png","url":"https:\/\/portaltela.pt\/s.01k8rhncp4jt1\/2025\/11\/talking-bot-125x125.png","contentUrl":"https:\/\/portaltela.pt\/s.01k8rhncp4jt1\/2025\/11\/talking-bot-125x125.png","caption":"Telinha"},"sameAs":["https:\/\/portaltela.pt\/"],"url":"https:\/\/portaltela.pt\/por\/367410592786\/"}]}},"_links":{"self":[{"href":"https:\/\/portaltela.pt\/api\/wp\/v2\/posts\/440662","targetHints":{"allow":["GET"]}}],"collection":[{"href":"https:\/\/portaltela.pt\/api\/wp\/v2\/posts"}],"about":[{"href":"https:\/\/portaltela.pt\/api\/wp\/v2\/types\/post"}],"author":[{"embeddable":true,"href":"https:\/\/portaltela.pt\/api\/wp\/v2\/users\/2"}],"replies":[{"embeddable":true,"href":"https:\/\/portaltela.pt\/api\/wp\/v2\/comments?post=440662"}],"version-history":[{"count":0,"href":"https:\/\/portaltela.pt\/api\/wp\/v2\/posts\/440662\/revisions"}],"wp:featuredmedia":[{"embeddable":true,"href":"https:\/\/portaltela.pt\/api\/wp\/v2\/media\/440664"}],"wp:attachment":[{"href":"https:\/\/portaltela.pt\/api\/wp\/v2\/media?parent=440662"}],"wp:term":[{"taxonomy":"category","embeddable":true,"href":"https:\/\/portaltela.pt\/api\/wp\/v2\/categories?post=440662"},{"taxonomy":"post_tag","embeddable":true,"href":"https:\/\/portaltela.pt\/api\/wp\/v2\/tags?post=440662"}],"curies":[{"name":"wp","href":"https:\/\/api.w.org\/{rel}","templated":true}]}}