{"id":440604,"date":"2026-04-11T12:17:12","date_gmt":"2026-04-11T15:17:12","guid":{"rendered":"https:\/\/portaltela.pt\/noticias\/2026\/04\/11\/recolha-de-dados-biometricos-nos-aeroportos-retoma-ao-inicio-da-tarde\/"},"modified":"2026-04-11T12:17:12","modified_gmt":"2026-04-11T15:17:12","slug":"recolha-de-dados-biometricos-nos-aeroportos-retoma-ao-inicio-da-tarde","status":"publish","type":"post","link":"https:\/\/portaltela.pt\/seguranca\/2026\/04\/11\/recolha-de-dados-biometricos-nos-aeroportos-retoma-ao-inicio-da-tarde\/","title":{"rendered":"Recolha de dados biom\u00e9tricos nos aeroportos retoma ao in\u00edcio da tarde"},"content":{"rendered":"<p>A recolha de dados biom\u00e9tricos nas partidas dos aeroportos de Lisboa, Porto e Faro foi temporariamente suspensa esta manh\u00e3 pela PSP para evitar que passageiros perdessem os voos devido \u00e0s longas filas. A medida visou assegurar um fluxo de passageiros mais est\u00e1vel.<\/p>\n<p>Segundo o porta-voz, S\u00e9rgio Soares, a recolha de biometria estava em curso a 100% nos aeroportos nacionais, tanto para partidas como para chegadas, antes de a suspens\u00e3o entrar em vigor pela manh\u00e3.<\/p>\n<p>A PSP explicou que o elevado fluxo de viajantes ao in\u00edcio do dia levou \u00e0 decis\u00e3o de suspender temporariamente a biometria nas partidas. O controlo de fronteira manteve-se ativo com o mesmo rigor, apenas sem a fase biom\u00e9trica.<\/p>\n<p>A suspens\u00e3o aplicou-se apenas \u00e0s partidas; a recolha de dados biom\u00e9tricos nas chegadas manteve-se em funcionamento, no \u00e2mbito do novo Sistema Europeu de Controlo Fronteiri\u00e7o para cidad\u00e3os extracomunit\u00e1rios (EES), que entrou em vigor na UE na sexta-feira.<\/p>\n<p>Contexto do sistema EES<\/p>\n<p>O EES substitui o carimbo no passaporte pelo registo digital de dados biom\u00e9tricos (foto e impress\u00f5es digitais) de cidad\u00e3os n\u00e3o pertencentes \u00e0 UE. A implementa\u00e7\u00e3o \u00e9 faseada na UE desde outubro de 2025, com entradas em funcionamento em Portugal desde 12 de outubro.<\/p>\n<p>Desde o in\u00edcio de dezembro, a segunda fase do EES, que inclui a recolha biom\u00e9trica, gerou constrangimentos adicionais no aeroporto de Lisboa, levando a medidas de conting\u00eancia no final do ano para reduzir tempos de espera na zona das chegadas. O sistema foi retomado posteriormente.<\/p>\n","protected":false},"excerpt":{"rendered":"<ul>\n<li>A PSP suspendeu temporariamente a recolha de dados biom\u00e9tricos nas partidas nos aeroportos de Lisboa, Porto e Faro esta manh\u00e3, para evitar que passageiros perdessem voos devido \u00e0s longas filas.<\/li>\n<li>A recolha de biometria manteve-se nas chegadas, com o controlo de fronteira a decorrer em seguran\u00e7a e sem a recolha de biometria nas partidas.<\/li>\n<li>O porta-voz da PSP afirmou que a opera\u00e7\u00e3o estava na sua capacidade m\u00e1xima, com todos os postos de fronteira ocupados.<\/li>\n<li>A suspens\u00e3o deveu-se ao elevado fluxo de passageiros no in\u00edcio da manh\u00e3 e ao contexto do novo Sistema Europeu de Entrada\/Sa\u00edda (EES), que exige registo biom\u00e9trico para cidad\u00e3os n\u00e3o pertencentes \u00e0 Uni\u00e3o Europeia.<\/li>\n<li>O EES entrou em funcionamento em Portugal a 12 de outubro de 2025 e, na fase seguinte de 10 de dezembro, passou a incluir a recolha de dados biom\u00e9tricos; no final de dezembro foram anunciadas medidas de conting\u00eancia em Lisboa, com suspens\u00e3o tempor\u00e1ria do sistema, que acabou por retomar.<\/li>\n<\/ul>\n","protected":false},"author":2,"featured_media":440606,"comment_status":"closed","ping_status":"closed","sticky":false,"template":"","format":"standard","meta":{"footnotes":""},"categories":[6781,6779],"tags":[7878,3302,4002,195,3562,4536],"class_list":["post-440604","post","type-post","status-publish","format-standard","has-post-thumbnail","hentry","category-policia","category-seguranca","tag-_seguranca-publica","tag-aeroportos","tag-fronteiras","tag-informacao","tag-privacidade","tag-seguranca"],"yoast_head":"<!-- This site is optimized with the Yoast SEO plugin v27.2 - https:\/\/yoast.com\/product\/yoast-seo-wordpress\/ -->\n<title>Recolha de dados biom\u00e9tricos nos aeroportos retoma ao in\u00edcio da tarde - Portal Tela Portugal<\/title>\n<meta name=\"robots\" content=\"index, follow, max-snippet:-1, max-image-preview:large, max-video-preview:-1\" \/>\n<meta property=\"og:locale\" content=\"pt_PT\" \/>\n<meta property=\"og:type\" content=\"article\" \/>\n<meta property=\"og:title\" content=\"Recolha de dados biom\u00e9tricos nos aeroportos retoma ao in\u00edcio da tarde - Portal Tela Portugal\" \/>\n<meta property=\"og:description\" content=\"A PSP suspendeu temporariamente a recolha de dados biom\u00e9tricos nas partidas nos aeroportos de Lisboa, Porto e Faro esta manh\u00e3, para evitar que passageiros perdessem voos devido \u00e0s longas filas. A recolha de biometria manteve-se nas chegadas, com o controlo de fronteira a decorrer em seguran\u00e7a e sem a recolha de biometria nas partidas. O porta-voz da PSP afirmou que a opera\u00e7\u00e3o estava na sua capacidade m\u00e1xima, com todos os postos de fronteira ocupados. A suspens\u00e3o deveu-se ao elevado fluxo de passageiros no in\u00edcio da manh\u00e3 e ao contexto do novo Sistema Europeu de Entrada\/Sa\u00edda (EES), que exige registo biom\u00e9trico para cidad\u00e3os n\u00e3o pertencentes \u00e0 Uni\u00e3o Europeia. O EES entrou em funcionamento em Portugal a 12 de outubro de 2025 e, na fase seguinte de 10 de dezembro, passou a incluir a recolha de dados biom\u00e9tricos; no final de dezembro foram anunciadas medidas de conting\u00eancia em Lisboa, com suspens\u00e3o tempor\u00e1ria do sistema, que acabou por retomar.\" \/>\n<meta property=\"og:url\" content=\"https:\/\/portaltela.pt\/noticias\/2026\/04\/11\/recolha-de-dados-biometricos-nos-aeroportos-retoma-ao-inicio-da-tarde\/\" \/>\n<meta property=\"og:site_name\" content=\"Portal Tela Portugal\" \/>\n<meta property=\"article:published_time\" content=\"2026-04-11T15:17:12+00:00\" \/>\n<meta name=\"author\" content=\"Telinha\" \/>\n<meta name=\"twitter:card\" content=\"summary_large_image\" \/>\n<meta name=\"twitter:label1\" content=\"Escrito por\" \/>\n\t<meta name=\"twitter:data1\" content=\"Telinha\" \/>\n\t<meta name=\"twitter:label2\" content=\"Tempo estimado de leitura\" \/>\n\t<meta name=\"twitter:data2\" content=\"1 minuto\" \/>\n<script type=\"application\/ld+json\" class=\"yoast-schema-graph\">{\"@context\":\"https:\/\/schema.org\",\"@graph\":[{\"@type\":\"Article\",\"@id\":\"https:\/\/portaltela.pt\/noticias\/2026\/04\/11\/recolha-de-dados-biometricos-nos-aeroportos-retoma-ao-inicio-da-tarde\/#article\",\"isPartOf\":{\"@id\":\"https:\/\/portaltela.pt\/noticias\/2026\/04\/11\/recolha-de-dados-biometricos-nos-aeroportos-retoma-ao-inicio-da-tarde\/\"},\"author\":{\"name\":\"Telinha\",\"@id\":\"https:\/\/portaltela.pt\/#\/schema\/person\/c4278d4a6028830caff9ee44b42d32ed\"},\"headline\":\"Recolha de dados biom\u00e9tricos nos aeroportos retoma ao in\u00edcio da tarde\",\"datePublished\":\"2026-04-11T15:17:12+00:00\",\"mainEntityOfPage\":{\"@id\":\"https:\/\/portaltela.pt\/noticias\/2026\/04\/11\/recolha-de-dados-biometricos-nos-aeroportos-retoma-ao-inicio-da-tarde\/\"},\"wordCount\":268,\"image\":{\"@id\":\"https:\/\/portaltela.pt\/noticias\/2026\/04\/11\/recolha-de-dados-biometricos-nos-aeroportos-retoma-ao-inicio-da-tarde\/#primaryimage\"},\"thumbnailUrl\":\"https:\/\/portaltela.pt\/s.01k8rhncp4jt1\/2026\/04\/image-656.jpg\",\"keywords\":[\"_seguran\u00e7a p\u00fablica\",\"aeroportos\",\"fronteiras\",\"informa\u00e7\u00e3o\",\"privacidade\",\"seguran\u00e7a\"],\"articleSection\":[\"Pol\u00edcia\",\"Seguran\u00e7a\"],\"inLanguage\":\"pt-PT\"},{\"@type\":\"WebPage\",\"@id\":\"https:\/\/portaltela.pt\/noticias\/2026\/04\/11\/recolha-de-dados-biometricos-nos-aeroportos-retoma-ao-inicio-da-tarde\/\",\"url\":\"https:\/\/portaltela.pt\/noticias\/2026\/04\/11\/recolha-de-dados-biometricos-nos-aeroportos-retoma-ao-inicio-da-tarde\/\",\"name\":\"Recolha de dados biom\u00e9tricos nos aeroportos retoma ao in\u00edcio da tarde - Portal Tela Portugal\",\"isPartOf\":{\"@id\":\"https:\/\/portaltela.pt\/#website\"},\"primaryImageOfPage\":{\"@id\":\"https:\/\/portaltela.pt\/noticias\/2026\/04\/11\/recolha-de-dados-biometricos-nos-aeroportos-retoma-ao-inicio-da-tarde\/#primaryimage\"},\"image\":{\"@id\":\"https:\/\/portaltela.pt\/noticias\/2026\/04\/11\/recolha-de-dados-biometricos-nos-aeroportos-retoma-ao-inicio-da-tarde\/#primaryimage\"},\"thumbnailUrl\":\"https:\/\/portaltela.pt\/s.01k8rhncp4jt1\/2026\/04\/image-656.jpg\",\"datePublished\":\"2026-04-11T15:17:12+00:00\",\"author\":{\"@id\":\"https:\/\/portaltela.pt\/#\/schema\/person\/c4278d4a6028830caff9ee44b42d32ed\"},\"breadcrumb\":{\"@id\":\"https:\/\/portaltela.pt\/noticias\/2026\/04\/11\/recolha-de-dados-biometricos-nos-aeroportos-retoma-ao-inicio-da-tarde\/#breadcrumb\"},\"inLanguage\":\"pt-PT\",\"potentialAction\":[{\"@type\":\"ReadAction\",\"target\":[\"https:\/\/portaltela.pt\/noticias\/2026\/04\/11\/recolha-de-dados-biometricos-nos-aeroportos-retoma-ao-inicio-da-tarde\/\"]}]},{\"@type\":\"ImageObject\",\"inLanguage\":\"pt-PT\",\"@id\":\"https:\/\/portaltela.pt\/noticias\/2026\/04\/11\/recolha-de-dados-biometricos-nos-aeroportos-retoma-ao-inicio-da-tarde\/#primaryimage\",\"url\":\"https:\/\/portaltela.pt\/s.01k8rhncp4jt1\/2026\/04\/image-656.jpg\",\"contentUrl\":\"https:\/\/portaltela.pt\/s.01k8rhncp4jt1\/2026\/04\/image-656.jpg\",\"width\":796,\"height\":448,\"caption\":\"Imagem de contexto do artigo Recolha de dados biom\u00e9tricos nos aeroportos retomada ao in\u00edcio da tarde\"},{\"@type\":\"BreadcrumbList\",\"@id\":\"https:\/\/portaltela.pt\/noticias\/2026\/04\/11\/recolha-de-dados-biometricos-nos-aeroportos-retoma-ao-inicio-da-tarde\/#breadcrumb\",\"itemListElement\":[{\"@type\":\"ListItem\",\"position\":1,\"name\":\"In\u00edcio\",\"item\":\"https:\/\/portaltela.pt\/\"},{\"@type\":\"ListItem\",\"position\":2,\"name\":\"Recolha de dados biom\u00e9tricos nos aeroportos retoma ao in\u00edcio da tarde\"}]},{\"@type\":\"WebSite\",\"@id\":\"https:\/\/portaltela.pt\/#website\",\"url\":\"https:\/\/portaltela.pt\/\",\"name\":\"Portal Tela Portugal\",\"description\":\"\",\"potentialAction\":[{\"@type\":\"SearchAction\",\"target\":{\"@type\":\"EntryPoint\",\"urlTemplate\":\"https:\/\/portaltela.pt\/?s={search_term_string}\"},\"query-input\":{\"@type\":\"PropertyValueSpecification\",\"valueRequired\":true,\"valueName\":\"search_term_string\"}}],\"inLanguage\":\"pt-PT\"},{\"@type\":\"Person\",\"@id\":\"https:\/\/portaltela.pt\/#\/schema\/person\/c4278d4a6028830caff9ee44b42d32ed\",\"name\":\"Telinha\",\"image\":{\"@type\":\"ImageObject\",\"inLanguage\":\"pt-PT\",\"@id\":\"https:\/\/portaltela.pt\/s.01k8rhncp4jt1\/2025\/11\/talking-bot-125x125.png\",\"url\":\"https:\/\/portaltela.pt\/s.01k8rhncp4jt1\/2025\/11\/talking-bot-125x125.png\",\"contentUrl\":\"https:\/\/portaltela.pt\/s.01k8rhncp4jt1\/2025\/11\/talking-bot-125x125.png\",\"caption\":\"Telinha\"},\"sameAs\":[\"https:\/\/portaltela.pt\/\"],\"url\":\"https:\/\/portaltela.pt\/por\/367410592786\/\"}]}<\/script>\n<!-- \/ Yoast SEO plugin. -->","yoast_head_json":{"title":"Recolha de dados biom\u00e9tricos nos aeroportos retoma ao in\u00edcio da tarde - Portal Tela Portugal","robots":{"index":"index","follow":"follow","max-snippet":"max-snippet:-1","max-image-preview":"max-image-preview:large","max-video-preview":"max-video-preview:-1"},"og_locale":"pt_PT","og_type":"article","og_title":"Recolha de dados biom\u00e9tricos nos aeroportos retoma ao in\u00edcio da tarde - Portal Tela Portugal","og_description":"A PSP suspendeu temporariamente a recolha de dados biom\u00e9tricos nas partidas nos aeroportos de Lisboa, Porto e Faro esta manh\u00e3, para evitar que passageiros perdessem voos devido \u00e0s longas filas. A recolha de biometria manteve-se nas chegadas, com o controlo de fronteira a decorrer em seguran\u00e7a e sem a recolha de biometria nas partidas. O porta-voz da PSP afirmou que a opera\u00e7\u00e3o estava na sua capacidade m\u00e1xima, com todos os postos de fronteira ocupados. A suspens\u00e3o deveu-se ao elevado fluxo de passageiros no in\u00edcio da manh\u00e3 e ao contexto do novo Sistema Europeu de Entrada\/Sa\u00edda (EES), que exige registo biom\u00e9trico para cidad\u00e3os n\u00e3o pertencentes \u00e0 Uni\u00e3o Europeia. O EES entrou em funcionamento em Portugal a 12 de outubro de 2025 e, na fase seguinte de 10 de dezembro, passou a incluir a recolha de dados biom\u00e9tricos; no final de dezembro foram anunciadas medidas de conting\u00eancia em Lisboa, com suspens\u00e3o tempor\u00e1ria do sistema, que acabou por retomar.","og_url":"https:\/\/portaltela.pt\/noticias\/2026\/04\/11\/recolha-de-dados-biometricos-nos-aeroportos-retoma-ao-inicio-da-tarde\/","og_site_name":"Portal Tela Portugal","article_published_time":"2026-04-11T15:17:12+00:00","author":"Telinha","twitter_card":"summary_large_image","twitter_misc":{"Escrito por":"Telinha","Tempo estimado de leitura":"1 minuto"},"schema":{"@context":"https:\/\/schema.org","@graph":[{"@type":"Article","@id":"https:\/\/portaltela.pt\/noticias\/2026\/04\/11\/recolha-de-dados-biometricos-nos-aeroportos-retoma-ao-inicio-da-tarde\/#article","isPartOf":{"@id":"https:\/\/portaltela.pt\/noticias\/2026\/04\/11\/recolha-de-dados-biometricos-nos-aeroportos-retoma-ao-inicio-da-tarde\/"},"author":{"name":"Telinha","@id":"https:\/\/portaltela.pt\/#\/schema\/person\/c4278d4a6028830caff9ee44b42d32ed"},"headline":"Recolha de dados biom\u00e9tricos nos aeroportos retoma ao in\u00edcio da tarde","datePublished":"2026-04-11T15:17:12+00:00","mainEntityOfPage":{"@id":"https:\/\/portaltela.pt\/noticias\/2026\/04\/11\/recolha-de-dados-biometricos-nos-aeroportos-retoma-ao-inicio-da-tarde\/"},"wordCount":268,"image":{"@id":"https:\/\/portaltela.pt\/noticias\/2026\/04\/11\/recolha-de-dados-biometricos-nos-aeroportos-retoma-ao-inicio-da-tarde\/#primaryimage"},"thumbnailUrl":"https:\/\/portaltela.pt\/s.01k8rhncp4jt1\/2026\/04\/image-656.jpg","keywords":["_seguran\u00e7a p\u00fablica","aeroportos","fronteiras","informa\u00e7\u00e3o","privacidade","seguran\u00e7a"],"articleSection":["Pol\u00edcia","Seguran\u00e7a"],"inLanguage":"pt-PT"},{"@type":"WebPage","@id":"https:\/\/portaltela.pt\/noticias\/2026\/04\/11\/recolha-de-dados-biometricos-nos-aeroportos-retoma-ao-inicio-da-tarde\/","url":"https:\/\/portaltela.pt\/noticias\/2026\/04\/11\/recolha-de-dados-biometricos-nos-aeroportos-retoma-ao-inicio-da-tarde\/","name":"Recolha de dados biom\u00e9tricos nos aeroportos retoma ao in\u00edcio da tarde - Portal Tela Portugal","isPartOf":{"@id":"https:\/\/portaltela.pt\/#website"},"primaryImageOfPage":{"@id":"https:\/\/portaltela.pt\/noticias\/2026\/04\/11\/recolha-de-dados-biometricos-nos-aeroportos-retoma-ao-inicio-da-tarde\/#primaryimage"},"image":{"@id":"https:\/\/portaltela.pt\/noticias\/2026\/04\/11\/recolha-de-dados-biometricos-nos-aeroportos-retoma-ao-inicio-da-tarde\/#primaryimage"},"thumbnailUrl":"https:\/\/portaltela.pt\/s.01k8rhncp4jt1\/2026\/04\/image-656.jpg","datePublished":"2026-04-11T15:17:12+00:00","author":{"@id":"https:\/\/portaltela.pt\/#\/schema\/person\/c4278d4a6028830caff9ee44b42d32ed"},"breadcrumb":{"@id":"https:\/\/portaltela.pt\/noticias\/2026\/04\/11\/recolha-de-dados-biometricos-nos-aeroportos-retoma-ao-inicio-da-tarde\/#breadcrumb"},"inLanguage":"pt-PT","potentialAction":[{"@type":"ReadAction","target":["https:\/\/portaltela.pt\/noticias\/2026\/04\/11\/recolha-de-dados-biometricos-nos-aeroportos-retoma-ao-inicio-da-tarde\/"]}]},{"@type":"ImageObject","inLanguage":"pt-PT","@id":"https:\/\/portaltela.pt\/noticias\/2026\/04\/11\/recolha-de-dados-biometricos-nos-aeroportos-retoma-ao-inicio-da-tarde\/#primaryimage","url":"https:\/\/portaltela.pt\/s.01k8rhncp4jt1\/2026\/04\/image-656.jpg","contentUrl":"https:\/\/portaltela.pt\/s.01k8rhncp4jt1\/2026\/04\/image-656.jpg","width":796,"height":448,"caption":"Imagem de contexto do artigo Recolha de dados biom\u00e9tricos nos aeroportos retomada ao in\u00edcio da tarde"},{"@type":"BreadcrumbList","@id":"https:\/\/portaltela.pt\/noticias\/2026\/04\/11\/recolha-de-dados-biometricos-nos-aeroportos-retoma-ao-inicio-da-tarde\/#breadcrumb","itemListElement":[{"@type":"ListItem","position":1,"name":"In\u00edcio","item":"https:\/\/portaltela.pt\/"},{"@type":"ListItem","position":2,"name":"Recolha de dados biom\u00e9tricos nos aeroportos retoma ao in\u00edcio da tarde"}]},{"@type":"WebSite","@id":"https:\/\/portaltela.pt\/#website","url":"https:\/\/portaltela.pt\/","name":"Portal Tela Portugal","description":"","potentialAction":[{"@type":"SearchAction","target":{"@type":"EntryPoint","urlTemplate":"https:\/\/portaltela.pt\/?s={search_term_string}"},"query-input":{"@type":"PropertyValueSpecification","valueRequired":true,"valueName":"search_term_string"}}],"inLanguage":"pt-PT"},{"@type":"Person","@id":"https:\/\/portaltela.pt\/#\/schema\/person\/c4278d4a6028830caff9ee44b42d32ed","name":"Telinha","image":{"@type":"ImageObject","inLanguage":"pt-PT","@id":"https:\/\/portaltela.pt\/s.01k8rhncp4jt1\/2025\/11\/talking-bot-125x125.png","url":"https:\/\/portaltela.pt\/s.01k8rhncp4jt1\/2025\/11\/talking-bot-125x125.png","contentUrl":"https:\/\/portaltela.pt\/s.01k8rhncp4jt1\/2025\/11\/talking-bot-125x125.png","caption":"Telinha"},"sameAs":["https:\/\/portaltela.pt\/"],"url":"https:\/\/portaltela.pt\/por\/367410592786\/"}]}},"_links":{"self":[{"href":"https:\/\/portaltela.pt\/api\/wp\/v2\/posts\/440604","targetHints":{"allow":["GET"]}}],"collection":[{"href":"https:\/\/portaltela.pt\/api\/wp\/v2\/posts"}],"about":[{"href":"https:\/\/portaltela.pt\/api\/wp\/v2\/types\/post"}],"author":[{"embeddable":true,"href":"https:\/\/portaltela.pt\/api\/wp\/v2\/users\/2"}],"replies":[{"embeddable":true,"href":"https:\/\/portaltela.pt\/api\/wp\/v2\/comments?post=440604"}],"version-history":[{"count":0,"href":"https:\/\/portaltela.pt\/api\/wp\/v2\/posts\/440604\/revisions"}],"wp:featuredmedia":[{"embeddable":true,"href":"https:\/\/portaltela.pt\/api\/wp\/v2\/media\/440606"}],"wp:attachment":[{"href":"https:\/\/portaltela.pt\/api\/wp\/v2\/media?parent=440604"}],"wp:term":[{"taxonomy":"category","embeddable":true,"href":"https:\/\/portaltela.pt\/api\/wp\/v2\/categories?post=440604"},{"taxonomy":"post_tag","embeddable":true,"href":"https:\/\/portaltela.pt\/api\/wp\/v2\/tags?post=440604"}],"curies":[{"name":"wp","href":"https:\/\/api.w.org\/{rel}","templated":true}]}}