{"id":440581,"date":"2026-04-11T12:02:19","date_gmt":"2026-04-11T15:02:19","guid":{"rendered":"https:\/\/portaltela.pt\/noticias\/2026\/04\/11\/mae-de-quatro-morre-na-calcada-de-carriche-ao-regressar-da-oficina-com-a-moto\/"},"modified":"2026-04-11T12:02:19","modified_gmt":"2026-04-11T15:02:19","slug":"mae-de-quatro-morre-na-calcada-de-carriche-ao-regressar-da-oficina-com-a-moto","status":"publish","type":"post","link":"https:\/\/portaltela.pt\/acidentes\/2026\/04\/11\/mae-de-quatro-morre-na-calcada-de-carriche-ao-regressar-da-oficina-com-a-moto\/","title":{"rendered":"M\u00e3e de quatro morre na Cal\u00e7ada de Carriche ao regressar da oficina com a moto"},"content":{"rendered":"<p>A mulher de 42 anos morreu na manh\u00e3 de s\u00e1bado no Hospital de S\u00e3o Jos\u00e9, ap\u00f3s sofrer ferimentos graves num acidente com uma moto na Cal\u00e7ada de Carriche, em Lisboa, na tarde de sexta-feira. A ocorr\u00eancia envolve ainda duas viaturas.<\/p>\n<p>Sabrina Lima, brasileira, regressava a casa, em S\u00e3o Jo\u00e3o da Talha, Loures, depois de ir buscar a moto \u00e0 oficina. Tudo indica que embateu em duas viaturas e caiu ao ch\u00e3o, com o capacete a desprender-se durante o impacto.<\/p>\n<p>Al\u00e9m da v\u00edtima, um homem de 74 anos e uma mulher de 36 ficaram hospitalizados. A investiga\u00e7\u00e3o caracteriza o estado das v\u00edtimas e as circunst\u00e2ncias do acidente.<\/p>\n<p>A fam\u00edlia da falecida tinha chegado a Portugal h\u00e1 cerca de dois anos. Sabia-se que trabalhava num lar e que deixaria quatro filhos no Brasil; pretendia trazer a filha mais nova para Portugal.<\/p>\n<p>A Divis\u00e3o de Tr\u00e2nsito da PSP de Lisboa est\u00e1 a decorrer com a investiga\u00e7\u00e3o ao acidente. O corpo da v\u00edtima ser\u00e1 autopsiado pelas autoridades competentes.<\/p>\n","protected":false},"excerpt":{"rendered":"<ul>\n<li>Mulher brasileira, de 42 anos, que conduzia uma moto na Cal\u00e7ada de Carriche, Lisboa, morreu na manh\u00e3 de s\u00e1bado no Hospital de S\u00e3o Jos\u00e9, ap\u00f3s acidente ocorrido na sexta-feira.<\/li>\n<li>A v\u00edtima regressava a casa, em S\u00e3o Jo\u00e3o da Talha, Loures, depois de ter ido buscar a moto \u00e0 oficina, quando embateu em duas viaturas e caiu ao ch\u00e3o.<\/li>\n<li>Havia suspeita de fratura na perna e o capacete ter\u00e1 sa\u00eddo, levando a uma queda que provocou ferimentos graves e, posteriormente, a sua morte.<\/li>\n<li>A imigrante, que estava em Portugal h\u00e1 dois anos e trabalhava num lar, deixa quatro filhos no Brasil e pretendia trazer a mais nova para Portugal.<\/li>\n<li>A Divis\u00e3o de Tr\u00e2nsito da Pol\u00edcia de Seguran\u00e7a P\u00fablica de Lisboa investiga o acidente; o cad\u00e1ver ser\u00e1 autopsiado.<\/li>\n<\/ul>\n","protected":false},"author":2,"featured_media":440583,"comment_status":"closed","ping_status":"closed","sticky":false,"template":"","format":"standard","meta":{"footnotes":""},"categories":[6849],"tags":[5487,4172,633,981,250,1629],"class_list":["post-440581","post","type-post","status-publish","format-standard","has-post-thumbnail","hentry","category-acidentes","tag-acidente","tag-brasileiro","tag-hospital","tag-lisboa","tag-seguranca-publica","tag-transito"],"yoast_head":"<!-- This site is optimized with the Yoast SEO plugin v27.2 - https:\/\/yoast.com\/product\/yoast-seo-wordpress\/ -->\n<title>M\u00e3e de quatro morre na Cal\u00e7ada de Carriche ao regressar da oficina com a moto - Portal Tela Portugal<\/title>\n<meta name=\"robots\" content=\"index, follow, max-snippet:-1, max-image-preview:large, max-video-preview:-1\" \/>\n<meta property=\"og:locale\" content=\"pt_PT\" \/>\n<meta property=\"og:type\" content=\"article\" \/>\n<meta property=\"og:title\" content=\"M\u00e3e de quatro morre na Cal\u00e7ada de Carriche ao regressar da oficina com a moto - Portal Tela Portugal\" \/>\n<meta property=\"og:description\" content=\"Mulher brasileira, de 42 anos, que conduzia uma moto na Cal\u00e7ada de Carriche, Lisboa, morreu na manh\u00e3 de s\u00e1bado no Hospital de S\u00e3o Jos\u00e9, ap\u00f3s acidente ocorrido na sexta-feira. A v\u00edtima regressava a casa, em S\u00e3o Jo\u00e3o da Talha, Loures, depois de ter ido buscar a moto \u00e0 oficina, quando embateu em duas viaturas e caiu ao ch\u00e3o. Havia suspeita de fratura na perna e o capacete ter\u00e1 sa\u00eddo, levando a uma queda que provocou ferimentos graves e, posteriormente, a sua morte. A imigrante, que estava em Portugal h\u00e1 dois anos e trabalhava num lar, deixa quatro filhos no Brasil e pretendia trazer a mais nova para Portugal. A Divis\u00e3o de Tr\u00e2nsito da Pol\u00edcia de Seguran\u00e7a P\u00fablica de Lisboa investiga o acidente; o cad\u00e1ver ser\u00e1 autopsiado.\" \/>\n<meta property=\"og:url\" content=\"https:\/\/portaltela.pt\/noticias\/2026\/04\/11\/mae-de-quatro-morre-na-calcada-de-carriche-ao-regressar-da-oficina-com-a-moto\/\" \/>\n<meta property=\"og:site_name\" content=\"Portal Tela Portugal\" \/>\n<meta property=\"article:published_time\" content=\"2026-04-11T15:02:19+00:00\" \/>\n<meta name=\"author\" content=\"Telinha\" \/>\n<meta name=\"twitter:card\" content=\"summary_large_image\" \/>\n<meta name=\"twitter:label1\" content=\"Escrito por\" \/>\n\t<meta name=\"twitter:data1\" content=\"Telinha\" \/>\n\t<meta name=\"twitter:label2\" content=\"Tempo estimado de leitura\" \/>\n\t<meta name=\"twitter:data2\" content=\"1 minuto\" \/>\n<script type=\"application\/ld+json\" class=\"yoast-schema-graph\">{\"@context\":\"https:\/\/schema.org\",\"@graph\":[{\"@type\":\"Article\",\"@id\":\"https:\/\/portaltela.pt\/noticias\/2026\/04\/11\/mae-de-quatro-morre-na-calcada-de-carriche-ao-regressar-da-oficina-com-a-moto\/#article\",\"isPartOf\":{\"@id\":\"https:\/\/portaltela.pt\/noticias\/2026\/04\/11\/mae-de-quatro-morre-na-calcada-de-carriche-ao-regressar-da-oficina-com-a-moto\/\"},\"author\":{\"name\":\"Telinha\",\"@id\":\"https:\/\/portaltela.pt\/#\/schema\/person\/c4278d4a6028830caff9ee44b42d32ed\"},\"headline\":\"M\u00e3e de quatro morre na Cal\u00e7ada de Carriche ao regressar da oficina com a moto\",\"datePublished\":\"2026-04-11T15:02:19+00:00\",\"mainEntityOfPage\":{\"@id\":\"https:\/\/portaltela.pt\/noticias\/2026\/04\/11\/mae-de-quatro-morre-na-calcada-de-carriche-ao-regressar-da-oficina-com-a-moto\/\"},\"wordCount\":195,\"image\":{\"@id\":\"https:\/\/portaltela.pt\/noticias\/2026\/04\/11\/mae-de-quatro-morre-na-calcada-de-carriche-ao-regressar-da-oficina-com-a-moto\/#primaryimage\"},\"thumbnailUrl\":\"https:\/\/portaltela.pt\/s.01k8rhncp4jt1\/2026\/04\/img_1500x1000uu2026-04-11-15-22-23-2277925-im-639115191448529929.jpg\",\"keywords\":[\"acidente\",\"brasileiro\",\"hospital\",\"Lisboa\",\"seguran\u00e7a p\u00fablica\",\"tr\u00e2nsito\"],\"articleSection\":[\"Acidentes\"],\"inLanguage\":\"pt-PT\"},{\"@type\":\"WebPage\",\"@id\":\"https:\/\/portaltela.pt\/noticias\/2026\/04\/11\/mae-de-quatro-morre-na-calcada-de-carriche-ao-regressar-da-oficina-com-a-moto\/\",\"url\":\"https:\/\/portaltela.pt\/noticias\/2026\/04\/11\/mae-de-quatro-morre-na-calcada-de-carriche-ao-regressar-da-oficina-com-a-moto\/\",\"name\":\"M\u00e3e de quatro morre na Cal\u00e7ada de Carriche ao regressar da oficina com a moto - Portal Tela Portugal\",\"isPartOf\":{\"@id\":\"https:\/\/portaltela.pt\/#website\"},\"primaryImageOfPage\":{\"@id\":\"https:\/\/portaltela.pt\/noticias\/2026\/04\/11\/mae-de-quatro-morre-na-calcada-de-carriche-ao-regressar-da-oficina-com-a-moto\/#primaryimage\"},\"image\":{\"@id\":\"https:\/\/portaltela.pt\/noticias\/2026\/04\/11\/mae-de-quatro-morre-na-calcada-de-carriche-ao-regressar-da-oficina-com-a-moto\/#primaryimage\"},\"thumbnailUrl\":\"https:\/\/portaltela.pt\/s.01k8rhncp4jt1\/2026\/04\/img_1500x1000uu2026-04-11-15-22-23-2277925-im-639115191448529929.jpg\",\"datePublished\":\"2026-04-11T15:02:19+00:00\",\"author\":{\"@id\":\"https:\/\/portaltela.pt\/#\/schema\/person\/c4278d4a6028830caff9ee44b42d32ed\"},\"breadcrumb\":{\"@id\":\"https:\/\/portaltela.pt\/noticias\/2026\/04\/11\/mae-de-quatro-morre-na-calcada-de-carriche-ao-regressar-da-oficina-com-a-moto\/#breadcrumb\"},\"inLanguage\":\"pt-PT\",\"potentialAction\":[{\"@type\":\"ReadAction\",\"target\":[\"https:\/\/portaltela.pt\/noticias\/2026\/04\/11\/mae-de-quatro-morre-na-calcada-de-carriche-ao-regressar-da-oficina-com-a-moto\/\"]}]},{\"@type\":\"ImageObject\",\"inLanguage\":\"pt-PT\",\"@id\":\"https:\/\/portaltela.pt\/noticias\/2026\/04\/11\/mae-de-quatro-morre-na-calcada-de-carriche-ao-regressar-da-oficina-com-a-moto\/#primaryimage\",\"url\":\"https:\/\/portaltela.pt\/s.01k8rhncp4jt1\/2026\/04\/img_1500x1000uu2026-04-11-15-22-23-2277925-im-639115191448529929.jpg\",\"contentUrl\":\"https:\/\/portaltela.pt\/s.01k8rhncp4jt1\/2026\/04\/img_1500x1000uu2026-04-11-15-22-23-2277925-im-639115191448529929.jpg\",\"width\":796,\"height\":448,\"caption\":\"Sabrina Lima, de 42 anos, era uma imigrante brasileira a vier em Portugal h\u00e1 dois anos\"},{\"@type\":\"BreadcrumbList\",\"@id\":\"https:\/\/portaltela.pt\/noticias\/2026\/04\/11\/mae-de-quatro-morre-na-calcada-de-carriche-ao-regressar-da-oficina-com-a-moto\/#breadcrumb\",\"itemListElement\":[{\"@type\":\"ListItem\",\"position\":1,\"name\":\"In\u00edcio\",\"item\":\"https:\/\/portaltela.pt\/\"},{\"@type\":\"ListItem\",\"position\":2,\"name\":\"M\u00e3e de quatro morre na Cal\u00e7ada de Carriche ao regressar da oficina com a moto\"}]},{\"@type\":\"WebSite\",\"@id\":\"https:\/\/portaltela.pt\/#website\",\"url\":\"https:\/\/portaltela.pt\/\",\"name\":\"Portal Tela Portugal\",\"description\":\"\",\"potentialAction\":[{\"@type\":\"SearchAction\",\"target\":{\"@type\":\"EntryPoint\",\"urlTemplate\":\"https:\/\/portaltela.pt\/?s={search_term_string}\"},\"query-input\":{\"@type\":\"PropertyValueSpecification\",\"valueRequired\":true,\"valueName\":\"search_term_string\"}}],\"inLanguage\":\"pt-PT\"},{\"@type\":\"Person\",\"@id\":\"https:\/\/portaltela.pt\/#\/schema\/person\/c4278d4a6028830caff9ee44b42d32ed\",\"name\":\"Telinha\",\"image\":{\"@type\":\"ImageObject\",\"inLanguage\":\"pt-PT\",\"@id\":\"https:\/\/portaltela.pt\/s.01k8rhncp4jt1\/2025\/11\/talking-bot-125x125.png\",\"url\":\"https:\/\/portaltela.pt\/s.01k8rhncp4jt1\/2025\/11\/talking-bot-125x125.png\",\"contentUrl\":\"https:\/\/portaltela.pt\/s.01k8rhncp4jt1\/2025\/11\/talking-bot-125x125.png\",\"caption\":\"Telinha\"},\"sameAs\":[\"https:\/\/portaltela.pt\/\"],\"url\":\"https:\/\/portaltela.pt\/por\/367410592786\/\"}]}<\/script>\n<!-- \/ Yoast SEO plugin. -->","yoast_head_json":{"title":"M\u00e3e de quatro morre na Cal\u00e7ada de Carriche ao regressar da oficina com a moto - Portal Tela Portugal","robots":{"index":"index","follow":"follow","max-snippet":"max-snippet:-1","max-image-preview":"max-image-preview:large","max-video-preview":"max-video-preview:-1"},"og_locale":"pt_PT","og_type":"article","og_title":"M\u00e3e de quatro morre na Cal\u00e7ada de Carriche ao regressar da oficina com a moto - Portal Tela Portugal","og_description":"Mulher brasileira, de 42 anos, que conduzia uma moto na Cal\u00e7ada de Carriche, Lisboa, morreu na manh\u00e3 de s\u00e1bado no Hospital de S\u00e3o Jos\u00e9, ap\u00f3s acidente ocorrido na sexta-feira. A v\u00edtima regressava a casa, em S\u00e3o Jo\u00e3o da Talha, Loures, depois de ter ido buscar a moto \u00e0 oficina, quando embateu em duas viaturas e caiu ao ch\u00e3o. Havia suspeita de fratura na perna e o capacete ter\u00e1 sa\u00eddo, levando a uma queda que provocou ferimentos graves e, posteriormente, a sua morte. A imigrante, que estava em Portugal h\u00e1 dois anos e trabalhava num lar, deixa quatro filhos no Brasil e pretendia trazer a mais nova para Portugal. A Divis\u00e3o de Tr\u00e2nsito da Pol\u00edcia de Seguran\u00e7a P\u00fablica de Lisboa investiga o acidente; o cad\u00e1ver ser\u00e1 autopsiado.","og_url":"https:\/\/portaltela.pt\/noticias\/2026\/04\/11\/mae-de-quatro-morre-na-calcada-de-carriche-ao-regressar-da-oficina-com-a-moto\/","og_site_name":"Portal Tela Portugal","article_published_time":"2026-04-11T15:02:19+00:00","author":"Telinha","twitter_card":"summary_large_image","twitter_misc":{"Escrito por":"Telinha","Tempo estimado de leitura":"1 minuto"},"schema":{"@context":"https:\/\/schema.org","@graph":[{"@type":"Article","@id":"https:\/\/portaltela.pt\/noticias\/2026\/04\/11\/mae-de-quatro-morre-na-calcada-de-carriche-ao-regressar-da-oficina-com-a-moto\/#article","isPartOf":{"@id":"https:\/\/portaltela.pt\/noticias\/2026\/04\/11\/mae-de-quatro-morre-na-calcada-de-carriche-ao-regressar-da-oficina-com-a-moto\/"},"author":{"name":"Telinha","@id":"https:\/\/portaltela.pt\/#\/schema\/person\/c4278d4a6028830caff9ee44b42d32ed"},"headline":"M\u00e3e de quatro morre na Cal\u00e7ada de Carriche ao regressar da oficina com a moto","datePublished":"2026-04-11T15:02:19+00:00","mainEntityOfPage":{"@id":"https:\/\/portaltela.pt\/noticias\/2026\/04\/11\/mae-de-quatro-morre-na-calcada-de-carriche-ao-regressar-da-oficina-com-a-moto\/"},"wordCount":195,"image":{"@id":"https:\/\/portaltela.pt\/noticias\/2026\/04\/11\/mae-de-quatro-morre-na-calcada-de-carriche-ao-regressar-da-oficina-com-a-moto\/#primaryimage"},"thumbnailUrl":"https:\/\/portaltela.pt\/s.01k8rhncp4jt1\/2026\/04\/img_1500x1000uu2026-04-11-15-22-23-2277925-im-639115191448529929.jpg","keywords":["acidente","brasileiro","hospital","Lisboa","seguran\u00e7a p\u00fablica","tr\u00e2nsito"],"articleSection":["Acidentes"],"inLanguage":"pt-PT"},{"@type":"WebPage","@id":"https:\/\/portaltela.pt\/noticias\/2026\/04\/11\/mae-de-quatro-morre-na-calcada-de-carriche-ao-regressar-da-oficina-com-a-moto\/","url":"https:\/\/portaltela.pt\/noticias\/2026\/04\/11\/mae-de-quatro-morre-na-calcada-de-carriche-ao-regressar-da-oficina-com-a-moto\/","name":"M\u00e3e de quatro morre na Cal\u00e7ada de Carriche ao regressar da oficina com a moto - Portal Tela Portugal","isPartOf":{"@id":"https:\/\/portaltela.pt\/#website"},"primaryImageOfPage":{"@id":"https:\/\/portaltela.pt\/noticias\/2026\/04\/11\/mae-de-quatro-morre-na-calcada-de-carriche-ao-regressar-da-oficina-com-a-moto\/#primaryimage"},"image":{"@id":"https:\/\/portaltela.pt\/noticias\/2026\/04\/11\/mae-de-quatro-morre-na-calcada-de-carriche-ao-regressar-da-oficina-com-a-moto\/#primaryimage"},"thumbnailUrl":"https:\/\/portaltela.pt\/s.01k8rhncp4jt1\/2026\/04\/img_1500x1000uu2026-04-11-15-22-23-2277925-im-639115191448529929.jpg","datePublished":"2026-04-11T15:02:19+00:00","author":{"@id":"https:\/\/portaltela.pt\/#\/schema\/person\/c4278d4a6028830caff9ee44b42d32ed"},"breadcrumb":{"@id":"https:\/\/portaltela.pt\/noticias\/2026\/04\/11\/mae-de-quatro-morre-na-calcada-de-carriche-ao-regressar-da-oficina-com-a-moto\/#breadcrumb"},"inLanguage":"pt-PT","potentialAction":[{"@type":"ReadAction","target":["https:\/\/portaltela.pt\/noticias\/2026\/04\/11\/mae-de-quatro-morre-na-calcada-de-carriche-ao-regressar-da-oficina-com-a-moto\/"]}]},{"@type":"ImageObject","inLanguage":"pt-PT","@id":"https:\/\/portaltela.pt\/noticias\/2026\/04\/11\/mae-de-quatro-morre-na-calcada-de-carriche-ao-regressar-da-oficina-com-a-moto\/#primaryimage","url":"https:\/\/portaltela.pt\/s.01k8rhncp4jt1\/2026\/04\/img_1500x1000uu2026-04-11-15-22-23-2277925-im-639115191448529929.jpg","contentUrl":"https:\/\/portaltela.pt\/s.01k8rhncp4jt1\/2026\/04\/img_1500x1000uu2026-04-11-15-22-23-2277925-im-639115191448529929.jpg","width":796,"height":448,"caption":"Sabrina Lima, de 42 anos, era uma imigrante brasileira a vier em Portugal h\u00e1 dois anos"},{"@type":"BreadcrumbList","@id":"https:\/\/portaltela.pt\/noticias\/2026\/04\/11\/mae-de-quatro-morre-na-calcada-de-carriche-ao-regressar-da-oficina-com-a-moto\/#breadcrumb","itemListElement":[{"@type":"ListItem","position":1,"name":"In\u00edcio","item":"https:\/\/portaltela.pt\/"},{"@type":"ListItem","position":2,"name":"M\u00e3e de quatro morre na Cal\u00e7ada de Carriche ao regressar da oficina com a moto"}]},{"@type":"WebSite","@id":"https:\/\/portaltela.pt\/#website","url":"https:\/\/portaltela.pt\/","name":"Portal Tela Portugal","description":"","potentialAction":[{"@type":"SearchAction","target":{"@type":"EntryPoint","urlTemplate":"https:\/\/portaltela.pt\/?s={search_term_string}"},"query-input":{"@type":"PropertyValueSpecification","valueRequired":true,"valueName":"search_term_string"}}],"inLanguage":"pt-PT"},{"@type":"Person","@id":"https:\/\/portaltela.pt\/#\/schema\/person\/c4278d4a6028830caff9ee44b42d32ed","name":"Telinha","image":{"@type":"ImageObject","inLanguage":"pt-PT","@id":"https:\/\/portaltela.pt\/s.01k8rhncp4jt1\/2025\/11\/talking-bot-125x125.png","url":"https:\/\/portaltela.pt\/s.01k8rhncp4jt1\/2025\/11\/talking-bot-125x125.png","contentUrl":"https:\/\/portaltela.pt\/s.01k8rhncp4jt1\/2025\/11\/talking-bot-125x125.png","caption":"Telinha"},"sameAs":["https:\/\/portaltela.pt\/"],"url":"https:\/\/portaltela.pt\/por\/367410592786\/"}]}},"_links":{"self":[{"href":"https:\/\/portaltela.pt\/api\/wp\/v2\/posts\/440581","targetHints":{"allow":["GET"]}}],"collection":[{"href":"https:\/\/portaltela.pt\/api\/wp\/v2\/posts"}],"about":[{"href":"https:\/\/portaltela.pt\/api\/wp\/v2\/types\/post"}],"author":[{"embeddable":true,"href":"https:\/\/portaltela.pt\/api\/wp\/v2\/users\/2"}],"replies":[{"embeddable":true,"href":"https:\/\/portaltela.pt\/api\/wp\/v2\/comments?post=440581"}],"version-history":[{"count":0,"href":"https:\/\/portaltela.pt\/api\/wp\/v2\/posts\/440581\/revisions"}],"wp:featuredmedia":[{"embeddable":true,"href":"https:\/\/portaltela.pt\/api\/wp\/v2\/media\/440583"}],"wp:attachment":[{"href":"https:\/\/portaltela.pt\/api\/wp\/v2\/media?parent=440581"}],"wp:term":[{"taxonomy":"category","embeddable":true,"href":"https:\/\/portaltela.pt\/api\/wp\/v2\/categories?post=440581"},{"taxonomy":"post_tag","embeddable":true,"href":"https:\/\/portaltela.pt\/api\/wp\/v2\/tags?post=440581"}],"curies":[{"name":"wp","href":"https:\/\/api.w.org\/{rel}","templated":true}]}}