{"id":440552,"date":"2026-04-11T11:17:01","date_gmt":"2026-04-11T14:17:01","guid":{"rendered":"https:\/\/portaltela.pt\/noticias\/2026\/04\/11\/governo-dos-acores-elabora-documento-estrategico-integrado-para-migracoes\/"},"modified":"2026-04-11T11:17:01","modified_gmt":"2026-04-11T14:17:01","slug":"governo-dos-acores-elabora-documento-estrategico-integrado-para-migracoes","status":"publish","type":"post","link":"https:\/\/portaltela.pt\/sociedade\/2026\/04\/11\/governo-dos-acores-elabora-documento-estrategico-integrado-para-migracoes\/","title":{"rendered":"Governo dos A\u00e7ores elabora documento estrat\u00e9gico integrado para migra\u00e7\u00f5es"},"content":{"rendered":"<p>A Secretaria Regional dos Assuntos Parlamentares e Comunidades dos A\u00e7ores revelou hoje que, em maio, ser\u00e1 elaborado um documento integrado de estrat\u00e9gias para a integra\u00e7\u00e3o de migrantes. O texto assenta em pol\u00edticas human\u00edsticas e na implementa\u00e7\u00e3o de decis\u00f5es pr\u00e1ticas, segundo a nota oficial do Governo Regional (PSD\/CDS-PP\/PPM).<\/p>\n<p>Paulo Est\u00eav\u00e3o, secret\u00e1rio regional, afirmou que a iniciativa visa responder aos pedidos do setor, articulando-se com v\u00e1rias entidades para assegurar uma resposta transversal, digna e eficaz aos desafios da mobilidade humana nos A\u00e7ores. O an\u00fancio aconteceu na ilha das Flores, durante a sess\u00e3o de encerramento do IV F\u00f3rum das Migra\u00e7\u00f5es.<\/p>\n<p>O f\u00f3rum decorreu ao longo de tr\u00eas dias e envolveu ainda a ilha do Corvo, a mais pequena do arquip\u00e9lago. Est\u00eav\u00e3o reiterou que os A\u00e7ores s\u00e3o terra de emigra\u00e7\u00e3o e que os fen\u00f3menos migrat\u00f3rios fazem parte do ADN regional, destacando um historial de sucesso econ\u00f3mico da di\u00e1spora a\u00e7oriana.<\/p>\n<p>Paulo Est\u00eav\u00e3o referiu avan\u00e7os junto da Rep\u00fablica para valorizar as comunidades a\u00e7orianas, incluindo a defesa de reconhecimento de cartas de condu\u00e7\u00e3o emitidas nas Bermudas e a corre\u00e7\u00e3o de injusti\u00e7as nos apoios ao regresso de emigrantes. Foi tamb\u00e9m destacada a extens\u00e3o de incentivos do Programa Regressar para todo o territ\u00f3rio nacional.<\/p>\n<h3>Integra\u00e7\u00e3o e coopera\u00e7\u00e3o entre entidades<\/h3>\n<p>O governante salientou que o programa Voltar, substituto do Regressar, dever\u00e1 contemplar os A\u00e7ores e a Madeira, com oportunidades de beneficiarem de apoios ao regresso \u00e0s regi\u00f5es aut\u00f3nomas. A ideia \u00e9 harmonizar benef\u00edcios nacionais com as especificidades regionais.<\/p>\n<p>A nota oficial refor\u00e7a a necessidade de uma atua\u00e7\u00e3o integrada, com uma rede de apoio que inclua a regulariza\u00e7\u00e3o de estrangeiros residentes. O objetivo \u00e9 disponibilizar respostas descentralizadas, evitando desloca\u00e7\u00f5es a outras ilhas para servi\u00e7os de imigra\u00e7\u00e3o e cidadania.<\/p>\n<h3>Inaugura\u00e7\u00e3o de novo servi\u00e7o na Flores<\/h3>\n<p>O encerramento do IV F\u00f3rum das Migra\u00e7\u00f5es ficou marcado pela inaugura\u00e7\u00e3o de um novo servi\u00e7o de atendimento da AIMA na loja RIAC de Santa Cruz das Flores. A mudan\u00e7a dever\u00e1 melhorar o atendimento a imigrantes residentes na ilha das Flores, proporcionando acesso mais pr\u00f3ximo a servi\u00e7os de migra\u00e7\u00e3o e asilo.<\/p>\n","protected":false},"excerpt":{"rendered":"<ul>\n<li>O Governo dos A\u00e7ores vai preparar em maio um documento integrado de estrat\u00e9gias para a integra\u00e7\u00e3o de migrantes, assentes em pol\u00edticas human\u00edsticas e em decis\u00f5es pr\u00e1ticas.<\/li>\n<li>O an\u00fancio foi feito por Paulo Est\u00eav\u00e3o durante o IV F\u00f3rum das Migra\u00e7\u00f5es, na ilha das Flores, onde afirmou que a estrat\u00e9gia ser\u00e1 trabalhada em estreita articula\u00e7\u00e3o com v\u00e1rias entidades para garantir uma resposta transversal, digna e eficaz.<\/li>\n<li>O governante destacou que os A\u00e7ores s\u00e3o terra de emigra\u00e7\u00e3o e que a di\u00e1spora a\u00e7oriana tem sucesso econ\u00f3mico, sublinhando o esfor\u00e7o do Governo Regional na valoriza\u00e7\u00e3o dessas comunidades, incluindo o aumento da rede mundial de Casas dos A\u00e7ores.<\/li>\n<li>Avan\u00e7os e reivindica\u00e7\u00f5es junto da Rep\u00fablica foram mencionados, como o reconhecimento de cartas de condu\u00e7\u00e3o emitidas nas Bermudas e a corre\u00e7\u00e3o de injusti\u00e7as nos apoios ao regresso de emigrantes, com a extens\u00e3o de benef\u00edcios do Programa Regressar ao territ\u00f3rio nacional e aos A\u00e7ores.<\/li>\n<li>O encerramento do f\u00f3rum ficou marcado pela inaugura\u00e7\u00e3o do novo servi\u00e7o da AIMA na loja RIAC em Santa Cruz das Flores, e pela regulariza\u00e7\u00e3o prevista de estrangeiros residentes nos A\u00e7ores at\u00e9 ao final do ver\u00e3o, com resposta descentralizada por ilha.<\/li>\n<\/ul>\n","protected":false},"author":2,"featured_media":440553,"comment_status":"closed","ping_status":"closed","sticky":false,"template":"","format":"standard","meta":{"footnotes":""},"categories":[6871],"tags":[822,3742,1965,2043,712,1456],"class_list":["post-440552","post","type-post","status-publish","format-standard","has-post-thumbnail","hentry","category-sociedade","tag-acores","tag-corvo","tag-emigrantes","tag-flores","tag-imigracao","tag-migracao"],"yoast_head":"<!-- This site is optimized with the Yoast SEO plugin v27.2 - https:\/\/yoast.com\/product\/yoast-seo-wordpress\/ -->\n<title>Governo dos A\u00e7ores elabora documento estrat\u00e9gico integrado para migra\u00e7\u00f5es - Portal Tela Portugal<\/title>\n<meta name=\"robots\" content=\"index, follow, max-snippet:-1, max-image-preview:large, max-video-preview:-1\" \/>\n<meta property=\"og:locale\" content=\"pt_PT\" \/>\n<meta property=\"og:type\" content=\"article\" \/>\n<meta property=\"og:title\" content=\"Governo dos A\u00e7ores elabora documento estrat\u00e9gico integrado para migra\u00e7\u00f5es - Portal Tela Portugal\" \/>\n<meta property=\"og:description\" content=\"O Governo dos A\u00e7ores vai preparar em maio um documento integrado de estrat\u00e9gias para a integra\u00e7\u00e3o de migrantes, assentes em pol\u00edticas human\u00edsticas e em decis\u00f5es pr\u00e1ticas. O an\u00fancio foi feito por Paulo Est\u00eav\u00e3o durante o IV F\u00f3rum das Migra\u00e7\u00f5es, na ilha das Flores, onde afirmou que a estrat\u00e9gia ser\u00e1 trabalhada em estreita articula\u00e7\u00e3o com v\u00e1rias entidades para garantir uma resposta transversal, digna e eficaz. O governante destacou que os A\u00e7ores s\u00e3o terra de emigra\u00e7\u00e3o e que a di\u00e1spora a\u00e7oriana tem sucesso econ\u00f3mico, sublinhando o esfor\u00e7o do Governo Regional na valoriza\u00e7\u00e3o dessas comunidades, incluindo o aumento da rede mundial de Casas dos A\u00e7ores. Avan\u00e7os e reivindica\u00e7\u00f5es junto da Rep\u00fablica foram mencionados, como o reconhecimento de cartas de condu\u00e7\u00e3o emitidas nas Bermudas e a corre\u00e7\u00e3o de injusti\u00e7as nos apoios ao regresso de emigrantes, com a extens\u00e3o de benef\u00edcios do Programa Regressar ao territ\u00f3rio nacional e aos A\u00e7ores. O encerramento do f\u00f3rum ficou marcado pela inaugura\u00e7\u00e3o do novo servi\u00e7o da AIMA na loja RIAC em Santa Cruz das Flores, e pela regulariza\u00e7\u00e3o prevista de estrangeiros residentes nos A\u00e7ores at\u00e9 ao final do ver\u00e3o, com resposta descentralizada por ilha.\" \/>\n<meta property=\"og:url\" content=\"https:\/\/portaltela.pt\/noticias\/2026\/04\/11\/governo-dos-acores-elabora-documento-estrategico-integrado-para-migracoes\/\" \/>\n<meta property=\"og:site_name\" content=\"Portal Tela Portugal\" \/>\n<meta property=\"article:published_time\" content=\"2026-04-11T14:17:01+00:00\" \/>\n<meta name=\"author\" content=\"Telinha\" \/>\n<meta name=\"twitter:card\" content=\"summary_large_image\" \/>\n<meta name=\"twitter:label1\" content=\"Escrito por\" \/>\n\t<meta name=\"twitter:data1\" content=\"Telinha\" \/>\n\t<meta name=\"twitter:label2\" content=\"Tempo estimado de leitura\" \/>\n\t<meta name=\"twitter:data2\" content=\"2 minutos\" \/>\n<script type=\"application\/ld+json\" class=\"yoast-schema-graph\">{\"@context\":\"https:\/\/schema.org\",\"@graph\":[{\"@type\":\"Article\",\"@id\":\"https:\/\/portaltela.pt\/noticias\/2026\/04\/11\/governo-dos-acores-elabora-documento-estrategico-integrado-para-migracoes\/#article\",\"isPartOf\":{\"@id\":\"https:\/\/portaltela.pt\/noticias\/2026\/04\/11\/governo-dos-acores-elabora-documento-estrategico-integrado-para-migracoes\/\"},\"author\":{\"name\":\"Telinha\",\"@id\":\"https:\/\/portaltela.pt\/#\/schema\/person\/c4278d4a6028830caff9ee44b42d32ed\"},\"headline\":\"Governo dos A\u00e7ores elabora documento estrat\u00e9gico integrado para migra\u00e7\u00f5es\",\"datePublished\":\"2026-04-11T14:17:01+00:00\",\"mainEntityOfPage\":{\"@id\":\"https:\/\/portaltela.pt\/noticias\/2026\/04\/11\/governo-dos-acores-elabora-documento-estrategico-integrado-para-migracoes\/\"},\"wordCount\":408,\"image\":{\"@id\":\"https:\/\/portaltela.pt\/noticias\/2026\/04\/11\/governo-dos-acores-elabora-documento-estrategico-integrado-para-migracoes\/#primaryimage\"},\"thumbnailUrl\":\"https:\/\/portaltela.pt\/s.01k8rhncp4jt1\/2026\/04\/img_1500x1000uu2026-01-16-14-28-37-2260623.jpg\",\"keywords\":[\"A\u00e7ores\",\"Corvo\",\"emigrantes\",\"Flores\",\"imigra\u00e7\u00e3o\",\"migra\u00e7\u00e3o\"],\"articleSection\":[\"Sociedade\"],\"inLanguage\":\"pt-PT\"},{\"@type\":\"WebPage\",\"@id\":\"https:\/\/portaltela.pt\/noticias\/2026\/04\/11\/governo-dos-acores-elabora-documento-estrategico-integrado-para-migracoes\/\",\"url\":\"https:\/\/portaltela.pt\/noticias\/2026\/04\/11\/governo-dos-acores-elabora-documento-estrategico-integrado-para-migracoes\/\",\"name\":\"Governo dos A\u00e7ores elabora documento estrat\u00e9gico integrado para migra\u00e7\u00f5es - Portal Tela Portugal\",\"isPartOf\":{\"@id\":\"https:\/\/portaltela.pt\/#website\"},\"primaryImageOfPage\":{\"@id\":\"https:\/\/portaltela.pt\/noticias\/2026\/04\/11\/governo-dos-acores-elabora-documento-estrategico-integrado-para-migracoes\/#primaryimage\"},\"image\":{\"@id\":\"https:\/\/portaltela.pt\/noticias\/2026\/04\/11\/governo-dos-acores-elabora-documento-estrategico-integrado-para-migracoes\/#primaryimage\"},\"thumbnailUrl\":\"https:\/\/portaltela.pt\/s.01k8rhncp4jt1\/2026\/04\/img_1500x1000uu2026-01-16-14-28-37-2260623.jpg\",\"datePublished\":\"2026-04-11T14:17:01+00:00\",\"author\":{\"@id\":\"https:\/\/portaltela.pt\/#\/schema\/person\/c4278d4a6028830caff9ee44b42d32ed\"},\"breadcrumb\":{\"@id\":\"https:\/\/portaltela.pt\/noticias\/2026\/04\/11\/governo-dos-acores-elabora-documento-estrategico-integrado-para-migracoes\/#breadcrumb\"},\"inLanguage\":\"pt-PT\",\"potentialAction\":[{\"@type\":\"ReadAction\",\"target\":[\"https:\/\/portaltela.pt\/noticias\/2026\/04\/11\/governo-dos-acores-elabora-documento-estrategico-integrado-para-migracoes\/\"]}]},{\"@type\":\"ImageObject\",\"inLanguage\":\"pt-PT\",\"@id\":\"https:\/\/portaltela.pt\/noticias\/2026\/04\/11\/governo-dos-acores-elabora-documento-estrategico-integrado-para-migracoes\/#primaryimage\",\"url\":\"https:\/\/portaltela.pt\/s.01k8rhncp4jt1\/2026\/04\/img_1500x1000uu2026-01-16-14-28-37-2260623.jpg\",\"contentUrl\":\"https:\/\/portaltela.pt\/s.01k8rhncp4jt1\/2026\/04\/img_1500x1000uu2026-01-16-14-28-37-2260623.jpg\",\"width\":796,\"height\":448,\"caption\":\"A\u00e7ores\"},{\"@type\":\"BreadcrumbList\",\"@id\":\"https:\/\/portaltela.pt\/noticias\/2026\/04\/11\/governo-dos-acores-elabora-documento-estrategico-integrado-para-migracoes\/#breadcrumb\",\"itemListElement\":[{\"@type\":\"ListItem\",\"position\":1,\"name\":\"In\u00edcio\",\"item\":\"https:\/\/portaltela.pt\/\"},{\"@type\":\"ListItem\",\"position\":2,\"name\":\"Governo dos A\u00e7ores elabora documento estrat\u00e9gico integrado para migra\u00e7\u00f5es\"}]},{\"@type\":\"WebSite\",\"@id\":\"https:\/\/portaltela.pt\/#website\",\"url\":\"https:\/\/portaltela.pt\/\",\"name\":\"Portal Tela Portugal\",\"description\":\"\",\"potentialAction\":[{\"@type\":\"SearchAction\",\"target\":{\"@type\":\"EntryPoint\",\"urlTemplate\":\"https:\/\/portaltela.pt\/?s={search_term_string}\"},\"query-input\":{\"@type\":\"PropertyValueSpecification\",\"valueRequired\":true,\"valueName\":\"search_term_string\"}}],\"inLanguage\":\"pt-PT\"},{\"@type\":\"Person\",\"@id\":\"https:\/\/portaltela.pt\/#\/schema\/person\/c4278d4a6028830caff9ee44b42d32ed\",\"name\":\"Telinha\",\"image\":{\"@type\":\"ImageObject\",\"inLanguage\":\"pt-PT\",\"@id\":\"https:\/\/portaltela.pt\/s.01k8rhncp4jt1\/2025\/11\/talking-bot-125x125.png\",\"url\":\"https:\/\/portaltela.pt\/s.01k8rhncp4jt1\/2025\/11\/talking-bot-125x125.png\",\"contentUrl\":\"https:\/\/portaltela.pt\/s.01k8rhncp4jt1\/2025\/11\/talking-bot-125x125.png\",\"caption\":\"Telinha\"},\"sameAs\":[\"https:\/\/portaltela.pt\/\"],\"url\":\"https:\/\/portaltela.pt\/por\/367410592786\/\"}]}<\/script>\n<!-- \/ Yoast SEO plugin. -->","yoast_head_json":{"title":"Governo dos A\u00e7ores elabora documento estrat\u00e9gico integrado para migra\u00e7\u00f5es - Portal Tela Portugal","robots":{"index":"index","follow":"follow","max-snippet":"max-snippet:-1","max-image-preview":"max-image-preview:large","max-video-preview":"max-video-preview:-1"},"og_locale":"pt_PT","og_type":"article","og_title":"Governo dos A\u00e7ores elabora documento estrat\u00e9gico integrado para migra\u00e7\u00f5es - Portal Tela Portugal","og_description":"O Governo dos A\u00e7ores vai preparar em maio um documento integrado de estrat\u00e9gias para a integra\u00e7\u00e3o de migrantes, assentes em pol\u00edticas human\u00edsticas e em decis\u00f5es pr\u00e1ticas. O an\u00fancio foi feito por Paulo Est\u00eav\u00e3o durante o IV F\u00f3rum das Migra\u00e7\u00f5es, na ilha das Flores, onde afirmou que a estrat\u00e9gia ser\u00e1 trabalhada em estreita articula\u00e7\u00e3o com v\u00e1rias entidades para garantir uma resposta transversal, digna e eficaz. O governante destacou que os A\u00e7ores s\u00e3o terra de emigra\u00e7\u00e3o e que a di\u00e1spora a\u00e7oriana tem sucesso econ\u00f3mico, sublinhando o esfor\u00e7o do Governo Regional na valoriza\u00e7\u00e3o dessas comunidades, incluindo o aumento da rede mundial de Casas dos A\u00e7ores. Avan\u00e7os e reivindica\u00e7\u00f5es junto da Rep\u00fablica foram mencionados, como o reconhecimento de cartas de condu\u00e7\u00e3o emitidas nas Bermudas e a corre\u00e7\u00e3o de injusti\u00e7as nos apoios ao regresso de emigrantes, com a extens\u00e3o de benef\u00edcios do Programa Regressar ao territ\u00f3rio nacional e aos A\u00e7ores. O encerramento do f\u00f3rum ficou marcado pela inaugura\u00e7\u00e3o do novo servi\u00e7o da AIMA na loja RIAC em Santa Cruz das Flores, e pela regulariza\u00e7\u00e3o prevista de estrangeiros residentes nos A\u00e7ores at\u00e9 ao final do ver\u00e3o, com resposta descentralizada por ilha.","og_url":"https:\/\/portaltela.pt\/noticias\/2026\/04\/11\/governo-dos-acores-elabora-documento-estrategico-integrado-para-migracoes\/","og_site_name":"Portal Tela Portugal","article_published_time":"2026-04-11T14:17:01+00:00","author":"Telinha","twitter_card":"summary_large_image","twitter_misc":{"Escrito por":"Telinha","Tempo estimado de leitura":"2 minutos"},"schema":{"@context":"https:\/\/schema.org","@graph":[{"@type":"Article","@id":"https:\/\/portaltela.pt\/noticias\/2026\/04\/11\/governo-dos-acores-elabora-documento-estrategico-integrado-para-migracoes\/#article","isPartOf":{"@id":"https:\/\/portaltela.pt\/noticias\/2026\/04\/11\/governo-dos-acores-elabora-documento-estrategico-integrado-para-migracoes\/"},"author":{"name":"Telinha","@id":"https:\/\/portaltela.pt\/#\/schema\/person\/c4278d4a6028830caff9ee44b42d32ed"},"headline":"Governo dos A\u00e7ores elabora documento estrat\u00e9gico integrado para migra\u00e7\u00f5es","datePublished":"2026-04-11T14:17:01+00:00","mainEntityOfPage":{"@id":"https:\/\/portaltela.pt\/noticias\/2026\/04\/11\/governo-dos-acores-elabora-documento-estrategico-integrado-para-migracoes\/"},"wordCount":408,"image":{"@id":"https:\/\/portaltela.pt\/noticias\/2026\/04\/11\/governo-dos-acores-elabora-documento-estrategico-integrado-para-migracoes\/#primaryimage"},"thumbnailUrl":"https:\/\/portaltela.pt\/s.01k8rhncp4jt1\/2026\/04\/img_1500x1000uu2026-01-16-14-28-37-2260623.jpg","keywords":["A\u00e7ores","Corvo","emigrantes","Flores","imigra\u00e7\u00e3o","migra\u00e7\u00e3o"],"articleSection":["Sociedade"],"inLanguage":"pt-PT"},{"@type":"WebPage","@id":"https:\/\/portaltela.pt\/noticias\/2026\/04\/11\/governo-dos-acores-elabora-documento-estrategico-integrado-para-migracoes\/","url":"https:\/\/portaltela.pt\/noticias\/2026\/04\/11\/governo-dos-acores-elabora-documento-estrategico-integrado-para-migracoes\/","name":"Governo dos A\u00e7ores elabora documento estrat\u00e9gico integrado para migra\u00e7\u00f5es - Portal Tela Portugal","isPartOf":{"@id":"https:\/\/portaltela.pt\/#website"},"primaryImageOfPage":{"@id":"https:\/\/portaltela.pt\/noticias\/2026\/04\/11\/governo-dos-acores-elabora-documento-estrategico-integrado-para-migracoes\/#primaryimage"},"image":{"@id":"https:\/\/portaltela.pt\/noticias\/2026\/04\/11\/governo-dos-acores-elabora-documento-estrategico-integrado-para-migracoes\/#primaryimage"},"thumbnailUrl":"https:\/\/portaltela.pt\/s.01k8rhncp4jt1\/2026\/04\/img_1500x1000uu2026-01-16-14-28-37-2260623.jpg","datePublished":"2026-04-11T14:17:01+00:00","author":{"@id":"https:\/\/portaltela.pt\/#\/schema\/person\/c4278d4a6028830caff9ee44b42d32ed"},"breadcrumb":{"@id":"https:\/\/portaltela.pt\/noticias\/2026\/04\/11\/governo-dos-acores-elabora-documento-estrategico-integrado-para-migracoes\/#breadcrumb"},"inLanguage":"pt-PT","potentialAction":[{"@type":"ReadAction","target":["https:\/\/portaltela.pt\/noticias\/2026\/04\/11\/governo-dos-acores-elabora-documento-estrategico-integrado-para-migracoes\/"]}]},{"@type":"ImageObject","inLanguage":"pt-PT","@id":"https:\/\/portaltela.pt\/noticias\/2026\/04\/11\/governo-dos-acores-elabora-documento-estrategico-integrado-para-migracoes\/#primaryimage","url":"https:\/\/portaltela.pt\/s.01k8rhncp4jt1\/2026\/04\/img_1500x1000uu2026-01-16-14-28-37-2260623.jpg","contentUrl":"https:\/\/portaltela.pt\/s.01k8rhncp4jt1\/2026\/04\/img_1500x1000uu2026-01-16-14-28-37-2260623.jpg","width":796,"height":448,"caption":"A\u00e7ores"},{"@type":"BreadcrumbList","@id":"https:\/\/portaltela.pt\/noticias\/2026\/04\/11\/governo-dos-acores-elabora-documento-estrategico-integrado-para-migracoes\/#breadcrumb","itemListElement":[{"@type":"ListItem","position":1,"name":"In\u00edcio","item":"https:\/\/portaltela.pt\/"},{"@type":"ListItem","position":2,"name":"Governo dos A\u00e7ores elabora documento estrat\u00e9gico integrado para migra\u00e7\u00f5es"}]},{"@type":"WebSite","@id":"https:\/\/portaltela.pt\/#website","url":"https:\/\/portaltela.pt\/","name":"Portal Tela Portugal","description":"","potentialAction":[{"@type":"SearchAction","target":{"@type":"EntryPoint","urlTemplate":"https:\/\/portaltela.pt\/?s={search_term_string}"},"query-input":{"@type":"PropertyValueSpecification","valueRequired":true,"valueName":"search_term_string"}}],"inLanguage":"pt-PT"},{"@type":"Person","@id":"https:\/\/portaltela.pt\/#\/schema\/person\/c4278d4a6028830caff9ee44b42d32ed","name":"Telinha","image":{"@type":"ImageObject","inLanguage":"pt-PT","@id":"https:\/\/portaltela.pt\/s.01k8rhncp4jt1\/2025\/11\/talking-bot-125x125.png","url":"https:\/\/portaltela.pt\/s.01k8rhncp4jt1\/2025\/11\/talking-bot-125x125.png","contentUrl":"https:\/\/portaltela.pt\/s.01k8rhncp4jt1\/2025\/11\/talking-bot-125x125.png","caption":"Telinha"},"sameAs":["https:\/\/portaltela.pt\/"],"url":"https:\/\/portaltela.pt\/por\/367410592786\/"}]}},"_links":{"self":[{"href":"https:\/\/portaltela.pt\/api\/wp\/v2\/posts\/440552","targetHints":{"allow":["GET"]}}],"collection":[{"href":"https:\/\/portaltela.pt\/api\/wp\/v2\/posts"}],"about":[{"href":"https:\/\/portaltela.pt\/api\/wp\/v2\/types\/post"}],"author":[{"embeddable":true,"href":"https:\/\/portaltela.pt\/api\/wp\/v2\/users\/2"}],"replies":[{"embeddable":true,"href":"https:\/\/portaltela.pt\/api\/wp\/v2\/comments?post=440552"}],"version-history":[{"count":0,"href":"https:\/\/portaltela.pt\/api\/wp\/v2\/posts\/440552\/revisions"}],"wp:featuredmedia":[{"embeddable":true,"href":"https:\/\/portaltela.pt\/api\/wp\/v2\/media\/440553"}],"wp:attachment":[{"href":"https:\/\/portaltela.pt\/api\/wp\/v2\/media?parent=440552"}],"wp:term":[{"taxonomy":"category","embeddable":true,"href":"https:\/\/portaltela.pt\/api\/wp\/v2\/categories?post=440552"},{"taxonomy":"post_tag","embeddable":true,"href":"https:\/\/portaltela.pt\/api\/wp\/v2\/tags?post=440552"}],"curies":[{"name":"wp","href":"https:\/\/api.w.org\/{rel}","templated":true}]}}