{"id":440543,"date":"2026-04-11T11:02:23","date_gmt":"2026-04-11T14:02:23","guid":{"rendered":"https:\/\/portaltela.pt\/noticias\/2026\/04\/11\/menino-de-9-anos-viveu-mais-de-um-ano-em-carrinha-em-franca-pai-detido\/"},"modified":"2026-04-11T11:02:23","modified_gmt":"2026-04-11T14:02:23","slug":"menino-de-9-anos-viveu-mais-de-um-ano-em-carrinha-em-franca-pai-detido","status":"publish","type":"post","link":"https:\/\/portaltela.pt\/noticias\/2026\/04\/11\/menino-de-9-anos-viveu-mais-de-um-ano-em-carrinha-em-franca-pai-detido\/","title":{"rendered":"Menino de 9 anos viveu mais de um ano em carrinha em Fran\u00e7a, pai detido"},"content":{"rendered":"<p>Um menino de nove anos foi resgatado ap\u00f3s passar mais de um ano numa carrinha nos arredores de Mulhouse, Fran\u00e7a. O alerta arrancou de um vizinho que ouviu barulhos junto da carrinha estacionada junto a v\u00e1rias habita\u00e7\u00f5es. A crian\u00e7a foi encontrada nua, em estado de desnutri\u00e7\u00e3o e rodeada de lixo, segundo as autoridades.<\/p>\n<p>O pai, de 43 anos, foi detido e \u00e9 suspeito de sequestro. \u00c0 pol\u00edcia, o homem alegou ter colocado o filho a viver na carrinha para impedir que a companheira o internasse numa cl\u00ednica psiqui\u00e1trica, no final de 2024. As autoridades n\u00e3o encontraram evid\u00eancias de problemas psicol\u00f3gicos no menor.<\/p>\n<p>Imagens de uma c\u00e2mara instalada pelo pai junto \u00e0 carrinha mostram que o homem se deslocava ao ve\u00edculo duas vezes por dia, atirando objetos para dentro. O menino vivia na carrinha em posi\u00e7\u00e3o fetal, tapado com uma manta, e mantinha as necessidades dentro de garrafas e sacos de lixo, indicam as investiga\u00e7\u00f5es.<\/p>\n<h3>Envolvidos e acusa\u00e7\u00f5es<\/h3>\n<p>O pai da crian\u00e7a foi acusado de sequestro, deten\u00e7\u00e3o de menores e priva\u00e7\u00e3o de cuidados de sa\u00fade. A namorada, de 37 anos, foi acusada de omiss\u00e3o de socorro e maus-tratos, estando sob supervis\u00e3o judicial. Al\u00e9m de dois filhos da rela\u00e7\u00e3o, com 12 e 10 anos, tamb\u00e9m no agregado familiar. As autoridades destacam que n\u00e3o h\u00e1 ind\u00edcios de que a crian\u00e7a sofresse de transtornos reconhec\u00edveis. O caso segue em investiga\u00e7\u00e3o pela justi\u00e7a francesa.<\/p>\n","protected":false},"excerpt":{"rendered":"<ul>\n<li>Um menino de nove anos viveu mais de um ano fechado numa carrinha nos arredores de Mulhouse, Fran\u00e7a, sendo encontrado por um vizinho.<\/li>\n<li>O pai, de 43 anos, foi detido sob suspeita de sequestro, ap\u00f3s a crian\u00e7a ter sido encontrada nua, em estado de desnutri\u00e7\u00e3o e rodeada de lixo.<\/li>\n<li>A motiva\u00e7\u00e3o alegada pelo pai foi evitar que a namorada o internasse num hospital psiqui\u00e1trico, decis\u00e3o que ter\u00eda tomado no final de 2024.<\/li>\n<li>As autoridades indicam que o menino vivia na carrinha em posi\u00e7\u00e3o fetal h\u00e1 muito tempo, utilizando garrafas de pl\u00e1stico e sacos do lixo para as necessidades.<\/li>\n<li>O pai admitiu ter fechado a filho na carrinha; a namorada, acusada de omiss\u00e3o de socorro e maus-tratos, permanece sob supervis\u00e3o judicial.<\/li>\n<\/ul>\n","protected":false},"author":2,"featured_media":440546,"comment_status":"closed","ping_status":"closed","sticky":false,"template":"","format":"standard","meta":{"footnotes":""},"categories":[6907,1],"tags":[1856,5869,7487,6056,2181,1170],"class_list":["post-440543","post","type-post","status-publish","format-standard","has-post-thumbnail","hentry","category-crime","category-noticias","tag-franca","tag-maus-tratos","tag-maus-tratos-a-menores","tag-menores","tag-protecao-de-menores","tag-sequestro"],"yoast_head":"<!-- This site is optimized with the Yoast SEO plugin v27.2 - https:\/\/yoast.com\/product\/yoast-seo-wordpress\/ -->\n<title>Menino de 9 anos viveu mais de um ano em carrinha em Fran\u00e7a, pai detido - Portal Tela Portugal<\/title>\n<meta name=\"robots\" content=\"index, follow, max-snippet:-1, max-image-preview:large, max-video-preview:-1\" \/>\n<meta property=\"og:locale\" content=\"pt_PT\" \/>\n<meta property=\"og:type\" content=\"article\" \/>\n<meta property=\"og:title\" content=\"Menino de 9 anos viveu mais de um ano em carrinha em Fran\u00e7a, pai detido - Portal Tela Portugal\" \/>\n<meta property=\"og:description\" content=\"Um menino de nove anos viveu mais de um ano fechado numa carrinha nos arredores de Mulhouse, Fran\u00e7a, sendo encontrado por um vizinho. O pai, de 43 anos, foi detido sob suspeita de sequestro, ap\u00f3s a crian\u00e7a ter sido encontrada nua, em estado de desnutri\u00e7\u00e3o e rodeada de lixo. A motiva\u00e7\u00e3o alegada pelo pai foi evitar que a namorada o internasse num hospital psiqui\u00e1trico, decis\u00e3o que ter\u00eda tomado no final de 2024. As autoridades indicam que o menino vivia na carrinha em posi\u00e7\u00e3o fetal h\u00e1 muito tempo, utilizando garrafas de pl\u00e1stico e sacos do lixo para as necessidades. O pai admitiu ter fechado a filho na carrinha; a namorada, acusada de omiss\u00e3o de socorro e maus-tratos, permanece sob supervis\u00e3o judicial.\" \/>\n<meta property=\"og:url\" content=\"https:\/\/portaltela.pt\/noticias\/2026\/04\/11\/menino-de-9-anos-viveu-mais-de-um-ano-em-carrinha-em-franca-pai-detido\/\" \/>\n<meta property=\"og:site_name\" content=\"Portal Tela Portugal\" \/>\n<meta property=\"article:published_time\" content=\"2026-04-11T14:02:23+00:00\" \/>\n<meta name=\"author\" content=\"Telinha\" \/>\n<meta name=\"twitter:card\" content=\"summary_large_image\" \/>\n<meta name=\"twitter:label1\" content=\"Escrito por\" \/>\n\t<meta name=\"twitter:data1\" content=\"Telinha\" \/>\n\t<meta name=\"twitter:label2\" content=\"Tempo estimado de leitura\" \/>\n\t<meta name=\"twitter:data2\" content=\"1 minuto\" \/>\n<script type=\"application\/ld+json\" class=\"yoast-schema-graph\">{\"@context\":\"https:\/\/schema.org\",\"@graph\":[{\"@type\":\"Article\",\"@id\":\"https:\/\/portaltela.pt\/noticias\/2026\/04\/11\/menino-de-9-anos-viveu-mais-de-um-ano-em-carrinha-em-franca-pai-detido\/#article\",\"isPartOf\":{\"@id\":\"https:\/\/portaltela.pt\/noticias\/2026\/04\/11\/menino-de-9-anos-viveu-mais-de-um-ano-em-carrinha-em-franca-pai-detido\/\"},\"author\":{\"name\":\"Telinha\",\"@id\":\"https:\/\/portaltela.pt\/#\/schema\/person\/c4278d4a6028830caff9ee44b42d32ed\"},\"headline\":\"Menino de 9 anos viveu mais de um ano em carrinha em Fran\u00e7a, pai detido\",\"datePublished\":\"2026-04-11T14:02:23+00:00\",\"mainEntityOfPage\":{\"@id\":\"https:\/\/portaltela.pt\/noticias\/2026\/04\/11\/menino-de-9-anos-viveu-mais-de-um-ano-em-carrinha-em-franca-pai-detido\/\"},\"wordCount\":268,\"image\":{\"@id\":\"https:\/\/portaltela.pt\/noticias\/2026\/04\/11\/menino-de-9-anos-viveu-mais-de-um-ano-em-carrinha-em-franca-pai-detido\/#primaryimage\"},\"thumbnailUrl\":\"https:\/\/portaltela.pt\/s.01k8rhncp4jt1\/2026\/04\/img_1500x1000uu2011-03-09-12-59-00-330580-im-639115114943601569.jpg\",\"keywords\":[\"Fran\u00e7a\",\"maus-tratos\",\"maus-tratos a menores\",\"menores\",\"prote\u00e7\u00e3o de menores\",\"sequestro\"],\"articleSection\":[\"Crime\",\"Not\u00edcias\"],\"inLanguage\":\"pt-PT\"},{\"@type\":\"WebPage\",\"@id\":\"https:\/\/portaltela.pt\/noticias\/2026\/04\/11\/menino-de-9-anos-viveu-mais-de-um-ano-em-carrinha-em-franca-pai-detido\/\",\"url\":\"https:\/\/portaltela.pt\/noticias\/2026\/04\/11\/menino-de-9-anos-viveu-mais-de-um-ano-em-carrinha-em-franca-pai-detido\/\",\"name\":\"Menino de 9 anos viveu mais de um ano em carrinha em Fran\u00e7a, pai detido - Portal Tela Portugal\",\"isPartOf\":{\"@id\":\"https:\/\/portaltela.pt\/#website\"},\"primaryImageOfPage\":{\"@id\":\"https:\/\/portaltela.pt\/noticias\/2026\/04\/11\/menino-de-9-anos-viveu-mais-de-um-ano-em-carrinha-em-franca-pai-detido\/#primaryimage\"},\"image\":{\"@id\":\"https:\/\/portaltela.pt\/noticias\/2026\/04\/11\/menino-de-9-anos-viveu-mais-de-um-ano-em-carrinha-em-franca-pai-detido\/#primaryimage\"},\"thumbnailUrl\":\"https:\/\/portaltela.pt\/s.01k8rhncp4jt1\/2026\/04\/img_1500x1000uu2011-03-09-12-59-00-330580-im-639115114943601569.jpg\",\"datePublished\":\"2026-04-11T14:02:23+00:00\",\"author\":{\"@id\":\"https:\/\/portaltela.pt\/#\/schema\/person\/c4278d4a6028830caff9ee44b42d32ed\"},\"breadcrumb\":{\"@id\":\"https:\/\/portaltela.pt\/noticias\/2026\/04\/11\/menino-de-9-anos-viveu-mais-de-um-ano-em-carrinha-em-franca-pai-detido\/#breadcrumb\"},\"inLanguage\":\"pt-PT\",\"potentialAction\":[{\"@type\":\"ReadAction\",\"target\":[\"https:\/\/portaltela.pt\/noticias\/2026\/04\/11\/menino-de-9-anos-viveu-mais-de-um-ano-em-carrinha-em-franca-pai-detido\/\"]}]},{\"@type\":\"ImageObject\",\"inLanguage\":\"pt-PT\",\"@id\":\"https:\/\/portaltela.pt\/noticias\/2026\/04\/11\/menino-de-9-anos-viveu-mais-de-um-ano-em-carrinha-em-franca-pai-detido\/#primaryimage\",\"url\":\"https:\/\/portaltela.pt\/s.01k8rhncp4jt1\/2026\/04\/img_1500x1000uu2011-03-09-12-59-00-330580-im-639115114943601569.jpg\",\"contentUrl\":\"https:\/\/portaltela.pt\/s.01k8rhncp4jt1\/2026\/04\/img_1500x1000uu2011-03-09-12-59-00-330580-im-639115114943601569.jpg\",\"width\":796,\"height\":448,\"caption\":\"Maus tratos a crian\u00e7as\"},{\"@type\":\"BreadcrumbList\",\"@id\":\"https:\/\/portaltela.pt\/noticias\/2026\/04\/11\/menino-de-9-anos-viveu-mais-de-um-ano-em-carrinha-em-franca-pai-detido\/#breadcrumb\",\"itemListElement\":[{\"@type\":\"ListItem\",\"position\":1,\"name\":\"In\u00edcio\",\"item\":\"https:\/\/portaltela.pt\/\"},{\"@type\":\"ListItem\",\"position\":2,\"name\":\"Menino de 9 anos viveu mais de um ano em carrinha em Fran\u00e7a, pai detido\"}]},{\"@type\":\"WebSite\",\"@id\":\"https:\/\/portaltela.pt\/#website\",\"url\":\"https:\/\/portaltela.pt\/\",\"name\":\"Portal Tela Portugal\",\"description\":\"\",\"potentialAction\":[{\"@type\":\"SearchAction\",\"target\":{\"@type\":\"EntryPoint\",\"urlTemplate\":\"https:\/\/portaltela.pt\/?s={search_term_string}\"},\"query-input\":{\"@type\":\"PropertyValueSpecification\",\"valueRequired\":true,\"valueName\":\"search_term_string\"}}],\"inLanguage\":\"pt-PT\"},{\"@type\":\"Person\",\"@id\":\"https:\/\/portaltela.pt\/#\/schema\/person\/c4278d4a6028830caff9ee44b42d32ed\",\"name\":\"Telinha\",\"image\":{\"@type\":\"ImageObject\",\"inLanguage\":\"pt-PT\",\"@id\":\"https:\/\/portaltela.pt\/s.01k8rhncp4jt1\/2025\/11\/talking-bot-125x125.png\",\"url\":\"https:\/\/portaltela.pt\/s.01k8rhncp4jt1\/2025\/11\/talking-bot-125x125.png\",\"contentUrl\":\"https:\/\/portaltela.pt\/s.01k8rhncp4jt1\/2025\/11\/talking-bot-125x125.png\",\"caption\":\"Telinha\"},\"sameAs\":[\"https:\/\/portaltela.pt\/\"],\"url\":\"https:\/\/portaltela.pt\/por\/367410592786\/\"}]}<\/script>\n<!-- \/ Yoast SEO plugin. -->","yoast_head_json":{"title":"Menino de 9 anos viveu mais de um ano em carrinha em Fran\u00e7a, pai detido - Portal Tela Portugal","robots":{"index":"index","follow":"follow","max-snippet":"max-snippet:-1","max-image-preview":"max-image-preview:large","max-video-preview":"max-video-preview:-1"},"og_locale":"pt_PT","og_type":"article","og_title":"Menino de 9 anos viveu mais de um ano em carrinha em Fran\u00e7a, pai detido - Portal Tela Portugal","og_description":"Um menino de nove anos viveu mais de um ano fechado numa carrinha nos arredores de Mulhouse, Fran\u00e7a, sendo encontrado por um vizinho. O pai, de 43 anos, foi detido sob suspeita de sequestro, ap\u00f3s a crian\u00e7a ter sido encontrada nua, em estado de desnutri\u00e7\u00e3o e rodeada de lixo. A motiva\u00e7\u00e3o alegada pelo pai foi evitar que a namorada o internasse num hospital psiqui\u00e1trico, decis\u00e3o que ter\u00eda tomado no final de 2024. As autoridades indicam que o menino vivia na carrinha em posi\u00e7\u00e3o fetal h\u00e1 muito tempo, utilizando garrafas de pl\u00e1stico e sacos do lixo para as necessidades. O pai admitiu ter fechado a filho na carrinha; a namorada, acusada de omiss\u00e3o de socorro e maus-tratos, permanece sob supervis\u00e3o judicial.","og_url":"https:\/\/portaltela.pt\/noticias\/2026\/04\/11\/menino-de-9-anos-viveu-mais-de-um-ano-em-carrinha-em-franca-pai-detido\/","og_site_name":"Portal Tela Portugal","article_published_time":"2026-04-11T14:02:23+00:00","author":"Telinha","twitter_card":"summary_large_image","twitter_misc":{"Escrito por":"Telinha","Tempo estimado de leitura":"1 minuto"},"schema":{"@context":"https:\/\/schema.org","@graph":[{"@type":"Article","@id":"https:\/\/portaltela.pt\/noticias\/2026\/04\/11\/menino-de-9-anos-viveu-mais-de-um-ano-em-carrinha-em-franca-pai-detido\/#article","isPartOf":{"@id":"https:\/\/portaltela.pt\/noticias\/2026\/04\/11\/menino-de-9-anos-viveu-mais-de-um-ano-em-carrinha-em-franca-pai-detido\/"},"author":{"name":"Telinha","@id":"https:\/\/portaltela.pt\/#\/schema\/person\/c4278d4a6028830caff9ee44b42d32ed"},"headline":"Menino de 9 anos viveu mais de um ano em carrinha em Fran\u00e7a, pai detido","datePublished":"2026-04-11T14:02:23+00:00","mainEntityOfPage":{"@id":"https:\/\/portaltela.pt\/noticias\/2026\/04\/11\/menino-de-9-anos-viveu-mais-de-um-ano-em-carrinha-em-franca-pai-detido\/"},"wordCount":268,"image":{"@id":"https:\/\/portaltela.pt\/noticias\/2026\/04\/11\/menino-de-9-anos-viveu-mais-de-um-ano-em-carrinha-em-franca-pai-detido\/#primaryimage"},"thumbnailUrl":"https:\/\/portaltela.pt\/s.01k8rhncp4jt1\/2026\/04\/img_1500x1000uu2011-03-09-12-59-00-330580-im-639115114943601569.jpg","keywords":["Fran\u00e7a","maus-tratos","maus-tratos a menores","menores","prote\u00e7\u00e3o de menores","sequestro"],"articleSection":["Crime","Not\u00edcias"],"inLanguage":"pt-PT"},{"@type":"WebPage","@id":"https:\/\/portaltela.pt\/noticias\/2026\/04\/11\/menino-de-9-anos-viveu-mais-de-um-ano-em-carrinha-em-franca-pai-detido\/","url":"https:\/\/portaltela.pt\/noticias\/2026\/04\/11\/menino-de-9-anos-viveu-mais-de-um-ano-em-carrinha-em-franca-pai-detido\/","name":"Menino de 9 anos viveu mais de um ano em carrinha em Fran\u00e7a, pai detido - Portal Tela Portugal","isPartOf":{"@id":"https:\/\/portaltela.pt\/#website"},"primaryImageOfPage":{"@id":"https:\/\/portaltela.pt\/noticias\/2026\/04\/11\/menino-de-9-anos-viveu-mais-de-um-ano-em-carrinha-em-franca-pai-detido\/#primaryimage"},"image":{"@id":"https:\/\/portaltela.pt\/noticias\/2026\/04\/11\/menino-de-9-anos-viveu-mais-de-um-ano-em-carrinha-em-franca-pai-detido\/#primaryimage"},"thumbnailUrl":"https:\/\/portaltela.pt\/s.01k8rhncp4jt1\/2026\/04\/img_1500x1000uu2011-03-09-12-59-00-330580-im-639115114943601569.jpg","datePublished":"2026-04-11T14:02:23+00:00","author":{"@id":"https:\/\/portaltela.pt\/#\/schema\/person\/c4278d4a6028830caff9ee44b42d32ed"},"breadcrumb":{"@id":"https:\/\/portaltela.pt\/noticias\/2026\/04\/11\/menino-de-9-anos-viveu-mais-de-um-ano-em-carrinha-em-franca-pai-detido\/#breadcrumb"},"inLanguage":"pt-PT","potentialAction":[{"@type":"ReadAction","target":["https:\/\/portaltela.pt\/noticias\/2026\/04\/11\/menino-de-9-anos-viveu-mais-de-um-ano-em-carrinha-em-franca-pai-detido\/"]}]},{"@type":"ImageObject","inLanguage":"pt-PT","@id":"https:\/\/portaltela.pt\/noticias\/2026\/04\/11\/menino-de-9-anos-viveu-mais-de-um-ano-em-carrinha-em-franca-pai-detido\/#primaryimage","url":"https:\/\/portaltela.pt\/s.01k8rhncp4jt1\/2026\/04\/img_1500x1000uu2011-03-09-12-59-00-330580-im-639115114943601569.jpg","contentUrl":"https:\/\/portaltela.pt\/s.01k8rhncp4jt1\/2026\/04\/img_1500x1000uu2011-03-09-12-59-00-330580-im-639115114943601569.jpg","width":796,"height":448,"caption":"Maus tratos a crian\u00e7as"},{"@type":"BreadcrumbList","@id":"https:\/\/portaltela.pt\/noticias\/2026\/04\/11\/menino-de-9-anos-viveu-mais-de-um-ano-em-carrinha-em-franca-pai-detido\/#breadcrumb","itemListElement":[{"@type":"ListItem","position":1,"name":"In\u00edcio","item":"https:\/\/portaltela.pt\/"},{"@type":"ListItem","position":2,"name":"Menino de 9 anos viveu mais de um ano em carrinha em Fran\u00e7a, pai detido"}]},{"@type":"WebSite","@id":"https:\/\/portaltela.pt\/#website","url":"https:\/\/portaltela.pt\/","name":"Portal Tela Portugal","description":"","potentialAction":[{"@type":"SearchAction","target":{"@type":"EntryPoint","urlTemplate":"https:\/\/portaltela.pt\/?s={search_term_string}"},"query-input":{"@type":"PropertyValueSpecification","valueRequired":true,"valueName":"search_term_string"}}],"inLanguage":"pt-PT"},{"@type":"Person","@id":"https:\/\/portaltela.pt\/#\/schema\/person\/c4278d4a6028830caff9ee44b42d32ed","name":"Telinha","image":{"@type":"ImageObject","inLanguage":"pt-PT","@id":"https:\/\/portaltela.pt\/s.01k8rhncp4jt1\/2025\/11\/talking-bot-125x125.png","url":"https:\/\/portaltela.pt\/s.01k8rhncp4jt1\/2025\/11\/talking-bot-125x125.png","contentUrl":"https:\/\/portaltela.pt\/s.01k8rhncp4jt1\/2025\/11\/talking-bot-125x125.png","caption":"Telinha"},"sameAs":["https:\/\/portaltela.pt\/"],"url":"https:\/\/portaltela.pt\/por\/367410592786\/"}]}},"_links":{"self":[{"href":"https:\/\/portaltela.pt\/api\/wp\/v2\/posts\/440543","targetHints":{"allow":["GET"]}}],"collection":[{"href":"https:\/\/portaltela.pt\/api\/wp\/v2\/posts"}],"about":[{"href":"https:\/\/portaltela.pt\/api\/wp\/v2\/types\/post"}],"author":[{"embeddable":true,"href":"https:\/\/portaltela.pt\/api\/wp\/v2\/users\/2"}],"replies":[{"embeddable":true,"href":"https:\/\/portaltela.pt\/api\/wp\/v2\/comments?post=440543"}],"version-history":[{"count":0,"href":"https:\/\/portaltela.pt\/api\/wp\/v2\/posts\/440543\/revisions"}],"wp:featuredmedia":[{"embeddable":true,"href":"https:\/\/portaltela.pt\/api\/wp\/v2\/media\/440546"}],"wp:attachment":[{"href":"https:\/\/portaltela.pt\/api\/wp\/v2\/media?parent=440543"}],"wp:term":[{"taxonomy":"category","embeddable":true,"href":"https:\/\/portaltela.pt\/api\/wp\/v2\/categories?post=440543"},{"taxonomy":"post_tag","embeddable":true,"href":"https:\/\/portaltela.pt\/api\/wp\/v2\/tags?post=440543"}],"curies":[{"name":"wp","href":"https:\/\/api.w.org\/{rel}","templated":true}]}}