{"id":440536,"date":"2026-04-11T11:02:17","date_gmt":"2026-04-11T14:02:17","guid":{"rendered":"https:\/\/portaltela.pt\/noticias\/2026\/04\/11\/ana-abrunhosa-acusa-jornalista-lusa-denuncia-difamacao-pcp-fala-em-prepotencia\/"},"modified":"2026-04-11T11:02:17","modified_gmt":"2026-04-11T14:02:17","slug":"ana-abrunhosa-acusa-jornalista-lusa-denuncia-difamacao-pcp-fala-em-prepotencia","status":"publish","type":"post","link":"https:\/\/portaltela.pt\/noticias\/politica\/2026\/04\/11\/ana-abrunhosa-acusa-jornalista-lusa-denuncia-difamacao-pcp-fala-em-prepotencia\/","title":{"rendered":"Ana Abrunhosa acusa jornalista; Lusa denuncia difama\u00e7\u00e3o, PCP fala em prepot\u00eancia"},"content":{"rendered":"<p>A presidente da C\u00e2mara de Coimbra, Ana Abrunhosa, acusou um jornalista da Lusa de estar a fazer pol\u00edtica e afirmou que far\u00e1 uma queixa formal sobre v\u00e1rias situa\u00e7\u00f5es envolvendo o mesmo profissional.<\/p>\n<p>A confronta\u00e7\u00e3o ocorreu durante a reuni\u00e3o de c\u00e2mara da sexta-feira, quando a autarca afirmou que o jornalista tem uma agenda pr\u00f3pria e n\u00e3o reporta a verdade, segundo o que disse no plen\u00e1rio.<\/p>\n<p>A Dire\u00e7\u00e3o de Informa\u00e7\u00e3o da Lusa informou ter repudiado as acusa\u00e7\u00f5es, descrevendo-as como descabidas, infundadas e difamat\u00f3rias, e assegurou que o jornalista manteve o contradit\u00f3rio com os respons\u00e1veis.<\/p>\n<p>O texto da ag\u00eancia destaca que o jornalista apenas publicou a not\u00edcia ap\u00f3s solicitar esclarecimentos ao munic\u00edpio e ao coordenador da Casa do Cinema de Coimbra, tendo aguardado nove dias.<\/p>\n<p>O PCP criticou a rea\u00e7\u00e3o de Abrunhosa, mencionando tra\u00e7os de prepot\u00eancia ao tentar condicionar o exerc\u00edcio do jornalismo e expressou solidariedade ao profissional da Lusa, defendendo o livre.reportamento.<\/p>\n","protected":false},"excerpt":{"rendered":"<ul>\n<li>A presidente da C\u00e2mara de Coimbra, Ana Abrunhosa, acusou o jornalista da Lusa de estar a fazer pol\u00edtica e anunciou que apresentar\u00e1 queixa formal sobre o jornalista Jo\u00e3o Gaspar.<\/li>\n<li>A dire\u00e7\u00e3o de informa\u00e7\u00e3o da Lusa rejeitou as acusa\u00e7\u00f5es, classificando-as como descabidas, infundadas e difamat\u00f3rias, e afirmou que o rep\u00f3rter apenas reportou preocupa\u00e7\u00f5es do Casa do Cinema de Coimbra.<\/li>\n<li>O PCP denuncia tra\u00e7os de prepot\u00eancia na atua\u00e7\u00e3o da autarca e condena a tentativa de condicionar o livre exerc\u00edcio do jornalismo.<\/li>\n<li>O jornalista s\u00f3 publicou a not\u00edcia ao fim de nove dias, depois de ter solicitado esclarecimentos \u00e0 C\u00e2mara e ter sido contactado pela respons\u00e1vel pela comunica\u00e7\u00e3o.<\/li>\n<li>A Casa do Cinema de Coimbra corre o risco de perder a licen\u00e7a, pois o munic\u00edpio n\u00e3o avan\u00e7a com o plano de reabilita\u00e7\u00e3o acordado.<\/li>\n<\/ul>\n","protected":false},"author":2,"featured_media":440539,"comment_status":"closed","ping_status":"closed","sticky":false,"template":"","format":"standard","meta":{"footnotes":""},"categories":[1,5],"tags":[1070,5326,2442,506,5707,3512],"class_list":["post-440536","post","type-post","status-publish","format-standard","has-post-thumbnail","hentry","category-noticias","category-politica","tag-coimbra","tag-comunicacao-social","tag-difamacao","tag-imprensa","tag-jornalistas","tag-liberdade-de-imprensa"],"yoast_head":"<!-- This site is optimized with the Yoast SEO plugin v27.2 - https:\/\/yoast.com\/product\/yoast-seo-wordpress\/ -->\n<title>Ana Abrunhosa acusa jornalista; Lusa denuncia difama\u00e7\u00e3o, PCP fala em prepot\u00eancia - Portal Tela Portugal<\/title>\n<meta name=\"robots\" content=\"index, follow, max-snippet:-1, max-image-preview:large, max-video-preview:-1\" \/>\n<meta property=\"og:locale\" content=\"pt_PT\" \/>\n<meta property=\"og:type\" content=\"article\" \/>\n<meta property=\"og:title\" content=\"Ana Abrunhosa acusa jornalista; Lusa denuncia difama\u00e7\u00e3o, PCP fala em prepot\u00eancia - Portal Tela Portugal\" \/>\n<meta property=\"og:description\" content=\"A presidente da C\u00e2mara de Coimbra, Ana Abrunhosa, acusou o jornalista da Lusa de estar a fazer pol\u00edtica e anunciou que apresentar\u00e1 queixa formal sobre o jornalista Jo\u00e3o Gaspar. A dire\u00e7\u00e3o de informa\u00e7\u00e3o da Lusa rejeitou as acusa\u00e7\u00f5es, classificando-as como descabidas, infundadas e difamat\u00f3rias, e afirmou que o rep\u00f3rter apenas reportou preocupa\u00e7\u00f5es do Casa do Cinema de Coimbra. O PCP denuncia tra\u00e7os de prepot\u00eancia na atua\u00e7\u00e3o da autarca e condena a tentativa de condicionar o livre exerc\u00edcio do jornalismo. O jornalista s\u00f3 publicou a not\u00edcia ao fim de nove dias, depois de ter solicitado esclarecimentos \u00e0 C\u00e2mara e ter sido contactado pela respons\u00e1vel pela comunica\u00e7\u00e3o. A Casa do Cinema de Coimbra corre o risco de perder a licen\u00e7a, pois o munic\u00edpio n\u00e3o avan\u00e7a com o plano de reabilita\u00e7\u00e3o acordado.\" \/>\n<meta property=\"og:url\" content=\"https:\/\/portaltela.pt\/noticias\/2026\/04\/11\/ana-abrunhosa-acusa-jornalista-lusa-denuncia-difamacao-pcp-fala-em-prepotencia\/\" \/>\n<meta property=\"og:site_name\" content=\"Portal Tela Portugal\" \/>\n<meta property=\"article:published_time\" content=\"2026-04-11T14:02:17+00:00\" \/>\n<meta name=\"author\" content=\"Telinha\" \/>\n<meta name=\"twitter:card\" content=\"summary_large_image\" \/>\n<meta name=\"twitter:label1\" content=\"Escrito por\" \/>\n\t<meta name=\"twitter:data1\" content=\"Telinha\" \/>\n\t<meta name=\"twitter:label2\" content=\"Tempo estimado de leitura\" \/>\n\t<meta name=\"twitter:data2\" content=\"1 minuto\" \/>\n<script type=\"application\/ld+json\" class=\"yoast-schema-graph\">{\"@context\":\"https:\/\/schema.org\",\"@graph\":[{\"@type\":\"Article\",\"@id\":\"https:\/\/portaltela.pt\/noticias\/2026\/04\/11\/ana-abrunhosa-acusa-jornalista-lusa-denuncia-difamacao-pcp-fala-em-prepotencia\/#article\",\"isPartOf\":{\"@id\":\"https:\/\/portaltela.pt\/noticias\/2026\/04\/11\/ana-abrunhosa-acusa-jornalista-lusa-denuncia-difamacao-pcp-fala-em-prepotencia\/\"},\"author\":{\"name\":\"Telinha\",\"@id\":\"https:\/\/portaltela.pt\/#\/schema\/person\/c4278d4a6028830caff9ee44b42d32ed\"},\"headline\":\"Ana Abrunhosa acusa jornalista; Lusa denuncia difama\u00e7\u00e3o, PCP fala em prepot\u00eancia\",\"datePublished\":\"2026-04-11T14:02:17+00:00\",\"mainEntityOfPage\":{\"@id\":\"https:\/\/portaltela.pt\/noticias\/2026\/04\/11\/ana-abrunhosa-acusa-jornalista-lusa-denuncia-difamacao-pcp-fala-em-prepotencia\/\"},\"wordCount\":188,\"image\":{\"@id\":\"https:\/\/portaltela.pt\/noticias\/2026\/04\/11\/ana-abrunhosa-acusa-jornalista-lusa-denuncia-difamacao-pcp-fala-em-prepotencia\/#primaryimage\"},\"thumbnailUrl\":\"https:\/\/portaltela.pt\/s.01k8rhncp4jt1\/2026\/04\/2080721.jpg\",\"keywords\":[\"Coimbra\",\"comunica\u00e7\u00e3o social\",\"difama\u00e7\u00e3o\",\"imprensa\",\"jornalistas\",\"liberdade de imprensa\"],\"articleSection\":[\"Not\u00edcias\",\"Pol\u00edtica\"],\"inLanguage\":\"pt-PT\"},{\"@type\":\"WebPage\",\"@id\":\"https:\/\/portaltela.pt\/noticias\/2026\/04\/11\/ana-abrunhosa-acusa-jornalista-lusa-denuncia-difamacao-pcp-fala-em-prepotencia\/\",\"url\":\"https:\/\/portaltela.pt\/noticias\/2026\/04\/11\/ana-abrunhosa-acusa-jornalista-lusa-denuncia-difamacao-pcp-fala-em-prepotencia\/\",\"name\":\"Ana Abrunhosa acusa jornalista; Lusa denuncia difama\u00e7\u00e3o, PCP fala em prepot\u00eancia - Portal Tela Portugal\",\"isPartOf\":{\"@id\":\"https:\/\/portaltela.pt\/#website\"},\"primaryImageOfPage\":{\"@id\":\"https:\/\/portaltela.pt\/noticias\/2026\/04\/11\/ana-abrunhosa-acusa-jornalista-lusa-denuncia-difamacao-pcp-fala-em-prepotencia\/#primaryimage\"},\"image\":{\"@id\":\"https:\/\/portaltela.pt\/noticias\/2026\/04\/11\/ana-abrunhosa-acusa-jornalista-lusa-denuncia-difamacao-pcp-fala-em-prepotencia\/#primaryimage\"},\"thumbnailUrl\":\"https:\/\/portaltela.pt\/s.01k8rhncp4jt1\/2026\/04\/2080721.jpg\",\"datePublished\":\"2026-04-11T14:02:17+00:00\",\"author\":{\"@id\":\"https:\/\/portaltela.pt\/#\/schema\/person\/c4278d4a6028830caff9ee44b42d32ed\"},\"breadcrumb\":{\"@id\":\"https:\/\/portaltela.pt\/noticias\/2026\/04\/11\/ana-abrunhosa-acusa-jornalista-lusa-denuncia-difamacao-pcp-fala-em-prepotencia\/#breadcrumb\"},\"inLanguage\":\"pt-PT\",\"potentialAction\":[{\"@type\":\"ReadAction\",\"target\":[\"https:\/\/portaltela.pt\/noticias\/2026\/04\/11\/ana-abrunhosa-acusa-jornalista-lusa-denuncia-difamacao-pcp-fala-em-prepotencia\/\"]}]},{\"@type\":\"ImageObject\",\"inLanguage\":\"pt-PT\",\"@id\":\"https:\/\/portaltela.pt\/noticias\/2026\/04\/11\/ana-abrunhosa-acusa-jornalista-lusa-denuncia-difamacao-pcp-fala-em-prepotencia\/#primaryimage\",\"url\":\"https:\/\/portaltela.pt\/s.01k8rhncp4jt1\/2026\/04\/2080721.jpg\",\"contentUrl\":\"https:\/\/portaltela.pt\/s.01k8rhncp4jt1\/2026\/04\/2080721.jpg\",\"width\":796,\"height\":448,\"caption\":\"Ana Abrunhosa, presidente da C\u00e2mara Municipal de Coimbra\"},{\"@type\":\"BreadcrumbList\",\"@id\":\"https:\/\/portaltela.pt\/noticias\/2026\/04\/11\/ana-abrunhosa-acusa-jornalista-lusa-denuncia-difamacao-pcp-fala-em-prepotencia\/#breadcrumb\",\"itemListElement\":[{\"@type\":\"ListItem\",\"position\":1,\"name\":\"In\u00edcio\",\"item\":\"https:\/\/portaltela.pt\/\"},{\"@type\":\"ListItem\",\"position\":2,\"name\":\"Ana Abrunhosa acusa jornalista; Lusa denuncia difama\u00e7\u00e3o, PCP fala em prepot\u00eancia\"}]},{\"@type\":\"WebSite\",\"@id\":\"https:\/\/portaltela.pt\/#website\",\"url\":\"https:\/\/portaltela.pt\/\",\"name\":\"Portal Tela Portugal\",\"description\":\"\",\"potentialAction\":[{\"@type\":\"SearchAction\",\"target\":{\"@type\":\"EntryPoint\",\"urlTemplate\":\"https:\/\/portaltela.pt\/?s={search_term_string}\"},\"query-input\":{\"@type\":\"PropertyValueSpecification\",\"valueRequired\":true,\"valueName\":\"search_term_string\"}}],\"inLanguage\":\"pt-PT\"},{\"@type\":\"Person\",\"@id\":\"https:\/\/portaltela.pt\/#\/schema\/person\/c4278d4a6028830caff9ee44b42d32ed\",\"name\":\"Telinha\",\"image\":{\"@type\":\"ImageObject\",\"inLanguage\":\"pt-PT\",\"@id\":\"https:\/\/portaltela.pt\/s.01k8rhncp4jt1\/2025\/11\/talking-bot-125x125.png\",\"url\":\"https:\/\/portaltela.pt\/s.01k8rhncp4jt1\/2025\/11\/talking-bot-125x125.png\",\"contentUrl\":\"https:\/\/portaltela.pt\/s.01k8rhncp4jt1\/2025\/11\/talking-bot-125x125.png\",\"caption\":\"Telinha\"},\"sameAs\":[\"https:\/\/portaltela.pt\/\"],\"url\":\"https:\/\/portaltela.pt\/por\/367410592786\/\"}]}<\/script>\n<!-- \/ Yoast SEO plugin. -->","yoast_head_json":{"title":"Ana Abrunhosa acusa jornalista; Lusa denuncia difama\u00e7\u00e3o, PCP fala em prepot\u00eancia - Portal Tela Portugal","robots":{"index":"index","follow":"follow","max-snippet":"max-snippet:-1","max-image-preview":"max-image-preview:large","max-video-preview":"max-video-preview:-1"},"og_locale":"pt_PT","og_type":"article","og_title":"Ana Abrunhosa acusa jornalista; Lusa denuncia difama\u00e7\u00e3o, PCP fala em prepot\u00eancia - Portal Tela Portugal","og_description":"A presidente da C\u00e2mara de Coimbra, Ana Abrunhosa, acusou o jornalista da Lusa de estar a fazer pol\u00edtica e anunciou que apresentar\u00e1 queixa formal sobre o jornalista Jo\u00e3o Gaspar. A dire\u00e7\u00e3o de informa\u00e7\u00e3o da Lusa rejeitou as acusa\u00e7\u00f5es, classificando-as como descabidas, infundadas e difamat\u00f3rias, e afirmou que o rep\u00f3rter apenas reportou preocupa\u00e7\u00f5es do Casa do Cinema de Coimbra. O PCP denuncia tra\u00e7os de prepot\u00eancia na atua\u00e7\u00e3o da autarca e condena a tentativa de condicionar o livre exerc\u00edcio do jornalismo. O jornalista s\u00f3 publicou a not\u00edcia ao fim de nove dias, depois de ter solicitado esclarecimentos \u00e0 C\u00e2mara e ter sido contactado pela respons\u00e1vel pela comunica\u00e7\u00e3o. A Casa do Cinema de Coimbra corre o risco de perder a licen\u00e7a, pois o munic\u00edpio n\u00e3o avan\u00e7a com o plano de reabilita\u00e7\u00e3o acordado.","og_url":"https:\/\/portaltela.pt\/noticias\/2026\/04\/11\/ana-abrunhosa-acusa-jornalista-lusa-denuncia-difamacao-pcp-fala-em-prepotencia\/","og_site_name":"Portal Tela Portugal","article_published_time":"2026-04-11T14:02:17+00:00","author":"Telinha","twitter_card":"summary_large_image","twitter_misc":{"Escrito por":"Telinha","Tempo estimado de leitura":"1 minuto"},"schema":{"@context":"https:\/\/schema.org","@graph":[{"@type":"Article","@id":"https:\/\/portaltela.pt\/noticias\/2026\/04\/11\/ana-abrunhosa-acusa-jornalista-lusa-denuncia-difamacao-pcp-fala-em-prepotencia\/#article","isPartOf":{"@id":"https:\/\/portaltela.pt\/noticias\/2026\/04\/11\/ana-abrunhosa-acusa-jornalista-lusa-denuncia-difamacao-pcp-fala-em-prepotencia\/"},"author":{"name":"Telinha","@id":"https:\/\/portaltela.pt\/#\/schema\/person\/c4278d4a6028830caff9ee44b42d32ed"},"headline":"Ana Abrunhosa acusa jornalista; Lusa denuncia difama\u00e7\u00e3o, PCP fala em prepot\u00eancia","datePublished":"2026-04-11T14:02:17+00:00","mainEntityOfPage":{"@id":"https:\/\/portaltela.pt\/noticias\/2026\/04\/11\/ana-abrunhosa-acusa-jornalista-lusa-denuncia-difamacao-pcp-fala-em-prepotencia\/"},"wordCount":188,"image":{"@id":"https:\/\/portaltela.pt\/noticias\/2026\/04\/11\/ana-abrunhosa-acusa-jornalista-lusa-denuncia-difamacao-pcp-fala-em-prepotencia\/#primaryimage"},"thumbnailUrl":"https:\/\/portaltela.pt\/s.01k8rhncp4jt1\/2026\/04\/2080721.jpg","keywords":["Coimbra","comunica\u00e7\u00e3o social","difama\u00e7\u00e3o","imprensa","jornalistas","liberdade de imprensa"],"articleSection":["Not\u00edcias","Pol\u00edtica"],"inLanguage":"pt-PT"},{"@type":"WebPage","@id":"https:\/\/portaltela.pt\/noticias\/2026\/04\/11\/ana-abrunhosa-acusa-jornalista-lusa-denuncia-difamacao-pcp-fala-em-prepotencia\/","url":"https:\/\/portaltela.pt\/noticias\/2026\/04\/11\/ana-abrunhosa-acusa-jornalista-lusa-denuncia-difamacao-pcp-fala-em-prepotencia\/","name":"Ana Abrunhosa acusa jornalista; Lusa denuncia difama\u00e7\u00e3o, PCP fala em prepot\u00eancia - Portal Tela Portugal","isPartOf":{"@id":"https:\/\/portaltela.pt\/#website"},"primaryImageOfPage":{"@id":"https:\/\/portaltela.pt\/noticias\/2026\/04\/11\/ana-abrunhosa-acusa-jornalista-lusa-denuncia-difamacao-pcp-fala-em-prepotencia\/#primaryimage"},"image":{"@id":"https:\/\/portaltela.pt\/noticias\/2026\/04\/11\/ana-abrunhosa-acusa-jornalista-lusa-denuncia-difamacao-pcp-fala-em-prepotencia\/#primaryimage"},"thumbnailUrl":"https:\/\/portaltela.pt\/s.01k8rhncp4jt1\/2026\/04\/2080721.jpg","datePublished":"2026-04-11T14:02:17+00:00","author":{"@id":"https:\/\/portaltela.pt\/#\/schema\/person\/c4278d4a6028830caff9ee44b42d32ed"},"breadcrumb":{"@id":"https:\/\/portaltela.pt\/noticias\/2026\/04\/11\/ana-abrunhosa-acusa-jornalista-lusa-denuncia-difamacao-pcp-fala-em-prepotencia\/#breadcrumb"},"inLanguage":"pt-PT","potentialAction":[{"@type":"ReadAction","target":["https:\/\/portaltela.pt\/noticias\/2026\/04\/11\/ana-abrunhosa-acusa-jornalista-lusa-denuncia-difamacao-pcp-fala-em-prepotencia\/"]}]},{"@type":"ImageObject","inLanguage":"pt-PT","@id":"https:\/\/portaltela.pt\/noticias\/2026\/04\/11\/ana-abrunhosa-acusa-jornalista-lusa-denuncia-difamacao-pcp-fala-em-prepotencia\/#primaryimage","url":"https:\/\/portaltela.pt\/s.01k8rhncp4jt1\/2026\/04\/2080721.jpg","contentUrl":"https:\/\/portaltela.pt\/s.01k8rhncp4jt1\/2026\/04\/2080721.jpg","width":796,"height":448,"caption":"Ana Abrunhosa, presidente da C\u00e2mara Municipal de Coimbra"},{"@type":"BreadcrumbList","@id":"https:\/\/portaltela.pt\/noticias\/2026\/04\/11\/ana-abrunhosa-acusa-jornalista-lusa-denuncia-difamacao-pcp-fala-em-prepotencia\/#breadcrumb","itemListElement":[{"@type":"ListItem","position":1,"name":"In\u00edcio","item":"https:\/\/portaltela.pt\/"},{"@type":"ListItem","position":2,"name":"Ana Abrunhosa acusa jornalista; Lusa denuncia difama\u00e7\u00e3o, PCP fala em prepot\u00eancia"}]},{"@type":"WebSite","@id":"https:\/\/portaltela.pt\/#website","url":"https:\/\/portaltela.pt\/","name":"Portal Tela Portugal","description":"","potentialAction":[{"@type":"SearchAction","target":{"@type":"EntryPoint","urlTemplate":"https:\/\/portaltela.pt\/?s={search_term_string}"},"query-input":{"@type":"PropertyValueSpecification","valueRequired":true,"valueName":"search_term_string"}}],"inLanguage":"pt-PT"},{"@type":"Person","@id":"https:\/\/portaltela.pt\/#\/schema\/person\/c4278d4a6028830caff9ee44b42d32ed","name":"Telinha","image":{"@type":"ImageObject","inLanguage":"pt-PT","@id":"https:\/\/portaltela.pt\/s.01k8rhncp4jt1\/2025\/11\/talking-bot-125x125.png","url":"https:\/\/portaltela.pt\/s.01k8rhncp4jt1\/2025\/11\/talking-bot-125x125.png","contentUrl":"https:\/\/portaltela.pt\/s.01k8rhncp4jt1\/2025\/11\/talking-bot-125x125.png","caption":"Telinha"},"sameAs":["https:\/\/portaltela.pt\/"],"url":"https:\/\/portaltela.pt\/por\/367410592786\/"}]}},"_links":{"self":[{"href":"https:\/\/portaltela.pt\/api\/wp\/v2\/posts\/440536","targetHints":{"allow":["GET"]}}],"collection":[{"href":"https:\/\/portaltela.pt\/api\/wp\/v2\/posts"}],"about":[{"href":"https:\/\/portaltela.pt\/api\/wp\/v2\/types\/post"}],"author":[{"embeddable":true,"href":"https:\/\/portaltela.pt\/api\/wp\/v2\/users\/2"}],"replies":[{"embeddable":true,"href":"https:\/\/portaltela.pt\/api\/wp\/v2\/comments?post=440536"}],"version-history":[{"count":0,"href":"https:\/\/portaltela.pt\/api\/wp\/v2\/posts\/440536\/revisions"}],"wp:featuredmedia":[{"embeddable":true,"href":"https:\/\/portaltela.pt\/api\/wp\/v2\/media\/440539"}],"wp:attachment":[{"href":"https:\/\/portaltela.pt\/api\/wp\/v2\/media?parent=440536"}],"wp:term":[{"taxonomy":"category","embeddable":true,"href":"https:\/\/portaltela.pt\/api\/wp\/v2\/categories?post=440536"},{"taxonomy":"post_tag","embeddable":true,"href":"https:\/\/portaltela.pt\/api\/wp\/v2\/tags?post=440536"}],"curies":[{"name":"wp","href":"https:\/\/api.w.org\/{rel}","templated":true}]}}