{"id":440514,"date":"2026-04-11T10:17:16","date_gmt":"2026-04-11T13:17:16","guid":{"rendered":"https:\/\/portaltela.pt\/noticias\/2026\/04\/11\/autor-promete-responder-apos-ouvir-a-pergunta-mantendo-o-dialogo-aberto\/"},"modified":"2026-04-11T10:17:16","modified_gmt":"2026-04-11T13:17:16","slug":"autor-promete-responder-apos-ouvir-a-pergunta-mantendo-o-dialogo-aberto","status":"publish","type":"post","link":"https:\/\/portaltela.pt\/desporto\/futebol\/2026\/04\/11\/autor-promete-responder-apos-ouvir-a-pergunta-mantendo-o-dialogo-aberto\/","title":{"rendered":"Autor promete responder ap\u00f3s ouvir a pergunta, mantendo o di\u00e1logo aberto"},"content":{"rendered":"<p>O Fortaleza perdeu por 2-0 na desloca\u00e7\u00e3o ao Cear\u00e1, na 3.\u00aa jornada do Nordest\u00e3o, num jogo em que ficou em inferioridade num\u00e9rica aos 22 minutos, com a expuls\u00e3o de Fernandinho. O resultado refletiu o desequil\u00edbrio num\u00e9rico durante grande parte do encontro.<\/p>\n<p>Na cobertura do jogo, a equipa treinada por Thiago Carpini sofreu o segundo golo ainda antes do intervalo e n\u00e3o conseguiu recuperar. Enfrentou press\u00e3o do Cear\u00e1, que aproveitou a superioridade para conquistar os tr\u00eas pontos.<\/p>\n<p>Durante a confer\u00eancia de imprensa ap\u00f3s o encontro, um rep\u00f3rter questionou as op\u00e7\u00f5es t\u00e1ticas do treinador do Fortaleza. Carpini exigiu que n\u00e3o fosse interrompido na sua resposta, sob o risco de encerrar a sess\u00e3o.<\/p>\n<h3>Incidente na confer\u00eancia<\/h3>\n<p>O momento gerou debate entre os presentes, com testemunhos sobre a energia da resposta do t\u00e9cnico e a rea\u00e7\u00e3o da sala de imprensa. N\u00e3o houve declara\u00e7\u00f5es adicionais por parte da Federa\u00e7\u00e3o ou da equipa em comunicado neste texto.<\/p>\n","protected":false},"excerpt":{"rendered":"<ul>\n<li>Na terceira jornada do Nordest\u00e3o, o Fortaleza perdeu por dois a zero diante do Cear\u00e1, fora de casa.<\/li>\n<li>O Cear\u00e1 ficou em superioridade num\u00e9rica aos 22 minutos, com a expuls\u00e3o de Fernandinho.<\/li>\n<li>Na conferencia de imprensa, o t\u00e9cnico Thiago Carpini respondeu a quest\u00f5es sobre as op\u00e7\u00f5es da equipa.<\/li>\n<li>Carpini pediu ao rep\u00f3rter para n\u00e3o o interromper, avisando que encerrariam a confer\u00eancia se isso acontecesse.<\/li>\n<li>O momento foi partilhado em v\u00eddeo pelo SBT Nordeste\/Instagram.<\/li>\n<\/ul>\n","protected":false},"author":2,"featured_media":440517,"comment_status":"closed","ping_status":"closed","sticky":false,"template":"","format":"standard","meta":{"footnotes":""},"categories":[21,24],"tags":[1650,152,32,6693,242,4159],"class_list":["post-440514","post","type-post","status-publish","format-standard","has-post-thumbnail","hentry","category-desporto","category-futebol","tag-conferencia","tag-desporto","tag-futebol","tag-futebol-brasileiro","tag-jogadores","tag-jogo"],"yoast_head":"<!-- This site is optimized with the Yoast SEO plugin v27.2 - https:\/\/yoast.com\/product\/yoast-seo-wordpress\/ -->\n<title>Autor promete responder ap\u00f3s ouvir a pergunta, mantendo o di\u00e1logo aberto - Portal Tela Portugal<\/title>\n<meta name=\"robots\" content=\"index, follow, max-snippet:-1, max-image-preview:large, max-video-preview:-1\" \/>\n<meta property=\"og:locale\" content=\"pt_PT\" \/>\n<meta property=\"og:type\" content=\"article\" \/>\n<meta property=\"og:title\" content=\"Autor promete responder ap\u00f3s ouvir a pergunta, mantendo o di\u00e1logo aberto - Portal Tela Portugal\" \/>\n<meta property=\"og:description\" content=\"Na terceira jornada do Nordest\u00e3o, o Fortaleza perdeu por dois a zero diante do Cear\u00e1, fora de casa. O Cear\u00e1 ficou em superioridade num\u00e9rica aos 22 minutos, com a expuls\u00e3o de Fernandinho. Na conferencia de imprensa, o t\u00e9cnico Thiago Carpini respondeu a quest\u00f5es sobre as op\u00e7\u00f5es da equipa. Carpini pediu ao rep\u00f3rter para n\u00e3o o interromper, avisando que encerrariam a confer\u00eancia se isso acontecesse. O momento foi partilhado em v\u00eddeo pelo SBT Nordeste\/Instagram.\" \/>\n<meta property=\"og:url\" content=\"https:\/\/portaltela.pt\/noticias\/2026\/04\/11\/autor-promete-responder-apos-ouvir-a-pergunta-mantendo-o-dialogo-aberto\/\" \/>\n<meta property=\"og:site_name\" content=\"Portal Tela Portugal\" \/>\n<meta property=\"article:published_time\" content=\"2026-04-11T13:17:16+00:00\" \/>\n<meta name=\"author\" content=\"Telinha\" \/>\n<meta name=\"twitter:card\" content=\"summary_large_image\" \/>\n<meta name=\"twitter:label1\" content=\"Escrito por\" \/>\n\t<meta name=\"twitter:data1\" content=\"Telinha\" \/>\n\t<meta name=\"twitter:label2\" content=\"Tempo estimado de leitura\" \/>\n\t<meta name=\"twitter:data2\" content=\"1 minuto\" \/>\n<script type=\"application\/ld+json\" class=\"yoast-schema-graph\">{\"@context\":\"https:\/\/schema.org\",\"@graph\":[{\"@type\":\"Article\",\"@id\":\"https:\/\/portaltela.pt\/noticias\/2026\/04\/11\/autor-promete-responder-apos-ouvir-a-pergunta-mantendo-o-dialogo-aberto\/#article\",\"isPartOf\":{\"@id\":\"https:\/\/portaltela.pt\/noticias\/2026\/04\/11\/autor-promete-responder-apos-ouvir-a-pergunta-mantendo-o-dialogo-aberto\/\"},\"author\":{\"name\":\"Telinha\",\"@id\":\"https:\/\/portaltela.pt\/#\/schema\/person\/c4278d4a6028830caff9ee44b42d32ed\"},\"headline\":\"Autor promete responder ap\u00f3s ouvir a pergunta, mantendo o di\u00e1logo aberto\",\"datePublished\":\"2026-04-11T13:17:16+00:00\",\"mainEntityOfPage\":{\"@id\":\"https:\/\/portaltela.pt\/noticias\/2026\/04\/11\/autor-promete-responder-apos-ouvir-a-pergunta-mantendo-o-dialogo-aberto\/\"},\"wordCount\":184,\"image\":{\"@id\":\"https:\/\/portaltela.pt\/noticias\/2026\/04\/11\/autor-promete-responder-apos-ouvir-a-pergunta-mantendo-o-dialogo-aberto\/#primaryimage\"},\"thumbnailUrl\":\"https:\/\/portaltela.pt\/s.01k8rhncp4jt1\/2026\/04\/img_1200x721uu2026-04-11-14-07-41-2432361.jpg\",\"keywords\":[\"confer\u00eancia\",\"desporto\",\"futebol\",\"futebol brasileiro\",\"jogadores\",\"jogo\"],\"articleSection\":[\"Desporto\",\"Futebol\"],\"inLanguage\":\"pt-PT\"},{\"@type\":\"WebPage\",\"@id\":\"https:\/\/portaltela.pt\/noticias\/2026\/04\/11\/autor-promete-responder-apos-ouvir-a-pergunta-mantendo-o-dialogo-aberto\/\",\"url\":\"https:\/\/portaltela.pt\/noticias\/2026\/04\/11\/autor-promete-responder-apos-ouvir-a-pergunta-mantendo-o-dialogo-aberto\/\",\"name\":\"Autor promete responder ap\u00f3s ouvir a pergunta, mantendo o di\u00e1logo aberto - Portal Tela Portugal\",\"isPartOf\":{\"@id\":\"https:\/\/portaltela.pt\/#website\"},\"primaryImageOfPage\":{\"@id\":\"https:\/\/portaltela.pt\/noticias\/2026\/04\/11\/autor-promete-responder-apos-ouvir-a-pergunta-mantendo-o-dialogo-aberto\/#primaryimage\"},\"image\":{\"@id\":\"https:\/\/portaltela.pt\/noticias\/2026\/04\/11\/autor-promete-responder-apos-ouvir-a-pergunta-mantendo-o-dialogo-aberto\/#primaryimage\"},\"thumbnailUrl\":\"https:\/\/portaltela.pt\/s.01k8rhncp4jt1\/2026\/04\/img_1200x721uu2026-04-11-14-07-41-2432361.jpg\",\"datePublished\":\"2026-04-11T13:17:16+00:00\",\"author\":{\"@id\":\"https:\/\/portaltela.pt\/#\/schema\/person\/c4278d4a6028830caff9ee44b42d32ed\"},\"breadcrumb\":{\"@id\":\"https:\/\/portaltela.pt\/noticias\/2026\/04\/11\/autor-promete-responder-apos-ouvir-a-pergunta-mantendo-o-dialogo-aberto\/#breadcrumb\"},\"inLanguage\":\"pt-PT\",\"potentialAction\":[{\"@type\":\"ReadAction\",\"target\":[\"https:\/\/portaltela.pt\/noticias\/2026\/04\/11\/autor-promete-responder-apos-ouvir-a-pergunta-mantendo-o-dialogo-aberto\/\"]}]},{\"@type\":\"ImageObject\",\"inLanguage\":\"pt-PT\",\"@id\":\"https:\/\/portaltela.pt\/noticias\/2026\/04\/11\/autor-promete-responder-apos-ouvir-a-pergunta-mantendo-o-dialogo-aberto\/#primaryimage\",\"url\":\"https:\/\/portaltela.pt\/s.01k8rhncp4jt1\/2026\/04\/img_1200x721uu2026-04-11-14-07-41-2432361.jpg\",\"contentUrl\":\"https:\/\/portaltela.pt\/s.01k8rhncp4jt1\/2026\/04\/img_1200x721uu2026-04-11-14-07-41-2432361.jpg\",\"width\":796,\"height\":448,\"caption\":\"Momento 'quente' entre jornalista e o treinador do Fortaleza na confer\u00eancia de imprensa\"},{\"@type\":\"BreadcrumbList\",\"@id\":\"https:\/\/portaltela.pt\/noticias\/2026\/04\/11\/autor-promete-responder-apos-ouvir-a-pergunta-mantendo-o-dialogo-aberto\/#breadcrumb\",\"itemListElement\":[{\"@type\":\"ListItem\",\"position\":1,\"name\":\"In\u00edcio\",\"item\":\"https:\/\/portaltela.pt\/\"},{\"@type\":\"ListItem\",\"position\":2,\"name\":\"Autor promete responder ap\u00f3s ouvir a pergunta, mantendo o di\u00e1logo aberto\"}]},{\"@type\":\"WebSite\",\"@id\":\"https:\/\/portaltela.pt\/#website\",\"url\":\"https:\/\/portaltela.pt\/\",\"name\":\"Portal Tela Portugal\",\"description\":\"\",\"potentialAction\":[{\"@type\":\"SearchAction\",\"target\":{\"@type\":\"EntryPoint\",\"urlTemplate\":\"https:\/\/portaltela.pt\/?s={search_term_string}\"},\"query-input\":{\"@type\":\"PropertyValueSpecification\",\"valueRequired\":true,\"valueName\":\"search_term_string\"}}],\"inLanguage\":\"pt-PT\"},{\"@type\":\"Person\",\"@id\":\"https:\/\/portaltela.pt\/#\/schema\/person\/c4278d4a6028830caff9ee44b42d32ed\",\"name\":\"Telinha\",\"image\":{\"@type\":\"ImageObject\",\"inLanguage\":\"pt-PT\",\"@id\":\"https:\/\/portaltela.pt\/s.01k8rhncp4jt1\/2025\/11\/talking-bot-125x125.png\",\"url\":\"https:\/\/portaltela.pt\/s.01k8rhncp4jt1\/2025\/11\/talking-bot-125x125.png\",\"contentUrl\":\"https:\/\/portaltela.pt\/s.01k8rhncp4jt1\/2025\/11\/talking-bot-125x125.png\",\"caption\":\"Telinha\"},\"sameAs\":[\"https:\/\/portaltela.pt\/\"],\"url\":\"https:\/\/portaltela.pt\/por\/367410592786\/\"}]}<\/script>\n<!-- \/ Yoast SEO plugin. -->","yoast_head_json":{"title":"Autor promete responder ap\u00f3s ouvir a pergunta, mantendo o di\u00e1logo aberto - Portal Tela Portugal","robots":{"index":"index","follow":"follow","max-snippet":"max-snippet:-1","max-image-preview":"max-image-preview:large","max-video-preview":"max-video-preview:-1"},"og_locale":"pt_PT","og_type":"article","og_title":"Autor promete responder ap\u00f3s ouvir a pergunta, mantendo o di\u00e1logo aberto - Portal Tela Portugal","og_description":"Na terceira jornada do Nordest\u00e3o, o Fortaleza perdeu por dois a zero diante do Cear\u00e1, fora de casa. O Cear\u00e1 ficou em superioridade num\u00e9rica aos 22 minutos, com a expuls\u00e3o de Fernandinho. Na conferencia de imprensa, o t\u00e9cnico Thiago Carpini respondeu a quest\u00f5es sobre as op\u00e7\u00f5es da equipa. Carpini pediu ao rep\u00f3rter para n\u00e3o o interromper, avisando que encerrariam a confer\u00eancia se isso acontecesse. O momento foi partilhado em v\u00eddeo pelo SBT Nordeste\/Instagram.","og_url":"https:\/\/portaltela.pt\/noticias\/2026\/04\/11\/autor-promete-responder-apos-ouvir-a-pergunta-mantendo-o-dialogo-aberto\/","og_site_name":"Portal Tela Portugal","article_published_time":"2026-04-11T13:17:16+00:00","author":"Telinha","twitter_card":"summary_large_image","twitter_misc":{"Escrito por":"Telinha","Tempo estimado de leitura":"1 minuto"},"schema":{"@context":"https:\/\/schema.org","@graph":[{"@type":"Article","@id":"https:\/\/portaltela.pt\/noticias\/2026\/04\/11\/autor-promete-responder-apos-ouvir-a-pergunta-mantendo-o-dialogo-aberto\/#article","isPartOf":{"@id":"https:\/\/portaltela.pt\/noticias\/2026\/04\/11\/autor-promete-responder-apos-ouvir-a-pergunta-mantendo-o-dialogo-aberto\/"},"author":{"name":"Telinha","@id":"https:\/\/portaltela.pt\/#\/schema\/person\/c4278d4a6028830caff9ee44b42d32ed"},"headline":"Autor promete responder ap\u00f3s ouvir a pergunta, mantendo o di\u00e1logo aberto","datePublished":"2026-04-11T13:17:16+00:00","mainEntityOfPage":{"@id":"https:\/\/portaltela.pt\/noticias\/2026\/04\/11\/autor-promete-responder-apos-ouvir-a-pergunta-mantendo-o-dialogo-aberto\/"},"wordCount":184,"image":{"@id":"https:\/\/portaltela.pt\/noticias\/2026\/04\/11\/autor-promete-responder-apos-ouvir-a-pergunta-mantendo-o-dialogo-aberto\/#primaryimage"},"thumbnailUrl":"https:\/\/portaltela.pt\/s.01k8rhncp4jt1\/2026\/04\/img_1200x721uu2026-04-11-14-07-41-2432361.jpg","keywords":["confer\u00eancia","desporto","futebol","futebol brasileiro","jogadores","jogo"],"articleSection":["Desporto","Futebol"],"inLanguage":"pt-PT"},{"@type":"WebPage","@id":"https:\/\/portaltela.pt\/noticias\/2026\/04\/11\/autor-promete-responder-apos-ouvir-a-pergunta-mantendo-o-dialogo-aberto\/","url":"https:\/\/portaltela.pt\/noticias\/2026\/04\/11\/autor-promete-responder-apos-ouvir-a-pergunta-mantendo-o-dialogo-aberto\/","name":"Autor promete responder ap\u00f3s ouvir a pergunta, mantendo o di\u00e1logo aberto - Portal Tela Portugal","isPartOf":{"@id":"https:\/\/portaltela.pt\/#website"},"primaryImageOfPage":{"@id":"https:\/\/portaltela.pt\/noticias\/2026\/04\/11\/autor-promete-responder-apos-ouvir-a-pergunta-mantendo-o-dialogo-aberto\/#primaryimage"},"image":{"@id":"https:\/\/portaltela.pt\/noticias\/2026\/04\/11\/autor-promete-responder-apos-ouvir-a-pergunta-mantendo-o-dialogo-aberto\/#primaryimage"},"thumbnailUrl":"https:\/\/portaltela.pt\/s.01k8rhncp4jt1\/2026\/04\/img_1200x721uu2026-04-11-14-07-41-2432361.jpg","datePublished":"2026-04-11T13:17:16+00:00","author":{"@id":"https:\/\/portaltela.pt\/#\/schema\/person\/c4278d4a6028830caff9ee44b42d32ed"},"breadcrumb":{"@id":"https:\/\/portaltela.pt\/noticias\/2026\/04\/11\/autor-promete-responder-apos-ouvir-a-pergunta-mantendo-o-dialogo-aberto\/#breadcrumb"},"inLanguage":"pt-PT","potentialAction":[{"@type":"ReadAction","target":["https:\/\/portaltela.pt\/noticias\/2026\/04\/11\/autor-promete-responder-apos-ouvir-a-pergunta-mantendo-o-dialogo-aberto\/"]}]},{"@type":"ImageObject","inLanguage":"pt-PT","@id":"https:\/\/portaltela.pt\/noticias\/2026\/04\/11\/autor-promete-responder-apos-ouvir-a-pergunta-mantendo-o-dialogo-aberto\/#primaryimage","url":"https:\/\/portaltela.pt\/s.01k8rhncp4jt1\/2026\/04\/img_1200x721uu2026-04-11-14-07-41-2432361.jpg","contentUrl":"https:\/\/portaltela.pt\/s.01k8rhncp4jt1\/2026\/04\/img_1200x721uu2026-04-11-14-07-41-2432361.jpg","width":796,"height":448,"caption":"Momento 'quente' entre jornalista e o treinador do Fortaleza na confer\u00eancia de imprensa"},{"@type":"BreadcrumbList","@id":"https:\/\/portaltela.pt\/noticias\/2026\/04\/11\/autor-promete-responder-apos-ouvir-a-pergunta-mantendo-o-dialogo-aberto\/#breadcrumb","itemListElement":[{"@type":"ListItem","position":1,"name":"In\u00edcio","item":"https:\/\/portaltela.pt\/"},{"@type":"ListItem","position":2,"name":"Autor promete responder ap\u00f3s ouvir a pergunta, mantendo o di\u00e1logo aberto"}]},{"@type":"WebSite","@id":"https:\/\/portaltela.pt\/#website","url":"https:\/\/portaltela.pt\/","name":"Portal Tela Portugal","description":"","potentialAction":[{"@type":"SearchAction","target":{"@type":"EntryPoint","urlTemplate":"https:\/\/portaltela.pt\/?s={search_term_string}"},"query-input":{"@type":"PropertyValueSpecification","valueRequired":true,"valueName":"search_term_string"}}],"inLanguage":"pt-PT"},{"@type":"Person","@id":"https:\/\/portaltela.pt\/#\/schema\/person\/c4278d4a6028830caff9ee44b42d32ed","name":"Telinha","image":{"@type":"ImageObject","inLanguage":"pt-PT","@id":"https:\/\/portaltela.pt\/s.01k8rhncp4jt1\/2025\/11\/talking-bot-125x125.png","url":"https:\/\/portaltela.pt\/s.01k8rhncp4jt1\/2025\/11\/talking-bot-125x125.png","contentUrl":"https:\/\/portaltela.pt\/s.01k8rhncp4jt1\/2025\/11\/talking-bot-125x125.png","caption":"Telinha"},"sameAs":["https:\/\/portaltela.pt\/"],"url":"https:\/\/portaltela.pt\/por\/367410592786\/"}]}},"_links":{"self":[{"href":"https:\/\/portaltela.pt\/api\/wp\/v2\/posts\/440514","targetHints":{"allow":["GET"]}}],"collection":[{"href":"https:\/\/portaltela.pt\/api\/wp\/v2\/posts"}],"about":[{"href":"https:\/\/portaltela.pt\/api\/wp\/v2\/types\/post"}],"author":[{"embeddable":true,"href":"https:\/\/portaltela.pt\/api\/wp\/v2\/users\/2"}],"replies":[{"embeddable":true,"href":"https:\/\/portaltela.pt\/api\/wp\/v2\/comments?post=440514"}],"version-history":[{"count":0,"href":"https:\/\/portaltela.pt\/api\/wp\/v2\/posts\/440514\/revisions"}],"wp:featuredmedia":[{"embeddable":true,"href":"https:\/\/portaltela.pt\/api\/wp\/v2\/media\/440517"}],"wp:attachment":[{"href":"https:\/\/portaltela.pt\/api\/wp\/v2\/media?parent=440514"}],"wp:term":[{"taxonomy":"category","embeddable":true,"href":"https:\/\/portaltela.pt\/api\/wp\/v2\/categories?post=440514"},{"taxonomy":"post_tag","embeddable":true,"href":"https:\/\/portaltela.pt\/api\/wp\/v2\/tags?post=440514"}],"curies":[{"name":"wp","href":"https:\/\/api.w.org\/{rel}","templated":true}]}}