{"id":440507,"date":"2026-04-11T10:16:50","date_gmt":"2026-04-11T13:16:50","guid":{"rendered":"https:\/\/portaltela.pt\/noticias\/2026\/04\/11\/i-liga-vicens-admite-nao-conseguir-preparar-dois-jogos-ao-mesmo-tempo\/"},"modified":"2026-04-11T10:16:50","modified_gmt":"2026-04-11T13:16:50","slug":"i-liga-vicens-admite-nao-conseguir-preparar-dois-jogos-ao-mesmo-tempo","status":"publish","type":"post","link":"https:\/\/portaltela.pt\/desporto\/futebol\/2026\/04\/11\/i-liga-vicens-admite-nao-conseguir-preparar-dois-jogos-ao-mesmo-tempo\/","title":{"rendered":"I Liga: Vicens admite n\u00e3o conseguir preparar dois jogos ao mesmo tempo"},"content":{"rendered":"<p>O treinador Carlos Vicens afirmou hoje que n\u00e3o tem capacidade para preparar dois jogos ao mesmo tempo. Ele est\u00e1 focado apenas na rece\u00e7\u00e3o do Sporting de Braga ao Arouca, na 29.\u00aa jornada da I Liga.<\/p>\n<p>Vicens destacou que n\u00e3o est\u00e1 a pensar na eliminat\u00f3ria europeia com o Betis. O t\u00e9cnico sublinhou a necessidade de concentrar os recursos no campeonato nacional.<\/p>\n<p>A prioridade \u00e9 a forma\u00e7\u00e3o e a estrat\u00e9gia para receber o Arouca, equipa que visita o reduto bracarense nesta ronda. O objetivo \u00e9 manter a competitividade na I Liga.<\/p>\n<p>O treinador explicou que manter a concentra\u00e7\u00e3o no jogo a seguir ajuda a evitar distra\u00e7\u00f5es. A prepara\u00e7\u00e3o passa pela gest\u00e3o do plantel e pela an\u00e1lise de advers\u00e1rios do pr\u00f3ximo encontro.<\/p>\n<p>O plantel tem treinos programados para preparar a estrat\u00e9gia de jogo, com foco nas raz\u00f5es t\u00e1ticas para vencer a equipa convidada nesta jornada da I Liga.<\/p>\n","protected":false},"excerpt":{"rendered":"<ul>\n<li>O treinador Carlos Vicens afirmou que n\u00e3o tem capacidade para preparar dois jogos ao mesmo tempo, referindo-se \u00e0 eliminat\u00f3ria europeia com o Betis.<\/li>\n<li>Vicens disse estar a concentrar-se apenas na rece\u00e7\u00e3o do Sporting de Braga ao Arouca, da 29.\u00aa jornada da I Liga.<\/li>\n<li>O foco atual \u00e9 o jogo contra o Arouca, sem falar em decis\u00f5es sobre o embate europeu com o Betis.<\/li>\n<li>O coment\u00e1rio de Vicens refor\u00e7a a prioridade dada ao confronto da liga em detrimento de compromissos internacionais.<\/li>\n<\/ul>\n","protected":false},"author":2,"featured_media":440508,"comment_status":"closed","ping_status":"closed","sticky":false,"template":"","format":"standard","meta":{"footnotes":""},"categories":[21,24],"tags":[4143,900,1207,227,32],"class_list":["post-440507","post","type-post","status-publish","format-standard","has-post-thumbnail","hentry","category-desporto","category-futebol","tag-1-liga","tag-arouca","tag-braga","tag-campeonato","tag-futebol"],"yoast_head":"<!-- This site is optimized with the Yoast SEO plugin v27.2 - https:\/\/yoast.com\/product\/yoast-seo-wordpress\/ -->\n<title>I Liga: Vicens admite n\u00e3o conseguir preparar dois jogos ao mesmo tempo - Portal Tela Portugal<\/title>\n<meta name=\"robots\" content=\"index, follow, max-snippet:-1, max-image-preview:large, max-video-preview:-1\" \/>\n<meta property=\"og:locale\" content=\"pt_PT\" \/>\n<meta property=\"og:type\" content=\"article\" \/>\n<meta property=\"og:title\" content=\"I Liga: Vicens admite n\u00e3o conseguir preparar dois jogos ao mesmo tempo - Portal Tela Portugal\" \/>\n<meta property=\"og:description\" content=\"O treinador Carlos Vicens afirmou que n\u00e3o tem capacidade para preparar dois jogos ao mesmo tempo, referindo-se \u00e0 eliminat\u00f3ria europeia com o Betis. Vicens disse estar a concentrar-se apenas na rece\u00e7\u00e3o do Sporting de Braga ao Arouca, da 29.\u00aa jornada da I Liga. O foco atual \u00e9 o jogo contra o Arouca, sem falar em decis\u00f5es sobre o embate europeu com o Betis. O coment\u00e1rio de Vicens refor\u00e7a a prioridade dada ao confronto da liga em detrimento de compromissos internacionais.\" \/>\n<meta property=\"og:url\" content=\"https:\/\/portaltela.pt\/noticias\/2026\/04\/11\/i-liga-vicens-admite-nao-conseguir-preparar-dois-jogos-ao-mesmo-tempo\/\" \/>\n<meta property=\"og:site_name\" content=\"Portal Tela Portugal\" \/>\n<meta property=\"article:published_time\" content=\"2026-04-11T13:16:50+00:00\" \/>\n<meta name=\"author\" content=\"Telinha\" \/>\n<meta name=\"twitter:card\" content=\"summary_large_image\" \/>\n<meta name=\"twitter:label1\" content=\"Escrito por\" \/>\n\t<meta name=\"twitter:data1\" content=\"Telinha\" \/>\n\t<meta name=\"twitter:label2\" content=\"Tempo estimado de leitura\" \/>\n\t<meta name=\"twitter:data2\" content=\"1 minuto\" \/>\n<script type=\"application\/ld+json\" class=\"yoast-schema-graph\">{\"@context\":\"https:\/\/schema.org\",\"@graph\":[{\"@type\":\"Article\",\"@id\":\"https:\/\/portaltela.pt\/noticias\/2026\/04\/11\/i-liga-vicens-admite-nao-conseguir-preparar-dois-jogos-ao-mesmo-tempo\/#article\",\"isPartOf\":{\"@id\":\"https:\/\/portaltela.pt\/noticias\/2026\/04\/11\/i-liga-vicens-admite-nao-conseguir-preparar-dois-jogos-ao-mesmo-tempo\/\"},\"author\":{\"name\":\"Telinha\",\"@id\":\"https:\/\/portaltela.pt\/#\/schema\/person\/c4278d4a6028830caff9ee44b42d32ed\"},\"headline\":\"I Liga: Vicens admite n\u00e3o conseguir preparar dois jogos ao mesmo tempo\",\"datePublished\":\"2026-04-11T13:16:50+00:00\",\"mainEntityOfPage\":{\"@id\":\"https:\/\/portaltela.pt\/noticias\/2026\/04\/11\/i-liga-vicens-admite-nao-conseguir-preparar-dois-jogos-ao-mesmo-tempo\/\"},\"wordCount\":172,\"image\":{\"@id\":\"https:\/\/portaltela.pt\/noticias\/2026\/04\/11\/i-liga-vicens-admite-nao-conseguir-preparar-dois-jogos-ao-mesmo-tempo\/#primaryimage\"},\"thumbnailUrl\":\"https:\/\/portaltela.pt\/s.01k8rhncp4jt1\/2026\/04\/CACHE_780X1200_ANALOG_WATERMARKED_46887388_383523517524163.jpg\",\"keywords\":[\"1. Liga\",\"Arouca\",\"Braga\",\"campeonato\",\"futebol\"],\"articleSection\":[\"Desporto\",\"Futebol\"],\"inLanguage\":\"pt-PT\"},{\"@type\":\"WebPage\",\"@id\":\"https:\/\/portaltela.pt\/noticias\/2026\/04\/11\/i-liga-vicens-admite-nao-conseguir-preparar-dois-jogos-ao-mesmo-tempo\/\",\"url\":\"https:\/\/portaltela.pt\/noticias\/2026\/04\/11\/i-liga-vicens-admite-nao-conseguir-preparar-dois-jogos-ao-mesmo-tempo\/\",\"name\":\"I Liga: Vicens admite n\u00e3o conseguir preparar dois jogos ao mesmo tempo - Portal Tela Portugal\",\"isPartOf\":{\"@id\":\"https:\/\/portaltela.pt\/#website\"},\"primaryImageOfPage\":{\"@id\":\"https:\/\/portaltela.pt\/noticias\/2026\/04\/11\/i-liga-vicens-admite-nao-conseguir-preparar-dois-jogos-ao-mesmo-tempo\/#primaryimage\"},\"image\":{\"@id\":\"https:\/\/portaltela.pt\/noticias\/2026\/04\/11\/i-liga-vicens-admite-nao-conseguir-preparar-dois-jogos-ao-mesmo-tempo\/#primaryimage\"},\"thumbnailUrl\":\"https:\/\/portaltela.pt\/s.01k8rhncp4jt1\/2026\/04\/CACHE_780X1200_ANALOG_WATERMARKED_46887388_383523517524163.jpg\",\"datePublished\":\"2026-04-11T13:16:50+00:00\",\"author\":{\"@id\":\"https:\/\/portaltela.pt\/#\/schema\/person\/c4278d4a6028830caff9ee44b42d32ed\"},\"breadcrumb\":{\"@id\":\"https:\/\/portaltela.pt\/noticias\/2026\/04\/11\/i-liga-vicens-admite-nao-conseguir-preparar-dois-jogos-ao-mesmo-tempo\/#breadcrumb\"},\"inLanguage\":\"pt-PT\",\"potentialAction\":[{\"@type\":\"ReadAction\",\"target\":[\"https:\/\/portaltela.pt\/noticias\/2026\/04\/11\/i-liga-vicens-admite-nao-conseguir-preparar-dois-jogos-ao-mesmo-tempo\/\"]}]},{\"@type\":\"ImageObject\",\"inLanguage\":\"pt-PT\",\"@id\":\"https:\/\/portaltela.pt\/noticias\/2026\/04\/11\/i-liga-vicens-admite-nao-conseguir-preparar-dois-jogos-ao-mesmo-tempo\/#primaryimage\",\"url\":\"https:\/\/portaltela.pt\/s.01k8rhncp4jt1\/2026\/04\/CACHE_780X1200_ANALOG_WATERMARKED_46887388_383523517524163.jpg\",\"contentUrl\":\"https:\/\/portaltela.pt\/s.01k8rhncp4jt1\/2026\/04\/CACHE_780X1200_ANALOG_WATERMARKED_46887388_383523517524163.jpg\",\"width\":768,\"height\":512,\"caption\":\"I Liga: N\u00e3o tenho capacidade para preparar dois jogos ao mesmo tempo - Vicens\"},{\"@type\":\"BreadcrumbList\",\"@id\":\"https:\/\/portaltela.pt\/noticias\/2026\/04\/11\/i-liga-vicens-admite-nao-conseguir-preparar-dois-jogos-ao-mesmo-tempo\/#breadcrumb\",\"itemListElement\":[{\"@type\":\"ListItem\",\"position\":1,\"name\":\"In\u00edcio\",\"item\":\"https:\/\/portaltela.pt\/\"},{\"@type\":\"ListItem\",\"position\":2,\"name\":\"I Liga: Vicens admite n\u00e3o conseguir preparar dois jogos ao mesmo tempo\"}]},{\"@type\":\"WebSite\",\"@id\":\"https:\/\/portaltela.pt\/#website\",\"url\":\"https:\/\/portaltela.pt\/\",\"name\":\"Portal Tela Portugal\",\"description\":\"\",\"potentialAction\":[{\"@type\":\"SearchAction\",\"target\":{\"@type\":\"EntryPoint\",\"urlTemplate\":\"https:\/\/portaltela.pt\/?s={search_term_string}\"},\"query-input\":{\"@type\":\"PropertyValueSpecification\",\"valueRequired\":true,\"valueName\":\"search_term_string\"}}],\"inLanguage\":\"pt-PT\"},{\"@type\":\"Person\",\"@id\":\"https:\/\/portaltela.pt\/#\/schema\/person\/c4278d4a6028830caff9ee44b42d32ed\",\"name\":\"Telinha\",\"image\":{\"@type\":\"ImageObject\",\"inLanguage\":\"pt-PT\",\"@id\":\"https:\/\/portaltela.pt\/s.01k8rhncp4jt1\/2025\/11\/talking-bot-125x125.png\",\"url\":\"https:\/\/portaltela.pt\/s.01k8rhncp4jt1\/2025\/11\/talking-bot-125x125.png\",\"contentUrl\":\"https:\/\/portaltela.pt\/s.01k8rhncp4jt1\/2025\/11\/talking-bot-125x125.png\",\"caption\":\"Telinha\"},\"sameAs\":[\"https:\/\/portaltela.pt\/\"],\"url\":\"https:\/\/portaltela.pt\/por\/367410592786\/\"}]}<\/script>\n<!-- \/ Yoast SEO plugin. -->","yoast_head_json":{"title":"I Liga: Vicens admite n\u00e3o conseguir preparar dois jogos ao mesmo tempo - Portal Tela Portugal","robots":{"index":"index","follow":"follow","max-snippet":"max-snippet:-1","max-image-preview":"max-image-preview:large","max-video-preview":"max-video-preview:-1"},"og_locale":"pt_PT","og_type":"article","og_title":"I Liga: Vicens admite n\u00e3o conseguir preparar dois jogos ao mesmo tempo - Portal Tela Portugal","og_description":"O treinador Carlos Vicens afirmou que n\u00e3o tem capacidade para preparar dois jogos ao mesmo tempo, referindo-se \u00e0 eliminat\u00f3ria europeia com o Betis. Vicens disse estar a concentrar-se apenas na rece\u00e7\u00e3o do Sporting de Braga ao Arouca, da 29.\u00aa jornada da I Liga. O foco atual \u00e9 o jogo contra o Arouca, sem falar em decis\u00f5es sobre o embate europeu com o Betis. O coment\u00e1rio de Vicens refor\u00e7a a prioridade dada ao confronto da liga em detrimento de compromissos internacionais.","og_url":"https:\/\/portaltela.pt\/noticias\/2026\/04\/11\/i-liga-vicens-admite-nao-conseguir-preparar-dois-jogos-ao-mesmo-tempo\/","og_site_name":"Portal Tela Portugal","article_published_time":"2026-04-11T13:16:50+00:00","author":"Telinha","twitter_card":"summary_large_image","twitter_misc":{"Escrito por":"Telinha","Tempo estimado de leitura":"1 minuto"},"schema":{"@context":"https:\/\/schema.org","@graph":[{"@type":"Article","@id":"https:\/\/portaltela.pt\/noticias\/2026\/04\/11\/i-liga-vicens-admite-nao-conseguir-preparar-dois-jogos-ao-mesmo-tempo\/#article","isPartOf":{"@id":"https:\/\/portaltela.pt\/noticias\/2026\/04\/11\/i-liga-vicens-admite-nao-conseguir-preparar-dois-jogos-ao-mesmo-tempo\/"},"author":{"name":"Telinha","@id":"https:\/\/portaltela.pt\/#\/schema\/person\/c4278d4a6028830caff9ee44b42d32ed"},"headline":"I Liga: Vicens admite n\u00e3o conseguir preparar dois jogos ao mesmo tempo","datePublished":"2026-04-11T13:16:50+00:00","mainEntityOfPage":{"@id":"https:\/\/portaltela.pt\/noticias\/2026\/04\/11\/i-liga-vicens-admite-nao-conseguir-preparar-dois-jogos-ao-mesmo-tempo\/"},"wordCount":172,"image":{"@id":"https:\/\/portaltela.pt\/noticias\/2026\/04\/11\/i-liga-vicens-admite-nao-conseguir-preparar-dois-jogos-ao-mesmo-tempo\/#primaryimage"},"thumbnailUrl":"https:\/\/portaltela.pt\/s.01k8rhncp4jt1\/2026\/04\/CACHE_780X1200_ANALOG_WATERMARKED_46887388_383523517524163.jpg","keywords":["1. Liga","Arouca","Braga","campeonato","futebol"],"articleSection":["Desporto","Futebol"],"inLanguage":"pt-PT"},{"@type":"WebPage","@id":"https:\/\/portaltela.pt\/noticias\/2026\/04\/11\/i-liga-vicens-admite-nao-conseguir-preparar-dois-jogos-ao-mesmo-tempo\/","url":"https:\/\/portaltela.pt\/noticias\/2026\/04\/11\/i-liga-vicens-admite-nao-conseguir-preparar-dois-jogos-ao-mesmo-tempo\/","name":"I Liga: Vicens admite n\u00e3o conseguir preparar dois jogos ao mesmo tempo - Portal Tela Portugal","isPartOf":{"@id":"https:\/\/portaltela.pt\/#website"},"primaryImageOfPage":{"@id":"https:\/\/portaltela.pt\/noticias\/2026\/04\/11\/i-liga-vicens-admite-nao-conseguir-preparar-dois-jogos-ao-mesmo-tempo\/#primaryimage"},"image":{"@id":"https:\/\/portaltela.pt\/noticias\/2026\/04\/11\/i-liga-vicens-admite-nao-conseguir-preparar-dois-jogos-ao-mesmo-tempo\/#primaryimage"},"thumbnailUrl":"https:\/\/portaltela.pt\/s.01k8rhncp4jt1\/2026\/04\/CACHE_780X1200_ANALOG_WATERMARKED_46887388_383523517524163.jpg","datePublished":"2026-04-11T13:16:50+00:00","author":{"@id":"https:\/\/portaltela.pt\/#\/schema\/person\/c4278d4a6028830caff9ee44b42d32ed"},"breadcrumb":{"@id":"https:\/\/portaltela.pt\/noticias\/2026\/04\/11\/i-liga-vicens-admite-nao-conseguir-preparar-dois-jogos-ao-mesmo-tempo\/#breadcrumb"},"inLanguage":"pt-PT","potentialAction":[{"@type":"ReadAction","target":["https:\/\/portaltela.pt\/noticias\/2026\/04\/11\/i-liga-vicens-admite-nao-conseguir-preparar-dois-jogos-ao-mesmo-tempo\/"]}]},{"@type":"ImageObject","inLanguage":"pt-PT","@id":"https:\/\/portaltela.pt\/noticias\/2026\/04\/11\/i-liga-vicens-admite-nao-conseguir-preparar-dois-jogos-ao-mesmo-tempo\/#primaryimage","url":"https:\/\/portaltela.pt\/s.01k8rhncp4jt1\/2026\/04\/CACHE_780X1200_ANALOG_WATERMARKED_46887388_383523517524163.jpg","contentUrl":"https:\/\/portaltela.pt\/s.01k8rhncp4jt1\/2026\/04\/CACHE_780X1200_ANALOG_WATERMARKED_46887388_383523517524163.jpg","width":768,"height":512,"caption":"I Liga: N\u00e3o tenho capacidade para preparar dois jogos ao mesmo tempo - Vicens"},{"@type":"BreadcrumbList","@id":"https:\/\/portaltela.pt\/noticias\/2026\/04\/11\/i-liga-vicens-admite-nao-conseguir-preparar-dois-jogos-ao-mesmo-tempo\/#breadcrumb","itemListElement":[{"@type":"ListItem","position":1,"name":"In\u00edcio","item":"https:\/\/portaltela.pt\/"},{"@type":"ListItem","position":2,"name":"I Liga: Vicens admite n\u00e3o conseguir preparar dois jogos ao mesmo tempo"}]},{"@type":"WebSite","@id":"https:\/\/portaltela.pt\/#website","url":"https:\/\/portaltela.pt\/","name":"Portal Tela Portugal","description":"","potentialAction":[{"@type":"SearchAction","target":{"@type":"EntryPoint","urlTemplate":"https:\/\/portaltela.pt\/?s={search_term_string}"},"query-input":{"@type":"PropertyValueSpecification","valueRequired":true,"valueName":"search_term_string"}}],"inLanguage":"pt-PT"},{"@type":"Person","@id":"https:\/\/portaltela.pt\/#\/schema\/person\/c4278d4a6028830caff9ee44b42d32ed","name":"Telinha","image":{"@type":"ImageObject","inLanguage":"pt-PT","@id":"https:\/\/portaltela.pt\/s.01k8rhncp4jt1\/2025\/11\/talking-bot-125x125.png","url":"https:\/\/portaltela.pt\/s.01k8rhncp4jt1\/2025\/11\/talking-bot-125x125.png","contentUrl":"https:\/\/portaltela.pt\/s.01k8rhncp4jt1\/2025\/11\/talking-bot-125x125.png","caption":"Telinha"},"sameAs":["https:\/\/portaltela.pt\/"],"url":"https:\/\/portaltela.pt\/por\/367410592786\/"}]}},"_links":{"self":[{"href":"https:\/\/portaltela.pt\/api\/wp\/v2\/posts\/440507","targetHints":{"allow":["GET"]}}],"collection":[{"href":"https:\/\/portaltela.pt\/api\/wp\/v2\/posts"}],"about":[{"href":"https:\/\/portaltela.pt\/api\/wp\/v2\/types\/post"}],"author":[{"embeddable":true,"href":"https:\/\/portaltela.pt\/api\/wp\/v2\/users\/2"}],"replies":[{"embeddable":true,"href":"https:\/\/portaltela.pt\/api\/wp\/v2\/comments?post=440507"}],"version-history":[{"count":0,"href":"https:\/\/portaltela.pt\/api\/wp\/v2\/posts\/440507\/revisions"}],"wp:featuredmedia":[{"embeddable":true,"href":"https:\/\/portaltela.pt\/api\/wp\/v2\/media\/440508"}],"wp:attachment":[{"href":"https:\/\/portaltela.pt\/api\/wp\/v2\/media?parent=440507"}],"wp:term":[{"taxonomy":"category","embeddable":true,"href":"https:\/\/portaltela.pt\/api\/wp\/v2\/categories?post=440507"},{"taxonomy":"post_tag","embeddable":true,"href":"https:\/\/portaltela.pt\/api\/wp\/v2\/tags?post=440507"}],"curies":[{"name":"wp","href":"https:\/\/api.w.org\/{rel}","templated":true}]}}