{"id":440505,"date":"2026-04-11T10:02:24","date_gmt":"2026-04-11T13:02:24","guid":{"rendered":"https:\/\/portaltela.pt\/noticias\/2026\/04\/11\/fadista-ricardo-ribeiro-perde-77-quilos-e-revela-transformacao-fisica\/"},"modified":"2026-04-11T10:02:24","modified_gmt":"2026-04-11T13:02:24","slug":"fadista-ricardo-ribeiro-perde-77-quilos-e-revela-transformacao-fisica","status":"publish","type":"post","link":"https:\/\/portaltela.pt\/saude\/2026\/04\/11\/fadista-ricardo-ribeiro-perde-77-quilos-e-revela-transformacao-fisica\/","title":{"rendered":"Fadista Ricardo Ribeiro perde 77 quilos e revela transforma\u00e7\u00e3o f\u00edsica"},"content":{"rendered":"<p>Ricardo Ribeiro, fadista portugu\u00eas, revelou uma transforma\u00e7\u00e3o f\u00edsica expressiva ap\u00f3s uma perda de 77 quilos ao longo dos \u00faltimos anos, passando de 145 para 68 quilos. A divulga\u00e7\u00e3o ocorreu atrav\u00e9s das suas redes sociais, com imagens do antes e depois a ilustrar o percurso.<\/p>\n<p>Em comunicado informal, o artista de 43 anos explicou que a obesidade \u00e9 encarada como uma doen\u00e7a cr\u00f3nica. Referiu que o peso pode agir como escudo emocional ligado a experi\u00eancias de inf\u00e2ncia e adolesc\u00eancia, tendo dias de desalento em que a comida era refugio para a ansiedade.<\/p>\n<p>A mudan\u00e7a esteve assente na disciplina e na perseveran\u00e7a, com apoio do Servi\u00e7o Nacional de Sa\u00fade e da pr\u00e1tica de Kickboxing, uma das paix\u00f5es de Ribeiro. O fadista agradeceu a equipa m\u00e9dica que o acompanhou e lan\u00e7ou um apelo a quem enfrenta o mesmo problema: procurar apoio profissional de sa\u00fade e encontrar uma atividade desportiva de gosto pessoal para sustentar o processo.<\/p>\n","protected":false},"excerpt":{"rendered":"<ul>\n<li>Ricardo Ribeiro perdeu 77 quilos ao longo dos \u00faltimos anos, passando de 145 quilos para 68 quilos.<\/li>\n<li>Partilhou imagens do \u201cantes e depois\u201d nas redes sociais, mostrando a transforma\u00e7\u00e3o f\u00edsica.<\/li>\n<li>Em p\u00fablico, descreveu a obesidade como doen\u00e7a cr\u00f3nica e falou sobre o impacto emocional associada ao ganho de peso.<\/li>\n<li>A mudan\u00e7a deveu-se \u00e0 disciplina, perseveran\u00e7a e ao apoio do Servi\u00e7o Nacional de Sa\u00fade, aliada \u00e0 pr\u00e1tica de kickboxing.<\/li>\n<li>O fadista deixou um apelo a quem enfrenta o mesmo problema: procurem ajuda de profissionais de sa\u00fade e encontrem um desporto de que gostem, com empenho no processo.<\/li>\n<\/ul>\n","protected":false},"author":2,"featured_media":440506,"comment_status":"closed","ping_status":"closed","sticky":false,"template":"","format":"standard","meta":{"footnotes":""},"categories":[6745],"tags":[152,6135,915,5649,271,1775],"class_list":["post-440505","post","type-post","status-publish","format-standard","has-post-thumbnail","hentry","category-saude","tag-desporto","tag-fitness","tag-nutricao","tag-obesidade","tag-saude-publica","tag-sns"],"yoast_head":"<!-- This site is optimized with the Yoast SEO plugin v27.2 - https:\/\/yoast.com\/product\/yoast-seo-wordpress\/ -->\n<title>Fadista Ricardo Ribeiro perde 77 quilos e revela transforma\u00e7\u00e3o f\u00edsica - Portal Tela Portugal<\/title>\n<meta name=\"robots\" content=\"index, follow, max-snippet:-1, max-image-preview:large, max-video-preview:-1\" \/>\n<meta property=\"og:locale\" content=\"pt_PT\" \/>\n<meta property=\"og:type\" content=\"article\" \/>\n<meta property=\"og:title\" content=\"Fadista Ricardo Ribeiro perde 77 quilos e revela transforma\u00e7\u00e3o f\u00edsica - Portal Tela Portugal\" \/>\n<meta property=\"og:description\" content=\"Ricardo Ribeiro perdeu 77 quilos ao longo dos \u00faltimos anos, passando de 145 quilos para 68 quilos. Partilhou imagens do \u201cantes e depois\u201d nas redes sociais, mostrando a transforma\u00e7\u00e3o f\u00edsica. Em p\u00fablico, descreveu a obesidade como doen\u00e7a cr\u00f3nica e falou sobre o impacto emocional associada ao ganho de peso. A mudan\u00e7a deveu-se \u00e0 disciplina, perseveran\u00e7a e ao apoio do Servi\u00e7o Nacional de Sa\u00fade, aliada \u00e0 pr\u00e1tica de kickboxing. O fadista deixou um apelo a quem enfrenta o mesmo problema: procurem ajuda de profissionais de sa\u00fade e encontrem um desporto de que gostem, com empenho no processo.\" \/>\n<meta property=\"og:url\" content=\"https:\/\/portaltela.pt\/noticias\/2026\/04\/11\/fadista-ricardo-ribeiro-perde-77-quilos-e-revela-transformacao-fisica\/\" \/>\n<meta property=\"og:site_name\" content=\"Portal Tela Portugal\" \/>\n<meta property=\"article:published_time\" content=\"2026-04-11T13:02:24+00:00\" \/>\n<meta name=\"author\" content=\"Telinha\" \/>\n<meta name=\"twitter:card\" content=\"summary_large_image\" \/>\n<meta name=\"twitter:label1\" content=\"Escrito por\" \/>\n\t<meta name=\"twitter:data1\" content=\"Telinha\" \/>\n\t<meta name=\"twitter:label2\" content=\"Tempo estimado de leitura\" \/>\n\t<meta name=\"twitter:data2\" content=\"1 minuto\" \/>\n<script type=\"application\/ld+json\" class=\"yoast-schema-graph\">{\"@context\":\"https:\/\/schema.org\",\"@graph\":[{\"@type\":\"Article\",\"@id\":\"https:\/\/portaltela.pt\/noticias\/2026\/04\/11\/fadista-ricardo-ribeiro-perde-77-quilos-e-revela-transformacao-fisica\/#article\",\"isPartOf\":{\"@id\":\"https:\/\/portaltela.pt\/noticias\/2026\/04\/11\/fadista-ricardo-ribeiro-perde-77-quilos-e-revela-transformacao-fisica\/\"},\"author\":{\"name\":\"Telinha\",\"@id\":\"https:\/\/portaltela.pt\/#\/schema\/person\/c4278d4a6028830caff9ee44b42d32ed\"},\"headline\":\"Fadista Ricardo Ribeiro perde 77 quilos e revela transforma\u00e7\u00e3o f\u00edsica\",\"datePublished\":\"2026-04-11T13:02:24+00:00\",\"mainEntityOfPage\":{\"@id\":\"https:\/\/portaltela.pt\/noticias\/2026\/04\/11\/fadista-ricardo-ribeiro-perde-77-quilos-e-revela-transformacao-fisica\/\"},\"wordCount\":179,\"image\":{\"@id\":\"https:\/\/portaltela.pt\/noticias\/2026\/04\/11\/fadista-ricardo-ribeiro-perde-77-quilos-e-revela-transformacao-fisica\/#primaryimage\"},\"thumbnailUrl\":\"https:\/\/portaltela.pt\/s.01k8rhncp4jt1\/2026\/04\/img_1280x718uu2026-04-10-21-44-05-2277815-im-639115011127276622.jpg\",\"keywords\":[\"desporto\",\"fitness\",\"nutri\u00e7\u00e3o\",\"obesidade\",\"sa\u00fade p\u00fablica\",\"SNS\"],\"articleSection\":[\"Sa\u00fade\"],\"inLanguage\":\"pt-PT\"},{\"@type\":\"WebPage\",\"@id\":\"https:\/\/portaltela.pt\/noticias\/2026\/04\/11\/fadista-ricardo-ribeiro-perde-77-quilos-e-revela-transformacao-fisica\/\",\"url\":\"https:\/\/portaltela.pt\/noticias\/2026\/04\/11\/fadista-ricardo-ribeiro-perde-77-quilos-e-revela-transformacao-fisica\/\",\"name\":\"Fadista Ricardo Ribeiro perde 77 quilos e revela transforma\u00e7\u00e3o f\u00edsica - Portal Tela Portugal\",\"isPartOf\":{\"@id\":\"https:\/\/portaltela.pt\/#website\"},\"primaryImageOfPage\":{\"@id\":\"https:\/\/portaltela.pt\/noticias\/2026\/04\/11\/fadista-ricardo-ribeiro-perde-77-quilos-e-revela-transformacao-fisica\/#primaryimage\"},\"image\":{\"@id\":\"https:\/\/portaltela.pt\/noticias\/2026\/04\/11\/fadista-ricardo-ribeiro-perde-77-quilos-e-revela-transformacao-fisica\/#primaryimage\"},\"thumbnailUrl\":\"https:\/\/portaltela.pt\/s.01k8rhncp4jt1\/2026\/04\/img_1280x718uu2026-04-10-21-44-05-2277815-im-639115011127276622.jpg\",\"datePublished\":\"2026-04-11T13:02:24+00:00\",\"author\":{\"@id\":\"https:\/\/portaltela.pt\/#\/schema\/person\/c4278d4a6028830caff9ee44b42d32ed\"},\"breadcrumb\":{\"@id\":\"https:\/\/portaltela.pt\/noticias\/2026\/04\/11\/fadista-ricardo-ribeiro-perde-77-quilos-e-revela-transformacao-fisica\/#breadcrumb\"},\"inLanguage\":\"pt-PT\",\"potentialAction\":[{\"@type\":\"ReadAction\",\"target\":[\"https:\/\/portaltela.pt\/noticias\/2026\/04\/11\/fadista-ricardo-ribeiro-perde-77-quilos-e-revela-transformacao-fisica\/\"]}]},{\"@type\":\"ImageObject\",\"inLanguage\":\"pt-PT\",\"@id\":\"https:\/\/portaltela.pt\/noticias\/2026\/04\/11\/fadista-ricardo-ribeiro-perde-77-quilos-e-revela-transformacao-fisica\/#primaryimage\",\"url\":\"https:\/\/portaltela.pt\/s.01k8rhncp4jt1\/2026\/04\/img_1280x718uu2026-04-10-21-44-05-2277815-im-639115011127276622.jpg\",\"contentUrl\":\"https:\/\/portaltela.pt\/s.01k8rhncp4jt1\/2026\/04\/img_1280x718uu2026-04-10-21-44-05-2277815-im-639115011127276622.jpg\",\"width\":796,\"height\":448,\"caption\":\"Photo\"},{\"@type\":\"BreadcrumbList\",\"@id\":\"https:\/\/portaltela.pt\/noticias\/2026\/04\/11\/fadista-ricardo-ribeiro-perde-77-quilos-e-revela-transformacao-fisica\/#breadcrumb\",\"itemListElement\":[{\"@type\":\"ListItem\",\"position\":1,\"name\":\"In\u00edcio\",\"item\":\"https:\/\/portaltela.pt\/\"},{\"@type\":\"ListItem\",\"position\":2,\"name\":\"Fadista Ricardo Ribeiro perde 77 quilos e revela transforma\u00e7\u00e3o f\u00edsica\"}]},{\"@type\":\"WebSite\",\"@id\":\"https:\/\/portaltela.pt\/#website\",\"url\":\"https:\/\/portaltela.pt\/\",\"name\":\"Portal Tela Portugal\",\"description\":\"\",\"potentialAction\":[{\"@type\":\"SearchAction\",\"target\":{\"@type\":\"EntryPoint\",\"urlTemplate\":\"https:\/\/portaltela.pt\/?s={search_term_string}\"},\"query-input\":{\"@type\":\"PropertyValueSpecification\",\"valueRequired\":true,\"valueName\":\"search_term_string\"}}],\"inLanguage\":\"pt-PT\"},{\"@type\":\"Person\",\"@id\":\"https:\/\/portaltela.pt\/#\/schema\/person\/c4278d4a6028830caff9ee44b42d32ed\",\"name\":\"Telinha\",\"image\":{\"@type\":\"ImageObject\",\"inLanguage\":\"pt-PT\",\"@id\":\"https:\/\/portaltela.pt\/s.01k8rhncp4jt1\/2025\/11\/talking-bot-125x125.png\",\"url\":\"https:\/\/portaltela.pt\/s.01k8rhncp4jt1\/2025\/11\/talking-bot-125x125.png\",\"contentUrl\":\"https:\/\/portaltela.pt\/s.01k8rhncp4jt1\/2025\/11\/talking-bot-125x125.png\",\"caption\":\"Telinha\"},\"sameAs\":[\"https:\/\/portaltela.pt\/\"],\"url\":\"https:\/\/portaltela.pt\/por\/367410592786\/\"}]}<\/script>\n<!-- \/ Yoast SEO plugin. -->","yoast_head_json":{"title":"Fadista Ricardo Ribeiro perde 77 quilos e revela transforma\u00e7\u00e3o f\u00edsica - Portal Tela Portugal","robots":{"index":"index","follow":"follow","max-snippet":"max-snippet:-1","max-image-preview":"max-image-preview:large","max-video-preview":"max-video-preview:-1"},"og_locale":"pt_PT","og_type":"article","og_title":"Fadista Ricardo Ribeiro perde 77 quilos e revela transforma\u00e7\u00e3o f\u00edsica - Portal Tela Portugal","og_description":"Ricardo Ribeiro perdeu 77 quilos ao longo dos \u00faltimos anos, passando de 145 quilos para 68 quilos. Partilhou imagens do \u201cantes e depois\u201d nas redes sociais, mostrando a transforma\u00e7\u00e3o f\u00edsica. Em p\u00fablico, descreveu a obesidade como doen\u00e7a cr\u00f3nica e falou sobre o impacto emocional associada ao ganho de peso. A mudan\u00e7a deveu-se \u00e0 disciplina, perseveran\u00e7a e ao apoio do Servi\u00e7o Nacional de Sa\u00fade, aliada \u00e0 pr\u00e1tica de kickboxing. O fadista deixou um apelo a quem enfrenta o mesmo problema: procurem ajuda de profissionais de sa\u00fade e encontrem um desporto de que gostem, com empenho no processo.","og_url":"https:\/\/portaltela.pt\/noticias\/2026\/04\/11\/fadista-ricardo-ribeiro-perde-77-quilos-e-revela-transformacao-fisica\/","og_site_name":"Portal Tela Portugal","article_published_time":"2026-04-11T13:02:24+00:00","author":"Telinha","twitter_card":"summary_large_image","twitter_misc":{"Escrito por":"Telinha","Tempo estimado de leitura":"1 minuto"},"schema":{"@context":"https:\/\/schema.org","@graph":[{"@type":"Article","@id":"https:\/\/portaltela.pt\/noticias\/2026\/04\/11\/fadista-ricardo-ribeiro-perde-77-quilos-e-revela-transformacao-fisica\/#article","isPartOf":{"@id":"https:\/\/portaltela.pt\/noticias\/2026\/04\/11\/fadista-ricardo-ribeiro-perde-77-quilos-e-revela-transformacao-fisica\/"},"author":{"name":"Telinha","@id":"https:\/\/portaltela.pt\/#\/schema\/person\/c4278d4a6028830caff9ee44b42d32ed"},"headline":"Fadista Ricardo Ribeiro perde 77 quilos e revela transforma\u00e7\u00e3o f\u00edsica","datePublished":"2026-04-11T13:02:24+00:00","mainEntityOfPage":{"@id":"https:\/\/portaltela.pt\/noticias\/2026\/04\/11\/fadista-ricardo-ribeiro-perde-77-quilos-e-revela-transformacao-fisica\/"},"wordCount":179,"image":{"@id":"https:\/\/portaltela.pt\/noticias\/2026\/04\/11\/fadista-ricardo-ribeiro-perde-77-quilos-e-revela-transformacao-fisica\/#primaryimage"},"thumbnailUrl":"https:\/\/portaltela.pt\/s.01k8rhncp4jt1\/2026\/04\/img_1280x718uu2026-04-10-21-44-05-2277815-im-639115011127276622.jpg","keywords":["desporto","fitness","nutri\u00e7\u00e3o","obesidade","sa\u00fade p\u00fablica","SNS"],"articleSection":["Sa\u00fade"],"inLanguage":"pt-PT"},{"@type":"WebPage","@id":"https:\/\/portaltela.pt\/noticias\/2026\/04\/11\/fadista-ricardo-ribeiro-perde-77-quilos-e-revela-transformacao-fisica\/","url":"https:\/\/portaltela.pt\/noticias\/2026\/04\/11\/fadista-ricardo-ribeiro-perde-77-quilos-e-revela-transformacao-fisica\/","name":"Fadista Ricardo Ribeiro perde 77 quilos e revela transforma\u00e7\u00e3o f\u00edsica - Portal Tela Portugal","isPartOf":{"@id":"https:\/\/portaltela.pt\/#website"},"primaryImageOfPage":{"@id":"https:\/\/portaltela.pt\/noticias\/2026\/04\/11\/fadista-ricardo-ribeiro-perde-77-quilos-e-revela-transformacao-fisica\/#primaryimage"},"image":{"@id":"https:\/\/portaltela.pt\/noticias\/2026\/04\/11\/fadista-ricardo-ribeiro-perde-77-quilos-e-revela-transformacao-fisica\/#primaryimage"},"thumbnailUrl":"https:\/\/portaltela.pt\/s.01k8rhncp4jt1\/2026\/04\/img_1280x718uu2026-04-10-21-44-05-2277815-im-639115011127276622.jpg","datePublished":"2026-04-11T13:02:24+00:00","author":{"@id":"https:\/\/portaltela.pt\/#\/schema\/person\/c4278d4a6028830caff9ee44b42d32ed"},"breadcrumb":{"@id":"https:\/\/portaltela.pt\/noticias\/2026\/04\/11\/fadista-ricardo-ribeiro-perde-77-quilos-e-revela-transformacao-fisica\/#breadcrumb"},"inLanguage":"pt-PT","potentialAction":[{"@type":"ReadAction","target":["https:\/\/portaltela.pt\/noticias\/2026\/04\/11\/fadista-ricardo-ribeiro-perde-77-quilos-e-revela-transformacao-fisica\/"]}]},{"@type":"ImageObject","inLanguage":"pt-PT","@id":"https:\/\/portaltela.pt\/noticias\/2026\/04\/11\/fadista-ricardo-ribeiro-perde-77-quilos-e-revela-transformacao-fisica\/#primaryimage","url":"https:\/\/portaltela.pt\/s.01k8rhncp4jt1\/2026\/04\/img_1280x718uu2026-04-10-21-44-05-2277815-im-639115011127276622.jpg","contentUrl":"https:\/\/portaltela.pt\/s.01k8rhncp4jt1\/2026\/04\/img_1280x718uu2026-04-10-21-44-05-2277815-im-639115011127276622.jpg","width":796,"height":448,"caption":"Photo"},{"@type":"BreadcrumbList","@id":"https:\/\/portaltela.pt\/noticias\/2026\/04\/11\/fadista-ricardo-ribeiro-perde-77-quilos-e-revela-transformacao-fisica\/#breadcrumb","itemListElement":[{"@type":"ListItem","position":1,"name":"In\u00edcio","item":"https:\/\/portaltela.pt\/"},{"@type":"ListItem","position":2,"name":"Fadista Ricardo Ribeiro perde 77 quilos e revela transforma\u00e7\u00e3o f\u00edsica"}]},{"@type":"WebSite","@id":"https:\/\/portaltela.pt\/#website","url":"https:\/\/portaltela.pt\/","name":"Portal Tela Portugal","description":"","potentialAction":[{"@type":"SearchAction","target":{"@type":"EntryPoint","urlTemplate":"https:\/\/portaltela.pt\/?s={search_term_string}"},"query-input":{"@type":"PropertyValueSpecification","valueRequired":true,"valueName":"search_term_string"}}],"inLanguage":"pt-PT"},{"@type":"Person","@id":"https:\/\/portaltela.pt\/#\/schema\/person\/c4278d4a6028830caff9ee44b42d32ed","name":"Telinha","image":{"@type":"ImageObject","inLanguage":"pt-PT","@id":"https:\/\/portaltela.pt\/s.01k8rhncp4jt1\/2025\/11\/talking-bot-125x125.png","url":"https:\/\/portaltela.pt\/s.01k8rhncp4jt1\/2025\/11\/talking-bot-125x125.png","contentUrl":"https:\/\/portaltela.pt\/s.01k8rhncp4jt1\/2025\/11\/talking-bot-125x125.png","caption":"Telinha"},"sameAs":["https:\/\/portaltela.pt\/"],"url":"https:\/\/portaltela.pt\/por\/367410592786\/"}]}},"_links":{"self":[{"href":"https:\/\/portaltela.pt\/api\/wp\/v2\/posts\/440505","targetHints":{"allow":["GET"]}}],"collection":[{"href":"https:\/\/portaltela.pt\/api\/wp\/v2\/posts"}],"about":[{"href":"https:\/\/portaltela.pt\/api\/wp\/v2\/types\/post"}],"author":[{"embeddable":true,"href":"https:\/\/portaltela.pt\/api\/wp\/v2\/users\/2"}],"replies":[{"embeddable":true,"href":"https:\/\/portaltela.pt\/api\/wp\/v2\/comments?post=440505"}],"version-history":[{"count":0,"href":"https:\/\/portaltela.pt\/api\/wp\/v2\/posts\/440505\/revisions"}],"wp:featuredmedia":[{"embeddable":true,"href":"https:\/\/portaltela.pt\/api\/wp\/v2\/media\/440506"}],"wp:attachment":[{"href":"https:\/\/portaltela.pt\/api\/wp\/v2\/media?parent=440505"}],"wp:term":[{"taxonomy":"category","embeddable":true,"href":"https:\/\/portaltela.pt\/api\/wp\/v2\/categories?post=440505"},{"taxonomy":"post_tag","embeddable":true,"href":"https:\/\/portaltela.pt\/api\/wp\/v2\/tags?post=440505"}],"curies":[{"name":"wp","href":"https:\/\/api.w.org\/{rel}","templated":true}]}}