{"id":440500,"date":"2026-04-11T09:47:10","date_gmt":"2026-04-11T12:47:10","guid":{"rendered":"https:\/\/portaltela.pt\/noticias\/2026\/04\/11\/grupo-vita-recebe-novas-denuncias-de-abusos-sexuais-na-igreja-4\/"},"modified":"2026-04-11T09:47:10","modified_gmt":"2026-04-11T12:47:10","slug":"grupo-vita-recebe-novas-denuncias-de-abusos-sexuais-na-igreja-4","status":"publish","type":"post","link":"https:\/\/portaltela.pt\/sociedade\/2026\/04\/11\/grupo-vita-recebe-novas-denuncias-de-abusos-sexuais-na-igreja-4\/","title":{"rendered":"Grupo VITA recebe novas den\u00fancias de abusos sexuais na Igreja"},"content":{"rendered":"<p>O Grupo VITA, criado pela Confer\u00eancia Episcopal Portuguesa para acompanhar casos de abuso sexual na Igreja Cat\u00f3lica, informou que tem recebido novas den\u00fancias. As queixas s\u00e3o de situa\u00e7\u00f5es antigas, mas com pessoas a falar pela primeira vez, segundo a coordenadora da linha de apoio.<\/p>\n<p>Rute Agulhas afirmou aos jornalistas, em F\u00e1tima, que n\u00e3o \u00e9 poss\u00edvel indicar um n\u00famero de den\u00fancias neste momento. A apresenta\u00e7\u00e3o de dados acontece apenas a cada seis meses, quando \u00e9 entregue o relat\u00f3rio atualizado.<\/p>\n<p>As pessoas que contactam o Grupo VITA procuram, acima de tudo, ajuda e apoio psicol\u00f3gico, n\u00e3o perspetivando compensa\u00e7\u00e3o financeira. Os relatos referem situa\u00e7\u00f5es ocorridas no passado, com v\u00edtimas que decidem falar agora.<\/p>\n<p>Sobre os potenciais abusadores, a coordenadora explicou que est\u00e3o falecidos, tratando-se de casos que j\u00e1 aconteceram h\u00e1 mais tempo. N\u00e3o houve, neste momento, especifica\u00e7\u00e3o sobre se os casos envolvem sacerdotes.<\/p>\n<p>A respons\u00e1vel destacou que a forma de partilhar informa\u00e7\u00e3o requer organiza\u00e7\u00e3o e detalhes. N\u00e3o \u00e9 objetivo apresentar n\u00fameros soltos ou descri\u00e7\u00f5es avulsas neste momento.<\/p>\n<p>Existem tamb\u00e9m situa\u00e7\u00f5es mais recentes que ainda n\u00e3o prescreveram criminalmente e que podem n\u00e3o ter chegado \u00e0s estruturas da Igreja, incluindo o Grupo VITA e as comiss\u00f5es diocesanas. O acompanhamento \u00e9 crucial para encaminhamento adequado.<\/p>\n<p>Agulhas sublinhou que o trabalho \u00e9 feito em proximidade com escolas, escuteiros e catequistas, grupos onde adultos acompanham crian\u00e7as e jovens. A inten\u00e7\u00e3o \u00e9 melhorar o acolhimento e a preven\u00e7\u00e3o em ambientes religiosos e educativos.<\/p>\n<p>Ao longo dos anos, t\u00eam chegado pedidos de apoio de v\u00edtimas de abusos fora da Igreja, incluindo contexto familiar e escolar. Em alguns casos, o Grupo VITA encaminha para as entidades competentes, consoante a \u00e1rea de resid\u00eancia.<\/p>\n<p>Questionada sobre o montante de compensa\u00e7\u00f5es financeiras, a coordenadora n\u00e3o comentou, ressaltando que o Grupo VITA n\u00e3o define esses valores. O intervalo mencionado pelo p\u00fablico tem sido tema de discuss\u00f5es fora da estrutura.<\/p>\n<p>Quanto ao futuro, o primeiro plano de atividades termina no fim de maio. A comunidade reafirma disponibilidade para continuar, com objetivos mais espec\u00edficos a redefinir conforme o novo contexto.<\/p>\n<p>Caso permane\u00e7a, o Grupo VITA dever\u00e1 apresentar um novo plano de atividades. A entidade refor\u00e7a que a compensa\u00e7\u00e3o financeira \u00e9 apenas uma parte do processo de repara\u00e7\u00e3o, que inclui acolhimento, apoio psicol\u00f3gico e capacita\u00e7\u00e3o das estruturas da Igreja.<\/p>\n<p>Em conclus\u00e3o, o Grupo VITA continua a acolher v\u00edtimas de viol\u00eancia sexual com foco na preven\u00e7\u00e3o, apoio e encaminhamento adequado, mantendo-se como estrutura aut\u00f3noma e independente no contexto da Igreja Cat\u00f3lica em Portugal.<\/p>\n","protected":false},"excerpt":{"rendered":"<ul>\n<li>O Grupo VITA recebeu novas den\u00fancias de abusos sexuais na Igreja, incluindo casos envolvendo agressores j\u00e1 falecidos, segundo a coordenadora Rute Agulhas.<\/li>\n<li>As den\u00fancias referem-se a casos antigos, mas as pessoas est\u00e3o a falar pela primeira vez; o grupo n\u00e3o divulga n\u00fameros e atualiza dados de seis em seis meses.<\/li>\n<li>Os relatos costumam dizer que as pessoas procuram ajuda, n\u00e3o pensar na compensa\u00e7\u00e3o financeira; n\u00e3o se sabe se os agressores s\u00e3o padres.<\/li>\n<li>Existem casos mais recentes que ainda n\u00e3o prescreveram, que chegam \u00e0s estruturas da Igreja, n\u00e3o apenas ao Grupo VITA.<\/li>\n<li>O futuro do Grupo VITA depende de um novo plano de atividades ap\u00f3s o t\u00e9rmino do atual, em maio, mantendo o foco em acolhimento, apoio e encaminhamento.<\/li>\n<\/ul>\n","protected":false},"author":2,"featured_media":440501,"comment_status":"closed","ping_status":"closed","sticky":false,"template":"","format":"standard","meta":{"footnotes":""},"categories":[6745,6871],"tags":[7683,163,102,2249,104,5892],"class_list":["post-440500","post","type-post","status-publish","format-standard","has-post-thumbnail","hentry","category-saude","category-sociedade","tag-abuso-sexual","tag-educacao","tag-igreja","tag-psicologia","tag-religiao","tag-violencia-sexual"],"yoast_head":"<!-- This site is optimized with the Yoast SEO plugin v27.2 - https:\/\/yoast.com\/product\/yoast-seo-wordpress\/ -->\n<title>Grupo VITA recebe novas den\u00fancias de abusos sexuais na Igreja - Portal Tela Portugal<\/title>\n<meta name=\"robots\" content=\"index, follow, max-snippet:-1, max-image-preview:large, max-video-preview:-1\" \/>\n<meta property=\"og:locale\" content=\"pt_PT\" \/>\n<meta property=\"og:type\" content=\"article\" \/>\n<meta property=\"og:title\" content=\"Grupo VITA recebe novas den\u00fancias de abusos sexuais na Igreja - Portal Tela Portugal\" \/>\n<meta property=\"og:description\" content=\"O Grupo VITA recebeu novas den\u00fancias de abusos sexuais na Igreja, incluindo casos envolvendo agressores j\u00e1 falecidos, segundo a coordenadora Rute Agulhas. As den\u00fancias referem-se a casos antigos, mas as pessoas est\u00e3o a falar pela primeira vez; o grupo n\u00e3o divulga n\u00fameros e atualiza dados de seis em seis meses. Os relatos costumam dizer que as pessoas procuram ajuda, n\u00e3o pensar na compensa\u00e7\u00e3o financeira; n\u00e3o se sabe se os agressores s\u00e3o padres. Existem casos mais recentes que ainda n\u00e3o prescreveram, que chegam \u00e0s estruturas da Igreja, n\u00e3o apenas ao Grupo VITA. O futuro do Grupo VITA depende de um novo plano de atividades ap\u00f3s o t\u00e9rmino do atual, em maio, mantendo o foco em acolhimento, apoio e encaminhamento.\" \/>\n<meta property=\"og:url\" content=\"https:\/\/portaltela.pt\/noticias\/2026\/04\/11\/grupo-vita-recebe-novas-denuncias-de-abusos-sexuais-na-igreja-4\/\" \/>\n<meta property=\"og:site_name\" content=\"Portal Tela Portugal\" \/>\n<meta property=\"article:published_time\" content=\"2026-04-11T12:47:10+00:00\" \/>\n<meta name=\"author\" content=\"Telinha\" \/>\n<meta name=\"twitter:card\" content=\"summary_large_image\" \/>\n<meta name=\"twitter:label1\" content=\"Escrito por\" \/>\n\t<meta name=\"twitter:data1\" content=\"Telinha\" \/>\n\t<meta name=\"twitter:label2\" content=\"Tempo estimado de leitura\" \/>\n\t<meta name=\"twitter:data2\" content=\"2 minutos\" \/>\n<script type=\"application\/ld+json\" class=\"yoast-schema-graph\">{\"@context\":\"https:\/\/schema.org\",\"@graph\":[{\"@type\":\"Article\",\"@id\":\"https:\/\/portaltela.pt\/noticias\/2026\/04\/11\/grupo-vita-recebe-novas-denuncias-de-abusos-sexuais-na-igreja-4\/#article\",\"isPartOf\":{\"@id\":\"https:\/\/portaltela.pt\/noticias\/2026\/04\/11\/grupo-vita-recebe-novas-denuncias-de-abusos-sexuais-na-igreja-4\/\"},\"author\":{\"name\":\"Telinha\",\"@id\":\"https:\/\/portaltela.pt\/#\/schema\/person\/c4278d4a6028830caff9ee44b42d32ed\"},\"headline\":\"Grupo VITA recebe novas den\u00fancias de abusos sexuais na Igreja\",\"datePublished\":\"2026-04-11T12:47:10+00:00\",\"mainEntityOfPage\":{\"@id\":\"https:\/\/portaltela.pt\/noticias\/2026\/04\/11\/grupo-vita-recebe-novas-denuncias-de-abusos-sexuais-na-igreja-4\/\"},\"wordCount\":463,\"image\":{\"@id\":\"https:\/\/portaltela.pt\/noticias\/2026\/04\/11\/grupo-vita-recebe-novas-denuncias-de-abusos-sexuais-na-igreja-4\/#primaryimage\"},\"thumbnailUrl\":\"https:\/\/portaltela.pt\/s.01k8rhncp4jt1\/2026\/04\/2080710.jpg\",\"keywords\":[\"abuso sexual\",\"educa\u00e7\u00e3o\",\"igreja\",\"psicologia\",\"religi\u00e3o\",\"viol\u00eancia sexual\"],\"articleSection\":[\"Sa\u00fade\",\"Sociedade\"],\"inLanguage\":\"pt-PT\"},{\"@type\":\"WebPage\",\"@id\":\"https:\/\/portaltela.pt\/noticias\/2026\/04\/11\/grupo-vita-recebe-novas-denuncias-de-abusos-sexuais-na-igreja-4\/\",\"url\":\"https:\/\/portaltela.pt\/noticias\/2026\/04\/11\/grupo-vita-recebe-novas-denuncias-de-abusos-sexuais-na-igreja-4\/\",\"name\":\"Grupo VITA recebe novas den\u00fancias de abusos sexuais na Igreja - Portal Tela Portugal\",\"isPartOf\":{\"@id\":\"https:\/\/portaltela.pt\/#website\"},\"primaryImageOfPage\":{\"@id\":\"https:\/\/portaltela.pt\/noticias\/2026\/04\/11\/grupo-vita-recebe-novas-denuncias-de-abusos-sexuais-na-igreja-4\/#primaryimage\"},\"image\":{\"@id\":\"https:\/\/portaltela.pt\/noticias\/2026\/04\/11\/grupo-vita-recebe-novas-denuncias-de-abusos-sexuais-na-igreja-4\/#primaryimage\"},\"thumbnailUrl\":\"https:\/\/portaltela.pt\/s.01k8rhncp4jt1\/2026\/04\/2080710.jpg\",\"datePublished\":\"2026-04-11T12:47:10+00:00\",\"author\":{\"@id\":\"https:\/\/portaltela.pt\/#\/schema\/person\/c4278d4a6028830caff9ee44b42d32ed\"},\"breadcrumb\":{\"@id\":\"https:\/\/portaltela.pt\/noticias\/2026\/04\/11\/grupo-vita-recebe-novas-denuncias-de-abusos-sexuais-na-igreja-4\/#breadcrumb\"},\"inLanguage\":\"pt-PT\",\"potentialAction\":[{\"@type\":\"ReadAction\",\"target\":[\"https:\/\/portaltela.pt\/noticias\/2026\/04\/11\/grupo-vita-recebe-novas-denuncias-de-abusos-sexuais-na-igreja-4\/\"]}]},{\"@type\":\"ImageObject\",\"inLanguage\":\"pt-PT\",\"@id\":\"https:\/\/portaltela.pt\/noticias\/2026\/04\/11\/grupo-vita-recebe-novas-denuncias-de-abusos-sexuais-na-igreja-4\/#primaryimage\",\"url\":\"https:\/\/portaltela.pt\/s.01k8rhncp4jt1\/2026\/04\/2080710.jpg\",\"contentUrl\":\"https:\/\/portaltela.pt\/s.01k8rhncp4jt1\/2026\/04\/2080710.jpg\",\"width\":796,\"height\":448,\"caption\":\"A respons\u00e1vel notou ainda que o Grupo VITA continua \\\"a receber, desde o in\u00edcio, pedidos de ajuda de pessoas que foram v\u00edtimas de situa\u00e7\u00f5es abusivas fora da Igreja\\\"\"},{\"@type\":\"BreadcrumbList\",\"@id\":\"https:\/\/portaltela.pt\/noticias\/2026\/04\/11\/grupo-vita-recebe-novas-denuncias-de-abusos-sexuais-na-igreja-4\/#breadcrumb\",\"itemListElement\":[{\"@type\":\"ListItem\",\"position\":1,\"name\":\"In\u00edcio\",\"item\":\"https:\/\/portaltela.pt\/\"},{\"@type\":\"ListItem\",\"position\":2,\"name\":\"Grupo VITA recebe novas den\u00fancias de abusos sexuais na Igreja\"}]},{\"@type\":\"WebSite\",\"@id\":\"https:\/\/portaltela.pt\/#website\",\"url\":\"https:\/\/portaltela.pt\/\",\"name\":\"Portal Tela Portugal\",\"description\":\"\",\"potentialAction\":[{\"@type\":\"SearchAction\",\"target\":{\"@type\":\"EntryPoint\",\"urlTemplate\":\"https:\/\/portaltela.pt\/?s={search_term_string}\"},\"query-input\":{\"@type\":\"PropertyValueSpecification\",\"valueRequired\":true,\"valueName\":\"search_term_string\"}}],\"inLanguage\":\"pt-PT\"},{\"@type\":\"Person\",\"@id\":\"https:\/\/portaltela.pt\/#\/schema\/person\/c4278d4a6028830caff9ee44b42d32ed\",\"name\":\"Telinha\",\"image\":{\"@type\":\"ImageObject\",\"inLanguage\":\"pt-PT\",\"@id\":\"https:\/\/portaltela.pt\/s.01k8rhncp4jt1\/2025\/11\/talking-bot-125x125.png\",\"url\":\"https:\/\/portaltela.pt\/s.01k8rhncp4jt1\/2025\/11\/talking-bot-125x125.png\",\"contentUrl\":\"https:\/\/portaltela.pt\/s.01k8rhncp4jt1\/2025\/11\/talking-bot-125x125.png\",\"caption\":\"Telinha\"},\"sameAs\":[\"https:\/\/portaltela.pt\/\"],\"url\":\"https:\/\/portaltela.pt\/por\/367410592786\/\"}]}<\/script>\n<!-- \/ Yoast SEO plugin. -->","yoast_head_json":{"title":"Grupo VITA recebe novas den\u00fancias de abusos sexuais na Igreja - Portal Tela Portugal","robots":{"index":"index","follow":"follow","max-snippet":"max-snippet:-1","max-image-preview":"max-image-preview:large","max-video-preview":"max-video-preview:-1"},"og_locale":"pt_PT","og_type":"article","og_title":"Grupo VITA recebe novas den\u00fancias de abusos sexuais na Igreja - Portal Tela Portugal","og_description":"O Grupo VITA recebeu novas den\u00fancias de abusos sexuais na Igreja, incluindo casos envolvendo agressores j\u00e1 falecidos, segundo a coordenadora Rute Agulhas. As den\u00fancias referem-se a casos antigos, mas as pessoas est\u00e3o a falar pela primeira vez; o grupo n\u00e3o divulga n\u00fameros e atualiza dados de seis em seis meses. Os relatos costumam dizer que as pessoas procuram ajuda, n\u00e3o pensar na compensa\u00e7\u00e3o financeira; n\u00e3o se sabe se os agressores s\u00e3o padres. Existem casos mais recentes que ainda n\u00e3o prescreveram, que chegam \u00e0s estruturas da Igreja, n\u00e3o apenas ao Grupo VITA. O futuro do Grupo VITA depende de um novo plano de atividades ap\u00f3s o t\u00e9rmino do atual, em maio, mantendo o foco em acolhimento, apoio e encaminhamento.","og_url":"https:\/\/portaltela.pt\/noticias\/2026\/04\/11\/grupo-vita-recebe-novas-denuncias-de-abusos-sexuais-na-igreja-4\/","og_site_name":"Portal Tela Portugal","article_published_time":"2026-04-11T12:47:10+00:00","author":"Telinha","twitter_card":"summary_large_image","twitter_misc":{"Escrito por":"Telinha","Tempo estimado de leitura":"2 minutos"},"schema":{"@context":"https:\/\/schema.org","@graph":[{"@type":"Article","@id":"https:\/\/portaltela.pt\/noticias\/2026\/04\/11\/grupo-vita-recebe-novas-denuncias-de-abusos-sexuais-na-igreja-4\/#article","isPartOf":{"@id":"https:\/\/portaltela.pt\/noticias\/2026\/04\/11\/grupo-vita-recebe-novas-denuncias-de-abusos-sexuais-na-igreja-4\/"},"author":{"name":"Telinha","@id":"https:\/\/portaltela.pt\/#\/schema\/person\/c4278d4a6028830caff9ee44b42d32ed"},"headline":"Grupo VITA recebe novas den\u00fancias de abusos sexuais na Igreja","datePublished":"2026-04-11T12:47:10+00:00","mainEntityOfPage":{"@id":"https:\/\/portaltela.pt\/noticias\/2026\/04\/11\/grupo-vita-recebe-novas-denuncias-de-abusos-sexuais-na-igreja-4\/"},"wordCount":463,"image":{"@id":"https:\/\/portaltela.pt\/noticias\/2026\/04\/11\/grupo-vita-recebe-novas-denuncias-de-abusos-sexuais-na-igreja-4\/#primaryimage"},"thumbnailUrl":"https:\/\/portaltela.pt\/s.01k8rhncp4jt1\/2026\/04\/2080710.jpg","keywords":["abuso sexual","educa\u00e7\u00e3o","igreja","psicologia","religi\u00e3o","viol\u00eancia sexual"],"articleSection":["Sa\u00fade","Sociedade"],"inLanguage":"pt-PT"},{"@type":"WebPage","@id":"https:\/\/portaltela.pt\/noticias\/2026\/04\/11\/grupo-vita-recebe-novas-denuncias-de-abusos-sexuais-na-igreja-4\/","url":"https:\/\/portaltela.pt\/noticias\/2026\/04\/11\/grupo-vita-recebe-novas-denuncias-de-abusos-sexuais-na-igreja-4\/","name":"Grupo VITA recebe novas den\u00fancias de abusos sexuais na Igreja - Portal Tela Portugal","isPartOf":{"@id":"https:\/\/portaltela.pt\/#website"},"primaryImageOfPage":{"@id":"https:\/\/portaltela.pt\/noticias\/2026\/04\/11\/grupo-vita-recebe-novas-denuncias-de-abusos-sexuais-na-igreja-4\/#primaryimage"},"image":{"@id":"https:\/\/portaltela.pt\/noticias\/2026\/04\/11\/grupo-vita-recebe-novas-denuncias-de-abusos-sexuais-na-igreja-4\/#primaryimage"},"thumbnailUrl":"https:\/\/portaltela.pt\/s.01k8rhncp4jt1\/2026\/04\/2080710.jpg","datePublished":"2026-04-11T12:47:10+00:00","author":{"@id":"https:\/\/portaltela.pt\/#\/schema\/person\/c4278d4a6028830caff9ee44b42d32ed"},"breadcrumb":{"@id":"https:\/\/portaltela.pt\/noticias\/2026\/04\/11\/grupo-vita-recebe-novas-denuncias-de-abusos-sexuais-na-igreja-4\/#breadcrumb"},"inLanguage":"pt-PT","potentialAction":[{"@type":"ReadAction","target":["https:\/\/portaltela.pt\/noticias\/2026\/04\/11\/grupo-vita-recebe-novas-denuncias-de-abusos-sexuais-na-igreja-4\/"]}]},{"@type":"ImageObject","inLanguage":"pt-PT","@id":"https:\/\/portaltela.pt\/noticias\/2026\/04\/11\/grupo-vita-recebe-novas-denuncias-de-abusos-sexuais-na-igreja-4\/#primaryimage","url":"https:\/\/portaltela.pt\/s.01k8rhncp4jt1\/2026\/04\/2080710.jpg","contentUrl":"https:\/\/portaltela.pt\/s.01k8rhncp4jt1\/2026\/04\/2080710.jpg","width":796,"height":448,"caption":"A respons\u00e1vel notou ainda que o Grupo VITA continua \"a receber, desde o in\u00edcio, pedidos de ajuda de pessoas que foram v\u00edtimas de situa\u00e7\u00f5es abusivas fora da Igreja\""},{"@type":"BreadcrumbList","@id":"https:\/\/portaltela.pt\/noticias\/2026\/04\/11\/grupo-vita-recebe-novas-denuncias-de-abusos-sexuais-na-igreja-4\/#breadcrumb","itemListElement":[{"@type":"ListItem","position":1,"name":"In\u00edcio","item":"https:\/\/portaltela.pt\/"},{"@type":"ListItem","position":2,"name":"Grupo VITA recebe novas den\u00fancias de abusos sexuais na Igreja"}]},{"@type":"WebSite","@id":"https:\/\/portaltela.pt\/#website","url":"https:\/\/portaltela.pt\/","name":"Portal Tela Portugal","description":"","potentialAction":[{"@type":"SearchAction","target":{"@type":"EntryPoint","urlTemplate":"https:\/\/portaltela.pt\/?s={search_term_string}"},"query-input":{"@type":"PropertyValueSpecification","valueRequired":true,"valueName":"search_term_string"}}],"inLanguage":"pt-PT"},{"@type":"Person","@id":"https:\/\/portaltela.pt\/#\/schema\/person\/c4278d4a6028830caff9ee44b42d32ed","name":"Telinha","image":{"@type":"ImageObject","inLanguage":"pt-PT","@id":"https:\/\/portaltela.pt\/s.01k8rhncp4jt1\/2025\/11\/talking-bot-125x125.png","url":"https:\/\/portaltela.pt\/s.01k8rhncp4jt1\/2025\/11\/talking-bot-125x125.png","contentUrl":"https:\/\/portaltela.pt\/s.01k8rhncp4jt1\/2025\/11\/talking-bot-125x125.png","caption":"Telinha"},"sameAs":["https:\/\/portaltela.pt\/"],"url":"https:\/\/portaltela.pt\/por\/367410592786\/"}]}},"_links":{"self":[{"href":"https:\/\/portaltela.pt\/api\/wp\/v2\/posts\/440500","targetHints":{"allow":["GET"]}}],"collection":[{"href":"https:\/\/portaltela.pt\/api\/wp\/v2\/posts"}],"about":[{"href":"https:\/\/portaltela.pt\/api\/wp\/v2\/types\/post"}],"author":[{"embeddable":true,"href":"https:\/\/portaltela.pt\/api\/wp\/v2\/users\/2"}],"replies":[{"embeddable":true,"href":"https:\/\/portaltela.pt\/api\/wp\/v2\/comments?post=440500"}],"version-history":[{"count":0,"href":"https:\/\/portaltela.pt\/api\/wp\/v2\/posts\/440500\/revisions"}],"wp:featuredmedia":[{"embeddable":true,"href":"https:\/\/portaltela.pt\/api\/wp\/v2\/media\/440501"}],"wp:attachment":[{"href":"https:\/\/portaltela.pt\/api\/wp\/v2\/media?parent=440500"}],"wp:term":[{"taxonomy":"category","embeddable":true,"href":"https:\/\/portaltela.pt\/api\/wp\/v2\/categories?post=440500"},{"taxonomy":"post_tag","embeddable":true,"href":"https:\/\/portaltela.pt\/api\/wp\/v2\/tags?post=440500"}],"curies":[{"name":"wp","href":"https:\/\/api.w.org\/{rel}","templated":true}]}}