{"id":440473,"date":"2026-04-11T09:17:06","date_gmt":"2026-04-11T12:17:06","guid":{"rendered":"https:\/\/portaltela.pt\/noticias\/2026\/04\/11\/grupo-vita-recebe-novas-denuncias-de-abusos-sexuais-na-igreja\/"},"modified":"2026-04-11T09:17:06","modified_gmt":"2026-04-11T12:17:06","slug":"grupo-vita-recebe-novas-denuncias-de-abusos-sexuais-na-igreja","status":"publish","type":"post","link":"https:\/\/portaltela.pt\/sociedade\/2026\/04\/11\/grupo-vita-recebe-novas-denuncias-de-abusos-sexuais-na-igreja\/","title":{"rendered":"Grupo VITA recebe novas den\u00fancias de abusos sexuais na Igreja"},"content":{"rendered":"<p>O Grupo VITA, criado pela Confer\u00eancia Episcopal Portuguesa para acompanhar abusos sexuais na Igreja Cat\u00f3lica, tem recebido novas den\u00fancias. Os casos envolvem agressores j\u00e1 falecidos, com as v\u00edtimas a falar pela primeira vez. N\u00e3o \u00e9 poss\u00edvel adiantar n\u00fameros.<\/p>\n<p>A informa\u00e7\u00e3o foi confirmada por Rute Agulhas, coordenadora do Grupo, em F\u00e1tima, durante o V Encontro Nacional das Comiss\u00f5es Diocesanas de Prote\u00e7\u00e3o de Menores e Adultos Vulner\u00e1veis. Ela destacou que h\u00e1 relatos de pessoas a pedir ajuda, sem exigir compensa\u00e7\u00e3o financeira.<\/p>\n<p>Den\u00fancias e periodicidade de dados<\/p>\n<p>Agulhas explicou que os relatos referem-se a casos antigos, com v\u00edtimas a revelarem os acontecimentos agora. A partilha de n\u00fameros n\u00e3o est\u00e1 definida de forma intercalada; os dados s\u00e3o atualizados num relat\u00f3rio semestral.<\/p>\n<p>Casos recentes e prote\u00e7\u00e3o das v\u00edtimas<\/p>\n<p>A coordenadora sublinhou que existem epis\u00f3dios mais recentes ainda n\u00e3o prescreveram criminalmente e que ainda n\u00e3o chegaram \u00e0s v\u00e1rias estruturas da Igreja. O objetivo \u00e9 que as v\u00edtimas encontrem apoio psicol\u00f3gico, entre outros recursos.<\/p>\n<p>Colabora\u00e7\u00e3o com a comunidade e encaminhamentos<\/p>\n<p>A interven\u00e7\u00e3o do VITA tem passado pela proximidade com escolas, escuteiros e catequistas, reconhecendo que estas redes re\u00fanem adultos que trabalham com crian\u00e7as e jovens. Em paralelo, o grupo recebe pedidos de ajuda fora do \u00e2mbito religioso.<\/p>\n<p>Encaminhamentos e limita\u00e7\u00f5es<\/p>\n<p>Casos de viol\u00eancia dom\u00e9stica ou contextos familiares n\u00e3o enquadram a miss\u00e3o do VITA e s\u00e3o encaminhados para as entidades competentes, consoante a \u00e1rea de resid\u00eancia. N\u00e3o h\u00e1 aumento desses pedidos, segundo a respons\u00e1vel.<\/p>\n<p>Compensa\u00e7\u00f5es financeiras e futuro<\/p>\n<p>Quanto aos montantes de compensa\u00e7\u00e3o (entre 9 mil e 45 mil euros), Agulhas disse n\u00e3o comentar, pois o Grupo VITA n\u00e3o define esses valores. O futuro da estrutura depende de decis\u00e3o da organiza\u00e7\u00e3o, com possibilidade de novo plano de atividades.<\/p>\n<p>Miss\u00e3o e prop\u00f3sito<\/p>\n<p>O Grupo VITA apresenta-se como entidade aut\u00f3noma e independente, destinada a acolher, escutar, acompanhar e prevenir a viol\u00eancia sexual contra crian\u00e7as e adultos vulner\u00e1veis no contexto da Igreja Cat\u00f3lica. A prioridade \u00e9 o apoio \u00e0s v\u00edtimas e o encaminhamento adequado.<\/p>\n","protected":false},"excerpt":{"rendered":"<ul>\n<li>O Grupo VITA tem recebido novas den\u00fancias de abusos sexuais na Igreja, incluindo casos antigos que as v\u00edtimas relatam pela primeira vez.<\/li>\n<li>As den\u00fancias referem-se a agressores j\u00e1 falecidos; n\u00e3o foi divulgado o n\u00famero de casos.<\/li>\n<li>O grupo diz que n\u00e3o faz contagem constante de casos, apresentando um relat\u00f3rio semestral com dados atualizados.<\/li>\n<li>Existem casos recentes que ainda n\u00e3o prescreveram do ponto de vista criminal e que n\u00e3o chegaram ainda \u00e0s v\u00e1rias estruturas da Igreja.<\/li>\n<li>O Grupo VITA continua ativo e poder\u00e1 apresentar um novo plano de atividades ap\u00f3s o t\u00e9rmino do atual, mantendo o foco em acolhimento, apoio e encaminhamento, n\u00e3o apenas nas compensa\u00e7\u00f5es financeiras.<\/li>\n<\/ul>\n","protected":false},"author":2,"featured_media":440474,"comment_status":"closed","ping_status":"closed","sticky":false,"template":"","format":"standard","meta":{"footnotes":""},"categories":[6871],"tags":[7777,5926,2181,3642,250,5892],"class_list":["post-440473","post","type-post","status-publish","format-standard","has-post-thumbnail","hentry","category-sociedade","tag-a-religiao","tag-apoio-psicossocial","tag-protecao-de-menores","tag-protecao-de-menores-dependente-ou-em-situacao-vulneravel","tag-seguranca-publica","tag-violencia-sexual"],"yoast_head":"<!-- This site is optimized with the Yoast SEO plugin v27.2 - https:\/\/yoast.com\/product\/yoast-seo-wordpress\/ -->\n<title>Grupo VITA recebe novas den\u00fancias de abusos sexuais na Igreja - Portal Tela Portugal<\/title>\n<meta name=\"robots\" content=\"index, follow, max-snippet:-1, max-image-preview:large, max-video-preview:-1\" \/>\n<meta property=\"og:locale\" content=\"pt_PT\" \/>\n<meta property=\"og:type\" content=\"article\" \/>\n<meta property=\"og:title\" content=\"Grupo VITA recebe novas den\u00fancias de abusos sexuais na Igreja - Portal Tela Portugal\" \/>\n<meta property=\"og:description\" content=\"O Grupo VITA tem recebido novas den\u00fancias de abusos sexuais na Igreja, incluindo casos antigos que as v\u00edtimas relatam pela primeira vez. As den\u00fancias referem-se a agressores j\u00e1 falecidos; n\u00e3o foi divulgado o n\u00famero de casos. O grupo diz que n\u00e3o faz contagem constante de casos, apresentando um relat\u00f3rio semestral com dados atualizados. Existem casos recentes que ainda n\u00e3o prescreveram do ponto de vista criminal e que n\u00e3o chegaram ainda \u00e0s v\u00e1rias estruturas da Igreja. O Grupo VITA continua ativo e poder\u00e1 apresentar um novo plano de atividades ap\u00f3s o t\u00e9rmino do atual, mantendo o foco em acolhimento, apoio e encaminhamento, n\u00e3o apenas nas compensa\u00e7\u00f5es financeiras.\" \/>\n<meta property=\"og:url\" content=\"https:\/\/portaltela.pt\/noticias\/2026\/04\/11\/grupo-vita-recebe-novas-denuncias-de-abusos-sexuais-na-igreja\/\" \/>\n<meta property=\"og:site_name\" content=\"Portal Tela Portugal\" \/>\n<meta property=\"article:published_time\" content=\"2026-04-11T12:17:06+00:00\" \/>\n<meta name=\"author\" content=\"Telinha\" \/>\n<meta name=\"twitter:card\" content=\"summary_large_image\" \/>\n<meta name=\"twitter:label1\" content=\"Escrito por\" \/>\n\t<meta name=\"twitter:data1\" content=\"Telinha\" \/>\n\t<meta name=\"twitter:label2\" content=\"Tempo estimado de leitura\" \/>\n\t<meta name=\"twitter:data2\" content=\"2 minutos\" \/>\n<script type=\"application\/ld+json\" class=\"yoast-schema-graph\">{\"@context\":\"https:\/\/schema.org\",\"@graph\":[{\"@type\":\"Article\",\"@id\":\"https:\/\/portaltela.pt\/noticias\/2026\/04\/11\/grupo-vita-recebe-novas-denuncias-de-abusos-sexuais-na-igreja\/#article\",\"isPartOf\":{\"@id\":\"https:\/\/portaltela.pt\/noticias\/2026\/04\/11\/grupo-vita-recebe-novas-denuncias-de-abusos-sexuais-na-igreja\/\"},\"author\":{\"name\":\"Telinha\",\"@id\":\"https:\/\/portaltela.pt\/#\/schema\/person\/c4278d4a6028830caff9ee44b42d32ed\"},\"headline\":\"Grupo VITA recebe novas den\u00fancias de abusos sexuais na Igreja\",\"datePublished\":\"2026-04-11T12:17:06+00:00\",\"mainEntityOfPage\":{\"@id\":\"https:\/\/portaltela.pt\/noticias\/2026\/04\/11\/grupo-vita-recebe-novas-denuncias-de-abusos-sexuais-na-igreja\/\"},\"wordCount\":383,\"image\":{\"@id\":\"https:\/\/portaltela.pt\/noticias\/2026\/04\/11\/grupo-vita-recebe-novas-denuncias-de-abusos-sexuais-na-igreja\/#primaryimage\"},\"thumbnailUrl\":\"https:\/\/portaltela.pt\/s.01k8rhncp4jt1\/2026\/04\/img_1500x1000uu2026-03-27-12-29-00-2275020.jpg\",\"keywords\":[\"a religi\u00e3o\",\"apoio psicossocial\",\"prote\u00e7\u00e3o de menores\",\"prote\u00e7\u00e3o de menores dependente ou em situa\u00e7\u00e3o vulner\u00e1vel\",\"seguran\u00e7a p\u00fablica\",\"viol\u00eancia sexual\"],\"articleSection\":[\"Sociedade\"],\"inLanguage\":\"pt-PT\"},{\"@type\":\"WebPage\",\"@id\":\"https:\/\/portaltela.pt\/noticias\/2026\/04\/11\/grupo-vita-recebe-novas-denuncias-de-abusos-sexuais-na-igreja\/\",\"url\":\"https:\/\/portaltela.pt\/noticias\/2026\/04\/11\/grupo-vita-recebe-novas-denuncias-de-abusos-sexuais-na-igreja\/\",\"name\":\"Grupo VITA recebe novas den\u00fancias de abusos sexuais na Igreja - Portal Tela Portugal\",\"isPartOf\":{\"@id\":\"https:\/\/portaltela.pt\/#website\"},\"primaryImageOfPage\":{\"@id\":\"https:\/\/portaltela.pt\/noticias\/2026\/04\/11\/grupo-vita-recebe-novas-denuncias-de-abusos-sexuais-na-igreja\/#primaryimage\"},\"image\":{\"@id\":\"https:\/\/portaltela.pt\/noticias\/2026\/04\/11\/grupo-vita-recebe-novas-denuncias-de-abusos-sexuais-na-igreja\/#primaryimage\"},\"thumbnailUrl\":\"https:\/\/portaltela.pt\/s.01k8rhncp4jt1\/2026\/04\/img_1500x1000uu2026-03-27-12-29-00-2275020.jpg\",\"datePublished\":\"2026-04-11T12:17:06+00:00\",\"author\":{\"@id\":\"https:\/\/portaltela.pt\/#\/schema\/person\/c4278d4a6028830caff9ee44b42d32ed\"},\"breadcrumb\":{\"@id\":\"https:\/\/portaltela.pt\/noticias\/2026\/04\/11\/grupo-vita-recebe-novas-denuncias-de-abusos-sexuais-na-igreja\/#breadcrumb\"},\"inLanguage\":\"pt-PT\",\"potentialAction\":[{\"@type\":\"ReadAction\",\"target\":[\"https:\/\/portaltela.pt\/noticias\/2026\/04\/11\/grupo-vita-recebe-novas-denuncias-de-abusos-sexuais-na-igreja\/\"]}]},{\"@type\":\"ImageObject\",\"inLanguage\":\"pt-PT\",\"@id\":\"https:\/\/portaltela.pt\/noticias\/2026\/04\/11\/grupo-vita-recebe-novas-denuncias-de-abusos-sexuais-na-igreja\/#primaryimage\",\"url\":\"https:\/\/portaltela.pt\/s.01k8rhncp4jt1\/2026\/04\/img_1500x1000uu2026-03-27-12-29-00-2275020.jpg\",\"contentUrl\":\"https:\/\/portaltela.pt\/s.01k8rhncp4jt1\/2026\/04\/img_1500x1000uu2026-03-27-12-29-00-2275020.jpg\",\"width\":796,\"height\":448,\"caption\":\"Abusos sexuais na Igreja\"},{\"@type\":\"BreadcrumbList\",\"@id\":\"https:\/\/portaltela.pt\/noticias\/2026\/04\/11\/grupo-vita-recebe-novas-denuncias-de-abusos-sexuais-na-igreja\/#breadcrumb\",\"itemListElement\":[{\"@type\":\"ListItem\",\"position\":1,\"name\":\"In\u00edcio\",\"item\":\"https:\/\/portaltela.pt\/\"},{\"@type\":\"ListItem\",\"position\":2,\"name\":\"Grupo VITA recebe novas den\u00fancias de abusos sexuais na Igreja\"}]},{\"@type\":\"WebSite\",\"@id\":\"https:\/\/portaltela.pt\/#website\",\"url\":\"https:\/\/portaltela.pt\/\",\"name\":\"Portal Tela Portugal\",\"description\":\"\",\"potentialAction\":[{\"@type\":\"SearchAction\",\"target\":{\"@type\":\"EntryPoint\",\"urlTemplate\":\"https:\/\/portaltela.pt\/?s={search_term_string}\"},\"query-input\":{\"@type\":\"PropertyValueSpecification\",\"valueRequired\":true,\"valueName\":\"search_term_string\"}}],\"inLanguage\":\"pt-PT\"},{\"@type\":\"Person\",\"@id\":\"https:\/\/portaltela.pt\/#\/schema\/person\/c4278d4a6028830caff9ee44b42d32ed\",\"name\":\"Telinha\",\"image\":{\"@type\":\"ImageObject\",\"inLanguage\":\"pt-PT\",\"@id\":\"https:\/\/portaltela.pt\/s.01k8rhncp4jt1\/2025\/11\/talking-bot-125x125.png\",\"url\":\"https:\/\/portaltela.pt\/s.01k8rhncp4jt1\/2025\/11\/talking-bot-125x125.png\",\"contentUrl\":\"https:\/\/portaltela.pt\/s.01k8rhncp4jt1\/2025\/11\/talking-bot-125x125.png\",\"caption\":\"Telinha\"},\"sameAs\":[\"https:\/\/portaltela.pt\/\"],\"url\":\"https:\/\/portaltela.pt\/por\/367410592786\/\"}]}<\/script>\n<!-- \/ Yoast SEO plugin. -->","yoast_head_json":{"title":"Grupo VITA recebe novas den\u00fancias de abusos sexuais na Igreja - Portal Tela Portugal","robots":{"index":"index","follow":"follow","max-snippet":"max-snippet:-1","max-image-preview":"max-image-preview:large","max-video-preview":"max-video-preview:-1"},"og_locale":"pt_PT","og_type":"article","og_title":"Grupo VITA recebe novas den\u00fancias de abusos sexuais na Igreja - Portal Tela Portugal","og_description":"O Grupo VITA tem recebido novas den\u00fancias de abusos sexuais na Igreja, incluindo casos antigos que as v\u00edtimas relatam pela primeira vez. As den\u00fancias referem-se a agressores j\u00e1 falecidos; n\u00e3o foi divulgado o n\u00famero de casos. O grupo diz que n\u00e3o faz contagem constante de casos, apresentando um relat\u00f3rio semestral com dados atualizados. Existem casos recentes que ainda n\u00e3o prescreveram do ponto de vista criminal e que n\u00e3o chegaram ainda \u00e0s v\u00e1rias estruturas da Igreja. O Grupo VITA continua ativo e poder\u00e1 apresentar um novo plano de atividades ap\u00f3s o t\u00e9rmino do atual, mantendo o foco em acolhimento, apoio e encaminhamento, n\u00e3o apenas nas compensa\u00e7\u00f5es financeiras.","og_url":"https:\/\/portaltela.pt\/noticias\/2026\/04\/11\/grupo-vita-recebe-novas-denuncias-de-abusos-sexuais-na-igreja\/","og_site_name":"Portal Tela Portugal","article_published_time":"2026-04-11T12:17:06+00:00","author":"Telinha","twitter_card":"summary_large_image","twitter_misc":{"Escrito por":"Telinha","Tempo estimado de leitura":"2 minutos"},"schema":{"@context":"https:\/\/schema.org","@graph":[{"@type":"Article","@id":"https:\/\/portaltela.pt\/noticias\/2026\/04\/11\/grupo-vita-recebe-novas-denuncias-de-abusos-sexuais-na-igreja\/#article","isPartOf":{"@id":"https:\/\/portaltela.pt\/noticias\/2026\/04\/11\/grupo-vita-recebe-novas-denuncias-de-abusos-sexuais-na-igreja\/"},"author":{"name":"Telinha","@id":"https:\/\/portaltela.pt\/#\/schema\/person\/c4278d4a6028830caff9ee44b42d32ed"},"headline":"Grupo VITA recebe novas den\u00fancias de abusos sexuais na Igreja","datePublished":"2026-04-11T12:17:06+00:00","mainEntityOfPage":{"@id":"https:\/\/portaltela.pt\/noticias\/2026\/04\/11\/grupo-vita-recebe-novas-denuncias-de-abusos-sexuais-na-igreja\/"},"wordCount":383,"image":{"@id":"https:\/\/portaltela.pt\/noticias\/2026\/04\/11\/grupo-vita-recebe-novas-denuncias-de-abusos-sexuais-na-igreja\/#primaryimage"},"thumbnailUrl":"https:\/\/portaltela.pt\/s.01k8rhncp4jt1\/2026\/04\/img_1500x1000uu2026-03-27-12-29-00-2275020.jpg","keywords":["a religi\u00e3o","apoio psicossocial","prote\u00e7\u00e3o de menores","prote\u00e7\u00e3o de menores dependente ou em situa\u00e7\u00e3o vulner\u00e1vel","seguran\u00e7a p\u00fablica","viol\u00eancia sexual"],"articleSection":["Sociedade"],"inLanguage":"pt-PT"},{"@type":"WebPage","@id":"https:\/\/portaltela.pt\/noticias\/2026\/04\/11\/grupo-vita-recebe-novas-denuncias-de-abusos-sexuais-na-igreja\/","url":"https:\/\/portaltela.pt\/noticias\/2026\/04\/11\/grupo-vita-recebe-novas-denuncias-de-abusos-sexuais-na-igreja\/","name":"Grupo VITA recebe novas den\u00fancias de abusos sexuais na Igreja - Portal Tela Portugal","isPartOf":{"@id":"https:\/\/portaltela.pt\/#website"},"primaryImageOfPage":{"@id":"https:\/\/portaltela.pt\/noticias\/2026\/04\/11\/grupo-vita-recebe-novas-denuncias-de-abusos-sexuais-na-igreja\/#primaryimage"},"image":{"@id":"https:\/\/portaltela.pt\/noticias\/2026\/04\/11\/grupo-vita-recebe-novas-denuncias-de-abusos-sexuais-na-igreja\/#primaryimage"},"thumbnailUrl":"https:\/\/portaltela.pt\/s.01k8rhncp4jt1\/2026\/04\/img_1500x1000uu2026-03-27-12-29-00-2275020.jpg","datePublished":"2026-04-11T12:17:06+00:00","author":{"@id":"https:\/\/portaltela.pt\/#\/schema\/person\/c4278d4a6028830caff9ee44b42d32ed"},"breadcrumb":{"@id":"https:\/\/portaltela.pt\/noticias\/2026\/04\/11\/grupo-vita-recebe-novas-denuncias-de-abusos-sexuais-na-igreja\/#breadcrumb"},"inLanguage":"pt-PT","potentialAction":[{"@type":"ReadAction","target":["https:\/\/portaltela.pt\/noticias\/2026\/04\/11\/grupo-vita-recebe-novas-denuncias-de-abusos-sexuais-na-igreja\/"]}]},{"@type":"ImageObject","inLanguage":"pt-PT","@id":"https:\/\/portaltela.pt\/noticias\/2026\/04\/11\/grupo-vita-recebe-novas-denuncias-de-abusos-sexuais-na-igreja\/#primaryimage","url":"https:\/\/portaltela.pt\/s.01k8rhncp4jt1\/2026\/04\/img_1500x1000uu2026-03-27-12-29-00-2275020.jpg","contentUrl":"https:\/\/portaltela.pt\/s.01k8rhncp4jt1\/2026\/04\/img_1500x1000uu2026-03-27-12-29-00-2275020.jpg","width":796,"height":448,"caption":"Abusos sexuais na Igreja"},{"@type":"BreadcrumbList","@id":"https:\/\/portaltela.pt\/noticias\/2026\/04\/11\/grupo-vita-recebe-novas-denuncias-de-abusos-sexuais-na-igreja\/#breadcrumb","itemListElement":[{"@type":"ListItem","position":1,"name":"In\u00edcio","item":"https:\/\/portaltela.pt\/"},{"@type":"ListItem","position":2,"name":"Grupo VITA recebe novas den\u00fancias de abusos sexuais na Igreja"}]},{"@type":"WebSite","@id":"https:\/\/portaltela.pt\/#website","url":"https:\/\/portaltela.pt\/","name":"Portal Tela Portugal","description":"","potentialAction":[{"@type":"SearchAction","target":{"@type":"EntryPoint","urlTemplate":"https:\/\/portaltela.pt\/?s={search_term_string}"},"query-input":{"@type":"PropertyValueSpecification","valueRequired":true,"valueName":"search_term_string"}}],"inLanguage":"pt-PT"},{"@type":"Person","@id":"https:\/\/portaltela.pt\/#\/schema\/person\/c4278d4a6028830caff9ee44b42d32ed","name":"Telinha","image":{"@type":"ImageObject","inLanguage":"pt-PT","@id":"https:\/\/portaltela.pt\/s.01k8rhncp4jt1\/2025\/11\/talking-bot-125x125.png","url":"https:\/\/portaltela.pt\/s.01k8rhncp4jt1\/2025\/11\/talking-bot-125x125.png","contentUrl":"https:\/\/portaltela.pt\/s.01k8rhncp4jt1\/2025\/11\/talking-bot-125x125.png","caption":"Telinha"},"sameAs":["https:\/\/portaltela.pt\/"],"url":"https:\/\/portaltela.pt\/por\/367410592786\/"}]}},"_links":{"self":[{"href":"https:\/\/portaltela.pt\/api\/wp\/v2\/posts\/440473","targetHints":{"allow":["GET"]}}],"collection":[{"href":"https:\/\/portaltela.pt\/api\/wp\/v2\/posts"}],"about":[{"href":"https:\/\/portaltela.pt\/api\/wp\/v2\/types\/post"}],"author":[{"embeddable":true,"href":"https:\/\/portaltela.pt\/api\/wp\/v2\/users\/2"}],"replies":[{"embeddable":true,"href":"https:\/\/portaltela.pt\/api\/wp\/v2\/comments?post=440473"}],"version-history":[{"count":0,"href":"https:\/\/portaltela.pt\/api\/wp\/v2\/posts\/440473\/revisions"}],"wp:featuredmedia":[{"embeddable":true,"href":"https:\/\/portaltela.pt\/api\/wp\/v2\/media\/440474"}],"wp:attachment":[{"href":"https:\/\/portaltela.pt\/api\/wp\/v2\/media?parent=440473"}],"wp:term":[{"taxonomy":"category","embeddable":true,"href":"https:\/\/portaltela.pt\/api\/wp\/v2\/categories?post=440473"},{"taxonomy":"post_tag","embeddable":true,"href":"https:\/\/portaltela.pt\/api\/wp\/v2\/tags?post=440473"}],"curies":[{"name":"wp","href":"https:\/\/api.w.org\/{rel}","templated":true}]}}