{"id":440457,"date":"2026-04-11T09:02:50","date_gmt":"2026-04-11T12:02:50","guid":{"rendered":"https:\/\/portaltela.pt\/noticias\/2026\/04\/11\/detem-sudanes-que-conduzia-barco-ligado-a-mortes-de-migrantes-canal-da-mancha\/"},"modified":"2026-04-11T09:02:50","modified_gmt":"2026-04-11T12:02:50","slug":"detem-sudanes-que-conduzia-barco-ligado-a-mortes-de-migrantes-canal-da-mancha","status":"publish","type":"post","link":"https:\/\/portaltela.pt\/noticias\/2026\/04\/11\/detem-sudanes-que-conduzia-barco-ligado-a-mortes-de-migrantes-canal-da-mancha\/","title":{"rendered":"Det\u00eam sudan\u00eas que conduzia barco ligado a mortes de migrantes Canal da Mancha"},"content":{"rendered":"<p>Um sudan\u00eas foi detido no Sudeste de Inglaterra sob a nova legisla\u00e7\u00e3o de imigra\u00e7\u00e3o brit\u00e2nica, acusado de conduzir uma embarca\u00e7\u00e3o ligada \u00e0 morte de quatro migrantes que tentavam atravessar o Canal da Mancha. A pris\u00e3o ocorreu ao abrigo da atual lei de imigra\u00e7\u00e3o.<\/p>\n<p>Alnour Mohamed Ali, 27 anos, enfrenta acusa\u00e7\u00e3o na sexta-feira de colocar outras pessoas em perigo durante uma viagem mar\u00edtima para o Reino Unido, segundo a Ag\u00eancia Nacional de Combate ao Crime (NCA), citada pela Associated Press. A deten\u00e7\u00e3o ocorreu no territ\u00f3rio brit\u00e2nico.<\/p>\n<p>A nova lei permite que o Reino Unido amplie a sua jurisdi\u00e7\u00e3o criminal para punir migrantes que efetuam travessias arriscadas, ampliando o combate a atividades associadas ao tr\u00e1fico humano e \u00e0 travessia ilegal.<\/p>\n<h3>Contexto legal<\/h3>\n<p>A legisla\u00e7\u00e3o em vigor facilita a atua\u00e7\u00e3o policial e judicial contra indiv\u00edduos envolvidos em atividades que ponham em risco a vida de terceiros durante travessias mar\u00edtimas para o territ\u00f3rio brit\u00e2nico.<\/p>\n<h3>Desdobramentos<\/h3>\n<p>As autoridades n\u00e3o divulgaram detalhes adicionais sobre o processo ou eventuais outras deten\u00e7\u00f5es relacionadas ao caso, que permanece em investiga\u00e7\u00e3o.<\/p>\n","protected":false},"excerpt":{"rendered":"<ul>\n<li>Um sudan\u00eas, Alnour Mohamed Ali, de 27 anos, foi detido no sudeste de Inglaterra ao abrigo da nova lei de imigra\u00e7\u00e3o brit\u00e2nica.<\/li>\n<li>Ele \u00e9 acusado de colocar outras pessoas em perigo durante uma viagem mar\u00edtima para o Reino Unido.<\/li>\n<li>A deten\u00e7\u00e3o est\u00e1 ligada \u00e0 morte de quatro migrantes que viajavam num barco associado \u00e0 travessia do Canal da Mancha.<\/li>\n<li>A Ag\u00eancia Nacional de Combate ao Crime (NCA), citada pela Associated Press, confirmou as acusa\u00e7\u00f5es.<\/li>\n<li>A nova legisla\u00e7\u00e3o permite que o Reino Unido expanda a sua jurisdi\u00e7\u00e3o criminal para reprimir migrantes que atravessam o Canal da Mancha.<\/li>\n<\/ul>\n","protected":false},"author":2,"featured_media":440458,"comment_status":"closed","ping_status":"closed","sticky":false,"template":"","format":"standard","meta":{"footnotes":""},"categories":[6815,1],"tags":[2633,712,803,6691,250,473],"class_list":["post-440457","post","type-post","status-publish","format-standard","has-post-thumbnail","hentry","category-justica","category-noticias","tag-direitos-humanos","tag-imigracao","tag-justica","tag-migracao-internacional","tag-seguranca-publica","tag-trafico-de-pessoas"],"yoast_head":"<!-- This site is optimized with the Yoast SEO plugin v27.2 - https:\/\/yoast.com\/product\/yoast-seo-wordpress\/ -->\n<title>Det\u00eam sudan\u00eas que conduzia barco ligado a mortes de migrantes Canal da Mancha - Portal Tela Portugal<\/title>\n<meta name=\"robots\" content=\"index, follow, max-snippet:-1, max-image-preview:large, max-video-preview:-1\" \/>\n<meta property=\"og:locale\" content=\"pt_PT\" \/>\n<meta property=\"og:type\" content=\"article\" \/>\n<meta property=\"og:title\" content=\"Det\u00eam sudan\u00eas que conduzia barco ligado a mortes de migrantes Canal da Mancha - Portal Tela Portugal\" \/>\n<meta property=\"og:description\" content=\"Um sudan\u00eas, Alnour Mohamed Ali, de 27 anos, foi detido no sudeste de Inglaterra ao abrigo da nova lei de imigra\u00e7\u00e3o brit\u00e2nica. Ele \u00e9 acusado de colocar outras pessoas em perigo durante uma viagem mar\u00edtima para o Reino Unido. A deten\u00e7\u00e3o est\u00e1 ligada \u00e0 morte de quatro migrantes que viajavam num barco associado \u00e0 travessia do Canal da Mancha. A Ag\u00eancia Nacional de Combate ao Crime (NCA), citada pela Associated Press, confirmou as acusa\u00e7\u00f5es. A nova legisla\u00e7\u00e3o permite que o Reino Unido expanda a sua jurisdi\u00e7\u00e3o criminal para reprimir migrantes que atravessam o Canal da Mancha.\" \/>\n<meta property=\"og:url\" content=\"https:\/\/portaltela.pt\/noticias\/2026\/04\/11\/detem-sudanes-que-conduzia-barco-ligado-a-mortes-de-migrantes-canal-da-mancha\/\" \/>\n<meta property=\"og:site_name\" content=\"Portal Tela Portugal\" \/>\n<meta property=\"article:published_time\" content=\"2026-04-11T12:02:50+00:00\" \/>\n<meta name=\"author\" content=\"Telinha\" \/>\n<meta name=\"twitter:card\" content=\"summary_large_image\" \/>\n<meta name=\"twitter:label1\" content=\"Escrito por\" \/>\n\t<meta name=\"twitter:data1\" content=\"Telinha\" \/>\n\t<meta name=\"twitter:label2\" content=\"Tempo estimado de leitura\" \/>\n\t<meta name=\"twitter:data2\" content=\"1 minuto\" \/>\n<script type=\"application\/ld+json\" class=\"yoast-schema-graph\">{\"@context\":\"https:\/\/schema.org\",\"@graph\":[{\"@type\":\"Article\",\"@id\":\"https:\/\/portaltela.pt\/noticias\/2026\/04\/11\/detem-sudanes-que-conduzia-barco-ligado-a-mortes-de-migrantes-canal-da-mancha\/#article\",\"isPartOf\":{\"@id\":\"https:\/\/portaltela.pt\/noticias\/2026\/04\/11\/detem-sudanes-que-conduzia-barco-ligado-a-mortes-de-migrantes-canal-da-mancha\/\"},\"author\":{\"name\":\"Telinha\",\"@id\":\"https:\/\/portaltela.pt\/#\/schema\/person\/c4278d4a6028830caff9ee44b42d32ed\"},\"headline\":\"Det\u00eam sudan\u00eas que conduzia barco ligado a mortes de migrantes Canal da Mancha\",\"datePublished\":\"2026-04-11T12:02:50+00:00\",\"mainEntityOfPage\":{\"@id\":\"https:\/\/portaltela.pt\/noticias\/2026\/04\/11\/detem-sudanes-que-conduzia-barco-ligado-a-mortes-de-migrantes-canal-da-mancha\/\"},\"wordCount\":207,\"image\":{\"@id\":\"https:\/\/portaltela.pt\/noticias\/2026\/04\/11\/detem-sudanes-que-conduzia-barco-ligado-a-mortes-de-migrantes-canal-da-mancha\/#primaryimage\"},\"thumbnailUrl\":\"https:\/\/portaltela.pt\/s.01k8rhncp4jt1\/2026\/04\/img_1500x1000uu2018-04-25-21-06-00-732026.jpg\",\"keywords\":[\"direitos humanos\",\"imigra\u00e7\u00e3o\",\"justi\u00e7a\",\"migra\u00e7\u00e3o internacional\",\"seguran\u00e7a p\u00fablica\",\"tr\u00e1fico de pessoas\"],\"articleSection\":[\"Justi\u00e7a\",\"Not\u00edcias\"],\"inLanguage\":\"pt-PT\"},{\"@type\":\"WebPage\",\"@id\":\"https:\/\/portaltela.pt\/noticias\/2026\/04\/11\/detem-sudanes-que-conduzia-barco-ligado-a-mortes-de-migrantes-canal-da-mancha\/\",\"url\":\"https:\/\/portaltela.pt\/noticias\/2026\/04\/11\/detem-sudanes-que-conduzia-barco-ligado-a-mortes-de-migrantes-canal-da-mancha\/\",\"name\":\"Det\u00eam sudan\u00eas que conduzia barco ligado a mortes de migrantes Canal da Mancha - Portal Tela Portugal\",\"isPartOf\":{\"@id\":\"https:\/\/portaltela.pt\/#website\"},\"primaryImageOfPage\":{\"@id\":\"https:\/\/portaltela.pt\/noticias\/2026\/04\/11\/detem-sudanes-que-conduzia-barco-ligado-a-mortes-de-migrantes-canal-da-mancha\/#primaryimage\"},\"image\":{\"@id\":\"https:\/\/portaltela.pt\/noticias\/2026\/04\/11\/detem-sudanes-que-conduzia-barco-ligado-a-mortes-de-migrantes-canal-da-mancha\/#primaryimage\"},\"thumbnailUrl\":\"https:\/\/portaltela.pt\/s.01k8rhncp4jt1\/2026\/04\/img_1500x1000uu2018-04-25-21-06-00-732026.jpg\",\"datePublished\":\"2026-04-11T12:02:50+00:00\",\"author\":{\"@id\":\"https:\/\/portaltela.pt\/#\/schema\/person\/c4278d4a6028830caff9ee44b42d32ed\"},\"breadcrumb\":{\"@id\":\"https:\/\/portaltela.pt\/noticias\/2026\/04\/11\/detem-sudanes-que-conduzia-barco-ligado-a-mortes-de-migrantes-canal-da-mancha\/#breadcrumb\"},\"inLanguage\":\"pt-PT\",\"potentialAction\":[{\"@type\":\"ReadAction\",\"target\":[\"https:\/\/portaltela.pt\/noticias\/2026\/04\/11\/detem-sudanes-que-conduzia-barco-ligado-a-mortes-de-migrantes-canal-da-mancha\/\"]}]},{\"@type\":\"ImageObject\",\"inLanguage\":\"pt-PT\",\"@id\":\"https:\/\/portaltela.pt\/noticias\/2026\/04\/11\/detem-sudanes-que-conduzia-barco-ligado-a-mortes-de-migrantes-canal-da-mancha\/#primaryimage\",\"url\":\"https:\/\/portaltela.pt\/s.01k8rhncp4jt1\/2026\/04\/img_1500x1000uu2018-04-25-21-06-00-732026.jpg\",\"contentUrl\":\"https:\/\/portaltela.pt\/s.01k8rhncp4jt1\/2026\/04\/img_1500x1000uu2018-04-25-21-06-00-732026.jpg\",\"width\":796,\"height\":448,\"caption\":\"Pol\u00edcia brit\u00e2nica\"},{\"@type\":\"BreadcrumbList\",\"@id\":\"https:\/\/portaltela.pt\/noticias\/2026\/04\/11\/detem-sudanes-que-conduzia-barco-ligado-a-mortes-de-migrantes-canal-da-mancha\/#breadcrumb\",\"itemListElement\":[{\"@type\":\"ListItem\",\"position\":1,\"name\":\"In\u00edcio\",\"item\":\"https:\/\/portaltela.pt\/\"},{\"@type\":\"ListItem\",\"position\":2,\"name\":\"Det\u00eam sudan\u00eas que conduzia barco ligado a mortes de migrantes Canal da Mancha\"}]},{\"@type\":\"WebSite\",\"@id\":\"https:\/\/portaltela.pt\/#website\",\"url\":\"https:\/\/portaltela.pt\/\",\"name\":\"Portal Tela Portugal\",\"description\":\"\",\"potentialAction\":[{\"@type\":\"SearchAction\",\"target\":{\"@type\":\"EntryPoint\",\"urlTemplate\":\"https:\/\/portaltela.pt\/?s={search_term_string}\"},\"query-input\":{\"@type\":\"PropertyValueSpecification\",\"valueRequired\":true,\"valueName\":\"search_term_string\"}}],\"inLanguage\":\"pt-PT\"},{\"@type\":\"Person\",\"@id\":\"https:\/\/portaltela.pt\/#\/schema\/person\/c4278d4a6028830caff9ee44b42d32ed\",\"name\":\"Telinha\",\"image\":{\"@type\":\"ImageObject\",\"inLanguage\":\"pt-PT\",\"@id\":\"https:\/\/portaltela.pt\/s.01k8rhncp4jt1\/2025\/11\/talking-bot-125x125.png\",\"url\":\"https:\/\/portaltela.pt\/s.01k8rhncp4jt1\/2025\/11\/talking-bot-125x125.png\",\"contentUrl\":\"https:\/\/portaltela.pt\/s.01k8rhncp4jt1\/2025\/11\/talking-bot-125x125.png\",\"caption\":\"Telinha\"},\"sameAs\":[\"https:\/\/portaltela.pt\/\"],\"url\":\"https:\/\/portaltela.pt\/por\/367410592786\/\"}]}<\/script>\n<!-- \/ Yoast SEO plugin. -->","yoast_head_json":{"title":"Det\u00eam sudan\u00eas que conduzia barco ligado a mortes de migrantes Canal da Mancha - Portal Tela Portugal","robots":{"index":"index","follow":"follow","max-snippet":"max-snippet:-1","max-image-preview":"max-image-preview:large","max-video-preview":"max-video-preview:-1"},"og_locale":"pt_PT","og_type":"article","og_title":"Det\u00eam sudan\u00eas que conduzia barco ligado a mortes de migrantes Canal da Mancha - Portal Tela Portugal","og_description":"Um sudan\u00eas, Alnour Mohamed Ali, de 27 anos, foi detido no sudeste de Inglaterra ao abrigo da nova lei de imigra\u00e7\u00e3o brit\u00e2nica. Ele \u00e9 acusado de colocar outras pessoas em perigo durante uma viagem mar\u00edtima para o Reino Unido. A deten\u00e7\u00e3o est\u00e1 ligada \u00e0 morte de quatro migrantes que viajavam num barco associado \u00e0 travessia do Canal da Mancha. A Ag\u00eancia Nacional de Combate ao Crime (NCA), citada pela Associated Press, confirmou as acusa\u00e7\u00f5es. A nova legisla\u00e7\u00e3o permite que o Reino Unido expanda a sua jurisdi\u00e7\u00e3o criminal para reprimir migrantes que atravessam o Canal da Mancha.","og_url":"https:\/\/portaltela.pt\/noticias\/2026\/04\/11\/detem-sudanes-que-conduzia-barco-ligado-a-mortes-de-migrantes-canal-da-mancha\/","og_site_name":"Portal Tela Portugal","article_published_time":"2026-04-11T12:02:50+00:00","author":"Telinha","twitter_card":"summary_large_image","twitter_misc":{"Escrito por":"Telinha","Tempo estimado de leitura":"1 minuto"},"schema":{"@context":"https:\/\/schema.org","@graph":[{"@type":"Article","@id":"https:\/\/portaltela.pt\/noticias\/2026\/04\/11\/detem-sudanes-que-conduzia-barco-ligado-a-mortes-de-migrantes-canal-da-mancha\/#article","isPartOf":{"@id":"https:\/\/portaltela.pt\/noticias\/2026\/04\/11\/detem-sudanes-que-conduzia-barco-ligado-a-mortes-de-migrantes-canal-da-mancha\/"},"author":{"name":"Telinha","@id":"https:\/\/portaltela.pt\/#\/schema\/person\/c4278d4a6028830caff9ee44b42d32ed"},"headline":"Det\u00eam sudan\u00eas que conduzia barco ligado a mortes de migrantes Canal da Mancha","datePublished":"2026-04-11T12:02:50+00:00","mainEntityOfPage":{"@id":"https:\/\/portaltela.pt\/noticias\/2026\/04\/11\/detem-sudanes-que-conduzia-barco-ligado-a-mortes-de-migrantes-canal-da-mancha\/"},"wordCount":207,"image":{"@id":"https:\/\/portaltela.pt\/noticias\/2026\/04\/11\/detem-sudanes-que-conduzia-barco-ligado-a-mortes-de-migrantes-canal-da-mancha\/#primaryimage"},"thumbnailUrl":"https:\/\/portaltela.pt\/s.01k8rhncp4jt1\/2026\/04\/img_1500x1000uu2018-04-25-21-06-00-732026.jpg","keywords":["direitos humanos","imigra\u00e7\u00e3o","justi\u00e7a","migra\u00e7\u00e3o internacional","seguran\u00e7a p\u00fablica","tr\u00e1fico de pessoas"],"articleSection":["Justi\u00e7a","Not\u00edcias"],"inLanguage":"pt-PT"},{"@type":"WebPage","@id":"https:\/\/portaltela.pt\/noticias\/2026\/04\/11\/detem-sudanes-que-conduzia-barco-ligado-a-mortes-de-migrantes-canal-da-mancha\/","url":"https:\/\/portaltela.pt\/noticias\/2026\/04\/11\/detem-sudanes-que-conduzia-barco-ligado-a-mortes-de-migrantes-canal-da-mancha\/","name":"Det\u00eam sudan\u00eas que conduzia barco ligado a mortes de migrantes Canal da Mancha - Portal Tela Portugal","isPartOf":{"@id":"https:\/\/portaltela.pt\/#website"},"primaryImageOfPage":{"@id":"https:\/\/portaltela.pt\/noticias\/2026\/04\/11\/detem-sudanes-que-conduzia-barco-ligado-a-mortes-de-migrantes-canal-da-mancha\/#primaryimage"},"image":{"@id":"https:\/\/portaltela.pt\/noticias\/2026\/04\/11\/detem-sudanes-que-conduzia-barco-ligado-a-mortes-de-migrantes-canal-da-mancha\/#primaryimage"},"thumbnailUrl":"https:\/\/portaltela.pt\/s.01k8rhncp4jt1\/2026\/04\/img_1500x1000uu2018-04-25-21-06-00-732026.jpg","datePublished":"2026-04-11T12:02:50+00:00","author":{"@id":"https:\/\/portaltela.pt\/#\/schema\/person\/c4278d4a6028830caff9ee44b42d32ed"},"breadcrumb":{"@id":"https:\/\/portaltela.pt\/noticias\/2026\/04\/11\/detem-sudanes-que-conduzia-barco-ligado-a-mortes-de-migrantes-canal-da-mancha\/#breadcrumb"},"inLanguage":"pt-PT","potentialAction":[{"@type":"ReadAction","target":["https:\/\/portaltela.pt\/noticias\/2026\/04\/11\/detem-sudanes-que-conduzia-barco-ligado-a-mortes-de-migrantes-canal-da-mancha\/"]}]},{"@type":"ImageObject","inLanguage":"pt-PT","@id":"https:\/\/portaltela.pt\/noticias\/2026\/04\/11\/detem-sudanes-que-conduzia-barco-ligado-a-mortes-de-migrantes-canal-da-mancha\/#primaryimage","url":"https:\/\/portaltela.pt\/s.01k8rhncp4jt1\/2026\/04\/img_1500x1000uu2018-04-25-21-06-00-732026.jpg","contentUrl":"https:\/\/portaltela.pt\/s.01k8rhncp4jt1\/2026\/04\/img_1500x1000uu2018-04-25-21-06-00-732026.jpg","width":796,"height":448,"caption":"Pol\u00edcia brit\u00e2nica"},{"@type":"BreadcrumbList","@id":"https:\/\/portaltela.pt\/noticias\/2026\/04\/11\/detem-sudanes-que-conduzia-barco-ligado-a-mortes-de-migrantes-canal-da-mancha\/#breadcrumb","itemListElement":[{"@type":"ListItem","position":1,"name":"In\u00edcio","item":"https:\/\/portaltela.pt\/"},{"@type":"ListItem","position":2,"name":"Det\u00eam sudan\u00eas que conduzia barco ligado a mortes de migrantes Canal da Mancha"}]},{"@type":"WebSite","@id":"https:\/\/portaltela.pt\/#website","url":"https:\/\/portaltela.pt\/","name":"Portal Tela Portugal","description":"","potentialAction":[{"@type":"SearchAction","target":{"@type":"EntryPoint","urlTemplate":"https:\/\/portaltela.pt\/?s={search_term_string}"},"query-input":{"@type":"PropertyValueSpecification","valueRequired":true,"valueName":"search_term_string"}}],"inLanguage":"pt-PT"},{"@type":"Person","@id":"https:\/\/portaltela.pt\/#\/schema\/person\/c4278d4a6028830caff9ee44b42d32ed","name":"Telinha","image":{"@type":"ImageObject","inLanguage":"pt-PT","@id":"https:\/\/portaltela.pt\/s.01k8rhncp4jt1\/2025\/11\/talking-bot-125x125.png","url":"https:\/\/portaltela.pt\/s.01k8rhncp4jt1\/2025\/11\/talking-bot-125x125.png","contentUrl":"https:\/\/portaltela.pt\/s.01k8rhncp4jt1\/2025\/11\/talking-bot-125x125.png","caption":"Telinha"},"sameAs":["https:\/\/portaltela.pt\/"],"url":"https:\/\/portaltela.pt\/por\/367410592786\/"}]}},"_links":{"self":[{"href":"https:\/\/portaltela.pt\/api\/wp\/v2\/posts\/440457","targetHints":{"allow":["GET"]}}],"collection":[{"href":"https:\/\/portaltela.pt\/api\/wp\/v2\/posts"}],"about":[{"href":"https:\/\/portaltela.pt\/api\/wp\/v2\/types\/post"}],"author":[{"embeddable":true,"href":"https:\/\/portaltela.pt\/api\/wp\/v2\/users\/2"}],"replies":[{"embeddable":true,"href":"https:\/\/portaltela.pt\/api\/wp\/v2\/comments?post=440457"}],"version-history":[{"count":0,"href":"https:\/\/portaltela.pt\/api\/wp\/v2\/posts\/440457\/revisions"}],"wp:featuredmedia":[{"embeddable":true,"href":"https:\/\/portaltela.pt\/api\/wp\/v2\/media\/440458"}],"wp:attachment":[{"href":"https:\/\/portaltela.pt\/api\/wp\/v2\/media?parent=440457"}],"wp:term":[{"taxonomy":"category","embeddable":true,"href":"https:\/\/portaltela.pt\/api\/wp\/v2\/categories?post=440457"},{"taxonomy":"post_tag","embeddable":true,"href":"https:\/\/portaltela.pt\/api\/wp\/v2\/tags?post=440457"}],"curies":[{"name":"wp","href":"https:\/\/api.w.org\/{rel}","templated":true}]}}