{"id":440453,"date":"2026-04-11T09:02:39","date_gmt":"2026-04-11T12:02:39","guid":{"rendered":"https:\/\/portaltela.pt\/noticias\/2026\/04\/11\/cip-acusa-ugt-de-faltar-a-verdade-sobre-leis-laborais\/"},"modified":"2026-04-11T09:02:39","modified_gmt":"2026-04-11T12:02:39","slug":"cip-acusa-ugt-de-faltar-a-verdade-sobre-leis-laborais","status":"publish","type":"post","link":"https:\/\/portaltela.pt\/noticias\/economia\/2026\/04\/11\/cip-acusa-ugt-de-faltar-a-verdade-sobre-leis-laborais\/","title":{"rendered":"CIP acusa UGT de faltar \u00e0 verdade sobre leis laborais"},"content":{"rendered":"<p>Ap\u00f3s 53 reuni\u00f5es sobre a reforma laboral, a CIP afirma que a UGT emitiu um comunicado com quest\u00f5es que n\u00e3o correspondem \u00e0 \u00faltima vers\u00e3o do documento. A acusa\u00e7\u00e3o \u00e9 feita pelo presidente da CIP, Armindo Monteiro, em entrevista \u00e0 R\u00e1dio Renascen\u00e7a.<\/p>\n<p>Monteiro sustenta que algumas declara\u00e7\u00f5es da UGT n\u00e3o refletem o que consta na vers\u00e3o principal. Em particular, aponta que o texto preliminar j\u00e1 n\u00e3o prev\u00ea o aumento da dura\u00e7\u00e3o dos contratos a termo, conforme a \u00faltima vers\u00e3o apresentada.<\/p>\n<p>Na quinta-feira, a UGT publicou uma resolu\u00e7\u00e3o do secretariado nacional, afirmando que a aproxima\u00e7\u00e3o negocial continua insuficiente e que a proposta, tal como est\u00e1, n\u00e3o permite alcan\u00e7ar consenso. A UGT enumera dez altera\u00e7\u00f5es que, na leitura sindial, aumentam a liberaliza\u00e7\u00e3o e a precariza\u00e7\u00e3o do trabalho.<\/p>\n<h3>Detalhes em disputa<\/h3>\n<p>Entre os pontos citados pela UGT est\u00e3o a manuten\u00e7\u00e3o de mecanismos que justificam contratos a termo e a amplia\u00e7\u00e3o dos fundamentos para a sua celebra\u00e7\u00e3o, apontando impactos negativos para idosos, jovens e desempregados.<\/p>\n<p>Armindo Monteiro, em entrevista \u00e0 RR, afirmou que a CIP n\u00e3o desistiu de negociar, mas rejeita iniciar as negocia\u00e7\u00f5es do zero. A presidenta observou que a UGT pode sentir press\u00e3o ap\u00f3s interven\u00e7\u00f5es do Presidente da Rep\u00fablica, e reiterou que a discuss\u00e3o-chave \u00e9 como as empresas podem pagar melhores sal\u00e1rios.<\/p>\n","protected":false},"excerpt":{"rendered":"<ul>\n<li>Armindo Monteiro, presidente da CIP, acusa a UGT de declara\u00e7\u00f5es que n\u00e3o correspondem \u00e0 \u00faltima vers\u00e3o do documento ligado \u00e0 reforma laboral.<\/li>\n<li>A CIP j\u00e1 realizou cinquenta e tr\u00eas reuni\u00f5es sem chegar a um acordo entre trabalhadores, patr\u00f5es e Governo.<\/li>\n<li>A UGT disse que a negocia\u00e7\u00e3o est\u00e1 ainda insuficiente para alcan\u00e7ar consenso, destacando dez exemplos que apontam para mais liberaliza\u00e7\u00e3o e precariza\u00e7\u00e3o do mercado de trabalho.<\/li>\n<li>Um ponto apontado pela UGT \u00e9 a manuten\u00e7\u00e3o do aumento da dura\u00e7\u00e3o dos contratos a termo; a CIP sustenta que, na \u00faltima vers\u00e3o, esse ponto caiu.<\/li>\n<li>Monteiro afirma que a CIP n\u00e3o vai desistir, considerando que o essencial \u00e9 perceber como as empresas podem pagar melhores sal\u00e1rios.<\/li>\n<\/ul>\n","protected":false},"author":2,"featured_media":440454,"comment_status":"closed","ping_status":"closed","sticky":false,"template":"","format":"standard","meta":{"footnotes":""},"categories":[2,6735],"tags":[6279,6331,6094,6566,2832,2201],"class_list":["post-440453","post","type-post","status-publish","format-standard","has-post-thumbnail","hentry","category-economia","category-negocios","tag-cip","tag-condicoes-de-trabalho","tag-direitos-dos-trabalhadores","tag-negociacao","tag-politica","tag-trabalho"],"yoast_head":"<!-- This site is optimized with the Yoast SEO plugin v27.2 - https:\/\/yoast.com\/product\/yoast-seo-wordpress\/ -->\n<title>CIP acusa UGT de faltar \u00e0 verdade sobre leis laborais - Portal Tela Portugal<\/title>\n<meta name=\"robots\" content=\"index, follow, max-snippet:-1, max-image-preview:large, max-video-preview:-1\" \/>\n<meta property=\"og:locale\" content=\"pt_PT\" \/>\n<meta property=\"og:type\" content=\"article\" \/>\n<meta property=\"og:title\" content=\"CIP acusa UGT de faltar \u00e0 verdade sobre leis laborais - Portal Tela Portugal\" \/>\n<meta property=\"og:description\" content=\"Armindo Monteiro, presidente da CIP, acusa a UGT de declara\u00e7\u00f5es que n\u00e3o correspondem \u00e0 \u00faltima vers\u00e3o do documento ligado \u00e0 reforma laboral. A CIP j\u00e1 realizou cinquenta e tr\u00eas reuni\u00f5es sem chegar a um acordo entre trabalhadores, patr\u00f5es e Governo. A UGT disse que a negocia\u00e7\u00e3o est\u00e1 ainda insuficiente para alcan\u00e7ar consenso, destacando dez exemplos que apontam para mais liberaliza\u00e7\u00e3o e precariza\u00e7\u00e3o do mercado de trabalho. Um ponto apontado pela UGT \u00e9 a manuten\u00e7\u00e3o do aumento da dura\u00e7\u00e3o dos contratos a termo; a CIP sustenta que, na \u00faltima vers\u00e3o, esse ponto caiu. Monteiro afirma que a CIP n\u00e3o vai desistir, considerando que o essencial \u00e9 perceber como as empresas podem pagar melhores sal\u00e1rios.\" \/>\n<meta property=\"og:url\" content=\"https:\/\/portaltela.pt\/noticias\/2026\/04\/11\/cip-acusa-ugt-de-faltar-a-verdade-sobre-leis-laborais\/\" \/>\n<meta property=\"og:site_name\" content=\"Portal Tela Portugal\" \/>\n<meta property=\"article:published_time\" content=\"2026-04-11T12:02:39+00:00\" \/>\n<meta name=\"author\" content=\"Telinha\" \/>\n<meta name=\"twitter:card\" content=\"summary_large_image\" \/>\n<meta name=\"twitter:label1\" content=\"Escrito por\" \/>\n\t<meta name=\"twitter:data1\" content=\"Telinha\" \/>\n\t<meta name=\"twitter:label2\" content=\"Tempo estimado de leitura\" \/>\n\t<meta name=\"twitter:data2\" content=\"1 minuto\" \/>\n<script type=\"application\/ld+json\" class=\"yoast-schema-graph\">{\"@context\":\"https:\/\/schema.org\",\"@graph\":[{\"@type\":\"Article\",\"@id\":\"https:\/\/portaltela.pt\/noticias\/2026\/04\/11\/cip-acusa-ugt-de-faltar-a-verdade-sobre-leis-laborais\/#article\",\"isPartOf\":{\"@id\":\"https:\/\/portaltela.pt\/noticias\/2026\/04\/11\/cip-acusa-ugt-de-faltar-a-verdade-sobre-leis-laborais\/\"},\"author\":{\"name\":\"Telinha\",\"@id\":\"https:\/\/portaltela.pt\/#\/schema\/person\/c4278d4a6028830caff9ee44b42d32ed\"},\"headline\":\"CIP acusa UGT de faltar \u00e0 verdade sobre leis laborais\",\"datePublished\":\"2026-04-11T12:02:39+00:00\",\"mainEntityOfPage\":{\"@id\":\"https:\/\/portaltela.pt\/noticias\/2026\/04\/11\/cip-acusa-ugt-de-faltar-a-verdade-sobre-leis-laborais\/\"},\"wordCount\":245,\"image\":{\"@id\":\"https:\/\/portaltela.pt\/noticias\/2026\/04\/11\/cip-acusa-ugt-de-faltar-a-verdade-sobre-leis-laborais\/#primaryimage\"},\"thumbnailUrl\":\"https:\/\/portaltela.pt\/s.01k8rhncp4jt1\/2026\/04\/2080699.jpg\",\"keywords\":[\"CIP\",\"condi\u00e7\u00f5es de trabalho\",\"direitos dos trabalhadores\",\"negocia\u00e7\u00e3o\",\"pol\u00edtica\",\"trabalho\"],\"articleSection\":[\"Economia\",\"Neg\u00f3cios\"],\"inLanguage\":\"pt-PT\"},{\"@type\":\"WebPage\",\"@id\":\"https:\/\/portaltela.pt\/noticias\/2026\/04\/11\/cip-acusa-ugt-de-faltar-a-verdade-sobre-leis-laborais\/\",\"url\":\"https:\/\/portaltela.pt\/noticias\/2026\/04\/11\/cip-acusa-ugt-de-faltar-a-verdade-sobre-leis-laborais\/\",\"name\":\"CIP acusa UGT de faltar \u00e0 verdade sobre leis laborais - Portal Tela Portugal\",\"isPartOf\":{\"@id\":\"https:\/\/portaltela.pt\/#website\"},\"primaryImageOfPage\":{\"@id\":\"https:\/\/portaltela.pt\/noticias\/2026\/04\/11\/cip-acusa-ugt-de-faltar-a-verdade-sobre-leis-laborais\/#primaryimage\"},\"image\":{\"@id\":\"https:\/\/portaltela.pt\/noticias\/2026\/04\/11\/cip-acusa-ugt-de-faltar-a-verdade-sobre-leis-laborais\/#primaryimage\"},\"thumbnailUrl\":\"https:\/\/portaltela.pt\/s.01k8rhncp4jt1\/2026\/04\/2080699.jpg\",\"datePublished\":\"2026-04-11T12:02:39+00:00\",\"author\":{\"@id\":\"https:\/\/portaltela.pt\/#\/schema\/person\/c4278d4a6028830caff9ee44b42d32ed\"},\"breadcrumb\":{\"@id\":\"https:\/\/portaltela.pt\/noticias\/2026\/04\/11\/cip-acusa-ugt-de-faltar-a-verdade-sobre-leis-laborais\/#breadcrumb\"},\"inLanguage\":\"pt-PT\",\"potentialAction\":[{\"@type\":\"ReadAction\",\"target\":[\"https:\/\/portaltela.pt\/noticias\/2026\/04\/11\/cip-acusa-ugt-de-faltar-a-verdade-sobre-leis-laborais\/\"]}]},{\"@type\":\"ImageObject\",\"inLanguage\":\"pt-PT\",\"@id\":\"https:\/\/portaltela.pt\/noticias\/2026\/04\/11\/cip-acusa-ugt-de-faltar-a-verdade-sobre-leis-laborais\/#primaryimage\",\"url\":\"https:\/\/portaltela.pt\/s.01k8rhncp4jt1\/2026\/04\/2080699.jpg\",\"contentUrl\":\"https:\/\/portaltela.pt\/s.01k8rhncp4jt1\/2026\/04\/2080699.jpg\",\"width\":796,\"height\":448,\"caption\":\"Armindo Monteiro, presidente da CIP - Confedera\u00e7\u00e3o Empresarial de Portugal\"},{\"@type\":\"BreadcrumbList\",\"@id\":\"https:\/\/portaltela.pt\/noticias\/2026\/04\/11\/cip-acusa-ugt-de-faltar-a-verdade-sobre-leis-laborais\/#breadcrumb\",\"itemListElement\":[{\"@type\":\"ListItem\",\"position\":1,\"name\":\"In\u00edcio\",\"item\":\"https:\/\/portaltela.pt\/\"},{\"@type\":\"ListItem\",\"position\":2,\"name\":\"CIP acusa UGT de faltar \u00e0 verdade sobre leis laborais\"}]},{\"@type\":\"WebSite\",\"@id\":\"https:\/\/portaltela.pt\/#website\",\"url\":\"https:\/\/portaltela.pt\/\",\"name\":\"Portal Tela Portugal\",\"description\":\"\",\"potentialAction\":[{\"@type\":\"SearchAction\",\"target\":{\"@type\":\"EntryPoint\",\"urlTemplate\":\"https:\/\/portaltela.pt\/?s={search_term_string}\"},\"query-input\":{\"@type\":\"PropertyValueSpecification\",\"valueRequired\":true,\"valueName\":\"search_term_string\"}}],\"inLanguage\":\"pt-PT\"},{\"@type\":\"Person\",\"@id\":\"https:\/\/portaltela.pt\/#\/schema\/person\/c4278d4a6028830caff9ee44b42d32ed\",\"name\":\"Telinha\",\"image\":{\"@type\":\"ImageObject\",\"inLanguage\":\"pt-PT\",\"@id\":\"https:\/\/portaltela.pt\/s.01k8rhncp4jt1\/2025\/11\/talking-bot-125x125.png\",\"url\":\"https:\/\/portaltela.pt\/s.01k8rhncp4jt1\/2025\/11\/talking-bot-125x125.png\",\"contentUrl\":\"https:\/\/portaltela.pt\/s.01k8rhncp4jt1\/2025\/11\/talking-bot-125x125.png\",\"caption\":\"Telinha\"},\"sameAs\":[\"https:\/\/portaltela.pt\/\"],\"url\":\"https:\/\/portaltela.pt\/por\/367410592786\/\"}]}<\/script>\n<!-- \/ Yoast SEO plugin. -->","yoast_head_json":{"title":"CIP acusa UGT de faltar \u00e0 verdade sobre leis laborais - Portal Tela Portugal","robots":{"index":"index","follow":"follow","max-snippet":"max-snippet:-1","max-image-preview":"max-image-preview:large","max-video-preview":"max-video-preview:-1"},"og_locale":"pt_PT","og_type":"article","og_title":"CIP acusa UGT de faltar \u00e0 verdade sobre leis laborais - Portal Tela Portugal","og_description":"Armindo Monteiro, presidente da CIP, acusa a UGT de declara\u00e7\u00f5es que n\u00e3o correspondem \u00e0 \u00faltima vers\u00e3o do documento ligado \u00e0 reforma laboral. A CIP j\u00e1 realizou cinquenta e tr\u00eas reuni\u00f5es sem chegar a um acordo entre trabalhadores, patr\u00f5es e Governo. A UGT disse que a negocia\u00e7\u00e3o est\u00e1 ainda insuficiente para alcan\u00e7ar consenso, destacando dez exemplos que apontam para mais liberaliza\u00e7\u00e3o e precariza\u00e7\u00e3o do mercado de trabalho. Um ponto apontado pela UGT \u00e9 a manuten\u00e7\u00e3o do aumento da dura\u00e7\u00e3o dos contratos a termo; a CIP sustenta que, na \u00faltima vers\u00e3o, esse ponto caiu. Monteiro afirma que a CIP n\u00e3o vai desistir, considerando que o essencial \u00e9 perceber como as empresas podem pagar melhores sal\u00e1rios.","og_url":"https:\/\/portaltela.pt\/noticias\/2026\/04\/11\/cip-acusa-ugt-de-faltar-a-verdade-sobre-leis-laborais\/","og_site_name":"Portal Tela Portugal","article_published_time":"2026-04-11T12:02:39+00:00","author":"Telinha","twitter_card":"summary_large_image","twitter_misc":{"Escrito por":"Telinha","Tempo estimado de leitura":"1 minuto"},"schema":{"@context":"https:\/\/schema.org","@graph":[{"@type":"Article","@id":"https:\/\/portaltela.pt\/noticias\/2026\/04\/11\/cip-acusa-ugt-de-faltar-a-verdade-sobre-leis-laborais\/#article","isPartOf":{"@id":"https:\/\/portaltela.pt\/noticias\/2026\/04\/11\/cip-acusa-ugt-de-faltar-a-verdade-sobre-leis-laborais\/"},"author":{"name":"Telinha","@id":"https:\/\/portaltela.pt\/#\/schema\/person\/c4278d4a6028830caff9ee44b42d32ed"},"headline":"CIP acusa UGT de faltar \u00e0 verdade sobre leis laborais","datePublished":"2026-04-11T12:02:39+00:00","mainEntityOfPage":{"@id":"https:\/\/portaltela.pt\/noticias\/2026\/04\/11\/cip-acusa-ugt-de-faltar-a-verdade-sobre-leis-laborais\/"},"wordCount":245,"image":{"@id":"https:\/\/portaltela.pt\/noticias\/2026\/04\/11\/cip-acusa-ugt-de-faltar-a-verdade-sobre-leis-laborais\/#primaryimage"},"thumbnailUrl":"https:\/\/portaltela.pt\/s.01k8rhncp4jt1\/2026\/04\/2080699.jpg","keywords":["CIP","condi\u00e7\u00f5es de trabalho","direitos dos trabalhadores","negocia\u00e7\u00e3o","pol\u00edtica","trabalho"],"articleSection":["Economia","Neg\u00f3cios"],"inLanguage":"pt-PT"},{"@type":"WebPage","@id":"https:\/\/portaltela.pt\/noticias\/2026\/04\/11\/cip-acusa-ugt-de-faltar-a-verdade-sobre-leis-laborais\/","url":"https:\/\/portaltela.pt\/noticias\/2026\/04\/11\/cip-acusa-ugt-de-faltar-a-verdade-sobre-leis-laborais\/","name":"CIP acusa UGT de faltar \u00e0 verdade sobre leis laborais - Portal Tela Portugal","isPartOf":{"@id":"https:\/\/portaltela.pt\/#website"},"primaryImageOfPage":{"@id":"https:\/\/portaltela.pt\/noticias\/2026\/04\/11\/cip-acusa-ugt-de-faltar-a-verdade-sobre-leis-laborais\/#primaryimage"},"image":{"@id":"https:\/\/portaltela.pt\/noticias\/2026\/04\/11\/cip-acusa-ugt-de-faltar-a-verdade-sobre-leis-laborais\/#primaryimage"},"thumbnailUrl":"https:\/\/portaltela.pt\/s.01k8rhncp4jt1\/2026\/04\/2080699.jpg","datePublished":"2026-04-11T12:02:39+00:00","author":{"@id":"https:\/\/portaltela.pt\/#\/schema\/person\/c4278d4a6028830caff9ee44b42d32ed"},"breadcrumb":{"@id":"https:\/\/portaltela.pt\/noticias\/2026\/04\/11\/cip-acusa-ugt-de-faltar-a-verdade-sobre-leis-laborais\/#breadcrumb"},"inLanguage":"pt-PT","potentialAction":[{"@type":"ReadAction","target":["https:\/\/portaltela.pt\/noticias\/2026\/04\/11\/cip-acusa-ugt-de-faltar-a-verdade-sobre-leis-laborais\/"]}]},{"@type":"ImageObject","inLanguage":"pt-PT","@id":"https:\/\/portaltela.pt\/noticias\/2026\/04\/11\/cip-acusa-ugt-de-faltar-a-verdade-sobre-leis-laborais\/#primaryimage","url":"https:\/\/portaltela.pt\/s.01k8rhncp4jt1\/2026\/04\/2080699.jpg","contentUrl":"https:\/\/portaltela.pt\/s.01k8rhncp4jt1\/2026\/04\/2080699.jpg","width":796,"height":448,"caption":"Armindo Monteiro, presidente da CIP - Confedera\u00e7\u00e3o Empresarial de Portugal"},{"@type":"BreadcrumbList","@id":"https:\/\/portaltela.pt\/noticias\/2026\/04\/11\/cip-acusa-ugt-de-faltar-a-verdade-sobre-leis-laborais\/#breadcrumb","itemListElement":[{"@type":"ListItem","position":1,"name":"In\u00edcio","item":"https:\/\/portaltela.pt\/"},{"@type":"ListItem","position":2,"name":"CIP acusa UGT de faltar \u00e0 verdade sobre leis laborais"}]},{"@type":"WebSite","@id":"https:\/\/portaltela.pt\/#website","url":"https:\/\/portaltela.pt\/","name":"Portal Tela Portugal","description":"","potentialAction":[{"@type":"SearchAction","target":{"@type":"EntryPoint","urlTemplate":"https:\/\/portaltela.pt\/?s={search_term_string}"},"query-input":{"@type":"PropertyValueSpecification","valueRequired":true,"valueName":"search_term_string"}}],"inLanguage":"pt-PT"},{"@type":"Person","@id":"https:\/\/portaltela.pt\/#\/schema\/person\/c4278d4a6028830caff9ee44b42d32ed","name":"Telinha","image":{"@type":"ImageObject","inLanguage":"pt-PT","@id":"https:\/\/portaltela.pt\/s.01k8rhncp4jt1\/2025\/11\/talking-bot-125x125.png","url":"https:\/\/portaltela.pt\/s.01k8rhncp4jt1\/2025\/11\/talking-bot-125x125.png","contentUrl":"https:\/\/portaltela.pt\/s.01k8rhncp4jt1\/2025\/11\/talking-bot-125x125.png","caption":"Telinha"},"sameAs":["https:\/\/portaltela.pt\/"],"url":"https:\/\/portaltela.pt\/por\/367410592786\/"}]}},"_links":{"self":[{"href":"https:\/\/portaltela.pt\/api\/wp\/v2\/posts\/440453","targetHints":{"allow":["GET"]}}],"collection":[{"href":"https:\/\/portaltela.pt\/api\/wp\/v2\/posts"}],"about":[{"href":"https:\/\/portaltela.pt\/api\/wp\/v2\/types\/post"}],"author":[{"embeddable":true,"href":"https:\/\/portaltela.pt\/api\/wp\/v2\/users\/2"}],"replies":[{"embeddable":true,"href":"https:\/\/portaltela.pt\/api\/wp\/v2\/comments?post=440453"}],"version-history":[{"count":0,"href":"https:\/\/portaltela.pt\/api\/wp\/v2\/posts\/440453\/revisions"}],"wp:featuredmedia":[{"embeddable":true,"href":"https:\/\/portaltela.pt\/api\/wp\/v2\/media\/440454"}],"wp:attachment":[{"href":"https:\/\/portaltela.pt\/api\/wp\/v2\/media?parent=440453"}],"wp:term":[{"taxonomy":"category","embeddable":true,"href":"https:\/\/portaltela.pt\/api\/wp\/v2\/categories?post=440453"},{"taxonomy":"post_tag","embeddable":true,"href":"https:\/\/portaltela.pt\/api\/wp\/v2\/tags?post=440453"}],"curies":[{"name":"wp","href":"https:\/\/api.w.org\/{rel}","templated":true}]}}