{"id":440446,"date":"2026-04-11T08:47:06","date_gmt":"2026-04-11T11:47:06","guid":{"rendered":"https:\/\/portaltela.pt\/noticias\/2026\/04\/11\/andreia-faria-ainda-nao-se-cruzou-com-cristiano-ronaldo-no-al-nassr\/"},"modified":"2026-04-11T08:47:06","modified_gmt":"2026-04-11T11:47:06","slug":"andreia-faria-ainda-nao-se-cruzou-com-cristiano-ronaldo-no-al-nassr","status":"publish","type":"post","link":"https:\/\/portaltela.pt\/desporto\/futebol\/2026\/04\/11\/andreia-faria-ainda-nao-se-cruzou-com-cristiano-ronaldo-no-al-nassr\/","title":{"rendered":"Andreia Faria ainda n\u00e3o se cruzou com Cristiano Ronaldo no Al Nassr"},"content":{"rendered":"<p>Andreia Faria, jogadora do Al Nassr na ala feminina, ainda n\u00e3o se cruzou com Cristiano Ronaldo no clube. A rela\u00e7\u00e3o entre as equipas continua marcada pela dist\u00e2ncia entre Riade e Dammam, desde o in\u00edcio da \u00e9poca. A atleta falou aos jornalistas durante o est\u00e1gio da sele\u00e7\u00e3o feminina.<\/p>\n<p>Ela explicou que, ao longo dos fins de semana, as jogadoras viajam de avi\u00e3o para Riade e regressam a Dammam, o que complica o tempo de conv\u00edvio com a equipa masculina. O encontro com Jorge Jesus ocorreu por acaso, num hotel onde a equipa jogava a Superta\u00e7a.<\/p>\n<p>Ainda sobre a vida na Ar\u00e1bia, a internacional portuguesa afirmou que a experi\u00eancia tem sido enriquecedora do ponto de vista cultural. Em Dammam, as colegas saem, jantam e n\u00e3o enfrentam restri\u00e7\u00f5es, desde que respeitem a cultura local.<\/p>\n<h3>Avan\u00e7os do campeonato e liga passam a nexo da entrevista<\/h3>\n<p>Faria considerou o campeonato saudita em evolu\u00e7\u00e3o, com condi\u00e7\u00f5es para crescer e revelar caracter\u00edsticas ofensivas no \u00faltimo ter\u00e7o. Defendeu que o objetivo \u00e9 vencer t\u00edtulos nacionais, tal como acontece em Portugal.<\/p>\n<p>Relativamente \u00e0 sele\u00e7\u00e3o, enfatizou uma \u00e9poca positiva e o desejo de ajudar o grupo na qualifica\u00e7\u00e3o para o Mundial. Destacou a competitividade das advers\u00e1rias Let\u00f3nia e Eslov\u00e1quia, que j\u00e1 marcaram fora de casa.<\/p>\n<p>Ela reiterou que a equipa n\u00e3o se v\u00ea como favorita, especialmente por jogar fora. Refere que a press\u00e3o \u00e9 natural, associada ao objetivo de chegar ao Mundial e seguir a progress\u00e3o do coletivo.<\/p>\n<h3>Liga, Benfiquista de cora\u00e7\u00e3o e foco no Mundial<\/h3>\n<p>A atleta recordou a liga\u00e7\u00e3o com o Benfica, clube onde atuou durante sete anos. Mant\u00e9m o acompanhamento do clube e deseja que alcance os objetivos pendentes neste momento. A Jurisdi\u00e7\u00e3o da sele\u00e7\u00e3o manteve o foco no est\u00e1gio.<\/p>\n<p>No treino da manh\u00e3, a jogadora Andreia Jacinto ficou afastada por avalia\u00e7\u00e3o m\u00e9dica devido a um traumatismo no tornozelo esquerdo. O grupo de 24 jogadoras treinou sem limita\u00e7\u00f5es.<\/p>\n","protected":false},"excerpt":{"rendered":"<ul>\n<li>Andreia Faria, jogadora do Al Nassr, ainda n\u00e3o se cruzou com Cristiano Ronaldo no clube, apesar de a equipa masculina estar em Riade e a feminina em Dammam, o que obriga a viagens de avi\u00e3o aos fins de semana.<\/li>\n<li>A internacional portuguesa quer encontrar Ronaldo at\u00e9 ao final do contrato e disse ter conhecido Jorge Jesus no hotel onde estavam antes de jogarem a Superta\u00e7a.<\/li>\n<li>Faria afirmou que a vida na Ar\u00e1bia Saudita \u00e9 enriquecedora, destacando que as mulheres t\u00eam mais liberdade do que esperava e que n\u00e3o houve restri\u00e7\u00f5es ao seu dia a dia, mantendo o respeito pela cultura local.<\/li>\n<li>Considera o campeonato saudita ainda em evolu\u00e7\u00e3o, com melhorias ofensivas e condi\u00e7\u00f5es para competir, esperando que o t\u00edtulo chegue atrav\u00e9s de campeonatos e ta\u00e7as.<\/li>\n<li>Na sele\u00e7\u00e3o, enfatizou a \u00e9poca positiva e a ambi\u00e7\u00e3o de alcan\u00e7ar o Mundial, sublinhando que n\u00e3o olha para as favoritas, mas sim para o progresso da equipa; deixou ainda o apre\u00e7o pelo Benfica, clube onde foi dar casa durante sete anos.<\/li>\n<li>Durante a sess\u00e3o matinal, Andreia Jacinto ficou baixa por les\u00e3o no tornozelo esquerdo; o grupo de 24 jogadoras realizou treino sem limita\u00e7\u00f5es.<\/li>\n<\/ul>\n","protected":false},"author":2,"featured_media":440449,"comment_status":"closed","ping_status":"closed","sticky":false,"template":"","format":"standard","meta":{"footnotes":""},"categories":[21,24],"tags":[1016,1946,32,1030,242,2057],"class_list":["post-440446","post","type-post","status-publish","format-standard","has-post-thumbnail","hentry","category-desporto","category-futebol","tag-arabia-saudita","tag-benfica","tag-futebol","tag-futebol-feminino","tag-jogadores","tag-selecao-nacional"],"yoast_head":"<!-- This site is optimized with the Yoast SEO plugin v27.2 - https:\/\/yoast.com\/product\/yoast-seo-wordpress\/ -->\n<title>Andreia Faria ainda n\u00e3o se cruzou com Cristiano Ronaldo no Al Nassr - Portal Tela Portugal<\/title>\n<meta name=\"robots\" content=\"index, follow, max-snippet:-1, max-image-preview:large, max-video-preview:-1\" \/>\n<meta property=\"og:locale\" content=\"pt_PT\" \/>\n<meta property=\"og:type\" content=\"article\" \/>\n<meta property=\"og:title\" content=\"Andreia Faria ainda n\u00e3o se cruzou com Cristiano Ronaldo no Al Nassr - Portal Tela Portugal\" \/>\n<meta property=\"og:description\" content=\"Andreia Faria, jogadora do Al Nassr, ainda n\u00e3o se cruzou com Cristiano Ronaldo no clube, apesar de a equipa masculina estar em Riade e a feminina em Dammam, o que obriga a viagens de avi\u00e3o aos fins de semana. A internacional portuguesa quer encontrar Ronaldo at\u00e9 ao final do contrato e disse ter conhecido Jorge Jesus no hotel onde estavam antes de jogarem a Superta\u00e7a. Faria afirmou que a vida na Ar\u00e1bia Saudita \u00e9 enriquecedora, destacando que as mulheres t\u00eam mais liberdade do que esperava e que n\u00e3o houve restri\u00e7\u00f5es ao seu dia a dia, mantendo o respeito pela cultura local. Considera o campeonato saudita ainda em evolu\u00e7\u00e3o, com melhorias ofensivas e condi\u00e7\u00f5es para competir, esperando que o t\u00edtulo chegue atrav\u00e9s de campeonatos e ta\u00e7as. Na sele\u00e7\u00e3o, enfatizou a \u00e9poca positiva e a ambi\u00e7\u00e3o de alcan\u00e7ar o Mundial, sublinhando que n\u00e3o olha para as favoritas, mas sim para o progresso da equipa; deixou ainda o apre\u00e7o pelo Benfica, clube onde foi dar casa durante sete anos. Durante a sess\u00e3o matinal, Andreia Jacinto ficou baixa por les\u00e3o no tornozelo esquerdo; o grupo de 24 jogadoras realizou treino sem limita\u00e7\u00f5es.\" \/>\n<meta property=\"og:url\" content=\"https:\/\/portaltela.pt\/noticias\/2026\/04\/11\/andreia-faria-ainda-nao-se-cruzou-com-cristiano-ronaldo-no-al-nassr\/\" \/>\n<meta property=\"og:site_name\" content=\"Portal Tela Portugal\" \/>\n<meta property=\"article:published_time\" content=\"2026-04-11T11:47:06+00:00\" \/>\n<meta name=\"author\" content=\"Telinha\" \/>\n<meta name=\"twitter:card\" content=\"summary_large_image\" \/>\n<meta name=\"twitter:label1\" content=\"Escrito por\" \/>\n\t<meta name=\"twitter:data1\" content=\"Telinha\" \/>\n\t<meta name=\"twitter:label2\" content=\"Tempo estimado de leitura\" \/>\n\t<meta name=\"twitter:data2\" content=\"2 minutos\" \/>\n<script type=\"application\/ld+json\" class=\"yoast-schema-graph\">{\"@context\":\"https:\/\/schema.org\",\"@graph\":[{\"@type\":\"Article\",\"@id\":\"https:\/\/portaltela.pt\/noticias\/2026\/04\/11\/andreia-faria-ainda-nao-se-cruzou-com-cristiano-ronaldo-no-al-nassr\/#article\",\"isPartOf\":{\"@id\":\"https:\/\/portaltela.pt\/noticias\/2026\/04\/11\/andreia-faria-ainda-nao-se-cruzou-com-cristiano-ronaldo-no-al-nassr\/\"},\"author\":{\"name\":\"Telinha\",\"@id\":\"https:\/\/portaltela.pt\/#\/schema\/person\/c4278d4a6028830caff9ee44b42d32ed\"},\"headline\":\"Andreia Faria ainda n\u00e3o se cruzou com Cristiano Ronaldo no Al Nassr\",\"datePublished\":\"2026-04-11T11:47:06+00:00\",\"mainEntityOfPage\":{\"@id\":\"https:\/\/portaltela.pt\/noticias\/2026\/04\/11\/andreia-faria-ainda-nao-se-cruzou-com-cristiano-ronaldo-no-al-nassr\/\"},\"wordCount\":356,\"image\":{\"@id\":\"https:\/\/portaltela.pt\/noticias\/2026\/04\/11\/andreia-faria-ainda-nao-se-cruzou-com-cristiano-ronaldo-no-al-nassr\/#primaryimage\"},\"thumbnailUrl\":\"https:\/\/portaltela.pt\/s.01k8rhncp4jt1\/2026\/04\/img_1200x721uu2026-04-11-12-42-19-2432343-im-639115081568111941.jpg\",\"keywords\":[\"Ar\u00e1bia Saudita\",\"Benfica\",\"futebol\",\"futebol feminino\",\"jogadores\",\"Sele\u00e7\u00e3o Nacional\"],\"articleSection\":[\"Desporto\",\"Futebol\"],\"inLanguage\":\"pt-PT\"},{\"@type\":\"WebPage\",\"@id\":\"https:\/\/portaltela.pt\/noticias\/2026\/04\/11\/andreia-faria-ainda-nao-se-cruzou-com-cristiano-ronaldo-no-al-nassr\/\",\"url\":\"https:\/\/portaltela.pt\/noticias\/2026\/04\/11\/andreia-faria-ainda-nao-se-cruzou-com-cristiano-ronaldo-no-al-nassr\/\",\"name\":\"Andreia Faria ainda n\u00e3o se cruzou com Cristiano Ronaldo no Al Nassr - Portal Tela Portugal\",\"isPartOf\":{\"@id\":\"https:\/\/portaltela.pt\/#website\"},\"primaryImageOfPage\":{\"@id\":\"https:\/\/portaltela.pt\/noticias\/2026\/04\/11\/andreia-faria-ainda-nao-se-cruzou-com-cristiano-ronaldo-no-al-nassr\/#primaryimage\"},\"image\":{\"@id\":\"https:\/\/portaltela.pt\/noticias\/2026\/04\/11\/andreia-faria-ainda-nao-se-cruzou-com-cristiano-ronaldo-no-al-nassr\/#primaryimage\"},\"thumbnailUrl\":\"https:\/\/portaltela.pt\/s.01k8rhncp4jt1\/2026\/04\/img_1200x721uu2026-04-11-12-42-19-2432343-im-639115081568111941.jpg\",\"datePublished\":\"2026-04-11T11:47:06+00:00\",\"author\":{\"@id\":\"https:\/\/portaltela.pt\/#\/schema\/person\/c4278d4a6028830caff9ee44b42d32ed\"},\"breadcrumb\":{\"@id\":\"https:\/\/portaltela.pt\/noticias\/2026\/04\/11\/andreia-faria-ainda-nao-se-cruzou-com-cristiano-ronaldo-no-al-nassr\/#breadcrumb\"},\"inLanguage\":\"pt-PT\",\"potentialAction\":[{\"@type\":\"ReadAction\",\"target\":[\"https:\/\/portaltela.pt\/noticias\/2026\/04\/11\/andreia-faria-ainda-nao-se-cruzou-com-cristiano-ronaldo-no-al-nassr\/\"]}]},{\"@type\":\"ImageObject\",\"inLanguage\":\"pt-PT\",\"@id\":\"https:\/\/portaltela.pt\/noticias\/2026\/04\/11\/andreia-faria-ainda-nao-se-cruzou-com-cristiano-ronaldo-no-al-nassr\/#primaryimage\",\"url\":\"https:\/\/portaltela.pt\/s.01k8rhncp4jt1\/2026\/04\/img_1200x721uu2026-04-11-12-42-19-2432343-im-639115081568111941.jpg\",\"contentUrl\":\"https:\/\/portaltela.pt\/s.01k8rhncp4jt1\/2026\/04\/img_1200x721uu2026-04-11-12-42-19-2432343-im-639115081568111941.jpg\",\"width\":796,\"height\":448,\"caption\":\"Andreia Faria fala aos jornalistas\"},{\"@type\":\"BreadcrumbList\",\"@id\":\"https:\/\/portaltela.pt\/noticias\/2026\/04\/11\/andreia-faria-ainda-nao-se-cruzou-com-cristiano-ronaldo-no-al-nassr\/#breadcrumb\",\"itemListElement\":[{\"@type\":\"ListItem\",\"position\":1,\"name\":\"In\u00edcio\",\"item\":\"https:\/\/portaltela.pt\/\"},{\"@type\":\"ListItem\",\"position\":2,\"name\":\"Andreia Faria ainda n\u00e3o se cruzou com Cristiano Ronaldo no Al Nassr\"}]},{\"@type\":\"WebSite\",\"@id\":\"https:\/\/portaltela.pt\/#website\",\"url\":\"https:\/\/portaltela.pt\/\",\"name\":\"Portal Tela Portugal\",\"description\":\"\",\"potentialAction\":[{\"@type\":\"SearchAction\",\"target\":{\"@type\":\"EntryPoint\",\"urlTemplate\":\"https:\/\/portaltela.pt\/?s={search_term_string}\"},\"query-input\":{\"@type\":\"PropertyValueSpecification\",\"valueRequired\":true,\"valueName\":\"search_term_string\"}}],\"inLanguage\":\"pt-PT\"},{\"@type\":\"Person\",\"@id\":\"https:\/\/portaltela.pt\/#\/schema\/person\/c4278d4a6028830caff9ee44b42d32ed\",\"name\":\"Telinha\",\"image\":{\"@type\":\"ImageObject\",\"inLanguage\":\"pt-PT\",\"@id\":\"https:\/\/portaltela.pt\/s.01k8rhncp4jt1\/2025\/11\/talking-bot-125x125.png\",\"url\":\"https:\/\/portaltela.pt\/s.01k8rhncp4jt1\/2025\/11\/talking-bot-125x125.png\",\"contentUrl\":\"https:\/\/portaltela.pt\/s.01k8rhncp4jt1\/2025\/11\/talking-bot-125x125.png\",\"caption\":\"Telinha\"},\"sameAs\":[\"https:\/\/portaltela.pt\/\"],\"url\":\"https:\/\/portaltela.pt\/por\/367410592786\/\"}]}<\/script>\n<!-- \/ Yoast SEO plugin. -->","yoast_head_json":{"title":"Andreia Faria ainda n\u00e3o se cruzou com Cristiano Ronaldo no Al Nassr - Portal Tela Portugal","robots":{"index":"index","follow":"follow","max-snippet":"max-snippet:-1","max-image-preview":"max-image-preview:large","max-video-preview":"max-video-preview:-1"},"og_locale":"pt_PT","og_type":"article","og_title":"Andreia Faria ainda n\u00e3o se cruzou com Cristiano Ronaldo no Al Nassr - Portal Tela Portugal","og_description":"Andreia Faria, jogadora do Al Nassr, ainda n\u00e3o se cruzou com Cristiano Ronaldo no clube, apesar de a equipa masculina estar em Riade e a feminina em Dammam, o que obriga a viagens de avi\u00e3o aos fins de semana. A internacional portuguesa quer encontrar Ronaldo at\u00e9 ao final do contrato e disse ter conhecido Jorge Jesus no hotel onde estavam antes de jogarem a Superta\u00e7a. Faria afirmou que a vida na Ar\u00e1bia Saudita \u00e9 enriquecedora, destacando que as mulheres t\u00eam mais liberdade do que esperava e que n\u00e3o houve restri\u00e7\u00f5es ao seu dia a dia, mantendo o respeito pela cultura local. Considera o campeonato saudita ainda em evolu\u00e7\u00e3o, com melhorias ofensivas e condi\u00e7\u00f5es para competir, esperando que o t\u00edtulo chegue atrav\u00e9s de campeonatos e ta\u00e7as. Na sele\u00e7\u00e3o, enfatizou a \u00e9poca positiva e a ambi\u00e7\u00e3o de alcan\u00e7ar o Mundial, sublinhando que n\u00e3o olha para as favoritas, mas sim para o progresso da equipa; deixou ainda o apre\u00e7o pelo Benfica, clube onde foi dar casa durante sete anos. Durante a sess\u00e3o matinal, Andreia Jacinto ficou baixa por les\u00e3o no tornozelo esquerdo; o grupo de 24 jogadoras realizou treino sem limita\u00e7\u00f5es.","og_url":"https:\/\/portaltela.pt\/noticias\/2026\/04\/11\/andreia-faria-ainda-nao-se-cruzou-com-cristiano-ronaldo-no-al-nassr\/","og_site_name":"Portal Tela Portugal","article_published_time":"2026-04-11T11:47:06+00:00","author":"Telinha","twitter_card":"summary_large_image","twitter_misc":{"Escrito por":"Telinha","Tempo estimado de leitura":"2 minutos"},"schema":{"@context":"https:\/\/schema.org","@graph":[{"@type":"Article","@id":"https:\/\/portaltela.pt\/noticias\/2026\/04\/11\/andreia-faria-ainda-nao-se-cruzou-com-cristiano-ronaldo-no-al-nassr\/#article","isPartOf":{"@id":"https:\/\/portaltela.pt\/noticias\/2026\/04\/11\/andreia-faria-ainda-nao-se-cruzou-com-cristiano-ronaldo-no-al-nassr\/"},"author":{"name":"Telinha","@id":"https:\/\/portaltela.pt\/#\/schema\/person\/c4278d4a6028830caff9ee44b42d32ed"},"headline":"Andreia Faria ainda n\u00e3o se cruzou com Cristiano Ronaldo no Al Nassr","datePublished":"2026-04-11T11:47:06+00:00","mainEntityOfPage":{"@id":"https:\/\/portaltela.pt\/noticias\/2026\/04\/11\/andreia-faria-ainda-nao-se-cruzou-com-cristiano-ronaldo-no-al-nassr\/"},"wordCount":356,"image":{"@id":"https:\/\/portaltela.pt\/noticias\/2026\/04\/11\/andreia-faria-ainda-nao-se-cruzou-com-cristiano-ronaldo-no-al-nassr\/#primaryimage"},"thumbnailUrl":"https:\/\/portaltela.pt\/s.01k8rhncp4jt1\/2026\/04\/img_1200x721uu2026-04-11-12-42-19-2432343-im-639115081568111941.jpg","keywords":["Ar\u00e1bia Saudita","Benfica","futebol","futebol feminino","jogadores","Sele\u00e7\u00e3o Nacional"],"articleSection":["Desporto","Futebol"],"inLanguage":"pt-PT"},{"@type":"WebPage","@id":"https:\/\/portaltela.pt\/noticias\/2026\/04\/11\/andreia-faria-ainda-nao-se-cruzou-com-cristiano-ronaldo-no-al-nassr\/","url":"https:\/\/portaltela.pt\/noticias\/2026\/04\/11\/andreia-faria-ainda-nao-se-cruzou-com-cristiano-ronaldo-no-al-nassr\/","name":"Andreia Faria ainda n\u00e3o se cruzou com Cristiano Ronaldo no Al Nassr - Portal Tela Portugal","isPartOf":{"@id":"https:\/\/portaltela.pt\/#website"},"primaryImageOfPage":{"@id":"https:\/\/portaltela.pt\/noticias\/2026\/04\/11\/andreia-faria-ainda-nao-se-cruzou-com-cristiano-ronaldo-no-al-nassr\/#primaryimage"},"image":{"@id":"https:\/\/portaltela.pt\/noticias\/2026\/04\/11\/andreia-faria-ainda-nao-se-cruzou-com-cristiano-ronaldo-no-al-nassr\/#primaryimage"},"thumbnailUrl":"https:\/\/portaltela.pt\/s.01k8rhncp4jt1\/2026\/04\/img_1200x721uu2026-04-11-12-42-19-2432343-im-639115081568111941.jpg","datePublished":"2026-04-11T11:47:06+00:00","author":{"@id":"https:\/\/portaltela.pt\/#\/schema\/person\/c4278d4a6028830caff9ee44b42d32ed"},"breadcrumb":{"@id":"https:\/\/portaltela.pt\/noticias\/2026\/04\/11\/andreia-faria-ainda-nao-se-cruzou-com-cristiano-ronaldo-no-al-nassr\/#breadcrumb"},"inLanguage":"pt-PT","potentialAction":[{"@type":"ReadAction","target":["https:\/\/portaltela.pt\/noticias\/2026\/04\/11\/andreia-faria-ainda-nao-se-cruzou-com-cristiano-ronaldo-no-al-nassr\/"]}]},{"@type":"ImageObject","inLanguage":"pt-PT","@id":"https:\/\/portaltela.pt\/noticias\/2026\/04\/11\/andreia-faria-ainda-nao-se-cruzou-com-cristiano-ronaldo-no-al-nassr\/#primaryimage","url":"https:\/\/portaltela.pt\/s.01k8rhncp4jt1\/2026\/04\/img_1200x721uu2026-04-11-12-42-19-2432343-im-639115081568111941.jpg","contentUrl":"https:\/\/portaltela.pt\/s.01k8rhncp4jt1\/2026\/04\/img_1200x721uu2026-04-11-12-42-19-2432343-im-639115081568111941.jpg","width":796,"height":448,"caption":"Andreia Faria fala aos jornalistas"},{"@type":"BreadcrumbList","@id":"https:\/\/portaltela.pt\/noticias\/2026\/04\/11\/andreia-faria-ainda-nao-se-cruzou-com-cristiano-ronaldo-no-al-nassr\/#breadcrumb","itemListElement":[{"@type":"ListItem","position":1,"name":"In\u00edcio","item":"https:\/\/portaltela.pt\/"},{"@type":"ListItem","position":2,"name":"Andreia Faria ainda n\u00e3o se cruzou com Cristiano Ronaldo no Al Nassr"}]},{"@type":"WebSite","@id":"https:\/\/portaltela.pt\/#website","url":"https:\/\/portaltela.pt\/","name":"Portal Tela Portugal","description":"","potentialAction":[{"@type":"SearchAction","target":{"@type":"EntryPoint","urlTemplate":"https:\/\/portaltela.pt\/?s={search_term_string}"},"query-input":{"@type":"PropertyValueSpecification","valueRequired":true,"valueName":"search_term_string"}}],"inLanguage":"pt-PT"},{"@type":"Person","@id":"https:\/\/portaltela.pt\/#\/schema\/person\/c4278d4a6028830caff9ee44b42d32ed","name":"Telinha","image":{"@type":"ImageObject","inLanguage":"pt-PT","@id":"https:\/\/portaltela.pt\/s.01k8rhncp4jt1\/2025\/11\/talking-bot-125x125.png","url":"https:\/\/portaltela.pt\/s.01k8rhncp4jt1\/2025\/11\/talking-bot-125x125.png","contentUrl":"https:\/\/portaltela.pt\/s.01k8rhncp4jt1\/2025\/11\/talking-bot-125x125.png","caption":"Telinha"},"sameAs":["https:\/\/portaltela.pt\/"],"url":"https:\/\/portaltela.pt\/por\/367410592786\/"}]}},"_links":{"self":[{"href":"https:\/\/portaltela.pt\/api\/wp\/v2\/posts\/440446","targetHints":{"allow":["GET"]}}],"collection":[{"href":"https:\/\/portaltela.pt\/api\/wp\/v2\/posts"}],"about":[{"href":"https:\/\/portaltela.pt\/api\/wp\/v2\/types\/post"}],"author":[{"embeddable":true,"href":"https:\/\/portaltela.pt\/api\/wp\/v2\/users\/2"}],"replies":[{"embeddable":true,"href":"https:\/\/portaltela.pt\/api\/wp\/v2\/comments?post=440446"}],"version-history":[{"count":0,"href":"https:\/\/portaltela.pt\/api\/wp\/v2\/posts\/440446\/revisions"}],"wp:featuredmedia":[{"embeddable":true,"href":"https:\/\/portaltela.pt\/api\/wp\/v2\/media\/440449"}],"wp:attachment":[{"href":"https:\/\/portaltela.pt\/api\/wp\/v2\/media?parent=440446"}],"wp:term":[{"taxonomy":"category","embeddable":true,"href":"https:\/\/portaltela.pt\/api\/wp\/v2\/categories?post=440446"},{"taxonomy":"post_tag","embeddable":true,"href":"https:\/\/portaltela.pt\/api\/wp\/v2\/tags?post=440446"}],"curies":[{"name":"wp","href":"https:\/\/api.w.org\/{rel}","templated":true}]}}