{"id":440421,"date":"2026-04-11T04:50:00","date_gmt":"2026-04-11T07:50:00","guid":{"rendered":"https:\/\/portaltela.pt\/noticias\/2026\/04\/11\/braga-reune-familias-e-hospital-nos-cuidados-paliativos\/"},"modified":"2026-04-11T04:50:00","modified_gmt":"2026-04-11T07:50:00","slug":"braga-reune-familias-e-hospital-nos-cuidados-paliativos","status":"publish","type":"post","link":"https:\/\/portaltela.pt\/saude\/2026\/04\/11\/braga-reune-familias-e-hospital-nos-cuidados-paliativos\/","title":{"rendered":"Braga re\u00fane fam\u00edlias e hospital nos cuidados paliativos"},"content":{"rendered":"<p>A Unidade Local de Sa\u00fade de Braga criou um servi\u00e7o integrado de cuidados paliativos. A medida visa refor\u00e7ar a articula\u00e7\u00e3o entre o centro cl\u00ednico e as equipas de sa\u00fade familiar e comunit\u00e1ria que v\u00e3o ao domic\u00edlio tratar dos doentes.<\/p>\n<p>O objetivo \u00e9 assegurar cuidados continuados e humanizados, mantendo a qualidade de vida dos pacientes em fim de vida. A iniciativa surge para melhorar a coordena\u00e7\u00e3o entre institui\u00e7\u00f5es e fam\u00edlias.<\/p>\n<p>Cristina Rodrigues, filha de um paciente de Braga, partilha que as equipas visitavam a casa com cuidados m\u00e9dicos e apoio emocional. O pai recebia tratamento e conforto refor\u00e7ados pela atua\u00e7\u00e3o das equipas.<\/p>\n<h3>Servi\u00e7o integrado de cuidados paliativos<\/h3>\n<p>Este novo servi\u00e7o permite uma liga\u00e7\u00e3o mais estreita entre o hospital e as equipas que atuam no domic\u00edlio, com visitas programadas e acompanhamento cl\u00ednico. A medida pretende reduzir desloca\u00e7\u00f5es desnecess\u00e1rias e facilitar a decis\u00e3o informada dos fam\u00edlias.<\/p>\n<p>As equipas de sa\u00fade familiar e comunit\u00e1ria passam a integrar-se de forma mais estruturada com o centro cl\u00ednico, assegurando continuidade de cuidados. A implementa\u00e7\u00e3o mant\u00e9m o foco na dignidade do doente e na comunica\u00e7\u00e3o com os familiares.<\/p>\n","protected":false},"excerpt":{"rendered":"<ul>\n<li>A Unidade Local de Sa\u00fade de Braga criou um servi\u00e7o integrado de cuidados paliativos que refor\u00e7a a articula\u00e7\u00e3o entre o centro cl\u00ednico e as equipas que v\u00e3o a casa tratar dos doentes.<\/li>\n<li>O objetivo \u00e9 aproximar o hospital dos pacientes em domic\u00edlio, assegurando cuidados m\u00e9dicos e uma abordagem mais humana.<\/li>\n<li>O servi\u00e7o envolve a coopera\u00e7\u00e3o entre unidades hospitalares e equipas de sa\u00fade familiar e comunit\u00e1ria especializadas em acompanhar doentes em casa.<\/li>\n<li>O testemunho de Cristina Rodrigues ilustra o impacto, com visitas regulares que visam manter a melhor qualidade de vida poss\u00edvel, mesmo diante de um diagn\u00f3stico terminal.<\/li>\n<li>A iniciativa pretende melhorar a coordena\u00e7\u00e3o entre cuidados hospitalares e domicili\u00e1rios na regi\u00e3o de Braga.<\/li>\n<\/ul>\n","protected":false},"author":2,"featured_media":440422,"comment_status":"closed","ping_status":"closed","sticky":false,"template":"","format":"standard","meta":{"footnotes":""},"categories":[1,6745],"tags":[3035,5371,148,3691,271,3159],"class_list":["post-440421","post","type-post","status-publish","format-standard","has-post-thumbnail","hentry","category-noticias","category-saude","tag-comunidade","tag-cuidados-de-saude","tag-familias","tag-paliativos","tag-saude-publica","tag-unidades-de-saude-familiar"],"yoast_head":"<!-- This site is optimized with the Yoast SEO plugin v27.2 - https:\/\/yoast.com\/product\/yoast-seo-wordpress\/ -->\n<title>Braga re\u00fane fam\u00edlias e hospital nos cuidados paliativos - Portal Tela Portugal<\/title>\n<meta name=\"robots\" content=\"index, follow, max-snippet:-1, max-image-preview:large, max-video-preview:-1\" \/>\n<meta property=\"og:locale\" content=\"pt_PT\" \/>\n<meta property=\"og:type\" content=\"article\" \/>\n<meta property=\"og:title\" content=\"Braga re\u00fane fam\u00edlias e hospital nos cuidados paliativos - Portal Tela Portugal\" \/>\n<meta property=\"og:description\" content=\"A Unidade Local de Sa\u00fade de Braga criou um servi\u00e7o integrado de cuidados paliativos que refor\u00e7a a articula\u00e7\u00e3o entre o centro cl\u00ednico e as equipas que v\u00e3o a casa tratar dos doentes. O objetivo \u00e9 aproximar o hospital dos pacientes em domic\u00edlio, assegurando cuidados m\u00e9dicos e uma abordagem mais humana. O servi\u00e7o envolve a coopera\u00e7\u00e3o entre unidades hospitalares e equipas de sa\u00fade familiar e comunit\u00e1ria especializadas em acompanhar doentes em casa. O testemunho de Cristina Rodrigues ilustra o impacto, com visitas regulares que visam manter a melhor qualidade de vida poss\u00edvel, mesmo diante de um diagn\u00f3stico terminal. A iniciativa pretende melhorar a coordena\u00e7\u00e3o entre cuidados hospitalares e domicili\u00e1rios na regi\u00e3o de Braga.\" \/>\n<meta property=\"og:url\" content=\"https:\/\/portaltela.pt\/noticias\/2026\/04\/11\/braga-reune-familias-e-hospital-nos-cuidados-paliativos\/\" \/>\n<meta property=\"og:site_name\" content=\"Portal Tela Portugal\" \/>\n<meta property=\"article:published_time\" content=\"2026-04-11T07:50:00+00:00\" \/>\n<meta name=\"author\" content=\"Telinha\" \/>\n<meta name=\"twitter:card\" content=\"summary_large_image\" \/>\n<meta name=\"twitter:label1\" content=\"Escrito por\" \/>\n\t<meta name=\"twitter:data1\" content=\"Telinha\" \/>\n\t<meta name=\"twitter:label2\" content=\"Tempo estimado de leitura\" \/>\n\t<meta name=\"twitter:data2\" content=\"1 minuto\" \/>\n<script type=\"application\/ld+json\" class=\"yoast-schema-graph\">{\"@context\":\"https:\/\/schema.org\",\"@graph\":[{\"@type\":\"Article\",\"@id\":\"https:\/\/portaltela.pt\/noticias\/2026\/04\/11\/braga-reune-familias-e-hospital-nos-cuidados-paliativos\/#article\",\"isPartOf\":{\"@id\":\"https:\/\/portaltela.pt\/noticias\/2026\/04\/11\/braga-reune-familias-e-hospital-nos-cuidados-paliativos\/\"},\"author\":{\"name\":\"Telinha\",\"@id\":\"https:\/\/portaltela.pt\/#\/schema\/person\/c4278d4a6028830caff9ee44b42d32ed\"},\"headline\":\"Braga re\u00fane fam\u00edlias e hospital nos cuidados paliativos\",\"datePublished\":\"2026-04-11T07:50:00+00:00\",\"mainEntityOfPage\":{\"@id\":\"https:\/\/portaltela.pt\/noticias\/2026\/04\/11\/braga-reune-familias-e-hospital-nos-cuidados-paliativos\/\"},\"wordCount\":219,\"image\":{\"@id\":\"https:\/\/portaltela.pt\/noticias\/2026\/04\/11\/braga-reune-familias-e-hospital-nos-cuidados-paliativos\/#primaryimage\"},\"thumbnailUrl\":\"https:\/\/portaltela.pt\/s.01k8rhncp4jt1\/2026\/04\/image-648.jpg\",\"keywords\":[\"comunidade\",\"cuidados de sa\u00fade\",\"fam\u00edlias\",\"paliativos\",\"sa\u00fade p\u00fablica\",\"Unidades de Sa\u00fade Familiar\"],\"articleSection\":[\"Not\u00edcias\",\"Sa\u00fade\"],\"inLanguage\":\"pt-PT\"},{\"@type\":\"WebPage\",\"@id\":\"https:\/\/portaltela.pt\/noticias\/2026\/04\/11\/braga-reune-familias-e-hospital-nos-cuidados-paliativos\/\",\"url\":\"https:\/\/portaltela.pt\/noticias\/2026\/04\/11\/braga-reune-familias-e-hospital-nos-cuidados-paliativos\/\",\"name\":\"Braga re\u00fane fam\u00edlias e hospital nos cuidados paliativos - Portal Tela Portugal\",\"isPartOf\":{\"@id\":\"https:\/\/portaltela.pt\/#website\"},\"primaryImageOfPage\":{\"@id\":\"https:\/\/portaltela.pt\/noticias\/2026\/04\/11\/braga-reune-familias-e-hospital-nos-cuidados-paliativos\/#primaryimage\"},\"image\":{\"@id\":\"https:\/\/portaltela.pt\/noticias\/2026\/04\/11\/braga-reune-familias-e-hospital-nos-cuidados-paliativos\/#primaryimage\"},\"thumbnailUrl\":\"https:\/\/portaltela.pt\/s.01k8rhncp4jt1\/2026\/04\/image-648.jpg\",\"datePublished\":\"2026-04-11T07:50:00+00:00\",\"author\":{\"@id\":\"https:\/\/portaltela.pt\/#\/schema\/person\/c4278d4a6028830caff9ee44b42d32ed\"},\"breadcrumb\":{\"@id\":\"https:\/\/portaltela.pt\/noticias\/2026\/04\/11\/braga-reune-familias-e-hospital-nos-cuidados-paliativos\/#breadcrumb\"},\"inLanguage\":\"pt-PT\",\"potentialAction\":[{\"@type\":\"ReadAction\",\"target\":[\"https:\/\/portaltela.pt\/noticias\/2026\/04\/11\/braga-reune-familias-e-hospital-nos-cuidados-paliativos\/\"]}]},{\"@type\":\"ImageObject\",\"inLanguage\":\"pt-PT\",\"@id\":\"https:\/\/portaltela.pt\/noticias\/2026\/04\/11\/braga-reune-familias-e-hospital-nos-cuidados-paliativos\/#primaryimage\",\"url\":\"https:\/\/portaltela.pt\/s.01k8rhncp4jt1\/2026\/04\/image-648.jpg\",\"contentUrl\":\"https:\/\/portaltela.pt\/s.01k8rhncp4jt1\/2026\/04\/image-648.jpg\",\"width\":796,\"height\":448,\"caption\":\"Cristina Rodrigues, Ana Rodrigues, Aldara Braga e Ivo Ribeiro no Hospital de Braga\"},{\"@type\":\"BreadcrumbList\",\"@id\":\"https:\/\/portaltela.pt\/noticias\/2026\/04\/11\/braga-reune-familias-e-hospital-nos-cuidados-paliativos\/#breadcrumb\",\"itemListElement\":[{\"@type\":\"ListItem\",\"position\":1,\"name\":\"In\u00edcio\",\"item\":\"https:\/\/portaltela.pt\/\"},{\"@type\":\"ListItem\",\"position\":2,\"name\":\"Braga re\u00fane fam\u00edlias e hospital nos cuidados paliativos\"}]},{\"@type\":\"WebSite\",\"@id\":\"https:\/\/portaltela.pt\/#website\",\"url\":\"https:\/\/portaltela.pt\/\",\"name\":\"Portal Tela Portugal\",\"description\":\"\",\"potentialAction\":[{\"@type\":\"SearchAction\",\"target\":{\"@type\":\"EntryPoint\",\"urlTemplate\":\"https:\/\/portaltela.pt\/?s={search_term_string}\"},\"query-input\":{\"@type\":\"PropertyValueSpecification\",\"valueRequired\":true,\"valueName\":\"search_term_string\"}}],\"inLanguage\":\"pt-PT\"},{\"@type\":\"Person\",\"@id\":\"https:\/\/portaltela.pt\/#\/schema\/person\/c4278d4a6028830caff9ee44b42d32ed\",\"name\":\"Telinha\",\"image\":{\"@type\":\"ImageObject\",\"inLanguage\":\"pt-PT\",\"@id\":\"https:\/\/portaltela.pt\/s.01k8rhncp4jt1\/2025\/11\/talking-bot-125x125.png\",\"url\":\"https:\/\/portaltela.pt\/s.01k8rhncp4jt1\/2025\/11\/talking-bot-125x125.png\",\"contentUrl\":\"https:\/\/portaltela.pt\/s.01k8rhncp4jt1\/2025\/11\/talking-bot-125x125.png\",\"caption\":\"Telinha\"},\"sameAs\":[\"https:\/\/portaltela.pt\/\"],\"url\":\"https:\/\/portaltela.pt\/por\/367410592786\/\"}]}<\/script>\n<!-- \/ Yoast SEO plugin. -->","yoast_head_json":{"title":"Braga re\u00fane fam\u00edlias e hospital nos cuidados paliativos - Portal Tela Portugal","robots":{"index":"index","follow":"follow","max-snippet":"max-snippet:-1","max-image-preview":"max-image-preview:large","max-video-preview":"max-video-preview:-1"},"og_locale":"pt_PT","og_type":"article","og_title":"Braga re\u00fane fam\u00edlias e hospital nos cuidados paliativos - Portal Tela Portugal","og_description":"A Unidade Local de Sa\u00fade de Braga criou um servi\u00e7o integrado de cuidados paliativos que refor\u00e7a a articula\u00e7\u00e3o entre o centro cl\u00ednico e as equipas que v\u00e3o a casa tratar dos doentes. O objetivo \u00e9 aproximar o hospital dos pacientes em domic\u00edlio, assegurando cuidados m\u00e9dicos e uma abordagem mais humana. O servi\u00e7o envolve a coopera\u00e7\u00e3o entre unidades hospitalares e equipas de sa\u00fade familiar e comunit\u00e1ria especializadas em acompanhar doentes em casa. O testemunho de Cristina Rodrigues ilustra o impacto, com visitas regulares que visam manter a melhor qualidade de vida poss\u00edvel, mesmo diante de um diagn\u00f3stico terminal. A iniciativa pretende melhorar a coordena\u00e7\u00e3o entre cuidados hospitalares e domicili\u00e1rios na regi\u00e3o de Braga.","og_url":"https:\/\/portaltela.pt\/noticias\/2026\/04\/11\/braga-reune-familias-e-hospital-nos-cuidados-paliativos\/","og_site_name":"Portal Tela Portugal","article_published_time":"2026-04-11T07:50:00+00:00","author":"Telinha","twitter_card":"summary_large_image","twitter_misc":{"Escrito por":"Telinha","Tempo estimado de leitura":"1 minuto"},"schema":{"@context":"https:\/\/schema.org","@graph":[{"@type":"Article","@id":"https:\/\/portaltela.pt\/noticias\/2026\/04\/11\/braga-reune-familias-e-hospital-nos-cuidados-paliativos\/#article","isPartOf":{"@id":"https:\/\/portaltela.pt\/noticias\/2026\/04\/11\/braga-reune-familias-e-hospital-nos-cuidados-paliativos\/"},"author":{"name":"Telinha","@id":"https:\/\/portaltela.pt\/#\/schema\/person\/c4278d4a6028830caff9ee44b42d32ed"},"headline":"Braga re\u00fane fam\u00edlias e hospital nos cuidados paliativos","datePublished":"2026-04-11T07:50:00+00:00","mainEntityOfPage":{"@id":"https:\/\/portaltela.pt\/noticias\/2026\/04\/11\/braga-reune-familias-e-hospital-nos-cuidados-paliativos\/"},"wordCount":219,"image":{"@id":"https:\/\/portaltela.pt\/noticias\/2026\/04\/11\/braga-reune-familias-e-hospital-nos-cuidados-paliativos\/#primaryimage"},"thumbnailUrl":"https:\/\/portaltela.pt\/s.01k8rhncp4jt1\/2026\/04\/image-648.jpg","keywords":["comunidade","cuidados de sa\u00fade","fam\u00edlias","paliativos","sa\u00fade p\u00fablica","Unidades de Sa\u00fade Familiar"],"articleSection":["Not\u00edcias","Sa\u00fade"],"inLanguage":"pt-PT"},{"@type":"WebPage","@id":"https:\/\/portaltela.pt\/noticias\/2026\/04\/11\/braga-reune-familias-e-hospital-nos-cuidados-paliativos\/","url":"https:\/\/portaltela.pt\/noticias\/2026\/04\/11\/braga-reune-familias-e-hospital-nos-cuidados-paliativos\/","name":"Braga re\u00fane fam\u00edlias e hospital nos cuidados paliativos - Portal Tela Portugal","isPartOf":{"@id":"https:\/\/portaltela.pt\/#website"},"primaryImageOfPage":{"@id":"https:\/\/portaltela.pt\/noticias\/2026\/04\/11\/braga-reune-familias-e-hospital-nos-cuidados-paliativos\/#primaryimage"},"image":{"@id":"https:\/\/portaltela.pt\/noticias\/2026\/04\/11\/braga-reune-familias-e-hospital-nos-cuidados-paliativos\/#primaryimage"},"thumbnailUrl":"https:\/\/portaltela.pt\/s.01k8rhncp4jt1\/2026\/04\/image-648.jpg","datePublished":"2026-04-11T07:50:00+00:00","author":{"@id":"https:\/\/portaltela.pt\/#\/schema\/person\/c4278d4a6028830caff9ee44b42d32ed"},"breadcrumb":{"@id":"https:\/\/portaltela.pt\/noticias\/2026\/04\/11\/braga-reune-familias-e-hospital-nos-cuidados-paliativos\/#breadcrumb"},"inLanguage":"pt-PT","potentialAction":[{"@type":"ReadAction","target":["https:\/\/portaltela.pt\/noticias\/2026\/04\/11\/braga-reune-familias-e-hospital-nos-cuidados-paliativos\/"]}]},{"@type":"ImageObject","inLanguage":"pt-PT","@id":"https:\/\/portaltela.pt\/noticias\/2026\/04\/11\/braga-reune-familias-e-hospital-nos-cuidados-paliativos\/#primaryimage","url":"https:\/\/portaltela.pt\/s.01k8rhncp4jt1\/2026\/04\/image-648.jpg","contentUrl":"https:\/\/portaltela.pt\/s.01k8rhncp4jt1\/2026\/04\/image-648.jpg","width":796,"height":448,"caption":"Cristina Rodrigues, Ana Rodrigues, Aldara Braga e Ivo Ribeiro no Hospital de Braga"},{"@type":"BreadcrumbList","@id":"https:\/\/portaltela.pt\/noticias\/2026\/04\/11\/braga-reune-familias-e-hospital-nos-cuidados-paliativos\/#breadcrumb","itemListElement":[{"@type":"ListItem","position":1,"name":"In\u00edcio","item":"https:\/\/portaltela.pt\/"},{"@type":"ListItem","position":2,"name":"Braga re\u00fane fam\u00edlias e hospital nos cuidados paliativos"}]},{"@type":"WebSite","@id":"https:\/\/portaltela.pt\/#website","url":"https:\/\/portaltela.pt\/","name":"Portal Tela Portugal","description":"","potentialAction":[{"@type":"SearchAction","target":{"@type":"EntryPoint","urlTemplate":"https:\/\/portaltela.pt\/?s={search_term_string}"},"query-input":{"@type":"PropertyValueSpecification","valueRequired":true,"valueName":"search_term_string"}}],"inLanguage":"pt-PT"},{"@type":"Person","@id":"https:\/\/portaltela.pt\/#\/schema\/person\/c4278d4a6028830caff9ee44b42d32ed","name":"Telinha","image":{"@type":"ImageObject","inLanguage":"pt-PT","@id":"https:\/\/portaltela.pt\/s.01k8rhncp4jt1\/2025\/11\/talking-bot-125x125.png","url":"https:\/\/portaltela.pt\/s.01k8rhncp4jt1\/2025\/11\/talking-bot-125x125.png","contentUrl":"https:\/\/portaltela.pt\/s.01k8rhncp4jt1\/2025\/11\/talking-bot-125x125.png","caption":"Telinha"},"sameAs":["https:\/\/portaltela.pt\/"],"url":"https:\/\/portaltela.pt\/por\/367410592786\/"}]}},"_links":{"self":[{"href":"https:\/\/portaltela.pt\/api\/wp\/v2\/posts\/440421","targetHints":{"allow":["GET"]}}],"collection":[{"href":"https:\/\/portaltela.pt\/api\/wp\/v2\/posts"}],"about":[{"href":"https:\/\/portaltela.pt\/api\/wp\/v2\/types\/post"}],"author":[{"embeddable":true,"href":"https:\/\/portaltela.pt\/api\/wp\/v2\/users\/2"}],"replies":[{"embeddable":true,"href":"https:\/\/portaltela.pt\/api\/wp\/v2\/comments?post=440421"}],"version-history":[{"count":0,"href":"https:\/\/portaltela.pt\/api\/wp\/v2\/posts\/440421\/revisions"}],"wp:featuredmedia":[{"embeddable":true,"href":"https:\/\/portaltela.pt\/api\/wp\/v2\/media\/440422"}],"wp:attachment":[{"href":"https:\/\/portaltela.pt\/api\/wp\/v2\/media?parent=440421"}],"wp:term":[{"taxonomy":"category","embeddable":true,"href":"https:\/\/portaltela.pt\/api\/wp\/v2\/categories?post=440421"},{"taxonomy":"post_tag","embeddable":true,"href":"https:\/\/portaltela.pt\/api\/wp\/v2\/tags?post=440421"}],"curies":[{"name":"wp","href":"https:\/\/api.w.org\/{rel}","templated":true}]}}