{"id":440406,"date":"2026-04-11T07:31:59","date_gmt":"2026-04-11T10:31:59","guid":{"rendered":"https:\/\/portaltela.pt\/noticias\/2026\/04\/11\/homem-morre-colhido-por-comboio-na-maia\/"},"modified":"2026-04-11T07:31:59","modified_gmt":"2026-04-11T10:31:59","slug":"homem-morre-colhido-por-comboio-na-maia","status":"publish","type":"post","link":"https:\/\/portaltela.pt\/noticias\/2026\/04\/11\/homem-morre-colhido-por-comboio-na-maia\/","title":{"rendered":"Homem morre colhido por comboio na Maia"},"content":{"rendered":"<p>Um homem morreu hoje ao ser colhido por um comboio na Maia, na esta\u00e7\u00e3o da Maia, na linha que liga Campanha a Viana do Castelo. O acidente ocorreu \u00e0s 11h26, na manh\u00e3 de 11 de abril de 2026. A linha ficou interrompida durante v\u00e1rias horas.<\/p>\n<p>A circula\u00e7\u00e3o foi interrompida a partir do momento do incidente, causando transtornos nos passageiros. A linha foi depois reaberta ap\u00f3s a remo\u00e7\u00e3o do corpo e a conclus\u00e3o das dilig\u00eancias de rotina.<\/p>\n<p>A Pol\u00edcia de Seguran\u00e7a P\u00fablica esteve no local a investigar as circunst\u00e2ncias. A identidade da v\u00edtima n\u00e3o foi divulgada e o corpo foi encaminhado para o Instituto de Medicina Legal para aut\u00f3psia.<\/p>\n<h3>Investiga\u00e7\u00e3o em curso<\/h3>\n<p>As autoridades ainda n\u00e3o divulgaram as causas do acidente. O relat\u00f3rio preliminar dever\u00e1 indicar se houve envolvimento de terceiros ou fatores operacionais.<\/p>\n<p>A linha Campanh\u00e3\u2013Viana do Castelo j\u00e1 foi normalizada. N\u00e3o houve informa\u00e7\u00f5es sobre ferimentos de terceiros. A investiga\u00e7\u00e3o segue para confirmar as causas e eventuais responsabilidades.<\/p>\n","protected":false},"excerpt":{"rendered":"<ul>\n<li>Um homem foi colhido por um comboio na Maia, na esta\u00e7\u00e3o da Maia, na linha que liga Campanha a Viana do Castelo, hoje, 11 de abril de 2026, \u00e0s 11h26.<\/li>\n<li>A circula\u00e7\u00e3o ferrovi\u00e1ria esteve interrompida durante v\u00e1rias horas, causando transtornos aos passageiros; a linha foi reaberta ap\u00f3s a remo\u00e7\u00e3o do corpo e dilig\u00eancias.<\/li>\n<li>A Pol\u00edcia de Seguran\u00e7a P\u00fablica esteve no local a investigar as circunst\u00e2ncias do acidente; ainda n\u00e3o h\u00e1 informa\u00e7\u00f5es sobre as causas.<\/li>\n<li>A v\u00edtima n\u00e3o teve identidade divulgada e o corpo foi encaminhado para o Instituto de Medicina Legal para aut\u00f3psia.<\/li>\n<li>A linha entre Campanha e Viana do Castelo j\u00e1 se encontra restabelecida.<\/li>\n<\/ul>\n","protected":false},"author":2,"featured_media":440412,"comment_status":"closed","ping_status":"closed","sticky":false,"template":"","format":"standard","meta":{"footnotes":""},"categories":[6849,1],"tags":[7878,5487,215,1743,6429],"class_list":["post-440406","post","type-post","status-publish","format-standard","has-post-thumbnail","hentry","category-acidentes","category-noticias","tag-_seguranca-publica","tag-acidente","tag-investigacao","tag-maia","tag-mortes"],"yoast_head":"<!-- This site is optimized with the Yoast SEO plugin v27.2 - https:\/\/yoast.com\/product\/yoast-seo-wordpress\/ -->\n<title>Homem morre colhido por comboio na Maia - Portal Tela Portugal<\/title>\n<meta name=\"robots\" content=\"index, follow, max-snippet:-1, max-image-preview:large, max-video-preview:-1\" \/>\n<meta property=\"og:locale\" content=\"pt_PT\" \/>\n<meta property=\"og:type\" content=\"article\" \/>\n<meta property=\"og:title\" content=\"Homem morre colhido por comboio na Maia - Portal Tela Portugal\" \/>\n<meta property=\"og:description\" content=\"Um homem foi colhido por um comboio na Maia, na esta\u00e7\u00e3o da Maia, na linha que liga Campanha a Viana do Castelo, hoje, 11 de abril de 2026, \u00e0s 11h26. A circula\u00e7\u00e3o ferrovi\u00e1ria esteve interrompida durante v\u00e1rias horas, causando transtornos aos passageiros; a linha foi reaberta ap\u00f3s a remo\u00e7\u00e3o do corpo e dilig\u00eancias. A Pol\u00edcia de Seguran\u00e7a P\u00fablica esteve no local a investigar as circunst\u00e2ncias do acidente; ainda n\u00e3o h\u00e1 informa\u00e7\u00f5es sobre as causas. A v\u00edtima n\u00e3o teve identidade divulgada e o corpo foi encaminhado para o Instituto de Medicina Legal para aut\u00f3psia. A linha entre Campanha e Viana do Castelo j\u00e1 se encontra restabelecida.\" \/>\n<meta property=\"og:url\" content=\"https:\/\/portaltela.pt\/noticias\/2026\/04\/11\/homem-morre-colhido-por-comboio-na-maia\/\" \/>\n<meta property=\"og:site_name\" content=\"Portal Tela Portugal\" \/>\n<meta property=\"article:published_time\" content=\"2026-04-11T10:31:59+00:00\" \/>\n<meta name=\"author\" content=\"Telinha\" \/>\n<meta name=\"twitter:card\" content=\"summary_large_image\" \/>\n<meta name=\"twitter:label1\" content=\"Escrito por\" \/>\n\t<meta name=\"twitter:data1\" content=\"Telinha\" \/>\n\t<meta name=\"twitter:label2\" content=\"Tempo estimado de leitura\" \/>\n\t<meta name=\"twitter:data2\" content=\"1 minuto\" \/>\n<script type=\"application\/ld+json\" class=\"yoast-schema-graph\">{\"@context\":\"https:\/\/schema.org\",\"@graph\":[{\"@type\":\"Article\",\"@id\":\"https:\/\/portaltela.pt\/noticias\/2026\/04\/11\/homem-morre-colhido-por-comboio-na-maia\/#article\",\"isPartOf\":{\"@id\":\"https:\/\/portaltela.pt\/noticias\/2026\/04\/11\/homem-morre-colhido-por-comboio-na-maia\/\"},\"author\":{\"name\":\"Telinha\",\"@id\":\"https:\/\/portaltela.pt\/#\/schema\/person\/c4278d4a6028830caff9ee44b42d32ed\"},\"headline\":\"Homem morre colhido por comboio na Maia\",\"datePublished\":\"2026-04-11T10:31:59+00:00\",\"mainEntityOfPage\":{\"@id\":\"https:\/\/portaltela.pt\/noticias\/2026\/04\/11\/homem-morre-colhido-por-comboio-na-maia\/\"},\"wordCount\":184,\"image\":{\"@id\":\"https:\/\/portaltela.pt\/noticias\/2026\/04\/11\/homem-morre-colhido-por-comboio-na-maia\/#primaryimage\"},\"thumbnailUrl\":\"https:\/\/portaltela.pt\/s.01k8rhncp4jt1\/2026\/04\/img_1280x722uu2026-04-11-11-26-36-2277910.jpg\",\"keywords\":[\"_seguran\u00e7a p\u00fablica\",\"acidente\",\"investiga\u00e7\u00e3o\",\"Maia\",\"mortes\"],\"articleSection\":[\"Acidentes\",\"Not\u00edcias\"],\"inLanguage\":\"pt-PT\"},{\"@type\":\"WebPage\",\"@id\":\"https:\/\/portaltela.pt\/noticias\/2026\/04\/11\/homem-morre-colhido-por-comboio-na-maia\/\",\"url\":\"https:\/\/portaltela.pt\/noticias\/2026\/04\/11\/homem-morre-colhido-por-comboio-na-maia\/\",\"name\":\"Homem morre colhido por comboio na Maia - Portal Tela Portugal\",\"isPartOf\":{\"@id\":\"https:\/\/portaltela.pt\/#website\"},\"primaryImageOfPage\":{\"@id\":\"https:\/\/portaltela.pt\/noticias\/2026\/04\/11\/homem-morre-colhido-por-comboio-na-maia\/#primaryimage\"},\"image\":{\"@id\":\"https:\/\/portaltela.pt\/noticias\/2026\/04\/11\/homem-morre-colhido-por-comboio-na-maia\/#primaryimage\"},\"thumbnailUrl\":\"https:\/\/portaltela.pt\/s.01k8rhncp4jt1\/2026\/04\/img_1280x722uu2026-04-11-11-26-36-2277910.jpg\",\"datePublished\":\"2026-04-11T10:31:59+00:00\",\"author\":{\"@id\":\"https:\/\/portaltela.pt\/#\/schema\/person\/c4278d4a6028830caff9ee44b42d32ed\"},\"breadcrumb\":{\"@id\":\"https:\/\/portaltela.pt\/noticias\/2026\/04\/11\/homem-morre-colhido-por-comboio-na-maia\/#breadcrumb\"},\"inLanguage\":\"pt-PT\",\"potentialAction\":[{\"@type\":\"ReadAction\",\"target\":[\"https:\/\/portaltela.pt\/noticias\/2026\/04\/11\/homem-morre-colhido-por-comboio-na-maia\/\"]}]},{\"@type\":\"ImageObject\",\"inLanguage\":\"pt-PT\",\"@id\":\"https:\/\/portaltela.pt\/noticias\/2026\/04\/11\/homem-morre-colhido-por-comboio-na-maia\/#primaryimage\",\"url\":\"https:\/\/portaltela.pt\/s.01k8rhncp4jt1\/2026\/04\/img_1280x722uu2026-04-11-11-26-36-2277910.jpg\",\"contentUrl\":\"https:\/\/portaltela.pt\/s.01k8rhncp4jt1\/2026\/04\/img_1280x722uu2026-04-11-11-26-36-2277910.jpg\",\"width\":796,\"height\":448,\"caption\":\"Homem morre colhido por comboio na Maia\"},{\"@type\":\"BreadcrumbList\",\"@id\":\"https:\/\/portaltela.pt\/noticias\/2026\/04\/11\/homem-morre-colhido-por-comboio-na-maia\/#breadcrumb\",\"itemListElement\":[{\"@type\":\"ListItem\",\"position\":1,\"name\":\"In\u00edcio\",\"item\":\"https:\/\/portaltela.pt\/\"},{\"@type\":\"ListItem\",\"position\":2,\"name\":\"Homem morre colhido por comboio na Maia\"}]},{\"@type\":\"WebSite\",\"@id\":\"https:\/\/portaltela.pt\/#website\",\"url\":\"https:\/\/portaltela.pt\/\",\"name\":\"Portal Tela Portugal\",\"description\":\"\",\"potentialAction\":[{\"@type\":\"SearchAction\",\"target\":{\"@type\":\"EntryPoint\",\"urlTemplate\":\"https:\/\/portaltela.pt\/?s={search_term_string}\"},\"query-input\":{\"@type\":\"PropertyValueSpecification\",\"valueRequired\":true,\"valueName\":\"search_term_string\"}}],\"inLanguage\":\"pt-PT\"},{\"@type\":\"Person\",\"@id\":\"https:\/\/portaltela.pt\/#\/schema\/person\/c4278d4a6028830caff9ee44b42d32ed\",\"name\":\"Telinha\",\"image\":{\"@type\":\"ImageObject\",\"inLanguage\":\"pt-PT\",\"@id\":\"https:\/\/portaltela.pt\/s.01k8rhncp4jt1\/2025\/11\/talking-bot-125x125.png\",\"url\":\"https:\/\/portaltela.pt\/s.01k8rhncp4jt1\/2025\/11\/talking-bot-125x125.png\",\"contentUrl\":\"https:\/\/portaltela.pt\/s.01k8rhncp4jt1\/2025\/11\/talking-bot-125x125.png\",\"caption\":\"Telinha\"},\"sameAs\":[\"https:\/\/portaltela.pt\/\"],\"url\":\"https:\/\/portaltela.pt\/por\/367410592786\/\"}]}<\/script>\n<!-- \/ Yoast SEO plugin. -->","yoast_head_json":{"title":"Homem morre colhido por comboio na Maia - Portal Tela Portugal","robots":{"index":"index","follow":"follow","max-snippet":"max-snippet:-1","max-image-preview":"max-image-preview:large","max-video-preview":"max-video-preview:-1"},"og_locale":"pt_PT","og_type":"article","og_title":"Homem morre colhido por comboio na Maia - Portal Tela Portugal","og_description":"Um homem foi colhido por um comboio na Maia, na esta\u00e7\u00e3o da Maia, na linha que liga Campanha a Viana do Castelo, hoje, 11 de abril de 2026, \u00e0s 11h26. A circula\u00e7\u00e3o ferrovi\u00e1ria esteve interrompida durante v\u00e1rias horas, causando transtornos aos passageiros; a linha foi reaberta ap\u00f3s a remo\u00e7\u00e3o do corpo e dilig\u00eancias. A Pol\u00edcia de Seguran\u00e7a P\u00fablica esteve no local a investigar as circunst\u00e2ncias do acidente; ainda n\u00e3o h\u00e1 informa\u00e7\u00f5es sobre as causas. A v\u00edtima n\u00e3o teve identidade divulgada e o corpo foi encaminhado para o Instituto de Medicina Legal para aut\u00f3psia. A linha entre Campanha e Viana do Castelo j\u00e1 se encontra restabelecida.","og_url":"https:\/\/portaltela.pt\/noticias\/2026\/04\/11\/homem-morre-colhido-por-comboio-na-maia\/","og_site_name":"Portal Tela Portugal","article_published_time":"2026-04-11T10:31:59+00:00","author":"Telinha","twitter_card":"summary_large_image","twitter_misc":{"Escrito por":"Telinha","Tempo estimado de leitura":"1 minuto"},"schema":{"@context":"https:\/\/schema.org","@graph":[{"@type":"Article","@id":"https:\/\/portaltela.pt\/noticias\/2026\/04\/11\/homem-morre-colhido-por-comboio-na-maia\/#article","isPartOf":{"@id":"https:\/\/portaltela.pt\/noticias\/2026\/04\/11\/homem-morre-colhido-por-comboio-na-maia\/"},"author":{"name":"Telinha","@id":"https:\/\/portaltela.pt\/#\/schema\/person\/c4278d4a6028830caff9ee44b42d32ed"},"headline":"Homem morre colhido por comboio na Maia","datePublished":"2026-04-11T10:31:59+00:00","mainEntityOfPage":{"@id":"https:\/\/portaltela.pt\/noticias\/2026\/04\/11\/homem-morre-colhido-por-comboio-na-maia\/"},"wordCount":184,"image":{"@id":"https:\/\/portaltela.pt\/noticias\/2026\/04\/11\/homem-morre-colhido-por-comboio-na-maia\/#primaryimage"},"thumbnailUrl":"https:\/\/portaltela.pt\/s.01k8rhncp4jt1\/2026\/04\/img_1280x722uu2026-04-11-11-26-36-2277910.jpg","keywords":["_seguran\u00e7a p\u00fablica","acidente","investiga\u00e7\u00e3o","Maia","mortes"],"articleSection":["Acidentes","Not\u00edcias"],"inLanguage":"pt-PT"},{"@type":"WebPage","@id":"https:\/\/portaltela.pt\/noticias\/2026\/04\/11\/homem-morre-colhido-por-comboio-na-maia\/","url":"https:\/\/portaltela.pt\/noticias\/2026\/04\/11\/homem-morre-colhido-por-comboio-na-maia\/","name":"Homem morre colhido por comboio na Maia - Portal Tela Portugal","isPartOf":{"@id":"https:\/\/portaltela.pt\/#website"},"primaryImageOfPage":{"@id":"https:\/\/portaltela.pt\/noticias\/2026\/04\/11\/homem-morre-colhido-por-comboio-na-maia\/#primaryimage"},"image":{"@id":"https:\/\/portaltela.pt\/noticias\/2026\/04\/11\/homem-morre-colhido-por-comboio-na-maia\/#primaryimage"},"thumbnailUrl":"https:\/\/portaltela.pt\/s.01k8rhncp4jt1\/2026\/04\/img_1280x722uu2026-04-11-11-26-36-2277910.jpg","datePublished":"2026-04-11T10:31:59+00:00","author":{"@id":"https:\/\/portaltela.pt\/#\/schema\/person\/c4278d4a6028830caff9ee44b42d32ed"},"breadcrumb":{"@id":"https:\/\/portaltela.pt\/noticias\/2026\/04\/11\/homem-morre-colhido-por-comboio-na-maia\/#breadcrumb"},"inLanguage":"pt-PT","potentialAction":[{"@type":"ReadAction","target":["https:\/\/portaltela.pt\/noticias\/2026\/04\/11\/homem-morre-colhido-por-comboio-na-maia\/"]}]},{"@type":"ImageObject","inLanguage":"pt-PT","@id":"https:\/\/portaltela.pt\/noticias\/2026\/04\/11\/homem-morre-colhido-por-comboio-na-maia\/#primaryimage","url":"https:\/\/portaltela.pt\/s.01k8rhncp4jt1\/2026\/04\/img_1280x722uu2026-04-11-11-26-36-2277910.jpg","contentUrl":"https:\/\/portaltela.pt\/s.01k8rhncp4jt1\/2026\/04\/img_1280x722uu2026-04-11-11-26-36-2277910.jpg","width":796,"height":448,"caption":"Homem morre colhido por comboio na Maia"},{"@type":"BreadcrumbList","@id":"https:\/\/portaltela.pt\/noticias\/2026\/04\/11\/homem-morre-colhido-por-comboio-na-maia\/#breadcrumb","itemListElement":[{"@type":"ListItem","position":1,"name":"In\u00edcio","item":"https:\/\/portaltela.pt\/"},{"@type":"ListItem","position":2,"name":"Homem morre colhido por comboio na Maia"}]},{"@type":"WebSite","@id":"https:\/\/portaltela.pt\/#website","url":"https:\/\/portaltela.pt\/","name":"Portal Tela Portugal","description":"","potentialAction":[{"@type":"SearchAction","target":{"@type":"EntryPoint","urlTemplate":"https:\/\/portaltela.pt\/?s={search_term_string}"},"query-input":{"@type":"PropertyValueSpecification","valueRequired":true,"valueName":"search_term_string"}}],"inLanguage":"pt-PT"},{"@type":"Person","@id":"https:\/\/portaltela.pt\/#\/schema\/person\/c4278d4a6028830caff9ee44b42d32ed","name":"Telinha","image":{"@type":"ImageObject","inLanguage":"pt-PT","@id":"https:\/\/portaltela.pt\/s.01k8rhncp4jt1\/2025\/11\/talking-bot-125x125.png","url":"https:\/\/portaltela.pt\/s.01k8rhncp4jt1\/2025\/11\/talking-bot-125x125.png","contentUrl":"https:\/\/portaltela.pt\/s.01k8rhncp4jt1\/2025\/11\/talking-bot-125x125.png","caption":"Telinha"},"sameAs":["https:\/\/portaltela.pt\/"],"url":"https:\/\/portaltela.pt\/por\/367410592786\/"}]}},"_links":{"self":[{"href":"https:\/\/portaltela.pt\/api\/wp\/v2\/posts\/440406","targetHints":{"allow":["GET"]}}],"collection":[{"href":"https:\/\/portaltela.pt\/api\/wp\/v2\/posts"}],"about":[{"href":"https:\/\/portaltela.pt\/api\/wp\/v2\/types\/post"}],"author":[{"embeddable":true,"href":"https:\/\/portaltela.pt\/api\/wp\/v2\/users\/2"}],"replies":[{"embeddable":true,"href":"https:\/\/portaltela.pt\/api\/wp\/v2\/comments?post=440406"}],"version-history":[{"count":0,"href":"https:\/\/portaltela.pt\/api\/wp\/v2\/posts\/440406\/revisions"}],"wp:featuredmedia":[{"embeddable":true,"href":"https:\/\/portaltela.pt\/api\/wp\/v2\/media\/440412"}],"wp:attachment":[{"href":"https:\/\/portaltela.pt\/api\/wp\/v2\/media?parent=440406"}],"wp:term":[{"taxonomy":"category","embeddable":true,"href":"https:\/\/portaltela.pt\/api\/wp\/v2\/categories?post=440406"},{"taxonomy":"post_tag","embeddable":true,"href":"https:\/\/portaltela.pt\/api\/wp\/v2\/tags?post=440406"}],"curies":[{"name":"wp","href":"https:\/\/api.w.org\/{rel}","templated":true}]}}