{"id":440402,"date":"2026-04-11T07:31:56","date_gmt":"2026-04-11T10:31:56","guid":{"rendered":"https:\/\/portaltela.pt\/noticias\/2026\/04\/11\/pj-detem-suspeito-de-fraude-fiscal-superior-a-6-milhoes-de-euros-na-alemanha\/"},"modified":"2026-04-11T07:31:56","modified_gmt":"2026-04-11T10:31:56","slug":"pj-detem-suspeito-de-fraude-fiscal-superior-a-6-milhoes-de-euros-na-alemanha","status":"publish","type":"post","link":"https:\/\/portaltela.pt\/justica\/2026\/04\/11\/pj-detem-suspeito-de-fraude-fiscal-superior-a-6-milhoes-de-euros-na-alemanha\/","title":{"rendered":"PJ det\u00e9m suspeito de fraude fiscal superior a 6 milh\u00f5es de euros na Alemanha"},"content":{"rendered":"<p>A Pol\u00edcia Judici\u00e1ria deteve em Portugal um homem de 52 anos, suspeito de burla e fraude fiscal qualificada, ao cumprir um mandado de deten\u00e7\u00e3o europeu emitido pelas autoridades alem\u00e3s. A opera\u00e7\u00e3o visava um caso complexo que ter\u00e1 causado preju\u00edzos superiores a 6,4 milh\u00f5es de euros. O detido \u00e9 de nacionalidade portuguesa e administrava uma empresa de constru\u00e7\u00e3o civil.<\/p>\n<p>Entre 2018 e 2025, segundo a investiga\u00e7\u00e3o, o homem, com o controlo efetivo de dois c\u00famplices, implementou um esquema com o objetivo de maximizar lucros por via de subdeclarar sal\u00e1rios e horas de trabalho \u00e0s autoridades fiscais e de seguran\u00e7a social. ForCou-se tamb\u00e9m a emiss\u00e3o de faturas falsas por empresas associadas, relativas a servi\u00e7os n\u00e3o prestados.<\/p>\n<p>As faturas eram pagas em dinheiro e os valores devolviam-se por via de sal\u00e1rios n\u00e3o declarados. Diversas sociedades estiveram envolvidas, tendo o suspeito chegado a criar uma empresa pr\u00f3pria para continuar o esquema. A PJ aponta para a possibilidade de continuidade da atividade criminosa atrav\u00e9s de outra empresa at\u00e9 2025.<\/p>\n<p>A investiga\u00e7\u00e3o aponta preju\u00edzos que superam os 6,4 milh\u00f5es de euros. Pela gravidade dos factos, o alegado autor pode enfrentar uma pena m\u00e1xima de 10 anos de pris\u00e3o. O homem foi presente a juiz no Tribunal da Rela\u00e7\u00e3o de Guimar\u00e3es e aguarda os termos do processo de extradi\u00e7\u00e3o em pris\u00e3o preventiva.<\/p>\n<h3>Avan\u00e7os legais e pr\u00f3ximos passos<\/h3>\n<p>A autoridade portuguesa n\u00e3o revela detalhes operacionais do mandado europeu. Conforme o despacho, a extradi\u00e7\u00e3o para Alemanha depende de tramita\u00e7\u00f5es judiciais em territ\u00f3rio nacional. As autoridades alem\u00e3s continuam a colaborar com as portuguesas na monitoriza\u00e7\u00e3o de eventuais liga\u00e7\u00f5es adicionais do esquema.<\/p>\n","protected":false},"excerpt":{"rendered":"<ul>\n<li>A Pol\u00edcia Judici\u00e1ria, com um Mandado Europeu de Deten\u00e7\u00e3o, deteve um homem de 52 anos, de nacionalidade portuguesa, em rela\u00e7\u00e3o a suspeitas de burla e fraude fiscal na Alemanha, com preju\u00edzos superiores a \u20ac 6,4 milh\u00f5es.<\/li>\n<li>O per\u00edodo investigado estende-se entre 2018 e 2025, envolvendo tr\u00eas pessoas que controlavam uma empresa de constru\u00e7\u00e3o civil e teriam implementado um esquema para maximizar lucros.<\/li>\n<li>O esquema consistia em subdeclarar sal\u00e1rios e horas de trabalho \u00e0s autoridades fiscais e de seguran\u00e7a social, al\u00e9m de usar empresas-fantasma para emitir faturas por servi\u00e7os n\u00e3o prestados.<\/li>\n<li>Os valores das faturas eram devolvidos em dinheiro e usados para pagar sal\u00e1rios n\u00e3o declarados; chegou-se a criar uma empresa (controlada pelos c\u00famplices) para o esquema.<\/li>\n<li>O suspeito foi apresentado no Tribunal da Rela\u00e7\u00e3o de Guimar\u00e3es e ficou em pris\u00e3o preventiva \u00e0 espera do processo de extradi\u00e7\u00e3o; as autoridades alem\u00e3s n\u00e3o descartam a continuidade da atividade criminosa noutra empresa at\u00e9 2025.<\/li>\n<\/ul>\n","protected":false},"author":2,"featured_media":440405,"comment_status":"closed","ping_status":"closed","sticky":false,"template":"","format":"standard","meta":{"footnotes":""},"categories":[7374,6815],"tags":[6115,5833,6318,95,1014,250],"class_list":["post-440402","post","type-post","status-publish","format-standard","has-post-thumbnail","hentry","category-criminalidade","category-justica","tag-_economia","tag-extradicoes","tag-fraude","tag-fraude-fiscal","tag-portugal","tag-seguranca-publica"],"yoast_head":"<!-- This site is optimized with the Yoast SEO plugin v27.2 - https:\/\/yoast.com\/product\/yoast-seo-wordpress\/ -->\n<title>PJ det\u00e9m suspeito de fraude fiscal superior a 6 milh\u00f5es de euros na Alemanha - Portal Tela Portugal<\/title>\n<meta name=\"robots\" content=\"index, follow, max-snippet:-1, max-image-preview:large, max-video-preview:-1\" \/>\n<meta property=\"og:locale\" content=\"pt_PT\" \/>\n<meta property=\"og:type\" content=\"article\" \/>\n<meta property=\"og:title\" content=\"PJ det\u00e9m suspeito de fraude fiscal superior a 6 milh\u00f5es de euros na Alemanha - Portal Tela Portugal\" \/>\n<meta property=\"og:description\" content=\"A Pol\u00edcia Judici\u00e1ria, com um Mandado Europeu de Deten\u00e7\u00e3o, deteve um homem de 52 anos, de nacionalidade portuguesa, em rela\u00e7\u00e3o a suspeitas de burla e fraude fiscal na Alemanha, com preju\u00edzos superiores a \u20ac 6,4 milh\u00f5es. O per\u00edodo investigado estende-se entre 2018 e 2025, envolvendo tr\u00eas pessoas que controlavam uma empresa de constru\u00e7\u00e3o civil e teriam implementado um esquema para maximizar lucros. O esquema consistia em subdeclarar sal\u00e1rios e horas de trabalho \u00e0s autoridades fiscais e de seguran\u00e7a social, al\u00e9m de usar empresas-fantasma para emitir faturas por servi\u00e7os n\u00e3o prestados. Os valores das faturas eram devolvidos em dinheiro e usados para pagar sal\u00e1rios n\u00e3o declarados; chegou-se a criar uma empresa (controlada pelos c\u00famplices) para o esquema. O suspeito foi apresentado no Tribunal da Rela\u00e7\u00e3o de Guimar\u00e3es e ficou em pris\u00e3o preventiva \u00e0 espera do processo de extradi\u00e7\u00e3o; as autoridades alem\u00e3s n\u00e3o descartam a continuidade da atividade criminosa noutra empresa at\u00e9 2025.\" \/>\n<meta property=\"og:url\" content=\"https:\/\/portaltela.pt\/noticias\/2026\/04\/11\/pj-detem-suspeito-de-fraude-fiscal-superior-a-6-milhoes-de-euros-na-alemanha\/\" \/>\n<meta property=\"og:site_name\" content=\"Portal Tela Portugal\" \/>\n<meta property=\"article:published_time\" content=\"2026-04-11T10:31:56+00:00\" \/>\n<meta name=\"author\" content=\"Telinha\" \/>\n<meta name=\"twitter:card\" content=\"summary_large_image\" \/>\n<meta name=\"twitter:label1\" content=\"Escrito por\" \/>\n\t<meta name=\"twitter:data1\" content=\"Telinha\" \/>\n\t<meta name=\"twitter:label2\" content=\"Tempo estimado de leitura\" \/>\n\t<meta name=\"twitter:data2\" content=\"1 minuto\" \/>\n<script type=\"application\/ld+json\" class=\"yoast-schema-graph\">{\"@context\":\"https:\/\/schema.org\",\"@graph\":[{\"@type\":\"Article\",\"@id\":\"https:\/\/portaltela.pt\/noticias\/2026\/04\/11\/pj-detem-suspeito-de-fraude-fiscal-superior-a-6-milhoes-de-euros-na-alemanha\/#article\",\"isPartOf\":{\"@id\":\"https:\/\/portaltela.pt\/noticias\/2026\/04\/11\/pj-detem-suspeito-de-fraude-fiscal-superior-a-6-milhoes-de-euros-na-alemanha\/\"},\"author\":{\"name\":\"Telinha\",\"@id\":\"https:\/\/portaltela.pt\/#\/schema\/person\/c4278d4a6028830caff9ee44b42d32ed\"},\"headline\":\"PJ det\u00e9m suspeito de fraude fiscal superior a 6 milh\u00f5es de euros na Alemanha\",\"datePublished\":\"2026-04-11T10:31:56+00:00\",\"mainEntityOfPage\":{\"@id\":\"https:\/\/portaltela.pt\/noticias\/2026\/04\/11\/pj-detem-suspeito-de-fraude-fiscal-superior-a-6-milhoes-de-euros-na-alemanha\/\"},\"wordCount\":306,\"image\":{\"@id\":\"https:\/\/portaltela.pt\/noticias\/2026\/04\/11\/pj-detem-suspeito-de-fraude-fiscal-superior-a-6-milhoes-de-euros-na-alemanha\/#primaryimage\"},\"thumbnailUrl\":\"https:\/\/portaltela.pt\/s.01k8rhncp4jt1\/2026\/04\/img_1500x1000uu2025-04-10-00-09-20-2202708.jpg\",\"keywords\":[\"_economia\",\"extradi\u00e7\u00f5es\",\"fraude\",\"fraude fiscal\",\"Portugal\",\"seguran\u00e7a p\u00fablica\"],\"articleSection\":[\"Criminalidade\",\"Justi\u00e7a\"],\"inLanguage\":\"pt-PT\"},{\"@type\":\"WebPage\",\"@id\":\"https:\/\/portaltela.pt\/noticias\/2026\/04\/11\/pj-detem-suspeito-de-fraude-fiscal-superior-a-6-milhoes-de-euros-na-alemanha\/\",\"url\":\"https:\/\/portaltela.pt\/noticias\/2026\/04\/11\/pj-detem-suspeito-de-fraude-fiscal-superior-a-6-milhoes-de-euros-na-alemanha\/\",\"name\":\"PJ det\u00e9m suspeito de fraude fiscal superior a 6 milh\u00f5es de euros na Alemanha - Portal Tela Portugal\",\"isPartOf\":{\"@id\":\"https:\/\/portaltela.pt\/#website\"},\"primaryImageOfPage\":{\"@id\":\"https:\/\/portaltela.pt\/noticias\/2026\/04\/11\/pj-detem-suspeito-de-fraude-fiscal-superior-a-6-milhoes-de-euros-na-alemanha\/#primaryimage\"},\"image\":{\"@id\":\"https:\/\/portaltela.pt\/noticias\/2026\/04\/11\/pj-detem-suspeito-de-fraude-fiscal-superior-a-6-milhoes-de-euros-na-alemanha\/#primaryimage\"},\"thumbnailUrl\":\"https:\/\/portaltela.pt\/s.01k8rhncp4jt1\/2026\/04\/img_1500x1000uu2025-04-10-00-09-20-2202708.jpg\",\"datePublished\":\"2026-04-11T10:31:56+00:00\",\"author\":{\"@id\":\"https:\/\/portaltela.pt\/#\/schema\/person\/c4278d4a6028830caff9ee44b42d32ed\"},\"breadcrumb\":{\"@id\":\"https:\/\/portaltela.pt\/noticias\/2026\/04\/11\/pj-detem-suspeito-de-fraude-fiscal-superior-a-6-milhoes-de-euros-na-alemanha\/#breadcrumb\"},\"inLanguage\":\"pt-PT\",\"potentialAction\":[{\"@type\":\"ReadAction\",\"target\":[\"https:\/\/portaltela.pt\/noticias\/2026\/04\/11\/pj-detem-suspeito-de-fraude-fiscal-superior-a-6-milhoes-de-euros-na-alemanha\/\"]}]},{\"@type\":\"ImageObject\",\"inLanguage\":\"pt-PT\",\"@id\":\"https:\/\/portaltela.pt\/noticias\/2026\/04\/11\/pj-detem-suspeito-de-fraude-fiscal-superior-a-6-milhoes-de-euros-na-alemanha\/#primaryimage\",\"url\":\"https:\/\/portaltela.pt\/s.01k8rhncp4jt1\/2026\/04\/img_1500x1000uu2025-04-10-00-09-20-2202708.jpg\",\"contentUrl\":\"https:\/\/portaltela.pt\/s.01k8rhncp4jt1\/2026\/04\/img_1500x1000uu2025-04-10-00-09-20-2202708.jpg\",\"width\":796,\"height\":448,\"caption\":\"Preju\u00edzos superiores a 6,4 milh\u00f5es de euros\"},{\"@type\":\"BreadcrumbList\",\"@id\":\"https:\/\/portaltela.pt\/noticias\/2026\/04\/11\/pj-detem-suspeito-de-fraude-fiscal-superior-a-6-milhoes-de-euros-na-alemanha\/#breadcrumb\",\"itemListElement\":[{\"@type\":\"ListItem\",\"position\":1,\"name\":\"In\u00edcio\",\"item\":\"https:\/\/portaltela.pt\/\"},{\"@type\":\"ListItem\",\"position\":2,\"name\":\"PJ det\u00e9m suspeito de fraude fiscal superior a 6 milh\u00f5es de euros na Alemanha\"}]},{\"@type\":\"WebSite\",\"@id\":\"https:\/\/portaltela.pt\/#website\",\"url\":\"https:\/\/portaltela.pt\/\",\"name\":\"Portal Tela Portugal\",\"description\":\"\",\"potentialAction\":[{\"@type\":\"SearchAction\",\"target\":{\"@type\":\"EntryPoint\",\"urlTemplate\":\"https:\/\/portaltela.pt\/?s={search_term_string}\"},\"query-input\":{\"@type\":\"PropertyValueSpecification\",\"valueRequired\":true,\"valueName\":\"search_term_string\"}}],\"inLanguage\":\"pt-PT\"},{\"@type\":\"Person\",\"@id\":\"https:\/\/portaltela.pt\/#\/schema\/person\/c4278d4a6028830caff9ee44b42d32ed\",\"name\":\"Telinha\",\"image\":{\"@type\":\"ImageObject\",\"inLanguage\":\"pt-PT\",\"@id\":\"https:\/\/portaltela.pt\/s.01k8rhncp4jt1\/2025\/11\/talking-bot-125x125.png\",\"url\":\"https:\/\/portaltela.pt\/s.01k8rhncp4jt1\/2025\/11\/talking-bot-125x125.png\",\"contentUrl\":\"https:\/\/portaltela.pt\/s.01k8rhncp4jt1\/2025\/11\/talking-bot-125x125.png\",\"caption\":\"Telinha\"},\"sameAs\":[\"https:\/\/portaltela.pt\/\"],\"url\":\"https:\/\/portaltela.pt\/por\/367410592786\/\"}]}<\/script>\n<!-- \/ Yoast SEO plugin. -->","yoast_head_json":{"title":"PJ det\u00e9m suspeito de fraude fiscal superior a 6 milh\u00f5es de euros na Alemanha - Portal Tela Portugal","robots":{"index":"index","follow":"follow","max-snippet":"max-snippet:-1","max-image-preview":"max-image-preview:large","max-video-preview":"max-video-preview:-1"},"og_locale":"pt_PT","og_type":"article","og_title":"PJ det\u00e9m suspeito de fraude fiscal superior a 6 milh\u00f5es de euros na Alemanha - Portal Tela Portugal","og_description":"A Pol\u00edcia Judici\u00e1ria, com um Mandado Europeu de Deten\u00e7\u00e3o, deteve um homem de 52 anos, de nacionalidade portuguesa, em rela\u00e7\u00e3o a suspeitas de burla e fraude fiscal na Alemanha, com preju\u00edzos superiores a \u20ac 6,4 milh\u00f5es. O per\u00edodo investigado estende-se entre 2018 e 2025, envolvendo tr\u00eas pessoas que controlavam uma empresa de constru\u00e7\u00e3o civil e teriam implementado um esquema para maximizar lucros. O esquema consistia em subdeclarar sal\u00e1rios e horas de trabalho \u00e0s autoridades fiscais e de seguran\u00e7a social, al\u00e9m de usar empresas-fantasma para emitir faturas por servi\u00e7os n\u00e3o prestados. Os valores das faturas eram devolvidos em dinheiro e usados para pagar sal\u00e1rios n\u00e3o declarados; chegou-se a criar uma empresa (controlada pelos c\u00famplices) para o esquema. O suspeito foi apresentado no Tribunal da Rela\u00e7\u00e3o de Guimar\u00e3es e ficou em pris\u00e3o preventiva \u00e0 espera do processo de extradi\u00e7\u00e3o; as autoridades alem\u00e3s n\u00e3o descartam a continuidade da atividade criminosa noutra empresa at\u00e9 2025.","og_url":"https:\/\/portaltela.pt\/noticias\/2026\/04\/11\/pj-detem-suspeito-de-fraude-fiscal-superior-a-6-milhoes-de-euros-na-alemanha\/","og_site_name":"Portal Tela Portugal","article_published_time":"2026-04-11T10:31:56+00:00","author":"Telinha","twitter_card":"summary_large_image","twitter_misc":{"Escrito por":"Telinha","Tempo estimado de leitura":"1 minuto"},"schema":{"@context":"https:\/\/schema.org","@graph":[{"@type":"Article","@id":"https:\/\/portaltela.pt\/noticias\/2026\/04\/11\/pj-detem-suspeito-de-fraude-fiscal-superior-a-6-milhoes-de-euros-na-alemanha\/#article","isPartOf":{"@id":"https:\/\/portaltela.pt\/noticias\/2026\/04\/11\/pj-detem-suspeito-de-fraude-fiscal-superior-a-6-milhoes-de-euros-na-alemanha\/"},"author":{"name":"Telinha","@id":"https:\/\/portaltela.pt\/#\/schema\/person\/c4278d4a6028830caff9ee44b42d32ed"},"headline":"PJ det\u00e9m suspeito de fraude fiscal superior a 6 milh\u00f5es de euros na Alemanha","datePublished":"2026-04-11T10:31:56+00:00","mainEntityOfPage":{"@id":"https:\/\/portaltela.pt\/noticias\/2026\/04\/11\/pj-detem-suspeito-de-fraude-fiscal-superior-a-6-milhoes-de-euros-na-alemanha\/"},"wordCount":306,"image":{"@id":"https:\/\/portaltela.pt\/noticias\/2026\/04\/11\/pj-detem-suspeito-de-fraude-fiscal-superior-a-6-milhoes-de-euros-na-alemanha\/#primaryimage"},"thumbnailUrl":"https:\/\/portaltela.pt\/s.01k8rhncp4jt1\/2026\/04\/img_1500x1000uu2025-04-10-00-09-20-2202708.jpg","keywords":["_economia","extradi\u00e7\u00f5es","fraude","fraude fiscal","Portugal","seguran\u00e7a p\u00fablica"],"articleSection":["Criminalidade","Justi\u00e7a"],"inLanguage":"pt-PT"},{"@type":"WebPage","@id":"https:\/\/portaltela.pt\/noticias\/2026\/04\/11\/pj-detem-suspeito-de-fraude-fiscal-superior-a-6-milhoes-de-euros-na-alemanha\/","url":"https:\/\/portaltela.pt\/noticias\/2026\/04\/11\/pj-detem-suspeito-de-fraude-fiscal-superior-a-6-milhoes-de-euros-na-alemanha\/","name":"PJ det\u00e9m suspeito de fraude fiscal superior a 6 milh\u00f5es de euros na Alemanha - Portal Tela Portugal","isPartOf":{"@id":"https:\/\/portaltela.pt\/#website"},"primaryImageOfPage":{"@id":"https:\/\/portaltela.pt\/noticias\/2026\/04\/11\/pj-detem-suspeito-de-fraude-fiscal-superior-a-6-milhoes-de-euros-na-alemanha\/#primaryimage"},"image":{"@id":"https:\/\/portaltela.pt\/noticias\/2026\/04\/11\/pj-detem-suspeito-de-fraude-fiscal-superior-a-6-milhoes-de-euros-na-alemanha\/#primaryimage"},"thumbnailUrl":"https:\/\/portaltela.pt\/s.01k8rhncp4jt1\/2026\/04\/img_1500x1000uu2025-04-10-00-09-20-2202708.jpg","datePublished":"2026-04-11T10:31:56+00:00","author":{"@id":"https:\/\/portaltela.pt\/#\/schema\/person\/c4278d4a6028830caff9ee44b42d32ed"},"breadcrumb":{"@id":"https:\/\/portaltela.pt\/noticias\/2026\/04\/11\/pj-detem-suspeito-de-fraude-fiscal-superior-a-6-milhoes-de-euros-na-alemanha\/#breadcrumb"},"inLanguage":"pt-PT","potentialAction":[{"@type":"ReadAction","target":["https:\/\/portaltela.pt\/noticias\/2026\/04\/11\/pj-detem-suspeito-de-fraude-fiscal-superior-a-6-milhoes-de-euros-na-alemanha\/"]}]},{"@type":"ImageObject","inLanguage":"pt-PT","@id":"https:\/\/portaltela.pt\/noticias\/2026\/04\/11\/pj-detem-suspeito-de-fraude-fiscal-superior-a-6-milhoes-de-euros-na-alemanha\/#primaryimage","url":"https:\/\/portaltela.pt\/s.01k8rhncp4jt1\/2026\/04\/img_1500x1000uu2025-04-10-00-09-20-2202708.jpg","contentUrl":"https:\/\/portaltela.pt\/s.01k8rhncp4jt1\/2026\/04\/img_1500x1000uu2025-04-10-00-09-20-2202708.jpg","width":796,"height":448,"caption":"Preju\u00edzos superiores a 6,4 milh\u00f5es de euros"},{"@type":"BreadcrumbList","@id":"https:\/\/portaltela.pt\/noticias\/2026\/04\/11\/pj-detem-suspeito-de-fraude-fiscal-superior-a-6-milhoes-de-euros-na-alemanha\/#breadcrumb","itemListElement":[{"@type":"ListItem","position":1,"name":"In\u00edcio","item":"https:\/\/portaltela.pt\/"},{"@type":"ListItem","position":2,"name":"PJ det\u00e9m suspeito de fraude fiscal superior a 6 milh\u00f5es de euros na Alemanha"}]},{"@type":"WebSite","@id":"https:\/\/portaltela.pt\/#website","url":"https:\/\/portaltela.pt\/","name":"Portal Tela Portugal","description":"","potentialAction":[{"@type":"SearchAction","target":{"@type":"EntryPoint","urlTemplate":"https:\/\/portaltela.pt\/?s={search_term_string}"},"query-input":{"@type":"PropertyValueSpecification","valueRequired":true,"valueName":"search_term_string"}}],"inLanguage":"pt-PT"},{"@type":"Person","@id":"https:\/\/portaltela.pt\/#\/schema\/person\/c4278d4a6028830caff9ee44b42d32ed","name":"Telinha","image":{"@type":"ImageObject","inLanguage":"pt-PT","@id":"https:\/\/portaltela.pt\/s.01k8rhncp4jt1\/2025\/11\/talking-bot-125x125.png","url":"https:\/\/portaltela.pt\/s.01k8rhncp4jt1\/2025\/11\/talking-bot-125x125.png","contentUrl":"https:\/\/portaltela.pt\/s.01k8rhncp4jt1\/2025\/11\/talking-bot-125x125.png","caption":"Telinha"},"sameAs":["https:\/\/portaltela.pt\/"],"url":"https:\/\/portaltela.pt\/por\/367410592786\/"}]}},"_links":{"self":[{"href":"https:\/\/portaltela.pt\/api\/wp\/v2\/posts\/440402","targetHints":{"allow":["GET"]}}],"collection":[{"href":"https:\/\/portaltela.pt\/api\/wp\/v2\/posts"}],"about":[{"href":"https:\/\/portaltela.pt\/api\/wp\/v2\/types\/post"}],"author":[{"embeddable":true,"href":"https:\/\/portaltela.pt\/api\/wp\/v2\/users\/2"}],"replies":[{"embeddable":true,"href":"https:\/\/portaltela.pt\/api\/wp\/v2\/comments?post=440402"}],"version-history":[{"count":0,"href":"https:\/\/portaltela.pt\/api\/wp\/v2\/posts\/440402\/revisions"}],"wp:featuredmedia":[{"embeddable":true,"href":"https:\/\/portaltela.pt\/api\/wp\/v2\/media\/440405"}],"wp:attachment":[{"href":"https:\/\/portaltela.pt\/api\/wp\/v2\/media?parent=440402"}],"wp:term":[{"taxonomy":"category","embeddable":true,"href":"https:\/\/portaltela.pt\/api\/wp\/v2\/categories?post=440402"},{"taxonomy":"post_tag","embeddable":true,"href":"https:\/\/portaltela.pt\/api\/wp\/v2\/tags?post=440402"}],"curies":[{"name":"wp","href":"https:\/\/api.w.org\/{rel}","templated":true}]}}