{"id":440399,"date":"2026-04-11T07:31:55","date_gmt":"2026-04-11T10:31:55","guid":{"rendered":"https:\/\/portaltela.pt\/noticias\/2026\/04\/11\/quatro-astronautas-da-artemis-ii-retornam-a-terra-pela-primeira-vez\/"},"modified":"2026-04-11T07:31:55","modified_gmt":"2026-04-11T10:31:55","slug":"quatro-astronautas-da-artemis-ii-retornam-a-terra-pela-primeira-vez","status":"publish","type":"post","link":"https:\/\/portaltela.pt\/noticias\/internacional\/2026\/04\/11\/quatro-astronautas-da-artemis-ii-retornam-a-terra-pela-primeira-vez\/","title":{"rendered":"Quatro astronautas da Artemis II retornam \u00e0 Terra pela primeira vez"},"content":{"rendered":"<p>A c\u00e1psula Orion, com os quatro astronautas da Artemis II a bordo, amarou no oceano Pac\u00edfico durante a madrugada deste s\u00e1bado. A tripula\u00e7\u00e3o batizou o m\u00f3dulo de Integrity antes da reentrada. A opera\u00e7\u00e3o ocorreu com sucesso, segundo a Nasa.<\/p>\n<p>Os astronautas sa\u00edram da c\u00e1psula um a um, sob aplausos da equipa de controlo no Centro Espacial Johnson, em Houston. A reentrada foi acompanhada de perto por controladores que confirmaram o estado de cada membro da miss\u00e3o.<\/p>\n<p>A Artemis II \u00e9 a primeira miss\u00e3o tripulada da nova gera\u00e7\u00e3o Artemis: envolve dois homens e duas mulheres, que seguiram um voo orbital em torno da Lua. O regresso ocorreu sem incidentes e dentro do previsto.<\/p>\n<p>O amerragem marca o encerramento da fase principal da miss\u00e3o, ainda sujeita a verifica\u00e7\u00f5es de sa\u00fade e integridade da c\u00e1psula. A Nasa n\u00e3o detalhou prazos para os pr\u00f3ximos passos ou miss\u00f5es subsequentes.<\/p>\n","protected":false},"excerpt":{"rendered":"<ul>\n<li>A c\u00e1psula Orion, transportando os quatro astronautas da Artemis II, amarou no oceano Pac\u00edfico na madrugada de s\u00e1bado.<\/li>\n<li>A tripula\u00e7\u00e3o rebatizou a c\u00e1psula como Integrity.<\/li>\n<li>Os astronautas sa\u00edram da Orion um a um, enquanto a sala de controlo no Centro Espacial Johnson, em Houston, aplaudia.<\/li>\n<li>A opera\u00e7\u00e3o de regresso foi acompanhada pela equipa de controlo da miss\u00e3o, que confirmou o pouso seguro.<\/li>\n<li>Este momento marca a primeira visualiza\u00e7\u00e3o dos astronautas ao regressar \u00e0 Terra desde o in\u00edcio da miss\u00e3o.<\/li>\n<\/ul>\n","protected":false},"author":2,"featured_media":440403,"comment_status":"closed","ping_status":"closed","sticky":false,"template":"","format":"standard","meta":{"footnotes":""},"categories":[4,1],"tags":[6231,7877,1992,6232],"class_list":["post-440399","post","type-post","status-publish","format-standard","has-post-thumbnail","hentry","category-internacional","category-noticias","tag-artemis","tag-astronautas","tag-ciencia","tag-nasa"],"yoast_head":"<!-- This site is optimized with the Yoast SEO plugin v27.2 - https:\/\/yoast.com\/product\/yoast-seo-wordpress\/ -->\n<title>Quatro astronautas da Artemis II retornam \u00e0 Terra pela primeira vez - Portal Tela Portugal<\/title>\n<meta name=\"robots\" content=\"index, follow, max-snippet:-1, max-image-preview:large, max-video-preview:-1\" \/>\n<meta property=\"og:locale\" content=\"pt_PT\" \/>\n<meta property=\"og:type\" content=\"article\" \/>\n<meta property=\"og:title\" content=\"Quatro astronautas da Artemis II retornam \u00e0 Terra pela primeira vez - Portal Tela Portugal\" \/>\n<meta property=\"og:description\" content=\"A c\u00e1psula Orion, transportando os quatro astronautas da Artemis II, amarou no oceano Pac\u00edfico na madrugada de s\u00e1bado. A tripula\u00e7\u00e3o rebatizou a c\u00e1psula como Integrity. Os astronautas sa\u00edram da Orion um a um, enquanto a sala de controlo no Centro Espacial Johnson, em Houston, aplaudia. A opera\u00e7\u00e3o de regresso foi acompanhada pela equipa de controlo da miss\u00e3o, que confirmou o pouso seguro. Este momento marca a primeira visualiza\u00e7\u00e3o dos astronautas ao regressar \u00e0 Terra desde o in\u00edcio da miss\u00e3o.\" \/>\n<meta property=\"og:url\" content=\"https:\/\/portaltela.pt\/noticias\/2026\/04\/11\/quatro-astronautas-da-artemis-ii-retornam-a-terra-pela-primeira-vez\/\" \/>\n<meta property=\"og:site_name\" content=\"Portal Tela Portugal\" \/>\n<meta property=\"article:published_time\" content=\"2026-04-11T10:31:55+00:00\" \/>\n<meta name=\"author\" content=\"Telinha\" \/>\n<meta name=\"twitter:card\" content=\"summary_large_image\" \/>\n<meta name=\"twitter:label1\" content=\"Escrito por\" \/>\n\t<meta name=\"twitter:data1\" content=\"Telinha\" \/>\n\t<meta name=\"twitter:label2\" content=\"Tempo estimado de leitura\" \/>\n\t<meta name=\"twitter:data2\" content=\"1 minuto\" \/>\n<script type=\"application\/ld+json\" class=\"yoast-schema-graph\">{\"@context\":\"https:\/\/schema.org\",\"@graph\":[{\"@type\":\"Article\",\"@id\":\"https:\/\/portaltela.pt\/noticias\/2026\/04\/11\/quatro-astronautas-da-artemis-ii-retornam-a-terra-pela-primeira-vez\/#article\",\"isPartOf\":{\"@id\":\"https:\/\/portaltela.pt\/noticias\/2026\/04\/11\/quatro-astronautas-da-artemis-ii-retornam-a-terra-pela-primeira-vez\/\"},\"author\":{\"name\":\"Telinha\",\"@id\":\"https:\/\/portaltela.pt\/#\/schema\/person\/c4278d4a6028830caff9ee44b42d32ed\"},\"headline\":\"Quatro astronautas da Artemis II retornam \u00e0 Terra pela primeira vez\",\"datePublished\":\"2026-04-11T10:31:55+00:00\",\"mainEntityOfPage\":{\"@id\":\"https:\/\/portaltela.pt\/noticias\/2026\/04\/11\/quatro-astronautas-da-artemis-ii-retornam-a-terra-pela-primeira-vez\/\"},\"wordCount\":171,\"image\":{\"@id\":\"https:\/\/portaltela.pt\/noticias\/2026\/04\/11\/quatro-astronautas-da-artemis-ii-retornam-a-terra-pela-primeira-vez\/#primaryimage\"},\"thumbnailUrl\":\"https:\/\/portaltela.pt\/s.01k8rhncp4jt1\/2026\/04\/img_1200x721uu2026-04-11-11-24-42-2432338.jpg\",\"keywords\":[\"Artemis\",\"astronautas\",\"ci\u00eancia\",\"NASA\"],\"articleSection\":[\"Internacional\",\"Not\u00edcias\"],\"inLanguage\":\"pt-PT\"},{\"@type\":\"WebPage\",\"@id\":\"https:\/\/portaltela.pt\/noticias\/2026\/04\/11\/quatro-astronautas-da-artemis-ii-retornam-a-terra-pela-primeira-vez\/\",\"url\":\"https:\/\/portaltela.pt\/noticias\/2026\/04\/11\/quatro-astronautas-da-artemis-ii-retornam-a-terra-pela-primeira-vez\/\",\"name\":\"Quatro astronautas da Artemis II retornam \u00e0 Terra pela primeira vez - Portal Tela Portugal\",\"isPartOf\":{\"@id\":\"https:\/\/portaltela.pt\/#website\"},\"primaryImageOfPage\":{\"@id\":\"https:\/\/portaltela.pt\/noticias\/2026\/04\/11\/quatro-astronautas-da-artemis-ii-retornam-a-terra-pela-primeira-vez\/#primaryimage\"},\"image\":{\"@id\":\"https:\/\/portaltela.pt\/noticias\/2026\/04\/11\/quatro-astronautas-da-artemis-ii-retornam-a-terra-pela-primeira-vez\/#primaryimage\"},\"thumbnailUrl\":\"https:\/\/portaltela.pt\/s.01k8rhncp4jt1\/2026\/04\/img_1200x721uu2026-04-11-11-24-42-2432338.jpg\",\"datePublished\":\"2026-04-11T10:31:55+00:00\",\"author\":{\"@id\":\"https:\/\/portaltela.pt\/#\/schema\/person\/c4278d4a6028830caff9ee44b42d32ed\"},\"breadcrumb\":{\"@id\":\"https:\/\/portaltela.pt\/noticias\/2026\/04\/11\/quatro-astronautas-da-artemis-ii-retornam-a-terra-pela-primeira-vez\/#breadcrumb\"},\"inLanguage\":\"pt-PT\",\"potentialAction\":[{\"@type\":\"ReadAction\",\"target\":[\"https:\/\/portaltela.pt\/noticias\/2026\/04\/11\/quatro-astronautas-da-artemis-ii-retornam-a-terra-pela-primeira-vez\/\"]}]},{\"@type\":\"ImageObject\",\"inLanguage\":\"pt-PT\",\"@id\":\"https:\/\/portaltela.pt\/noticias\/2026\/04\/11\/quatro-astronautas-da-artemis-ii-retornam-a-terra-pela-primeira-vez\/#primaryimage\",\"url\":\"https:\/\/portaltela.pt\/s.01k8rhncp4jt1\/2026\/04\/img_1200x721uu2026-04-11-11-24-42-2432338.jpg\",\"contentUrl\":\"https:\/\/portaltela.pt\/s.01k8rhncp4jt1\/2026\/04\/img_1200x721uu2026-04-11-11-24-42-2432338.jpg\",\"width\":796,\"height\":448,\"caption\":\"Photo\"},{\"@type\":\"BreadcrumbList\",\"@id\":\"https:\/\/portaltela.pt\/noticias\/2026\/04\/11\/quatro-astronautas-da-artemis-ii-retornam-a-terra-pela-primeira-vez\/#breadcrumb\",\"itemListElement\":[{\"@type\":\"ListItem\",\"position\":1,\"name\":\"In\u00edcio\",\"item\":\"https:\/\/portaltela.pt\/\"},{\"@type\":\"ListItem\",\"position\":2,\"name\":\"Quatro astronautas da Artemis II retornam \u00e0 Terra pela primeira vez\"}]},{\"@type\":\"WebSite\",\"@id\":\"https:\/\/portaltela.pt\/#website\",\"url\":\"https:\/\/portaltela.pt\/\",\"name\":\"Portal Tela Portugal\",\"description\":\"\",\"potentialAction\":[{\"@type\":\"SearchAction\",\"target\":{\"@type\":\"EntryPoint\",\"urlTemplate\":\"https:\/\/portaltela.pt\/?s={search_term_string}\"},\"query-input\":{\"@type\":\"PropertyValueSpecification\",\"valueRequired\":true,\"valueName\":\"search_term_string\"}}],\"inLanguage\":\"pt-PT\"},{\"@type\":\"Person\",\"@id\":\"https:\/\/portaltela.pt\/#\/schema\/person\/c4278d4a6028830caff9ee44b42d32ed\",\"name\":\"Telinha\",\"image\":{\"@type\":\"ImageObject\",\"inLanguage\":\"pt-PT\",\"@id\":\"https:\/\/portaltela.pt\/s.01k8rhncp4jt1\/2025\/11\/talking-bot-125x125.png\",\"url\":\"https:\/\/portaltela.pt\/s.01k8rhncp4jt1\/2025\/11\/talking-bot-125x125.png\",\"contentUrl\":\"https:\/\/portaltela.pt\/s.01k8rhncp4jt1\/2025\/11\/talking-bot-125x125.png\",\"caption\":\"Telinha\"},\"sameAs\":[\"https:\/\/portaltela.pt\/\"],\"url\":\"https:\/\/portaltela.pt\/por\/367410592786\/\"}]}<\/script>\n<!-- \/ Yoast SEO plugin. -->","yoast_head_json":{"title":"Quatro astronautas da Artemis II retornam \u00e0 Terra pela primeira vez - Portal Tela Portugal","robots":{"index":"index","follow":"follow","max-snippet":"max-snippet:-1","max-image-preview":"max-image-preview:large","max-video-preview":"max-video-preview:-1"},"og_locale":"pt_PT","og_type":"article","og_title":"Quatro astronautas da Artemis II retornam \u00e0 Terra pela primeira vez - Portal Tela Portugal","og_description":"A c\u00e1psula Orion, transportando os quatro astronautas da Artemis II, amarou no oceano Pac\u00edfico na madrugada de s\u00e1bado. A tripula\u00e7\u00e3o rebatizou a c\u00e1psula como Integrity. Os astronautas sa\u00edram da Orion um a um, enquanto a sala de controlo no Centro Espacial Johnson, em Houston, aplaudia. A opera\u00e7\u00e3o de regresso foi acompanhada pela equipa de controlo da miss\u00e3o, que confirmou o pouso seguro. Este momento marca a primeira visualiza\u00e7\u00e3o dos astronautas ao regressar \u00e0 Terra desde o in\u00edcio da miss\u00e3o.","og_url":"https:\/\/portaltela.pt\/noticias\/2026\/04\/11\/quatro-astronautas-da-artemis-ii-retornam-a-terra-pela-primeira-vez\/","og_site_name":"Portal Tela Portugal","article_published_time":"2026-04-11T10:31:55+00:00","author":"Telinha","twitter_card":"summary_large_image","twitter_misc":{"Escrito por":"Telinha","Tempo estimado de leitura":"1 minuto"},"schema":{"@context":"https:\/\/schema.org","@graph":[{"@type":"Article","@id":"https:\/\/portaltela.pt\/noticias\/2026\/04\/11\/quatro-astronautas-da-artemis-ii-retornam-a-terra-pela-primeira-vez\/#article","isPartOf":{"@id":"https:\/\/portaltela.pt\/noticias\/2026\/04\/11\/quatro-astronautas-da-artemis-ii-retornam-a-terra-pela-primeira-vez\/"},"author":{"name":"Telinha","@id":"https:\/\/portaltela.pt\/#\/schema\/person\/c4278d4a6028830caff9ee44b42d32ed"},"headline":"Quatro astronautas da Artemis II retornam \u00e0 Terra pela primeira vez","datePublished":"2026-04-11T10:31:55+00:00","mainEntityOfPage":{"@id":"https:\/\/portaltela.pt\/noticias\/2026\/04\/11\/quatro-astronautas-da-artemis-ii-retornam-a-terra-pela-primeira-vez\/"},"wordCount":171,"image":{"@id":"https:\/\/portaltela.pt\/noticias\/2026\/04\/11\/quatro-astronautas-da-artemis-ii-retornam-a-terra-pela-primeira-vez\/#primaryimage"},"thumbnailUrl":"https:\/\/portaltela.pt\/s.01k8rhncp4jt1\/2026\/04\/img_1200x721uu2026-04-11-11-24-42-2432338.jpg","keywords":["Artemis","astronautas","ci\u00eancia","NASA"],"articleSection":["Internacional","Not\u00edcias"],"inLanguage":"pt-PT"},{"@type":"WebPage","@id":"https:\/\/portaltela.pt\/noticias\/2026\/04\/11\/quatro-astronautas-da-artemis-ii-retornam-a-terra-pela-primeira-vez\/","url":"https:\/\/portaltela.pt\/noticias\/2026\/04\/11\/quatro-astronautas-da-artemis-ii-retornam-a-terra-pela-primeira-vez\/","name":"Quatro astronautas da Artemis II retornam \u00e0 Terra pela primeira vez - Portal Tela Portugal","isPartOf":{"@id":"https:\/\/portaltela.pt\/#website"},"primaryImageOfPage":{"@id":"https:\/\/portaltela.pt\/noticias\/2026\/04\/11\/quatro-astronautas-da-artemis-ii-retornam-a-terra-pela-primeira-vez\/#primaryimage"},"image":{"@id":"https:\/\/portaltela.pt\/noticias\/2026\/04\/11\/quatro-astronautas-da-artemis-ii-retornam-a-terra-pela-primeira-vez\/#primaryimage"},"thumbnailUrl":"https:\/\/portaltela.pt\/s.01k8rhncp4jt1\/2026\/04\/img_1200x721uu2026-04-11-11-24-42-2432338.jpg","datePublished":"2026-04-11T10:31:55+00:00","author":{"@id":"https:\/\/portaltela.pt\/#\/schema\/person\/c4278d4a6028830caff9ee44b42d32ed"},"breadcrumb":{"@id":"https:\/\/portaltela.pt\/noticias\/2026\/04\/11\/quatro-astronautas-da-artemis-ii-retornam-a-terra-pela-primeira-vez\/#breadcrumb"},"inLanguage":"pt-PT","potentialAction":[{"@type":"ReadAction","target":["https:\/\/portaltela.pt\/noticias\/2026\/04\/11\/quatro-astronautas-da-artemis-ii-retornam-a-terra-pela-primeira-vez\/"]}]},{"@type":"ImageObject","inLanguage":"pt-PT","@id":"https:\/\/portaltela.pt\/noticias\/2026\/04\/11\/quatro-astronautas-da-artemis-ii-retornam-a-terra-pela-primeira-vez\/#primaryimage","url":"https:\/\/portaltela.pt\/s.01k8rhncp4jt1\/2026\/04\/img_1200x721uu2026-04-11-11-24-42-2432338.jpg","contentUrl":"https:\/\/portaltela.pt\/s.01k8rhncp4jt1\/2026\/04\/img_1200x721uu2026-04-11-11-24-42-2432338.jpg","width":796,"height":448,"caption":"Photo"},{"@type":"BreadcrumbList","@id":"https:\/\/portaltela.pt\/noticias\/2026\/04\/11\/quatro-astronautas-da-artemis-ii-retornam-a-terra-pela-primeira-vez\/#breadcrumb","itemListElement":[{"@type":"ListItem","position":1,"name":"In\u00edcio","item":"https:\/\/portaltela.pt\/"},{"@type":"ListItem","position":2,"name":"Quatro astronautas da Artemis II retornam \u00e0 Terra pela primeira vez"}]},{"@type":"WebSite","@id":"https:\/\/portaltela.pt\/#website","url":"https:\/\/portaltela.pt\/","name":"Portal Tela Portugal","description":"","potentialAction":[{"@type":"SearchAction","target":{"@type":"EntryPoint","urlTemplate":"https:\/\/portaltela.pt\/?s={search_term_string}"},"query-input":{"@type":"PropertyValueSpecification","valueRequired":true,"valueName":"search_term_string"}}],"inLanguage":"pt-PT"},{"@type":"Person","@id":"https:\/\/portaltela.pt\/#\/schema\/person\/c4278d4a6028830caff9ee44b42d32ed","name":"Telinha","image":{"@type":"ImageObject","inLanguage":"pt-PT","@id":"https:\/\/portaltela.pt\/s.01k8rhncp4jt1\/2025\/11\/talking-bot-125x125.png","url":"https:\/\/portaltela.pt\/s.01k8rhncp4jt1\/2025\/11\/talking-bot-125x125.png","contentUrl":"https:\/\/portaltela.pt\/s.01k8rhncp4jt1\/2025\/11\/talking-bot-125x125.png","caption":"Telinha"},"sameAs":["https:\/\/portaltela.pt\/"],"url":"https:\/\/portaltela.pt\/por\/367410592786\/"}]}},"_links":{"self":[{"href":"https:\/\/portaltela.pt\/api\/wp\/v2\/posts\/440399","targetHints":{"allow":["GET"]}}],"collection":[{"href":"https:\/\/portaltela.pt\/api\/wp\/v2\/posts"}],"about":[{"href":"https:\/\/portaltela.pt\/api\/wp\/v2\/types\/post"}],"author":[{"embeddable":true,"href":"https:\/\/portaltela.pt\/api\/wp\/v2\/users\/2"}],"replies":[{"embeddable":true,"href":"https:\/\/portaltela.pt\/api\/wp\/v2\/comments?post=440399"}],"version-history":[{"count":0,"href":"https:\/\/portaltela.pt\/api\/wp\/v2\/posts\/440399\/revisions"}],"wp:featuredmedia":[{"embeddable":true,"href":"https:\/\/portaltela.pt\/api\/wp\/v2\/media\/440403"}],"wp:attachment":[{"href":"https:\/\/portaltela.pt\/api\/wp\/v2\/media?parent=440399"}],"wp:term":[{"taxonomy":"category","embeddable":true,"href":"https:\/\/portaltela.pt\/api\/wp\/v2\/categories?post=440399"},{"taxonomy":"post_tag","embeddable":true,"href":"https:\/\/portaltela.pt\/api\/wp\/v2\/tags?post=440399"}],"curies":[{"name":"wp","href":"https:\/\/api.w.org\/{rel}","templated":true}]}}