{"id":440394,"date":"2026-04-11T07:17:24","date_gmt":"2026-04-11T10:17:24","guid":{"rendered":"https:\/\/portaltela.pt\/noticias\/2026\/04\/11\/defesa-central-do-benfica-em-foco-de-lens-e-estrasburgo\/"},"modified":"2026-04-11T07:17:24","modified_gmt":"2026-04-11T10:17:24","slug":"defesa-central-do-benfica-em-foco-de-lens-e-estrasburgo","status":"publish","type":"post","link":"https:\/\/portaltela.pt\/desporto\/futebol\/2026\/04\/11\/defesa-central-do-benfica-em-foco-de-lens-e-estrasburgo\/","title":{"rendered":"Defesa-central do Benfica em foco de Lens e Estrasburgo"},"content":{"rendered":"<p>Gon\u00e7alo Oliveira, defesa-central de 19 anos do Benfica, surge apontado como poss\u00edvel refor\u00e7o de Lens e Estrasburgo para a pr\u00f3xima \u00e9poca. O portal franc\u00eas Top Mercato indica interesse dos dois clubes franceses no jovem central.<\/p>\n<p>Figura essencial da equipa B, com 20 jogos, 3 golos e 1 assist\u00eancia, Oliveira tem sido presen\u00e7a habitual nos treinos da equipa principal. O contrato com o Benfica vai at\u00e9 junho de 2027.<\/p>\n<p>No plantel principal, tem sido frequentemente chamado por Jos\u00e9 Mourinho para treinar com os \u00abencarnados\u00bb, ainda sem estreia pela equipa A. A paragem de Tom\u00e1s Ara\u00fajo e Joshua Wynder pode abrir portas no meio-campo defensivo.<\/p>\n<h3>Interesse de clubes franceses<\/h3>\n<p>A aus\u00eancia de dois centrais titulares pode aumentar a probabilidade de Oliveira ser observado pela equipa principal no futuro imediato. Lens e Estrasburgo ainda n\u00e3o comentaram publicamente o interesse.<\/p>\n<h3>Barcelona tamb\u00e9m no radar?<\/h3>\n<p>Em outubro do ano passado, o jornal espanhol Sport apontou o Barcelona como interessado no defesa-central. A not\u00edcia mencionou Deco, atual diretor desportivo do Barcelona, a ter reunido com os representantes do jogador.<\/p>\n","protected":false},"excerpt":{"rendered":"<ul>\n<li>Gon\u00e7alo Oliveira, defesa-central de 19 anos do Benfica, est\u00e1 apontado como potencial refor\u00e7o de Lens e Estrasburgo para a pr\u00f3xima temporada.<\/li>\n<li>O jogador continua com contrato com o Benfica at\u00e9 junho de 2027, mantendo-se como pe\u00e7a importante da equipa B, com 20 jogos, 3 golos e 1 assist\u00eancia nesta \u00e9poca.<\/li>\n<li>Tem sido presen\u00e7a habitual nos treinos da equipa principal e tem sido chamado por Jos\u00e9 Mourinho para a lista de convocados, apesar de ainda n\u00e3o ter estreado pela equipa principal.<\/li>\n<li>A aus\u00eancia de Tom\u00e1s Ara\u00fajo e de Joshua Wynder aumenta as hip\u00f3teses de Oliveira ganhar minutos pela A do Benfica.<\/li>\n<li>O Barcelona tamb\u00e9m estaria de olho no jogador, com Deco, diretor desportivo dos catal\u00e3es, j\u00e1 a reunir-se com os representantes de Oliveira.<\/li>\n<\/ul>\n","protected":false},"author":2,"featured_media":440395,"comment_status":"closed","ping_status":"closed","sticky":false,"template":"","format":"standard","meta":{"footnotes":""},"categories":[21,24],"tags":[1946,3275,32,242,50,1633],"class_list":["post-440394","post","type-post","status-publish","format-standard","has-post-thumbnail","hentry","category-desporto","category-futebol","tag-benfica","tag-benfica-b","tag-futebol","tag-jogadores","tag-mercado-da-bola","tag-transferencias-internacionais"],"yoast_head":"<!-- This site is optimized with the Yoast SEO plugin v27.2 - https:\/\/yoast.com\/product\/yoast-seo-wordpress\/ -->\n<title>Defesa-central do Benfica em foco de Lens e Estrasburgo - Portal Tela Portugal<\/title>\n<meta name=\"robots\" content=\"index, follow, max-snippet:-1, max-image-preview:large, max-video-preview:-1\" \/>\n<meta property=\"og:locale\" content=\"pt_PT\" \/>\n<meta property=\"og:type\" content=\"article\" \/>\n<meta property=\"og:title\" content=\"Defesa-central do Benfica em foco de Lens e Estrasburgo - Portal Tela Portugal\" \/>\n<meta property=\"og:description\" content=\"Gon\u00e7alo Oliveira, defesa-central de 19 anos do Benfica, est\u00e1 apontado como potencial refor\u00e7o de Lens e Estrasburgo para a pr\u00f3xima temporada. O jogador continua com contrato com o Benfica at\u00e9 junho de 2027, mantendo-se como pe\u00e7a importante da equipa B, com 20 jogos, 3 golos e 1 assist\u00eancia nesta \u00e9poca. Tem sido presen\u00e7a habitual nos treinos da equipa principal e tem sido chamado por Jos\u00e9 Mourinho para a lista de convocados, apesar de ainda n\u00e3o ter estreado pela equipa principal. A aus\u00eancia de Tom\u00e1s Ara\u00fajo e de Joshua Wynder aumenta as hip\u00f3teses de Oliveira ganhar minutos pela A do Benfica. O Barcelona tamb\u00e9m estaria de olho no jogador, com Deco, diretor desportivo dos catal\u00e3es, j\u00e1 a reunir-se com os representantes de Oliveira.\" \/>\n<meta property=\"og:url\" content=\"https:\/\/portaltela.pt\/noticias\/2026\/04\/11\/defesa-central-do-benfica-em-foco-de-lens-e-estrasburgo\/\" \/>\n<meta property=\"og:site_name\" content=\"Portal Tela Portugal\" \/>\n<meta property=\"article:published_time\" content=\"2026-04-11T10:17:24+00:00\" \/>\n<meta name=\"author\" content=\"Telinha\" \/>\n<meta name=\"twitter:card\" content=\"summary_large_image\" \/>\n<meta name=\"twitter:label1\" content=\"Escrito por\" \/>\n\t<meta name=\"twitter:data1\" content=\"Telinha\" \/>\n\t<meta name=\"twitter:label2\" content=\"Tempo estimado de leitura\" \/>\n\t<meta name=\"twitter:data2\" content=\"1 minuto\" \/>\n<script type=\"application\/ld+json\" class=\"yoast-schema-graph\">{\"@context\":\"https:\/\/schema.org\",\"@graph\":[{\"@type\":\"Article\",\"@id\":\"https:\/\/portaltela.pt\/noticias\/2026\/04\/11\/defesa-central-do-benfica-em-foco-de-lens-e-estrasburgo\/#article\",\"isPartOf\":{\"@id\":\"https:\/\/portaltela.pt\/noticias\/2026\/04\/11\/defesa-central-do-benfica-em-foco-de-lens-e-estrasburgo\/\"},\"author\":{\"name\":\"Telinha\",\"@id\":\"https:\/\/portaltela.pt\/#\/schema\/person\/c4278d4a6028830caff9ee44b42d32ed\"},\"headline\":\"Defesa-central do Benfica em foco de Lens e Estrasburgo\",\"datePublished\":\"2026-04-11T10:17:24+00:00\",\"mainEntityOfPage\":{\"@id\":\"https:\/\/portaltela.pt\/noticias\/2026\/04\/11\/defesa-central-do-benfica-em-foco-de-lens-e-estrasburgo\/\"},\"wordCount\":190,\"image\":{\"@id\":\"https:\/\/portaltela.pt\/noticias\/2026\/04\/11\/defesa-central-do-benfica-em-foco-de-lens-e-estrasburgo\/#primaryimage\"},\"thumbnailUrl\":\"https:\/\/portaltela.pt\/s.01k8rhncp4jt1\/2026\/04\/img_920x518uu2026-04-11-11-01-10-2432333.jpg\",\"keywords\":[\"Benfica\",\"Benfica B\",\"futebol\",\"jogadores\",\"mercado da bola\",\"transfer\u00eancias internacionais\"],\"articleSection\":[\"Desporto\",\"Futebol\"],\"inLanguage\":\"pt-PT\"},{\"@type\":\"WebPage\",\"@id\":\"https:\/\/portaltela.pt\/noticias\/2026\/04\/11\/defesa-central-do-benfica-em-foco-de-lens-e-estrasburgo\/\",\"url\":\"https:\/\/portaltela.pt\/noticias\/2026\/04\/11\/defesa-central-do-benfica-em-foco-de-lens-e-estrasburgo\/\",\"name\":\"Defesa-central do Benfica em foco de Lens e Estrasburgo - Portal Tela Portugal\",\"isPartOf\":{\"@id\":\"https:\/\/portaltela.pt\/#website\"},\"primaryImageOfPage\":{\"@id\":\"https:\/\/portaltela.pt\/noticias\/2026\/04\/11\/defesa-central-do-benfica-em-foco-de-lens-e-estrasburgo\/#primaryimage\"},\"image\":{\"@id\":\"https:\/\/portaltela.pt\/noticias\/2026\/04\/11\/defesa-central-do-benfica-em-foco-de-lens-e-estrasburgo\/#primaryimage\"},\"thumbnailUrl\":\"https:\/\/portaltela.pt\/s.01k8rhncp4jt1\/2026\/04\/img_920x518uu2026-04-11-11-01-10-2432333.jpg\",\"datePublished\":\"2026-04-11T10:17:24+00:00\",\"author\":{\"@id\":\"https:\/\/portaltela.pt\/#\/schema\/person\/c4278d4a6028830caff9ee44b42d32ed\"},\"breadcrumb\":{\"@id\":\"https:\/\/portaltela.pt\/noticias\/2026\/04\/11\/defesa-central-do-benfica-em-foco-de-lens-e-estrasburgo\/#breadcrumb\"},\"inLanguage\":\"pt-PT\",\"potentialAction\":[{\"@type\":\"ReadAction\",\"target\":[\"https:\/\/portaltela.pt\/noticias\/2026\/04\/11\/defesa-central-do-benfica-em-foco-de-lens-e-estrasburgo\/\"]}]},{\"@type\":\"ImageObject\",\"inLanguage\":\"pt-PT\",\"@id\":\"https:\/\/portaltela.pt\/noticias\/2026\/04\/11\/defesa-central-do-benfica-em-foco-de-lens-e-estrasburgo\/#primaryimage\",\"url\":\"https:\/\/portaltela.pt\/s.01k8rhncp4jt1\/2026\/04\/img_920x518uu2026-04-11-11-01-10-2432333.jpg\",\"contentUrl\":\"https:\/\/portaltela.pt\/s.01k8rhncp4jt1\/2026\/04\/img_920x518uu2026-04-11-11-01-10-2432333.jpg\",\"width\":796,\"height\":448,\"caption\":\"Gon\u00e7alo Oliveira, defesa-central do Benfica\"},{\"@type\":\"BreadcrumbList\",\"@id\":\"https:\/\/portaltela.pt\/noticias\/2026\/04\/11\/defesa-central-do-benfica-em-foco-de-lens-e-estrasburgo\/#breadcrumb\",\"itemListElement\":[{\"@type\":\"ListItem\",\"position\":1,\"name\":\"In\u00edcio\",\"item\":\"https:\/\/portaltela.pt\/\"},{\"@type\":\"ListItem\",\"position\":2,\"name\":\"Defesa-central do Benfica em foco de Lens e Estrasburgo\"}]},{\"@type\":\"WebSite\",\"@id\":\"https:\/\/portaltela.pt\/#website\",\"url\":\"https:\/\/portaltela.pt\/\",\"name\":\"Portal Tela Portugal\",\"description\":\"\",\"potentialAction\":[{\"@type\":\"SearchAction\",\"target\":{\"@type\":\"EntryPoint\",\"urlTemplate\":\"https:\/\/portaltela.pt\/?s={search_term_string}\"},\"query-input\":{\"@type\":\"PropertyValueSpecification\",\"valueRequired\":true,\"valueName\":\"search_term_string\"}}],\"inLanguage\":\"pt-PT\"},{\"@type\":\"Person\",\"@id\":\"https:\/\/portaltela.pt\/#\/schema\/person\/c4278d4a6028830caff9ee44b42d32ed\",\"name\":\"Telinha\",\"image\":{\"@type\":\"ImageObject\",\"inLanguage\":\"pt-PT\",\"@id\":\"https:\/\/portaltela.pt\/s.01k8rhncp4jt1\/2025\/11\/talking-bot-125x125.png\",\"url\":\"https:\/\/portaltela.pt\/s.01k8rhncp4jt1\/2025\/11\/talking-bot-125x125.png\",\"contentUrl\":\"https:\/\/portaltela.pt\/s.01k8rhncp4jt1\/2025\/11\/talking-bot-125x125.png\",\"caption\":\"Telinha\"},\"sameAs\":[\"https:\/\/portaltela.pt\/\"],\"url\":\"https:\/\/portaltela.pt\/por\/367410592786\/\"}]}<\/script>\n<!-- \/ Yoast SEO plugin. -->","yoast_head_json":{"title":"Defesa-central do Benfica em foco de Lens e Estrasburgo - Portal Tela Portugal","robots":{"index":"index","follow":"follow","max-snippet":"max-snippet:-1","max-image-preview":"max-image-preview:large","max-video-preview":"max-video-preview:-1"},"og_locale":"pt_PT","og_type":"article","og_title":"Defesa-central do Benfica em foco de Lens e Estrasburgo - Portal Tela Portugal","og_description":"Gon\u00e7alo Oliveira, defesa-central de 19 anos do Benfica, est\u00e1 apontado como potencial refor\u00e7o de Lens e Estrasburgo para a pr\u00f3xima temporada. O jogador continua com contrato com o Benfica at\u00e9 junho de 2027, mantendo-se como pe\u00e7a importante da equipa B, com 20 jogos, 3 golos e 1 assist\u00eancia nesta \u00e9poca. Tem sido presen\u00e7a habitual nos treinos da equipa principal e tem sido chamado por Jos\u00e9 Mourinho para a lista de convocados, apesar de ainda n\u00e3o ter estreado pela equipa principal. A aus\u00eancia de Tom\u00e1s Ara\u00fajo e de Joshua Wynder aumenta as hip\u00f3teses de Oliveira ganhar minutos pela A do Benfica. O Barcelona tamb\u00e9m estaria de olho no jogador, com Deco, diretor desportivo dos catal\u00e3es, j\u00e1 a reunir-se com os representantes de Oliveira.","og_url":"https:\/\/portaltela.pt\/noticias\/2026\/04\/11\/defesa-central-do-benfica-em-foco-de-lens-e-estrasburgo\/","og_site_name":"Portal Tela Portugal","article_published_time":"2026-04-11T10:17:24+00:00","author":"Telinha","twitter_card":"summary_large_image","twitter_misc":{"Escrito por":"Telinha","Tempo estimado de leitura":"1 minuto"},"schema":{"@context":"https:\/\/schema.org","@graph":[{"@type":"Article","@id":"https:\/\/portaltela.pt\/noticias\/2026\/04\/11\/defesa-central-do-benfica-em-foco-de-lens-e-estrasburgo\/#article","isPartOf":{"@id":"https:\/\/portaltela.pt\/noticias\/2026\/04\/11\/defesa-central-do-benfica-em-foco-de-lens-e-estrasburgo\/"},"author":{"name":"Telinha","@id":"https:\/\/portaltela.pt\/#\/schema\/person\/c4278d4a6028830caff9ee44b42d32ed"},"headline":"Defesa-central do Benfica em foco de Lens e Estrasburgo","datePublished":"2026-04-11T10:17:24+00:00","mainEntityOfPage":{"@id":"https:\/\/portaltela.pt\/noticias\/2026\/04\/11\/defesa-central-do-benfica-em-foco-de-lens-e-estrasburgo\/"},"wordCount":190,"image":{"@id":"https:\/\/portaltela.pt\/noticias\/2026\/04\/11\/defesa-central-do-benfica-em-foco-de-lens-e-estrasburgo\/#primaryimage"},"thumbnailUrl":"https:\/\/portaltela.pt\/s.01k8rhncp4jt1\/2026\/04\/img_920x518uu2026-04-11-11-01-10-2432333.jpg","keywords":["Benfica","Benfica B","futebol","jogadores","mercado da bola","transfer\u00eancias internacionais"],"articleSection":["Desporto","Futebol"],"inLanguage":"pt-PT"},{"@type":"WebPage","@id":"https:\/\/portaltela.pt\/noticias\/2026\/04\/11\/defesa-central-do-benfica-em-foco-de-lens-e-estrasburgo\/","url":"https:\/\/portaltela.pt\/noticias\/2026\/04\/11\/defesa-central-do-benfica-em-foco-de-lens-e-estrasburgo\/","name":"Defesa-central do Benfica em foco de Lens e Estrasburgo - Portal Tela Portugal","isPartOf":{"@id":"https:\/\/portaltela.pt\/#website"},"primaryImageOfPage":{"@id":"https:\/\/portaltela.pt\/noticias\/2026\/04\/11\/defesa-central-do-benfica-em-foco-de-lens-e-estrasburgo\/#primaryimage"},"image":{"@id":"https:\/\/portaltela.pt\/noticias\/2026\/04\/11\/defesa-central-do-benfica-em-foco-de-lens-e-estrasburgo\/#primaryimage"},"thumbnailUrl":"https:\/\/portaltela.pt\/s.01k8rhncp4jt1\/2026\/04\/img_920x518uu2026-04-11-11-01-10-2432333.jpg","datePublished":"2026-04-11T10:17:24+00:00","author":{"@id":"https:\/\/portaltela.pt\/#\/schema\/person\/c4278d4a6028830caff9ee44b42d32ed"},"breadcrumb":{"@id":"https:\/\/portaltela.pt\/noticias\/2026\/04\/11\/defesa-central-do-benfica-em-foco-de-lens-e-estrasburgo\/#breadcrumb"},"inLanguage":"pt-PT","potentialAction":[{"@type":"ReadAction","target":["https:\/\/portaltela.pt\/noticias\/2026\/04\/11\/defesa-central-do-benfica-em-foco-de-lens-e-estrasburgo\/"]}]},{"@type":"ImageObject","inLanguage":"pt-PT","@id":"https:\/\/portaltela.pt\/noticias\/2026\/04\/11\/defesa-central-do-benfica-em-foco-de-lens-e-estrasburgo\/#primaryimage","url":"https:\/\/portaltela.pt\/s.01k8rhncp4jt1\/2026\/04\/img_920x518uu2026-04-11-11-01-10-2432333.jpg","contentUrl":"https:\/\/portaltela.pt\/s.01k8rhncp4jt1\/2026\/04\/img_920x518uu2026-04-11-11-01-10-2432333.jpg","width":796,"height":448,"caption":"Gon\u00e7alo Oliveira, defesa-central do Benfica"},{"@type":"BreadcrumbList","@id":"https:\/\/portaltela.pt\/noticias\/2026\/04\/11\/defesa-central-do-benfica-em-foco-de-lens-e-estrasburgo\/#breadcrumb","itemListElement":[{"@type":"ListItem","position":1,"name":"In\u00edcio","item":"https:\/\/portaltela.pt\/"},{"@type":"ListItem","position":2,"name":"Defesa-central do Benfica em foco de Lens e Estrasburgo"}]},{"@type":"WebSite","@id":"https:\/\/portaltela.pt\/#website","url":"https:\/\/portaltela.pt\/","name":"Portal Tela Portugal","description":"","potentialAction":[{"@type":"SearchAction","target":{"@type":"EntryPoint","urlTemplate":"https:\/\/portaltela.pt\/?s={search_term_string}"},"query-input":{"@type":"PropertyValueSpecification","valueRequired":true,"valueName":"search_term_string"}}],"inLanguage":"pt-PT"},{"@type":"Person","@id":"https:\/\/portaltela.pt\/#\/schema\/person\/c4278d4a6028830caff9ee44b42d32ed","name":"Telinha","image":{"@type":"ImageObject","inLanguage":"pt-PT","@id":"https:\/\/portaltela.pt\/s.01k8rhncp4jt1\/2025\/11\/talking-bot-125x125.png","url":"https:\/\/portaltela.pt\/s.01k8rhncp4jt1\/2025\/11\/talking-bot-125x125.png","contentUrl":"https:\/\/portaltela.pt\/s.01k8rhncp4jt1\/2025\/11\/talking-bot-125x125.png","caption":"Telinha"},"sameAs":["https:\/\/portaltela.pt\/"],"url":"https:\/\/portaltela.pt\/por\/367410592786\/"}]}},"_links":{"self":[{"href":"https:\/\/portaltela.pt\/api\/wp\/v2\/posts\/440394","targetHints":{"allow":["GET"]}}],"collection":[{"href":"https:\/\/portaltela.pt\/api\/wp\/v2\/posts"}],"about":[{"href":"https:\/\/portaltela.pt\/api\/wp\/v2\/types\/post"}],"author":[{"embeddable":true,"href":"https:\/\/portaltela.pt\/api\/wp\/v2\/users\/2"}],"replies":[{"embeddable":true,"href":"https:\/\/portaltela.pt\/api\/wp\/v2\/comments?post=440394"}],"version-history":[{"count":0,"href":"https:\/\/portaltela.pt\/api\/wp\/v2\/posts\/440394\/revisions"}],"wp:featuredmedia":[{"embeddable":true,"href":"https:\/\/portaltela.pt\/api\/wp\/v2\/media\/440395"}],"wp:attachment":[{"href":"https:\/\/portaltela.pt\/api\/wp\/v2\/media?parent=440394"}],"wp:term":[{"taxonomy":"category","embeddable":true,"href":"https:\/\/portaltela.pt\/api\/wp\/v2\/categories?post=440394"},{"taxonomy":"post_tag","embeddable":true,"href":"https:\/\/portaltela.pt\/api\/wp\/v2\/tags?post=440394"}],"curies":[{"name":"wp","href":"https:\/\/api.w.org\/{rel}","templated":true}]}}