{"id":440387,"date":"2026-04-11T07:17:13","date_gmt":"2026-04-11T10:17:13","guid":{"rendered":"https:\/\/portaltela.pt\/noticias\/2026\/04\/11\/carro-despista-se-em-ribanceira-no-ic8-e-embate-em-casa-em-pombal\/"},"modified":"2026-04-11T07:17:13","modified_gmt":"2026-04-11T10:17:13","slug":"carro-despista-se-em-ribanceira-no-ic8-e-embate-em-casa-em-pombal","status":"publish","type":"post","link":"https:\/\/portaltela.pt\/acidentes\/2026\/04\/11\/carro-despista-se-em-ribanceira-no-ic8-e-embate-em-casa-em-pombal\/","title":{"rendered":"Carro despista-se em ribanceira no IC8 e embate em casa em Pombal"},"content":{"rendered":"<p>Um jovem de 20 anos ficou gravemente ferido numa madrugada deste s\u00e1bado, ap\u00f3s a viatura em que seguia se despistar numa ribanceira do IC8 e embater numa casa em Pombal. O acidente ocorreu no sentido Figueira da Foz rumo a Pombal.<\/p>\n<p>O ve\u00edculo perdeu o controlo, caiu para dentro do espa\u00e7o onde seria a cozinha da habita\u00e7\u00e3o e provocou danos na estrutura. A propriet\u00e1ria da casa revelou ao CM que j\u00e1 esperava acidentes deste tipo, tendo, por isso, constru\u00eddo uma outra moradia onde atualmente reside.<\/p>\n<p>No local estiveram as equipas de emerg\u00eancia e o jovem foi transportado para o hospital de Coimbra por elementos do INEM. As circunst\u00e2ncias exatas do despiste est\u00e3o a ser apuradas pelas autoridades competentes.<\/p>\n","protected":false},"excerpt":{"rendered":"<ul>\n<li>Um jovem de 20 anos ficou gravemente ferido num acidente no IC8, quando o ve\u00edculo que conduzia despistou-se numa ribanceira e embateu numa casa em Pombal.<\/li>\n<li>O despiste ocorreu no sentido Figueira da Foz \u2013 Pombal, durante a madrugada de s\u00e1bado.<\/li>\n<li>O autom\u00f3vel acabou por cair no espa\u00e7o que seria a cozinha da habita\u00e7\u00e3o.<\/li>\n<li>A propriet\u00e1ria disse ao CM que j\u00e1 esperava este tipo de acidente e, por isso, construiu outra moradia onde agora vive.<\/li>\n<li>O jovem foi transportado pelo INEM para o hospital de Coimbra.<\/li>\n<\/ul>\n","protected":false},"author":2,"featured_media":440388,"comment_status":"closed","ping_status":"closed","sticky":false,"template":"","format":"standard","meta":{"footnotes":""},"categories":[6849],"tags":[5487,4169,1935,1922,2075,250],"class_list":["post-440387","post","type-post","status-publish","format-standard","has-post-thumbnail","hentry","category-acidentes","tag-acidente","tag-acidente-rodoviario","tag-emergencias","tag-inem","tag-pombal","tag-seguranca-publica"],"yoast_head":"<!-- This site is optimized with the Yoast SEO plugin v27.2 - https:\/\/yoast.com\/product\/yoast-seo-wordpress\/ -->\n<title>Carro despista-se em ribanceira no IC8 e embate em casa em Pombal - Portal Tela Portugal<\/title>\n<meta name=\"robots\" content=\"index, follow, max-snippet:-1, max-image-preview:large, max-video-preview:-1\" \/>\n<meta property=\"og:locale\" content=\"pt_PT\" \/>\n<meta property=\"og:type\" content=\"article\" \/>\n<meta property=\"og:title\" content=\"Carro despista-se em ribanceira no IC8 e embate em casa em Pombal - Portal Tela Portugal\" \/>\n<meta property=\"og:description\" content=\"Um jovem de 20 anos ficou gravemente ferido num acidente no IC8, quando o ve\u00edculo que conduzia despistou-se numa ribanceira e embateu numa casa em Pombal. O despiste ocorreu no sentido Figueira da Foz \u2013 Pombal, durante a madrugada de s\u00e1bado. O autom\u00f3vel acabou por cair no espa\u00e7o que seria a cozinha da habita\u00e7\u00e3o. A propriet\u00e1ria disse ao CM que j\u00e1 esperava este tipo de acidente e, por isso, construiu outra moradia onde agora vive. O jovem foi transportado pelo INEM para o hospital de Coimbra.\" \/>\n<meta property=\"og:url\" content=\"https:\/\/portaltela.pt\/noticias\/2026\/04\/11\/carro-despista-se-em-ribanceira-no-ic8-e-embate-em-casa-em-pombal\/\" \/>\n<meta property=\"og:site_name\" content=\"Portal Tela Portugal\" \/>\n<meta property=\"article:published_time\" content=\"2026-04-11T10:17:13+00:00\" \/>\n<meta name=\"author\" content=\"Telinha\" \/>\n<meta name=\"twitter:card\" content=\"summary_large_image\" \/>\n<meta name=\"twitter:label1\" content=\"Escrito por\" \/>\n\t<meta name=\"twitter:data1\" content=\"Telinha\" \/>\n\t<meta name=\"twitter:label2\" content=\"Tempo estimado de leitura\" \/>\n\t<meta name=\"twitter:data2\" content=\"1 minuto\" \/>\n<script type=\"application\/ld+json\" class=\"yoast-schema-graph\">{\"@context\":\"https:\/\/schema.org\",\"@graph\":[{\"@type\":\"Article\",\"@id\":\"https:\/\/portaltela.pt\/noticias\/2026\/04\/11\/carro-despista-se-em-ribanceira-no-ic8-e-embate-em-casa-em-pombal\/#article\",\"isPartOf\":{\"@id\":\"https:\/\/portaltela.pt\/noticias\/2026\/04\/11\/carro-despista-se-em-ribanceira-no-ic8-e-embate-em-casa-em-pombal\/\"},\"author\":{\"name\":\"Telinha\",\"@id\":\"https:\/\/portaltela.pt\/#\/schema\/person\/c4278d4a6028830caff9ee44b42d32ed\"},\"headline\":\"Carro despista-se em ribanceira no IC8 e embate em casa em Pombal\",\"datePublished\":\"2026-04-11T10:17:13+00:00\",\"mainEntityOfPage\":{\"@id\":\"https:\/\/portaltela.pt\/noticias\/2026\/04\/11\/carro-despista-se-em-ribanceira-no-ic8-e-embate-em-casa-em-pombal\/\"},\"wordCount\":139,\"image\":{\"@id\":\"https:\/\/portaltela.pt\/noticias\/2026\/04\/11\/carro-despista-se-em-ribanceira-no-ic8-e-embate-em-casa-em-pombal\/#primaryimage\"},\"thumbnailUrl\":\"https:\/\/portaltela.pt\/s.01k8rhncp4jt1\/2026\/04\/img_1500x1000uu2026-04-11-11-08-12-2277908.jpg\",\"keywords\":[\"acidente\",\"acidente rodovi\u00e1rio\",\"emerg\u00eancias\",\"INEM\",\"Pombal\",\"seguran\u00e7a p\u00fablica\"],\"articleSection\":[\"Acidentes\"],\"inLanguage\":\"pt-PT\"},{\"@type\":\"WebPage\",\"@id\":\"https:\/\/portaltela.pt\/noticias\/2026\/04\/11\/carro-despista-se-em-ribanceira-no-ic8-e-embate-em-casa-em-pombal\/\",\"url\":\"https:\/\/portaltela.pt\/noticias\/2026\/04\/11\/carro-despista-se-em-ribanceira-no-ic8-e-embate-em-casa-em-pombal\/\",\"name\":\"Carro despista-se em ribanceira no IC8 e embate em casa em Pombal - Portal Tela Portugal\",\"isPartOf\":{\"@id\":\"https:\/\/portaltela.pt\/#website\"},\"primaryImageOfPage\":{\"@id\":\"https:\/\/portaltela.pt\/noticias\/2026\/04\/11\/carro-despista-se-em-ribanceira-no-ic8-e-embate-em-casa-em-pombal\/#primaryimage\"},\"image\":{\"@id\":\"https:\/\/portaltela.pt\/noticias\/2026\/04\/11\/carro-despista-se-em-ribanceira-no-ic8-e-embate-em-casa-em-pombal\/#primaryimage\"},\"thumbnailUrl\":\"https:\/\/portaltela.pt\/s.01k8rhncp4jt1\/2026\/04\/img_1500x1000uu2026-04-11-11-08-12-2277908.jpg\",\"datePublished\":\"2026-04-11T10:17:13+00:00\",\"author\":{\"@id\":\"https:\/\/portaltela.pt\/#\/schema\/person\/c4278d4a6028830caff9ee44b42d32ed\"},\"breadcrumb\":{\"@id\":\"https:\/\/portaltela.pt\/noticias\/2026\/04\/11\/carro-despista-se-em-ribanceira-no-ic8-e-embate-em-casa-em-pombal\/#breadcrumb\"},\"inLanguage\":\"pt-PT\",\"potentialAction\":[{\"@type\":\"ReadAction\",\"target\":[\"https:\/\/portaltela.pt\/noticias\/2026\/04\/11\/carro-despista-se-em-ribanceira-no-ic8-e-embate-em-casa-em-pombal\/\"]}]},{\"@type\":\"ImageObject\",\"inLanguage\":\"pt-PT\",\"@id\":\"https:\/\/portaltela.pt\/noticias\/2026\/04\/11\/carro-despista-se-em-ribanceira-no-ic8-e-embate-em-casa-em-pombal\/#primaryimage\",\"url\":\"https:\/\/portaltela.pt\/s.01k8rhncp4jt1\/2026\/04\/img_1500x1000uu2026-04-11-11-08-12-2277908.jpg\",\"contentUrl\":\"https:\/\/portaltela.pt\/s.01k8rhncp4jt1\/2026\/04\/img_1500x1000uu2026-04-11-11-08-12-2277908.jpg\",\"width\":796,\"height\":448,\"caption\":\"Carro despista-se em ribanceira no IC8 e embate contra casa em Pombal\"},{\"@type\":\"BreadcrumbList\",\"@id\":\"https:\/\/portaltela.pt\/noticias\/2026\/04\/11\/carro-despista-se-em-ribanceira-no-ic8-e-embate-em-casa-em-pombal\/#breadcrumb\",\"itemListElement\":[{\"@type\":\"ListItem\",\"position\":1,\"name\":\"In\u00edcio\",\"item\":\"https:\/\/portaltela.pt\/\"},{\"@type\":\"ListItem\",\"position\":2,\"name\":\"Carro despista-se em ribanceira no IC8 e embate em casa em Pombal\"}]},{\"@type\":\"WebSite\",\"@id\":\"https:\/\/portaltela.pt\/#website\",\"url\":\"https:\/\/portaltela.pt\/\",\"name\":\"Portal Tela Portugal\",\"description\":\"\",\"potentialAction\":[{\"@type\":\"SearchAction\",\"target\":{\"@type\":\"EntryPoint\",\"urlTemplate\":\"https:\/\/portaltela.pt\/?s={search_term_string}\"},\"query-input\":{\"@type\":\"PropertyValueSpecification\",\"valueRequired\":true,\"valueName\":\"search_term_string\"}}],\"inLanguage\":\"pt-PT\"},{\"@type\":\"Person\",\"@id\":\"https:\/\/portaltela.pt\/#\/schema\/person\/c4278d4a6028830caff9ee44b42d32ed\",\"name\":\"Telinha\",\"image\":{\"@type\":\"ImageObject\",\"inLanguage\":\"pt-PT\",\"@id\":\"https:\/\/portaltela.pt\/s.01k8rhncp4jt1\/2025\/11\/talking-bot-125x125.png\",\"url\":\"https:\/\/portaltela.pt\/s.01k8rhncp4jt1\/2025\/11\/talking-bot-125x125.png\",\"contentUrl\":\"https:\/\/portaltela.pt\/s.01k8rhncp4jt1\/2025\/11\/talking-bot-125x125.png\",\"caption\":\"Telinha\"},\"sameAs\":[\"https:\/\/portaltela.pt\/\"],\"url\":\"https:\/\/portaltela.pt\/por\/367410592786\/\"}]}<\/script>\n<!-- \/ Yoast SEO plugin. -->","yoast_head_json":{"title":"Carro despista-se em ribanceira no IC8 e embate em casa em Pombal - Portal Tela Portugal","robots":{"index":"index","follow":"follow","max-snippet":"max-snippet:-1","max-image-preview":"max-image-preview:large","max-video-preview":"max-video-preview:-1"},"og_locale":"pt_PT","og_type":"article","og_title":"Carro despista-se em ribanceira no IC8 e embate em casa em Pombal - Portal Tela Portugal","og_description":"Um jovem de 20 anos ficou gravemente ferido num acidente no IC8, quando o ve\u00edculo que conduzia despistou-se numa ribanceira e embateu numa casa em Pombal. O despiste ocorreu no sentido Figueira da Foz \u2013 Pombal, durante a madrugada de s\u00e1bado. O autom\u00f3vel acabou por cair no espa\u00e7o que seria a cozinha da habita\u00e7\u00e3o. A propriet\u00e1ria disse ao CM que j\u00e1 esperava este tipo de acidente e, por isso, construiu outra moradia onde agora vive. O jovem foi transportado pelo INEM para o hospital de Coimbra.","og_url":"https:\/\/portaltela.pt\/noticias\/2026\/04\/11\/carro-despista-se-em-ribanceira-no-ic8-e-embate-em-casa-em-pombal\/","og_site_name":"Portal Tela Portugal","article_published_time":"2026-04-11T10:17:13+00:00","author":"Telinha","twitter_card":"summary_large_image","twitter_misc":{"Escrito por":"Telinha","Tempo estimado de leitura":"1 minuto"},"schema":{"@context":"https:\/\/schema.org","@graph":[{"@type":"Article","@id":"https:\/\/portaltela.pt\/noticias\/2026\/04\/11\/carro-despista-se-em-ribanceira-no-ic8-e-embate-em-casa-em-pombal\/#article","isPartOf":{"@id":"https:\/\/portaltela.pt\/noticias\/2026\/04\/11\/carro-despista-se-em-ribanceira-no-ic8-e-embate-em-casa-em-pombal\/"},"author":{"name":"Telinha","@id":"https:\/\/portaltela.pt\/#\/schema\/person\/c4278d4a6028830caff9ee44b42d32ed"},"headline":"Carro despista-se em ribanceira no IC8 e embate em casa em Pombal","datePublished":"2026-04-11T10:17:13+00:00","mainEntityOfPage":{"@id":"https:\/\/portaltela.pt\/noticias\/2026\/04\/11\/carro-despista-se-em-ribanceira-no-ic8-e-embate-em-casa-em-pombal\/"},"wordCount":139,"image":{"@id":"https:\/\/portaltela.pt\/noticias\/2026\/04\/11\/carro-despista-se-em-ribanceira-no-ic8-e-embate-em-casa-em-pombal\/#primaryimage"},"thumbnailUrl":"https:\/\/portaltela.pt\/s.01k8rhncp4jt1\/2026\/04\/img_1500x1000uu2026-04-11-11-08-12-2277908.jpg","keywords":["acidente","acidente rodovi\u00e1rio","emerg\u00eancias","INEM","Pombal","seguran\u00e7a p\u00fablica"],"articleSection":["Acidentes"],"inLanguage":"pt-PT"},{"@type":"WebPage","@id":"https:\/\/portaltela.pt\/noticias\/2026\/04\/11\/carro-despista-se-em-ribanceira-no-ic8-e-embate-em-casa-em-pombal\/","url":"https:\/\/portaltela.pt\/noticias\/2026\/04\/11\/carro-despista-se-em-ribanceira-no-ic8-e-embate-em-casa-em-pombal\/","name":"Carro despista-se em ribanceira no IC8 e embate em casa em Pombal - Portal Tela Portugal","isPartOf":{"@id":"https:\/\/portaltela.pt\/#website"},"primaryImageOfPage":{"@id":"https:\/\/portaltela.pt\/noticias\/2026\/04\/11\/carro-despista-se-em-ribanceira-no-ic8-e-embate-em-casa-em-pombal\/#primaryimage"},"image":{"@id":"https:\/\/portaltela.pt\/noticias\/2026\/04\/11\/carro-despista-se-em-ribanceira-no-ic8-e-embate-em-casa-em-pombal\/#primaryimage"},"thumbnailUrl":"https:\/\/portaltela.pt\/s.01k8rhncp4jt1\/2026\/04\/img_1500x1000uu2026-04-11-11-08-12-2277908.jpg","datePublished":"2026-04-11T10:17:13+00:00","author":{"@id":"https:\/\/portaltela.pt\/#\/schema\/person\/c4278d4a6028830caff9ee44b42d32ed"},"breadcrumb":{"@id":"https:\/\/portaltela.pt\/noticias\/2026\/04\/11\/carro-despista-se-em-ribanceira-no-ic8-e-embate-em-casa-em-pombal\/#breadcrumb"},"inLanguage":"pt-PT","potentialAction":[{"@type":"ReadAction","target":["https:\/\/portaltela.pt\/noticias\/2026\/04\/11\/carro-despista-se-em-ribanceira-no-ic8-e-embate-em-casa-em-pombal\/"]}]},{"@type":"ImageObject","inLanguage":"pt-PT","@id":"https:\/\/portaltela.pt\/noticias\/2026\/04\/11\/carro-despista-se-em-ribanceira-no-ic8-e-embate-em-casa-em-pombal\/#primaryimage","url":"https:\/\/portaltela.pt\/s.01k8rhncp4jt1\/2026\/04\/img_1500x1000uu2026-04-11-11-08-12-2277908.jpg","contentUrl":"https:\/\/portaltela.pt\/s.01k8rhncp4jt1\/2026\/04\/img_1500x1000uu2026-04-11-11-08-12-2277908.jpg","width":796,"height":448,"caption":"Carro despista-se em ribanceira no IC8 e embate contra casa em Pombal"},{"@type":"BreadcrumbList","@id":"https:\/\/portaltela.pt\/noticias\/2026\/04\/11\/carro-despista-se-em-ribanceira-no-ic8-e-embate-em-casa-em-pombal\/#breadcrumb","itemListElement":[{"@type":"ListItem","position":1,"name":"In\u00edcio","item":"https:\/\/portaltela.pt\/"},{"@type":"ListItem","position":2,"name":"Carro despista-se em ribanceira no IC8 e embate em casa em Pombal"}]},{"@type":"WebSite","@id":"https:\/\/portaltela.pt\/#website","url":"https:\/\/portaltela.pt\/","name":"Portal Tela Portugal","description":"","potentialAction":[{"@type":"SearchAction","target":{"@type":"EntryPoint","urlTemplate":"https:\/\/portaltela.pt\/?s={search_term_string}"},"query-input":{"@type":"PropertyValueSpecification","valueRequired":true,"valueName":"search_term_string"}}],"inLanguage":"pt-PT"},{"@type":"Person","@id":"https:\/\/portaltela.pt\/#\/schema\/person\/c4278d4a6028830caff9ee44b42d32ed","name":"Telinha","image":{"@type":"ImageObject","inLanguage":"pt-PT","@id":"https:\/\/portaltela.pt\/s.01k8rhncp4jt1\/2025\/11\/talking-bot-125x125.png","url":"https:\/\/portaltela.pt\/s.01k8rhncp4jt1\/2025\/11\/talking-bot-125x125.png","contentUrl":"https:\/\/portaltela.pt\/s.01k8rhncp4jt1\/2025\/11\/talking-bot-125x125.png","caption":"Telinha"},"sameAs":["https:\/\/portaltela.pt\/"],"url":"https:\/\/portaltela.pt\/por\/367410592786\/"}]}},"_links":{"self":[{"href":"https:\/\/portaltela.pt\/api\/wp\/v2\/posts\/440387","targetHints":{"allow":["GET"]}}],"collection":[{"href":"https:\/\/portaltela.pt\/api\/wp\/v2\/posts"}],"about":[{"href":"https:\/\/portaltela.pt\/api\/wp\/v2\/types\/post"}],"author":[{"embeddable":true,"href":"https:\/\/portaltela.pt\/api\/wp\/v2\/users\/2"}],"replies":[{"embeddable":true,"href":"https:\/\/portaltela.pt\/api\/wp\/v2\/comments?post=440387"}],"version-history":[{"count":0,"href":"https:\/\/portaltela.pt\/api\/wp\/v2\/posts\/440387\/revisions"}],"wp:featuredmedia":[{"embeddable":true,"href":"https:\/\/portaltela.pt\/api\/wp\/v2\/media\/440388"}],"wp:attachment":[{"href":"https:\/\/portaltela.pt\/api\/wp\/v2\/media?parent=440387"}],"wp:term":[{"taxonomy":"category","embeddable":true,"href":"https:\/\/portaltela.pt\/api\/wp\/v2\/categories?post=440387"},{"taxonomy":"post_tag","embeddable":true,"href":"https:\/\/portaltela.pt\/api\/wp\/v2\/tags?post=440387"}],"curies":[{"name":"wp","href":"https:\/\/api.w.org\/{rel}","templated":true}]}}