{"id":440381,"date":"2026-04-11T02:00:00","date_gmt":"2026-04-11T05:00:00","guid":{"rendered":"https:\/\/portaltela.pt\/noticias\/2026\/04\/11\/igreja-afirma-que-quem-defende-discurso-de-odio-ou-exclusao-nao-e-catolico\/"},"modified":"2026-04-11T02:00:00","modified_gmt":"2026-04-11T05:00:00","slug":"igreja-afirma-que-quem-defende-discurso-de-odio-ou-exclusao-nao-e-catolico","status":"publish","type":"post","link":"https:\/\/portaltela.pt\/sociedade\/2026\/04\/11\/igreja-afirma-que-quem-defende-discurso-de-odio-ou-exclusao-nao-e-catolico\/","title":{"rendered":"Igreja afirma que quem defende discurso de \u00f3dio ou exclus\u00e3o n\u00e3o \u00e9 cat\u00f3lico"},"content":{"rendered":"<p>N\u00e3o posso aceder ao conte\u00fado completo, pois est\u00e1 behind paywall. Sem o texto-base n\u00e3o \u00e9 poss\u00edvel reescrever fielmente a not\u00edcia mantendo a neutralidade e os detalhes exigidos.<\/p>\n<p>Se me enviar o texto integral (ou os pontos principais), reescrevo em pt-PT, com par\u00e1grafos curtos, estilo hard news, seguindo as orienta\u00e7\u00f5es de estrutura, subt\u00edtulos apenas quando relevantes e mantendo a neutralidade.<\/p>\n","protected":false},"excerpt":{"rendered":"<ul>\n<li>A Igreja afirma que n\u00e3o \u00e9 cat\u00f3lico quem defende discurso de \u00f3dio ou exclus\u00e3o.<\/li>\n<li>O conte\u00fado completo est\u00e1 dispon\u00edvel apenas para subscritores.<\/li>\n<li>A imagem acompanha o t\u00edtulo da not\u00edcia, sem conte\u00fado adicional no texto fornecido.<\/li>\n<\/ul>\n","protected":false},"author":2,"featured_media":440382,"comment_status":"closed","ping_status":"closed","sticky":false,"template":"","format":"standard","meta":{"footnotes":""},"categories":[1,6871],"tags":[7777,2978,6339,1904,2920],"class_list":["post-440381","post","type-post","status-publish","format-standard","has-post-thumbnail","hentry","category-noticias","category-sociedade","tag-a-religiao","tag-catolico","tag-catolicos","tag-discurso-de-odio","tag-liberdade-de-expressao"],"yoast_head":"<!-- This site is optimized with the Yoast SEO plugin v27.2 - https:\/\/yoast.com\/product\/yoast-seo-wordpress\/ -->\n<title>Igreja afirma que quem defende discurso de \u00f3dio ou exclus\u00e3o n\u00e3o \u00e9 cat\u00f3lico - Portal Tela Portugal<\/title>\n<meta name=\"robots\" content=\"index, follow, max-snippet:-1, max-image-preview:large, max-video-preview:-1\" \/>\n<meta property=\"og:locale\" content=\"pt_PT\" \/>\n<meta property=\"og:type\" content=\"article\" \/>\n<meta property=\"og:title\" content=\"Igreja afirma que quem defende discurso de \u00f3dio ou exclus\u00e3o n\u00e3o \u00e9 cat\u00f3lico - Portal Tela Portugal\" \/>\n<meta property=\"og:description\" content=\"A Igreja afirma que n\u00e3o \u00e9 cat\u00f3lico quem defende discurso de \u00f3dio ou exclus\u00e3o. O conte\u00fado completo est\u00e1 dispon\u00edvel apenas para subscritores. A imagem acompanha o t\u00edtulo da not\u00edcia, sem conte\u00fado adicional no texto fornecido.\" \/>\n<meta property=\"og:url\" content=\"https:\/\/portaltela.pt\/noticias\/2026\/04\/11\/igreja-afirma-que-quem-defende-discurso-de-odio-ou-exclusao-nao-e-catolico\/\" \/>\n<meta property=\"og:site_name\" content=\"Portal Tela Portugal\" \/>\n<meta property=\"article:published_time\" content=\"2026-04-11T05:00:00+00:00\" \/>\n<meta name=\"author\" content=\"Telinha\" \/>\n<meta name=\"twitter:card\" content=\"summary_large_image\" \/>\n<meta name=\"twitter:label1\" content=\"Escrito por\" \/>\n\t<meta name=\"twitter:data1\" content=\"Telinha\" \/>\n<script type=\"application\/ld+json\" class=\"yoast-schema-graph\">{\"@context\":\"https:\/\/schema.org\",\"@graph\":[{\"@type\":\"Article\",\"@id\":\"https:\/\/portaltela.pt\/noticias\/2026\/04\/11\/igreja-afirma-que-quem-defende-discurso-de-odio-ou-exclusao-nao-e-catolico\/#article\",\"isPartOf\":{\"@id\":\"https:\/\/portaltela.pt\/noticias\/2026\/04\/11\/igreja-afirma-que-quem-defende-discurso-de-odio-ou-exclusao-nao-e-catolico\/\"},\"author\":{\"name\":\"Telinha\",\"@id\":\"https:\/\/portaltela.pt\/#\/schema\/person\/c4278d4a6028830caff9ee44b42d32ed\"},\"headline\":\"Igreja afirma que quem defende discurso de \u00f3dio ou exclus\u00e3o n\u00e3o \u00e9 cat\u00f3lico\",\"datePublished\":\"2026-04-11T05:00:00+00:00\",\"mainEntityOfPage\":{\"@id\":\"https:\/\/portaltela.pt\/noticias\/2026\/04\/11\/igreja-afirma-que-quem-defende-discurso-de-odio-ou-exclusao-nao-e-catolico\/\"},\"wordCount\":81,\"image\":{\"@id\":\"https:\/\/portaltela.pt\/noticias\/2026\/04\/11\/igreja-afirma-que-quem-defende-discurso-de-odio-ou-exclusao-nao-e-catolico\/#primaryimage\"},\"thumbnailUrl\":\"https:\/\/portaltela.pt\/s.01k8rhncp4jt1\/2026\/04\/CACHE_780X1200_ANALOG_WATERMARKED_46893563_5857010_10042026101552.jpg\",\"keywords\":[\"a religi\u00e3o\",\"cat\u00f3lico\",\"cat\u00f3licos\",\"discurso de \u00f3dio\",\"liberdade de express\u00e3o\"],\"articleSection\":[\"Not\u00edcias\",\"Sociedade\"],\"inLanguage\":\"pt-PT\"},{\"@type\":\"WebPage\",\"@id\":\"https:\/\/portaltela.pt\/noticias\/2026\/04\/11\/igreja-afirma-que-quem-defende-discurso-de-odio-ou-exclusao-nao-e-catolico\/\",\"url\":\"https:\/\/portaltela.pt\/noticias\/2026\/04\/11\/igreja-afirma-que-quem-defende-discurso-de-odio-ou-exclusao-nao-e-catolico\/\",\"name\":\"Igreja afirma que quem defende discurso de \u00f3dio ou exclus\u00e3o n\u00e3o \u00e9 cat\u00f3lico - Portal Tela Portugal\",\"isPartOf\":{\"@id\":\"https:\/\/portaltela.pt\/#website\"},\"primaryImageOfPage\":{\"@id\":\"https:\/\/portaltela.pt\/noticias\/2026\/04\/11\/igreja-afirma-que-quem-defende-discurso-de-odio-ou-exclusao-nao-e-catolico\/#primaryimage\"},\"image\":{\"@id\":\"https:\/\/portaltela.pt\/noticias\/2026\/04\/11\/igreja-afirma-que-quem-defende-discurso-de-odio-ou-exclusao-nao-e-catolico\/#primaryimage\"},\"thumbnailUrl\":\"https:\/\/portaltela.pt\/s.01k8rhncp4jt1\/2026\/04\/CACHE_780X1200_ANALOG_WATERMARKED_46893563_5857010_10042026101552.jpg\",\"datePublished\":\"2026-04-11T05:00:00+00:00\",\"author\":{\"@id\":\"https:\/\/portaltela.pt\/#\/schema\/person\/c4278d4a6028830caff9ee44b42d32ed\"},\"breadcrumb\":{\"@id\":\"https:\/\/portaltela.pt\/noticias\/2026\/04\/11\/igreja-afirma-que-quem-defende-discurso-de-odio-ou-exclusao-nao-e-catolico\/#breadcrumb\"},\"inLanguage\":\"pt-PT\",\"potentialAction\":[{\"@type\":\"ReadAction\",\"target\":[\"https:\/\/portaltela.pt\/noticias\/2026\/04\/11\/igreja-afirma-que-quem-defende-discurso-de-odio-ou-exclusao-nao-e-catolico\/\"]}]},{\"@type\":\"ImageObject\",\"inLanguage\":\"pt-PT\",\"@id\":\"https:\/\/portaltela.pt\/noticias\/2026\/04\/11\/igreja-afirma-que-quem-defende-discurso-de-odio-ou-exclusao-nao-e-catolico\/#primaryimage\",\"url\":\"https:\/\/portaltela.pt\/s.01k8rhncp4jt1\/2026\/04\/CACHE_780X1200_ANALOG_WATERMARKED_46893563_5857010_10042026101552.jpg\",\"contentUrl\":\"https:\/\/portaltela.pt\/s.01k8rhncp4jt1\/2026\/04\/CACHE_780X1200_ANALOG_WATERMARKED_46893563_5857010_10042026101552.jpg\",\"width\":796,\"height\":448,\"caption\":\"N\u00e3o \u00e9 cat\u00f3lico quem defende discurso de \u00f3dio ou exclus\u00e3o \u2013 Igreja\"},{\"@type\":\"BreadcrumbList\",\"@id\":\"https:\/\/portaltela.pt\/noticias\/2026\/04\/11\/igreja-afirma-que-quem-defende-discurso-de-odio-ou-exclusao-nao-e-catolico\/#breadcrumb\",\"itemListElement\":[{\"@type\":\"ListItem\",\"position\":1,\"name\":\"In\u00edcio\",\"item\":\"https:\/\/portaltela.pt\/\"},{\"@type\":\"ListItem\",\"position\":2,\"name\":\"Igreja afirma que quem defende discurso de \u00f3dio ou exclus\u00e3o n\u00e3o \u00e9 cat\u00f3lico\"}]},{\"@type\":\"WebSite\",\"@id\":\"https:\/\/portaltela.pt\/#website\",\"url\":\"https:\/\/portaltela.pt\/\",\"name\":\"Portal Tela Portugal\",\"description\":\"\",\"potentialAction\":[{\"@type\":\"SearchAction\",\"target\":{\"@type\":\"EntryPoint\",\"urlTemplate\":\"https:\/\/portaltela.pt\/?s={search_term_string}\"},\"query-input\":{\"@type\":\"PropertyValueSpecification\",\"valueRequired\":true,\"valueName\":\"search_term_string\"}}],\"inLanguage\":\"pt-PT\"},{\"@type\":\"Person\",\"@id\":\"https:\/\/portaltela.pt\/#\/schema\/person\/c4278d4a6028830caff9ee44b42d32ed\",\"name\":\"Telinha\",\"image\":{\"@type\":\"ImageObject\",\"inLanguage\":\"pt-PT\",\"@id\":\"https:\/\/portaltela.pt\/s.01k8rhncp4jt1\/2025\/11\/talking-bot-125x125.png\",\"url\":\"https:\/\/portaltela.pt\/s.01k8rhncp4jt1\/2025\/11\/talking-bot-125x125.png\",\"contentUrl\":\"https:\/\/portaltela.pt\/s.01k8rhncp4jt1\/2025\/11\/talking-bot-125x125.png\",\"caption\":\"Telinha\"},\"sameAs\":[\"https:\/\/portaltela.pt\/\"],\"url\":\"https:\/\/portaltela.pt\/por\/367410592786\/\"}]}<\/script>\n<!-- \/ Yoast SEO plugin. -->","yoast_head_json":{"title":"Igreja afirma que quem defende discurso de \u00f3dio ou exclus\u00e3o n\u00e3o \u00e9 cat\u00f3lico - Portal Tela Portugal","robots":{"index":"index","follow":"follow","max-snippet":"max-snippet:-1","max-image-preview":"max-image-preview:large","max-video-preview":"max-video-preview:-1"},"og_locale":"pt_PT","og_type":"article","og_title":"Igreja afirma que quem defende discurso de \u00f3dio ou exclus\u00e3o n\u00e3o \u00e9 cat\u00f3lico - Portal Tela Portugal","og_description":"A Igreja afirma que n\u00e3o \u00e9 cat\u00f3lico quem defende discurso de \u00f3dio ou exclus\u00e3o. O conte\u00fado completo est\u00e1 dispon\u00edvel apenas para subscritores. A imagem acompanha o t\u00edtulo da not\u00edcia, sem conte\u00fado adicional no texto fornecido.","og_url":"https:\/\/portaltela.pt\/noticias\/2026\/04\/11\/igreja-afirma-que-quem-defende-discurso-de-odio-ou-exclusao-nao-e-catolico\/","og_site_name":"Portal Tela Portugal","article_published_time":"2026-04-11T05:00:00+00:00","author":"Telinha","twitter_card":"summary_large_image","twitter_misc":{"Escrito por":"Telinha"},"schema":{"@context":"https:\/\/schema.org","@graph":[{"@type":"Article","@id":"https:\/\/portaltela.pt\/noticias\/2026\/04\/11\/igreja-afirma-que-quem-defende-discurso-de-odio-ou-exclusao-nao-e-catolico\/#article","isPartOf":{"@id":"https:\/\/portaltela.pt\/noticias\/2026\/04\/11\/igreja-afirma-que-quem-defende-discurso-de-odio-ou-exclusao-nao-e-catolico\/"},"author":{"name":"Telinha","@id":"https:\/\/portaltela.pt\/#\/schema\/person\/c4278d4a6028830caff9ee44b42d32ed"},"headline":"Igreja afirma que quem defende discurso de \u00f3dio ou exclus\u00e3o n\u00e3o \u00e9 cat\u00f3lico","datePublished":"2026-04-11T05:00:00+00:00","mainEntityOfPage":{"@id":"https:\/\/portaltela.pt\/noticias\/2026\/04\/11\/igreja-afirma-que-quem-defende-discurso-de-odio-ou-exclusao-nao-e-catolico\/"},"wordCount":81,"image":{"@id":"https:\/\/portaltela.pt\/noticias\/2026\/04\/11\/igreja-afirma-que-quem-defende-discurso-de-odio-ou-exclusao-nao-e-catolico\/#primaryimage"},"thumbnailUrl":"https:\/\/portaltela.pt\/s.01k8rhncp4jt1\/2026\/04\/CACHE_780X1200_ANALOG_WATERMARKED_46893563_5857010_10042026101552.jpg","keywords":["a religi\u00e3o","cat\u00f3lico","cat\u00f3licos","discurso de \u00f3dio","liberdade de express\u00e3o"],"articleSection":["Not\u00edcias","Sociedade"],"inLanguage":"pt-PT"},{"@type":"WebPage","@id":"https:\/\/portaltela.pt\/noticias\/2026\/04\/11\/igreja-afirma-que-quem-defende-discurso-de-odio-ou-exclusao-nao-e-catolico\/","url":"https:\/\/portaltela.pt\/noticias\/2026\/04\/11\/igreja-afirma-que-quem-defende-discurso-de-odio-ou-exclusao-nao-e-catolico\/","name":"Igreja afirma que quem defende discurso de \u00f3dio ou exclus\u00e3o n\u00e3o \u00e9 cat\u00f3lico - Portal Tela Portugal","isPartOf":{"@id":"https:\/\/portaltela.pt\/#website"},"primaryImageOfPage":{"@id":"https:\/\/portaltela.pt\/noticias\/2026\/04\/11\/igreja-afirma-que-quem-defende-discurso-de-odio-ou-exclusao-nao-e-catolico\/#primaryimage"},"image":{"@id":"https:\/\/portaltela.pt\/noticias\/2026\/04\/11\/igreja-afirma-que-quem-defende-discurso-de-odio-ou-exclusao-nao-e-catolico\/#primaryimage"},"thumbnailUrl":"https:\/\/portaltela.pt\/s.01k8rhncp4jt1\/2026\/04\/CACHE_780X1200_ANALOG_WATERMARKED_46893563_5857010_10042026101552.jpg","datePublished":"2026-04-11T05:00:00+00:00","author":{"@id":"https:\/\/portaltela.pt\/#\/schema\/person\/c4278d4a6028830caff9ee44b42d32ed"},"breadcrumb":{"@id":"https:\/\/portaltela.pt\/noticias\/2026\/04\/11\/igreja-afirma-que-quem-defende-discurso-de-odio-ou-exclusao-nao-e-catolico\/#breadcrumb"},"inLanguage":"pt-PT","potentialAction":[{"@type":"ReadAction","target":["https:\/\/portaltela.pt\/noticias\/2026\/04\/11\/igreja-afirma-que-quem-defende-discurso-de-odio-ou-exclusao-nao-e-catolico\/"]}]},{"@type":"ImageObject","inLanguage":"pt-PT","@id":"https:\/\/portaltela.pt\/noticias\/2026\/04\/11\/igreja-afirma-que-quem-defende-discurso-de-odio-ou-exclusao-nao-e-catolico\/#primaryimage","url":"https:\/\/portaltela.pt\/s.01k8rhncp4jt1\/2026\/04\/CACHE_780X1200_ANALOG_WATERMARKED_46893563_5857010_10042026101552.jpg","contentUrl":"https:\/\/portaltela.pt\/s.01k8rhncp4jt1\/2026\/04\/CACHE_780X1200_ANALOG_WATERMARKED_46893563_5857010_10042026101552.jpg","width":796,"height":448,"caption":"N\u00e3o \u00e9 cat\u00f3lico quem defende discurso de \u00f3dio ou exclus\u00e3o \u2013 Igreja"},{"@type":"BreadcrumbList","@id":"https:\/\/portaltela.pt\/noticias\/2026\/04\/11\/igreja-afirma-que-quem-defende-discurso-de-odio-ou-exclusao-nao-e-catolico\/#breadcrumb","itemListElement":[{"@type":"ListItem","position":1,"name":"In\u00edcio","item":"https:\/\/portaltela.pt\/"},{"@type":"ListItem","position":2,"name":"Igreja afirma que quem defende discurso de \u00f3dio ou exclus\u00e3o n\u00e3o \u00e9 cat\u00f3lico"}]},{"@type":"WebSite","@id":"https:\/\/portaltela.pt\/#website","url":"https:\/\/portaltela.pt\/","name":"Portal Tela Portugal","description":"","potentialAction":[{"@type":"SearchAction","target":{"@type":"EntryPoint","urlTemplate":"https:\/\/portaltela.pt\/?s={search_term_string}"},"query-input":{"@type":"PropertyValueSpecification","valueRequired":true,"valueName":"search_term_string"}}],"inLanguage":"pt-PT"},{"@type":"Person","@id":"https:\/\/portaltela.pt\/#\/schema\/person\/c4278d4a6028830caff9ee44b42d32ed","name":"Telinha","image":{"@type":"ImageObject","inLanguage":"pt-PT","@id":"https:\/\/portaltela.pt\/s.01k8rhncp4jt1\/2025\/11\/talking-bot-125x125.png","url":"https:\/\/portaltela.pt\/s.01k8rhncp4jt1\/2025\/11\/talking-bot-125x125.png","contentUrl":"https:\/\/portaltela.pt\/s.01k8rhncp4jt1\/2025\/11\/talking-bot-125x125.png","caption":"Telinha"},"sameAs":["https:\/\/portaltela.pt\/"],"url":"https:\/\/portaltela.pt\/por\/367410592786\/"}]}},"_links":{"self":[{"href":"https:\/\/portaltela.pt\/api\/wp\/v2\/posts\/440381","targetHints":{"allow":["GET"]}}],"collection":[{"href":"https:\/\/portaltela.pt\/api\/wp\/v2\/posts"}],"about":[{"href":"https:\/\/portaltela.pt\/api\/wp\/v2\/types\/post"}],"author":[{"embeddable":true,"href":"https:\/\/portaltela.pt\/api\/wp\/v2\/users\/2"}],"replies":[{"embeddable":true,"href":"https:\/\/portaltela.pt\/api\/wp\/v2\/comments?post=440381"}],"version-history":[{"count":0,"href":"https:\/\/portaltela.pt\/api\/wp\/v2\/posts\/440381\/revisions"}],"wp:featuredmedia":[{"embeddable":true,"href":"https:\/\/portaltela.pt\/api\/wp\/v2\/media\/440382"}],"wp:attachment":[{"href":"https:\/\/portaltela.pt\/api\/wp\/v2\/media?parent=440381"}],"wp:term":[{"taxonomy":"category","embeddable":true,"href":"https:\/\/portaltela.pt\/api\/wp\/v2\/categories?post=440381"},{"taxonomy":"post_tag","embeddable":true,"href":"https:\/\/portaltela.pt\/api\/wp\/v2\/tags?post=440381"}],"curies":[{"name":"wp","href":"https:\/\/api.w.org\/{rel}","templated":true}]}}