{"id":440354,"date":"2026-04-11T06:31:00","date_gmt":"2026-04-11T09:31:00","guid":{"rendered":"https:\/\/portaltela.pt\/noticias\/2026\/04\/11\/parkinson-cuidar-e-mais-que-tratar\/"},"modified":"2026-04-11T06:31:00","modified_gmt":"2026-04-11T09:31:00","slug":"parkinson-cuidar-e-mais-que-tratar","status":"publish","type":"post","link":"https:\/\/portaltela.pt\/saude\/2026\/04\/11\/parkinson-cuidar-e-mais-que-tratar\/","title":{"rendered":"Parkinson: cuidar \u00e9 mais que tratar"},"content":{"rendered":"<p>A doen\u00e7a de Parkinson \u00e9 cr\u00f3nica e afecta milhares de portugueses, que vivem com ela durante d\u00e9cadas. Hoje, a medicina permite manter uma boa qualidade de vida ajustando tratamentos e controlando os sintomas. Ainda assim, muitos pacientes recorrem ao apoio psicol\u00f3gico apenas quando surgem sinais f\u00edsicos insistentes.<\/p>\n<p>Muitos doentes reportam dificuldades emocionais que acompanham a doen\u00e7a, como irritabilidade, retraimento ou perda de interesse. Fam\u00edlias e profissionais de sa\u00fade destacam a import\u00e2ncia de um di\u00e1logo estruturado que envolva doentes, cuidadores e m\u00e9dicos para apoiar a comunica\u00e7\u00e3o e o alinhamento de estrat\u00e9gias terap\u00eauticas.<\/p>\n<p>Entre os relatos comuns aparecem quedas na participa\u00e7\u00e3o social, redu\u00e7\u00e3o de mobilidade e dificuldades na vida quotidiana. Mesmo com tratamentos como Levodopa ou estimula\u00e7\u00e3o cerebral, h\u00e1 um grupo com incapacidades motoras e n\u00e3o motoras que exigem apoio adicional para lidar com o impacto emocional e a perda de autonomia.<\/p>\n<h3>Desmoraliza\u00e7\u00e3o: o que \u00e9 e porqu\u00ea importa<\/h3>\n<p>A desmoraliza\u00e7\u00e3o descreve um estado de impot\u00eancia e desesperan\u00e7a perante a progress\u00e3o da doen\u00e7a, afetando mais da metade dos doentes. Este sofrimento compromete ades\u00e3o a tratamento, reabilita\u00e7\u00e3o e qualidade de vida, indo al\u00e9m dos sintomas f\u00edsicos.<\/p>\n<p>Pode confundir-se com depress\u00e3o, o que leva a abordagens centradas em medica\u00e7\u00e3o. Quando o sofrimento \u00e9 mais existencial, a resposta adequada envolve di\u00e1logo e psicoterapia, embora a integra\u00e7\u00e3o na pr\u00e1tica cl\u00ednica possa exigir tempo e recursos.<\/p>\n<h3>Ensaio cl\u00ednico multic\u00eantrico<\/h3>\n<p>Para responder a esta necessidade, investigadores desenvolveram e implementaram um ensaio cl\u00ednico multic\u00eantrico que testa abordagens combinadas de apoio psicoterap\u00eautico estruturado com estrat\u00e9gias terap\u00eauticas inovadoras. As respostas devem responder \u00e0s necessidades reais dos pacientes e ser aplic\u00e1veis nos contextos habituais de cuidado.<\/p>\n<p>Na pr\u00e1tica cl\u00ednica, psic\u00f3logos planeiam interven\u00e7\u00f5es psicoterap\u00eauticas breves, ajustadas \u00e0 realidade de doen\u00e7as degenerativas. O objetivo n\u00e3o \u00e9 negar a gravidade, mas reconstruir sentido, identidade e uma forma de viver com a doen\u00e7a.<\/p>\n<p>Este movimento envolve equipas multidisciplinares \u2014 psic\u00f3logos, neurologistas, psiquiatras, enfermeiros e fisioterapeutas \u2014 para facilitar o acesso precoce \u00e0 psicologia. O foco \u00e9 tratar o sofrimento associado \u00e0 doen\u00e7a, n\u00e3o apenas o corpo, com a meta de permitir que os pacientes mantenham significado, liga\u00e7\u00e3o social e liberdade, mesmo com limita\u00e7\u00f5es.<\/p>\n","protected":false},"excerpt":{"rendered":"<ul>\n<li>A doen\u00e7a de Parkinson \u00e9 cr\u00f3nica e o impacto vai al\u00e9m dos sintomas f\u00edsicos, envolvendo o bem-estar emocional e as rela\u00e7\u00f5es familiares.<\/li>\n<li>A desmoraliza\u00e7\u00e3o, sentimento de impot\u00eancia e perda de sentido afecta mais de metade dos doentes e pode reduzir a ades\u00e3o ao tratamento.<\/li>\n<li>O apoio psicol\u00f3gico precoce \u00e9 visto como essencial, n\u00e3o apenas como resposta a sintomas, mas como parte integrante do cuidado.<\/li>\n<li>Foi desenvolvido e implementado um ensaio cl\u00ednico multic\u00eantrico que testa abordagens combinadas de psicoterapia estruturada com subst\u00e2ncias terap\u00eauticas inovadoras.<\/li>\n<li>Na pr\u00e1tica cl\u00ednica, pretende-se reconstruir sentido, identidade e qualidade de vida, com interven\u00e7\u00f5es breves e integradas entre psic\u00f3logos, m\u00e9dicos e outros profissionais de sa\u00fade.<\/li>\n<\/ul>\n","protected":false},"author":2,"featured_media":440359,"comment_status":"closed","ping_status":"closed","sticky":false,"template":"","format":"standard","meta":{"footnotes":""},"categories":[6745],"tags":[61,6482,2736,2249,172,271],"class_list":["post-440354","post","type-post","status-publish","format-standard","has-post-thumbnail","hentry","category-saude","tag-doencas","tag-doencas-do-sistema-nervoso","tag-idosos","tag-psicologia","tag-saude","tag-saude-publica"],"yoast_head":"<!-- This site is optimized with the Yoast SEO plugin v27.2 - https:\/\/yoast.com\/product\/yoast-seo-wordpress\/ -->\n<title>Parkinson: cuidar \u00e9 mais que tratar - Portal Tela Portugal<\/title>\n<meta name=\"robots\" content=\"index, follow, max-snippet:-1, max-image-preview:large, max-video-preview:-1\" \/>\n<meta property=\"og:locale\" content=\"pt_PT\" \/>\n<meta property=\"og:type\" content=\"article\" \/>\n<meta property=\"og:title\" content=\"Parkinson: cuidar \u00e9 mais que tratar - Portal Tela Portugal\" \/>\n<meta property=\"og:description\" content=\"A doen\u00e7a de Parkinson \u00e9 cr\u00f3nica e o impacto vai al\u00e9m dos sintomas f\u00edsicos, envolvendo o bem-estar emocional e as rela\u00e7\u00f5es familiares. A desmoraliza\u00e7\u00e3o, sentimento de impot\u00eancia e perda de sentido afecta mais de metade dos doentes e pode reduzir a ades\u00e3o ao tratamento. O apoio psicol\u00f3gico precoce \u00e9 visto como essencial, n\u00e3o apenas como resposta a sintomas, mas como parte integrante do cuidado. Foi desenvolvido e implementado um ensaio cl\u00ednico multic\u00eantrico que testa abordagens combinadas de psicoterapia estruturada com subst\u00e2ncias terap\u00eauticas inovadoras. Na pr\u00e1tica cl\u00ednica, pretende-se reconstruir sentido, identidade e qualidade de vida, com interven\u00e7\u00f5es breves e integradas entre psic\u00f3logos, m\u00e9dicos e outros profissionais de sa\u00fade.\" \/>\n<meta property=\"og:url\" content=\"https:\/\/portaltela.pt\/noticias\/2026\/04\/11\/parkinson-cuidar-e-mais-que-tratar\/\" \/>\n<meta property=\"og:site_name\" content=\"Portal Tela Portugal\" \/>\n<meta property=\"article:published_time\" content=\"2026-04-11T09:31:00+00:00\" \/>\n<meta name=\"author\" content=\"Telinha\" \/>\n<meta name=\"twitter:card\" content=\"summary_large_image\" \/>\n<meta name=\"twitter:label1\" content=\"Escrito por\" \/>\n\t<meta name=\"twitter:data1\" content=\"Telinha\" \/>\n\t<meta name=\"twitter:label2\" content=\"Tempo estimado de leitura\" \/>\n\t<meta name=\"twitter:data2\" content=\"2 minutos\" \/>\n<script type=\"application\/ld+json\" class=\"yoast-schema-graph\">{\"@context\":\"https:\/\/schema.org\",\"@graph\":[{\"@type\":\"Article\",\"@id\":\"https:\/\/portaltela.pt\/noticias\/2026\/04\/11\/parkinson-cuidar-e-mais-que-tratar\/#article\",\"isPartOf\":{\"@id\":\"https:\/\/portaltela.pt\/noticias\/2026\/04\/11\/parkinson-cuidar-e-mais-que-tratar\/\"},\"author\":{\"name\":\"Telinha\",\"@id\":\"https:\/\/portaltela.pt\/#\/schema\/person\/c4278d4a6028830caff9ee44b42d32ed\"},\"headline\":\"Parkinson: cuidar \u00e9 mais que tratar\",\"datePublished\":\"2026-04-11T09:31:00+00:00\",\"mainEntityOfPage\":{\"@id\":\"https:\/\/portaltela.pt\/noticias\/2026\/04\/11\/parkinson-cuidar-e-mais-que-tratar\/\"},\"wordCount\":397,\"image\":{\"@id\":\"https:\/\/portaltela.pt\/noticias\/2026\/04\/11\/parkinson-cuidar-e-mais-que-tratar\/#primaryimage\"},\"thumbnailUrl\":\"https:\/\/portaltela.pt\/s.01k8rhncp4jt1\/2026\/04\/2079872.jpg\",\"keywords\":[\"doen\u00e7as\",\"Doen\u00e7as do sistema nervoso\",\"idosos\",\"psicologia\",\"sa\u00fade\",\"sa\u00fade p\u00fablica\"],\"articleSection\":[\"Sa\u00fade\"],\"inLanguage\":\"pt-PT\"},{\"@type\":\"WebPage\",\"@id\":\"https:\/\/portaltela.pt\/noticias\/2026\/04\/11\/parkinson-cuidar-e-mais-que-tratar\/\",\"url\":\"https:\/\/portaltela.pt\/noticias\/2026\/04\/11\/parkinson-cuidar-e-mais-que-tratar\/\",\"name\":\"Parkinson: cuidar \u00e9 mais que tratar - Portal Tela Portugal\",\"isPartOf\":{\"@id\":\"https:\/\/portaltela.pt\/#website\"},\"primaryImageOfPage\":{\"@id\":\"https:\/\/portaltela.pt\/noticias\/2026\/04\/11\/parkinson-cuidar-e-mais-que-tratar\/#primaryimage\"},\"image\":{\"@id\":\"https:\/\/portaltela.pt\/noticias\/2026\/04\/11\/parkinson-cuidar-e-mais-que-tratar\/#primaryimage\"},\"thumbnailUrl\":\"https:\/\/portaltela.pt\/s.01k8rhncp4jt1\/2026\/04\/2079872.jpg\",\"datePublished\":\"2026-04-11T09:31:00+00:00\",\"author\":{\"@id\":\"https:\/\/portaltela.pt\/#\/schema\/person\/c4278d4a6028830caff9ee44b42d32ed\"},\"breadcrumb\":{\"@id\":\"https:\/\/portaltela.pt\/noticias\/2026\/04\/11\/parkinson-cuidar-e-mais-que-tratar\/#breadcrumb\"},\"inLanguage\":\"pt-PT\",\"potentialAction\":[{\"@type\":\"ReadAction\",\"target\":[\"https:\/\/portaltela.pt\/noticias\/2026\/04\/11\/parkinson-cuidar-e-mais-que-tratar\/\"]}]},{\"@type\":\"ImageObject\",\"inLanguage\":\"pt-PT\",\"@id\":\"https:\/\/portaltela.pt\/noticias\/2026\/04\/11\/parkinson-cuidar-e-mais-que-tratar\/#primaryimage\",\"url\":\"https:\/\/portaltela.pt\/s.01k8rhncp4jt1\/2026\/04\/2079872.jpg\",\"contentUrl\":\"https:\/\/portaltela.pt\/s.01k8rhncp4jt1\/2026\/04\/2079872.jpg\",\"width\":796,\"height\":448,\"caption\":\"Tratar a desmoraliza\u00e7\u00e3o n\u00e3o \u00e9 um luxo\"},{\"@type\":\"BreadcrumbList\",\"@id\":\"https:\/\/portaltela.pt\/noticias\/2026\/04\/11\/parkinson-cuidar-e-mais-que-tratar\/#breadcrumb\",\"itemListElement\":[{\"@type\":\"ListItem\",\"position\":1,\"name\":\"In\u00edcio\",\"item\":\"https:\/\/portaltela.pt\/\"},{\"@type\":\"ListItem\",\"position\":2,\"name\":\"Parkinson: cuidar \u00e9 mais que tratar\"}]},{\"@type\":\"WebSite\",\"@id\":\"https:\/\/portaltela.pt\/#website\",\"url\":\"https:\/\/portaltela.pt\/\",\"name\":\"Portal Tela Portugal\",\"description\":\"\",\"potentialAction\":[{\"@type\":\"SearchAction\",\"target\":{\"@type\":\"EntryPoint\",\"urlTemplate\":\"https:\/\/portaltela.pt\/?s={search_term_string}\"},\"query-input\":{\"@type\":\"PropertyValueSpecification\",\"valueRequired\":true,\"valueName\":\"search_term_string\"}}],\"inLanguage\":\"pt-PT\"},{\"@type\":\"Person\",\"@id\":\"https:\/\/portaltela.pt\/#\/schema\/person\/c4278d4a6028830caff9ee44b42d32ed\",\"name\":\"Telinha\",\"image\":{\"@type\":\"ImageObject\",\"inLanguage\":\"pt-PT\",\"@id\":\"https:\/\/portaltela.pt\/s.01k8rhncp4jt1\/2025\/11\/talking-bot-125x125.png\",\"url\":\"https:\/\/portaltela.pt\/s.01k8rhncp4jt1\/2025\/11\/talking-bot-125x125.png\",\"contentUrl\":\"https:\/\/portaltela.pt\/s.01k8rhncp4jt1\/2025\/11\/talking-bot-125x125.png\",\"caption\":\"Telinha\"},\"sameAs\":[\"https:\/\/portaltela.pt\/\"],\"url\":\"https:\/\/portaltela.pt\/por\/367410592786\/\"}]}<\/script>\n<!-- \/ Yoast SEO plugin. -->","yoast_head_json":{"title":"Parkinson: cuidar \u00e9 mais que tratar - Portal Tela Portugal","robots":{"index":"index","follow":"follow","max-snippet":"max-snippet:-1","max-image-preview":"max-image-preview:large","max-video-preview":"max-video-preview:-1"},"og_locale":"pt_PT","og_type":"article","og_title":"Parkinson: cuidar \u00e9 mais que tratar - Portal Tela Portugal","og_description":"A doen\u00e7a de Parkinson \u00e9 cr\u00f3nica e o impacto vai al\u00e9m dos sintomas f\u00edsicos, envolvendo o bem-estar emocional e as rela\u00e7\u00f5es familiares. A desmoraliza\u00e7\u00e3o, sentimento de impot\u00eancia e perda de sentido afecta mais de metade dos doentes e pode reduzir a ades\u00e3o ao tratamento. O apoio psicol\u00f3gico precoce \u00e9 visto como essencial, n\u00e3o apenas como resposta a sintomas, mas como parte integrante do cuidado. Foi desenvolvido e implementado um ensaio cl\u00ednico multic\u00eantrico que testa abordagens combinadas de psicoterapia estruturada com subst\u00e2ncias terap\u00eauticas inovadoras. Na pr\u00e1tica cl\u00ednica, pretende-se reconstruir sentido, identidade e qualidade de vida, com interven\u00e7\u00f5es breves e integradas entre psic\u00f3logos, m\u00e9dicos e outros profissionais de sa\u00fade.","og_url":"https:\/\/portaltela.pt\/noticias\/2026\/04\/11\/parkinson-cuidar-e-mais-que-tratar\/","og_site_name":"Portal Tela Portugal","article_published_time":"2026-04-11T09:31:00+00:00","author":"Telinha","twitter_card":"summary_large_image","twitter_misc":{"Escrito por":"Telinha","Tempo estimado de leitura":"2 minutos"},"schema":{"@context":"https:\/\/schema.org","@graph":[{"@type":"Article","@id":"https:\/\/portaltela.pt\/noticias\/2026\/04\/11\/parkinson-cuidar-e-mais-que-tratar\/#article","isPartOf":{"@id":"https:\/\/portaltela.pt\/noticias\/2026\/04\/11\/parkinson-cuidar-e-mais-que-tratar\/"},"author":{"name":"Telinha","@id":"https:\/\/portaltela.pt\/#\/schema\/person\/c4278d4a6028830caff9ee44b42d32ed"},"headline":"Parkinson: cuidar \u00e9 mais que tratar","datePublished":"2026-04-11T09:31:00+00:00","mainEntityOfPage":{"@id":"https:\/\/portaltela.pt\/noticias\/2026\/04\/11\/parkinson-cuidar-e-mais-que-tratar\/"},"wordCount":397,"image":{"@id":"https:\/\/portaltela.pt\/noticias\/2026\/04\/11\/parkinson-cuidar-e-mais-que-tratar\/#primaryimage"},"thumbnailUrl":"https:\/\/portaltela.pt\/s.01k8rhncp4jt1\/2026\/04\/2079872.jpg","keywords":["doen\u00e7as","Doen\u00e7as do sistema nervoso","idosos","psicologia","sa\u00fade","sa\u00fade p\u00fablica"],"articleSection":["Sa\u00fade"],"inLanguage":"pt-PT"},{"@type":"WebPage","@id":"https:\/\/portaltela.pt\/noticias\/2026\/04\/11\/parkinson-cuidar-e-mais-que-tratar\/","url":"https:\/\/portaltela.pt\/noticias\/2026\/04\/11\/parkinson-cuidar-e-mais-que-tratar\/","name":"Parkinson: cuidar \u00e9 mais que tratar - Portal Tela Portugal","isPartOf":{"@id":"https:\/\/portaltela.pt\/#website"},"primaryImageOfPage":{"@id":"https:\/\/portaltela.pt\/noticias\/2026\/04\/11\/parkinson-cuidar-e-mais-que-tratar\/#primaryimage"},"image":{"@id":"https:\/\/portaltela.pt\/noticias\/2026\/04\/11\/parkinson-cuidar-e-mais-que-tratar\/#primaryimage"},"thumbnailUrl":"https:\/\/portaltela.pt\/s.01k8rhncp4jt1\/2026\/04\/2079872.jpg","datePublished":"2026-04-11T09:31:00+00:00","author":{"@id":"https:\/\/portaltela.pt\/#\/schema\/person\/c4278d4a6028830caff9ee44b42d32ed"},"breadcrumb":{"@id":"https:\/\/portaltela.pt\/noticias\/2026\/04\/11\/parkinson-cuidar-e-mais-que-tratar\/#breadcrumb"},"inLanguage":"pt-PT","potentialAction":[{"@type":"ReadAction","target":["https:\/\/portaltela.pt\/noticias\/2026\/04\/11\/parkinson-cuidar-e-mais-que-tratar\/"]}]},{"@type":"ImageObject","inLanguage":"pt-PT","@id":"https:\/\/portaltela.pt\/noticias\/2026\/04\/11\/parkinson-cuidar-e-mais-que-tratar\/#primaryimage","url":"https:\/\/portaltela.pt\/s.01k8rhncp4jt1\/2026\/04\/2079872.jpg","contentUrl":"https:\/\/portaltela.pt\/s.01k8rhncp4jt1\/2026\/04\/2079872.jpg","width":796,"height":448,"caption":"Tratar a desmoraliza\u00e7\u00e3o n\u00e3o \u00e9 um luxo"},{"@type":"BreadcrumbList","@id":"https:\/\/portaltela.pt\/noticias\/2026\/04\/11\/parkinson-cuidar-e-mais-que-tratar\/#breadcrumb","itemListElement":[{"@type":"ListItem","position":1,"name":"In\u00edcio","item":"https:\/\/portaltela.pt\/"},{"@type":"ListItem","position":2,"name":"Parkinson: cuidar \u00e9 mais que tratar"}]},{"@type":"WebSite","@id":"https:\/\/portaltela.pt\/#website","url":"https:\/\/portaltela.pt\/","name":"Portal Tela Portugal","description":"","potentialAction":[{"@type":"SearchAction","target":{"@type":"EntryPoint","urlTemplate":"https:\/\/portaltela.pt\/?s={search_term_string}"},"query-input":{"@type":"PropertyValueSpecification","valueRequired":true,"valueName":"search_term_string"}}],"inLanguage":"pt-PT"},{"@type":"Person","@id":"https:\/\/portaltela.pt\/#\/schema\/person\/c4278d4a6028830caff9ee44b42d32ed","name":"Telinha","image":{"@type":"ImageObject","inLanguage":"pt-PT","@id":"https:\/\/portaltela.pt\/s.01k8rhncp4jt1\/2025\/11\/talking-bot-125x125.png","url":"https:\/\/portaltela.pt\/s.01k8rhncp4jt1\/2025\/11\/talking-bot-125x125.png","contentUrl":"https:\/\/portaltela.pt\/s.01k8rhncp4jt1\/2025\/11\/talking-bot-125x125.png","caption":"Telinha"},"sameAs":["https:\/\/portaltela.pt\/"],"url":"https:\/\/portaltela.pt\/por\/367410592786\/"}]}},"_links":{"self":[{"href":"https:\/\/portaltela.pt\/api\/wp\/v2\/posts\/440354","targetHints":{"allow":["GET"]}}],"collection":[{"href":"https:\/\/portaltela.pt\/api\/wp\/v2\/posts"}],"about":[{"href":"https:\/\/portaltela.pt\/api\/wp\/v2\/types\/post"}],"author":[{"embeddable":true,"href":"https:\/\/portaltela.pt\/api\/wp\/v2\/users\/2"}],"replies":[{"embeddable":true,"href":"https:\/\/portaltela.pt\/api\/wp\/v2\/comments?post=440354"}],"version-history":[{"count":0,"href":"https:\/\/portaltela.pt\/api\/wp\/v2\/posts\/440354\/revisions"}],"wp:featuredmedia":[{"embeddable":true,"href":"https:\/\/portaltela.pt\/api\/wp\/v2\/media\/440359"}],"wp:attachment":[{"href":"https:\/\/portaltela.pt\/api\/wp\/v2\/media?parent=440354"}],"wp:term":[{"taxonomy":"category","embeddable":true,"href":"https:\/\/portaltela.pt\/api\/wp\/v2\/categories?post=440354"},{"taxonomy":"post_tag","embeddable":true,"href":"https:\/\/portaltela.pt\/api\/wp\/v2\/tags?post=440354"}],"curies":[{"name":"wp","href":"https:\/\/api.w.org\/{rel}","templated":true}]}}