{"id":440353,"date":"2026-04-11T06:46:42","date_gmt":"2026-04-11T09:46:42","guid":{"rendered":"https:\/\/portaltela.pt\/noticias\/2026\/04\/11\/a-cork-de-bourdain-e-das-alpacas\/"},"modified":"2026-04-11T06:46:42","modified_gmt":"2026-04-11T09:46:42","slug":"a-cork-de-bourdain-e-das-alpacas","status":"publish","type":"post","link":"https:\/\/portaltela.pt\/noticias\/2026\/04\/11\/a-cork-de-bourdain-e-das-alpacas\/","title":{"rendered":"A Cork de Bourdain e das alpacas"},"content":{"rendered":"<p>A Cork \u00e9 reconhecida como capital gastron\u00f3mica da Irlanda por Anthony Bourdain, segundo relatos. A cidade, situada na segunda maior cidade da Rep\u00fablica, esconde tamb\u00e9m surpresas que v\u00e3o al\u00e9m do paladar.<\/p>\n<p>Para al\u00e9m da mesa, a regi\u00e3o fascina quem\ta a visita com mem\u00f3rias e hist\u00f3rias locais. A aprecia\u00e7\u00e3o de Cork \u00e9 apresentada como parte de uma identidade que perdura al\u00e9m da culin\u00e1ria.<\/p>\n<p>O texto partilha ainda uma perspetiva pessoal ligada \u00e0 hist\u00f3ria da ilha. O autor cita o sogro, ingl\u00eas de ascend\u00eancia irlandesa, que expressava a ideia de uma pureza irlandesa mais ao sul, menos influenciada pela Irlanda do Norte e pelo Reino Unido.<\/p>\n<h3>Identidade e mem\u00f3ria<\/h3>\n<p>O artigo analisa como a cidade combina tradi\u00e7\u00e3o culin\u00e1ria com narrativas de perten\u00e7a. A rela\u00e7\u00e3o entre cidade, hist\u00f3ria e orgulho local \u00e9 apresentada como um conjunto de experi\u00eancias al\u00e9m do fator gastron\u00f3mico.<\/p>\n","protected":false},"excerpt":{"rendered":"<ul>\n<li>Cork \u00e9 reconhecida por Anthony Bourdain como a capital gastron\u00f3mica da Irlanda.<\/li>\n<li>A cidade, a segunda maior da Rep\u00fablica, esconde surpresas para al\u00e9m do centro, que v\u00e3o al\u00e9m do paladar.<\/li>\n<li>O texto refere a ideia de Cork ser a \u201cverdadeira capital\u201d da Irlanda.<\/li>\n<li>Inclui a perspetiva de que h\u00e1 uma pureza entre os irlandeses mais ao sul, menos influenciados pela Irlanda do Norte e pelo legado brit\u00e2nico.<\/li>\n<li>O narrador utiliza um exemplo de familiar para ilustrar essa vis\u00e3o sobre a identidade irlandesa.<\/li>\n<\/ul>\n","protected":false},"author":2,"featured_media":440357,"comment_status":"closed","ping_status":"closed","sticky":false,"template":"","format":"standard","meta":{"footnotes":""},"categories":[7369,1],"tags":[7756,145,299,5230,7490,1014],"class_list":["post-440353","post","type-post","status-publish","format-standard","has-post-thumbnail","hentry","category-gastronomia","category-noticias","tag-_cultura","tag-cultura","tag-historia","tag-irlanda","tag-memoria-publica","tag-portugal"],"yoast_head":"<!-- This site is optimized with the Yoast SEO plugin v27.2 - https:\/\/yoast.com\/product\/yoast-seo-wordpress\/ -->\n<title>A Cork de Bourdain e das alpacas - Portal Tela Portugal<\/title>\n<meta name=\"robots\" content=\"index, follow, max-snippet:-1, max-image-preview:large, max-video-preview:-1\" \/>\n<meta property=\"og:locale\" content=\"pt_PT\" \/>\n<meta property=\"og:type\" content=\"article\" \/>\n<meta property=\"og:title\" content=\"A Cork de Bourdain e das alpacas - Portal Tela Portugal\" \/>\n<meta property=\"og:description\" content=\"Cork \u00e9 reconhecida por Anthony Bourdain como a capital gastron\u00f3mica da Irlanda. A cidade, a segunda maior da Rep\u00fablica, esconde surpresas para al\u00e9m do centro, que v\u00e3o al\u00e9m do paladar. O texto refere a ideia de Cork ser a \u201cverdadeira capital\u201d da Irlanda. Inclui a perspetiva de que h\u00e1 uma pureza entre os irlandeses mais ao sul, menos influenciados pela Irlanda do Norte e pelo legado brit\u00e2nico. O narrador utiliza um exemplo de familiar para ilustrar essa vis\u00e3o sobre a identidade irlandesa.\" \/>\n<meta property=\"og:url\" content=\"https:\/\/portaltela.pt\/noticias\/2026\/04\/11\/a-cork-de-bourdain-e-das-alpacas\/\" \/>\n<meta property=\"og:site_name\" content=\"Portal Tela Portugal\" \/>\n<meta property=\"article:published_time\" content=\"2026-04-11T09:46:42+00:00\" \/>\n<meta name=\"author\" content=\"Telinha\" \/>\n<meta name=\"twitter:card\" content=\"summary_large_image\" \/>\n<meta name=\"twitter:label1\" content=\"Escrito por\" \/>\n\t<meta name=\"twitter:data1\" content=\"Telinha\" \/>\n\t<meta name=\"twitter:label2\" content=\"Tempo estimado de leitura\" \/>\n\t<meta name=\"twitter:data2\" content=\"1 minuto\" \/>\n<script type=\"application\/ld+json\" class=\"yoast-schema-graph\">{\"@context\":\"https:\/\/schema.org\",\"@graph\":[{\"@type\":\"Article\",\"@id\":\"https:\/\/portaltela.pt\/noticias\/2026\/04\/11\/a-cork-de-bourdain-e-das-alpacas\/#article\",\"isPartOf\":{\"@id\":\"https:\/\/portaltela.pt\/noticias\/2026\/04\/11\/a-cork-de-bourdain-e-das-alpacas\/\"},\"author\":{\"name\":\"Telinha\",\"@id\":\"https:\/\/portaltela.pt\/#\/schema\/person\/c4278d4a6028830caff9ee44b42d32ed\"},\"headline\":\"A Cork de Bourdain e das alpacas\",\"datePublished\":\"2026-04-11T09:46:42+00:00\",\"mainEntityOfPage\":{\"@id\":\"https:\/\/portaltela.pt\/noticias\/2026\/04\/11\/a-cork-de-bourdain-e-das-alpacas\/\"},\"wordCount\":167,\"image\":{\"@id\":\"https:\/\/portaltela.pt\/noticias\/2026\/04\/11\/a-cork-de-bourdain-e-das-alpacas\/#primaryimage\"},\"thumbnailUrl\":\"https:\/\/portaltela.pt\/s.01k8rhncp4jt1\/2026\/04\/2080285.jpg\",\"keywords\":[\"_cultura\",\"cultura\",\"hist\u00f3ria\",\"Irlanda\",\"mem\u00f3ria p\u00fablica\",\"Portugal\"],\"articleSection\":[\"Gastronomia\",\"Not\u00edcias\"],\"inLanguage\":\"pt-PT\"},{\"@type\":\"WebPage\",\"@id\":\"https:\/\/portaltela.pt\/noticias\/2026\/04\/11\/a-cork-de-bourdain-e-das-alpacas\/\",\"url\":\"https:\/\/portaltela.pt\/noticias\/2026\/04\/11\/a-cork-de-bourdain-e-das-alpacas\/\",\"name\":\"A Cork de Bourdain e das alpacas - Portal Tela Portugal\",\"isPartOf\":{\"@id\":\"https:\/\/portaltela.pt\/#website\"},\"primaryImageOfPage\":{\"@id\":\"https:\/\/portaltela.pt\/noticias\/2026\/04\/11\/a-cork-de-bourdain-e-das-alpacas\/#primaryimage\"},\"image\":{\"@id\":\"https:\/\/portaltela.pt\/noticias\/2026\/04\/11\/a-cork-de-bourdain-e-das-alpacas\/#primaryimage\"},\"thumbnailUrl\":\"https:\/\/portaltela.pt\/s.01k8rhncp4jt1\/2026\/04\/2080285.jpg\",\"datePublished\":\"2026-04-11T09:46:42+00:00\",\"author\":{\"@id\":\"https:\/\/portaltela.pt\/#\/schema\/person\/c4278d4a6028830caff9ee44b42d32ed\"},\"breadcrumb\":{\"@id\":\"https:\/\/portaltela.pt\/noticias\/2026\/04\/11\/a-cork-de-bourdain-e-das-alpacas\/#breadcrumb\"},\"inLanguage\":\"pt-PT\",\"potentialAction\":[{\"@type\":\"ReadAction\",\"target\":[\"https:\/\/portaltela.pt\/noticias\/2026\/04\/11\/a-cork-de-bourdain-e-das-alpacas\/\"]}]},{\"@type\":\"ImageObject\",\"inLanguage\":\"pt-PT\",\"@id\":\"https:\/\/portaltela.pt\/noticias\/2026\/04\/11\/a-cork-de-bourdain-e-das-alpacas\/#primaryimage\",\"url\":\"https:\/\/portaltela.pt\/s.01k8rhncp4jt1\/2026\/04\/2080285.jpg\",\"contentUrl\":\"https:\/\/portaltela.pt\/s.01k8rhncp4jt1\/2026\/04\/2080285.jpg\",\"width\":796,\"height\":448,\"caption\":\"Castelo medieval de Blarney, perto de Cork (Irlanda)\"},{\"@type\":\"BreadcrumbList\",\"@id\":\"https:\/\/portaltela.pt\/noticias\/2026\/04\/11\/a-cork-de-bourdain-e-das-alpacas\/#breadcrumb\",\"itemListElement\":[{\"@type\":\"ListItem\",\"position\":1,\"name\":\"In\u00edcio\",\"item\":\"https:\/\/portaltela.pt\/\"},{\"@type\":\"ListItem\",\"position\":2,\"name\":\"A Cork de Bourdain e das alpacas\"}]},{\"@type\":\"WebSite\",\"@id\":\"https:\/\/portaltela.pt\/#website\",\"url\":\"https:\/\/portaltela.pt\/\",\"name\":\"Portal Tela Portugal\",\"description\":\"\",\"potentialAction\":[{\"@type\":\"SearchAction\",\"target\":{\"@type\":\"EntryPoint\",\"urlTemplate\":\"https:\/\/portaltela.pt\/?s={search_term_string}\"},\"query-input\":{\"@type\":\"PropertyValueSpecification\",\"valueRequired\":true,\"valueName\":\"search_term_string\"}}],\"inLanguage\":\"pt-PT\"},{\"@type\":\"Person\",\"@id\":\"https:\/\/portaltela.pt\/#\/schema\/person\/c4278d4a6028830caff9ee44b42d32ed\",\"name\":\"Telinha\",\"image\":{\"@type\":\"ImageObject\",\"inLanguage\":\"pt-PT\",\"@id\":\"https:\/\/portaltela.pt\/s.01k8rhncp4jt1\/2025\/11\/talking-bot-125x125.png\",\"url\":\"https:\/\/portaltela.pt\/s.01k8rhncp4jt1\/2025\/11\/talking-bot-125x125.png\",\"contentUrl\":\"https:\/\/portaltela.pt\/s.01k8rhncp4jt1\/2025\/11\/talking-bot-125x125.png\",\"caption\":\"Telinha\"},\"sameAs\":[\"https:\/\/portaltela.pt\/\"],\"url\":\"https:\/\/portaltela.pt\/por\/367410592786\/\"}]}<\/script>\n<!-- \/ Yoast SEO plugin. -->","yoast_head_json":{"title":"A Cork de Bourdain e das alpacas - Portal Tela Portugal","robots":{"index":"index","follow":"follow","max-snippet":"max-snippet:-1","max-image-preview":"max-image-preview:large","max-video-preview":"max-video-preview:-1"},"og_locale":"pt_PT","og_type":"article","og_title":"A Cork de Bourdain e das alpacas - Portal Tela Portugal","og_description":"Cork \u00e9 reconhecida por Anthony Bourdain como a capital gastron\u00f3mica da Irlanda. A cidade, a segunda maior da Rep\u00fablica, esconde surpresas para al\u00e9m do centro, que v\u00e3o al\u00e9m do paladar. O texto refere a ideia de Cork ser a \u201cverdadeira capital\u201d da Irlanda. Inclui a perspetiva de que h\u00e1 uma pureza entre os irlandeses mais ao sul, menos influenciados pela Irlanda do Norte e pelo legado brit\u00e2nico. O narrador utiliza um exemplo de familiar para ilustrar essa vis\u00e3o sobre a identidade irlandesa.","og_url":"https:\/\/portaltela.pt\/noticias\/2026\/04\/11\/a-cork-de-bourdain-e-das-alpacas\/","og_site_name":"Portal Tela Portugal","article_published_time":"2026-04-11T09:46:42+00:00","author":"Telinha","twitter_card":"summary_large_image","twitter_misc":{"Escrito por":"Telinha","Tempo estimado de leitura":"1 minuto"},"schema":{"@context":"https:\/\/schema.org","@graph":[{"@type":"Article","@id":"https:\/\/portaltela.pt\/noticias\/2026\/04\/11\/a-cork-de-bourdain-e-das-alpacas\/#article","isPartOf":{"@id":"https:\/\/portaltela.pt\/noticias\/2026\/04\/11\/a-cork-de-bourdain-e-das-alpacas\/"},"author":{"name":"Telinha","@id":"https:\/\/portaltela.pt\/#\/schema\/person\/c4278d4a6028830caff9ee44b42d32ed"},"headline":"A Cork de Bourdain e das alpacas","datePublished":"2026-04-11T09:46:42+00:00","mainEntityOfPage":{"@id":"https:\/\/portaltela.pt\/noticias\/2026\/04\/11\/a-cork-de-bourdain-e-das-alpacas\/"},"wordCount":167,"image":{"@id":"https:\/\/portaltela.pt\/noticias\/2026\/04\/11\/a-cork-de-bourdain-e-das-alpacas\/#primaryimage"},"thumbnailUrl":"https:\/\/portaltela.pt\/s.01k8rhncp4jt1\/2026\/04\/2080285.jpg","keywords":["_cultura","cultura","hist\u00f3ria","Irlanda","mem\u00f3ria p\u00fablica","Portugal"],"articleSection":["Gastronomia","Not\u00edcias"],"inLanguage":"pt-PT"},{"@type":"WebPage","@id":"https:\/\/portaltela.pt\/noticias\/2026\/04\/11\/a-cork-de-bourdain-e-das-alpacas\/","url":"https:\/\/portaltela.pt\/noticias\/2026\/04\/11\/a-cork-de-bourdain-e-das-alpacas\/","name":"A Cork de Bourdain e das alpacas - Portal Tela Portugal","isPartOf":{"@id":"https:\/\/portaltela.pt\/#website"},"primaryImageOfPage":{"@id":"https:\/\/portaltela.pt\/noticias\/2026\/04\/11\/a-cork-de-bourdain-e-das-alpacas\/#primaryimage"},"image":{"@id":"https:\/\/portaltela.pt\/noticias\/2026\/04\/11\/a-cork-de-bourdain-e-das-alpacas\/#primaryimage"},"thumbnailUrl":"https:\/\/portaltela.pt\/s.01k8rhncp4jt1\/2026\/04\/2080285.jpg","datePublished":"2026-04-11T09:46:42+00:00","author":{"@id":"https:\/\/portaltela.pt\/#\/schema\/person\/c4278d4a6028830caff9ee44b42d32ed"},"breadcrumb":{"@id":"https:\/\/portaltela.pt\/noticias\/2026\/04\/11\/a-cork-de-bourdain-e-das-alpacas\/#breadcrumb"},"inLanguage":"pt-PT","potentialAction":[{"@type":"ReadAction","target":["https:\/\/portaltela.pt\/noticias\/2026\/04\/11\/a-cork-de-bourdain-e-das-alpacas\/"]}]},{"@type":"ImageObject","inLanguage":"pt-PT","@id":"https:\/\/portaltela.pt\/noticias\/2026\/04\/11\/a-cork-de-bourdain-e-das-alpacas\/#primaryimage","url":"https:\/\/portaltela.pt\/s.01k8rhncp4jt1\/2026\/04\/2080285.jpg","contentUrl":"https:\/\/portaltela.pt\/s.01k8rhncp4jt1\/2026\/04\/2080285.jpg","width":796,"height":448,"caption":"Castelo medieval de Blarney, perto de Cork (Irlanda)"},{"@type":"BreadcrumbList","@id":"https:\/\/portaltela.pt\/noticias\/2026\/04\/11\/a-cork-de-bourdain-e-das-alpacas\/#breadcrumb","itemListElement":[{"@type":"ListItem","position":1,"name":"In\u00edcio","item":"https:\/\/portaltela.pt\/"},{"@type":"ListItem","position":2,"name":"A Cork de Bourdain e das alpacas"}]},{"@type":"WebSite","@id":"https:\/\/portaltela.pt\/#website","url":"https:\/\/portaltela.pt\/","name":"Portal Tela Portugal","description":"","potentialAction":[{"@type":"SearchAction","target":{"@type":"EntryPoint","urlTemplate":"https:\/\/portaltela.pt\/?s={search_term_string}"},"query-input":{"@type":"PropertyValueSpecification","valueRequired":true,"valueName":"search_term_string"}}],"inLanguage":"pt-PT"},{"@type":"Person","@id":"https:\/\/portaltela.pt\/#\/schema\/person\/c4278d4a6028830caff9ee44b42d32ed","name":"Telinha","image":{"@type":"ImageObject","inLanguage":"pt-PT","@id":"https:\/\/portaltela.pt\/s.01k8rhncp4jt1\/2025\/11\/talking-bot-125x125.png","url":"https:\/\/portaltela.pt\/s.01k8rhncp4jt1\/2025\/11\/talking-bot-125x125.png","contentUrl":"https:\/\/portaltela.pt\/s.01k8rhncp4jt1\/2025\/11\/talking-bot-125x125.png","caption":"Telinha"},"sameAs":["https:\/\/portaltela.pt\/"],"url":"https:\/\/portaltela.pt\/por\/367410592786\/"}]}},"_links":{"self":[{"href":"https:\/\/portaltela.pt\/api\/wp\/v2\/posts\/440353","targetHints":{"allow":["GET"]}}],"collection":[{"href":"https:\/\/portaltela.pt\/api\/wp\/v2\/posts"}],"about":[{"href":"https:\/\/portaltela.pt\/api\/wp\/v2\/types\/post"}],"author":[{"embeddable":true,"href":"https:\/\/portaltela.pt\/api\/wp\/v2\/users\/2"}],"replies":[{"embeddable":true,"href":"https:\/\/portaltela.pt\/api\/wp\/v2\/comments?post=440353"}],"version-history":[{"count":0,"href":"https:\/\/portaltela.pt\/api\/wp\/v2\/posts\/440353\/revisions"}],"wp:featuredmedia":[{"embeddable":true,"href":"https:\/\/portaltela.pt\/api\/wp\/v2\/media\/440357"}],"wp:attachment":[{"href":"https:\/\/portaltela.pt\/api\/wp\/v2\/media?parent=440353"}],"wp:term":[{"taxonomy":"category","embeddable":true,"href":"https:\/\/portaltela.pt\/api\/wp\/v2\/categories?post=440353"},{"taxonomy":"post_tag","embeddable":true,"href":"https:\/\/portaltela.pt\/api\/wp\/v2\/tags?post=440353"}],"curies":[{"name":"wp","href":"https:\/\/api.w.org\/{rel}","templated":true}]}}