{"id":440351,"date":"2026-04-11T06:46:37","date_gmt":"2026-04-11T09:46:37","guid":{"rendered":"https:\/\/portaltela.pt\/noticias\/2026\/04\/11\/turistas-queimam-cartuxos-na-serra-da-estrela-quatro-meses-apos-nevoes\/"},"modified":"2026-04-11T06:46:37","modified_gmt":"2026-04-11T09:46:37","slug":"turistas-queimam-cartuxos-na-serra-da-estrela-quatro-meses-apos-nevoes","status":"publish","type":"post","link":"https:\/\/portaltela.pt\/tempo\/2026\/04\/11\/turistas-queimam-cartuxos-na-serra-da-estrela-quatro-meses-apos-nevoes\/","title":{"rendered":"Turistas queimam cartuxos na Serra da Estrela, quatro meses ap\u00f3s nev\u00f5es"},"content":{"rendered":"<p>O que aconteceu: turistas queimaram os \u00faltimos cartuchos na neve da Serra da Estrela, quatro meses depois dos primeiros nev\u00f5es registados na regi\u00e3o. O incidente ocorreu numa zona de elevado turismo, onde os visitantes aproveitaram a queda de neve para atividades ao ar livre.<\/p>\n<p>Quem est\u00e1 envolvido: o grupo de turistas ainda n\u00e3o foi identificado pelas autoridades locais. N\u00e3o se sabe se houve danos ambientais ou legais decorrentes da a\u00e7\u00e3o, que est\u00e1 a ser investigada pelas autoridades competentes.<\/p>\n<p>Quando e onde: os acontecimentos ocorreram recentemente na Serra da Estrela, no interior de Portugal, um per\u00edodo que marca o recuo gradual da neve ap\u00f3s o auge do inverno. A \u00e1rea de altitude continua com nev\u00f5es limitados aos pontos mais elevados.<\/p>\n<p>Porqu\u00ea: as circunst\u00e2ncias exatas do ato est\u00e3o ainda a ser apuradas. As autoridades reiteram a necessidade de preservar as zonas de neve e evitar pr\u00e1ticas que possam comprometer o ecossistema ou colocar visitantes em risco.<\/p>\n<h3>Situa\u00e7\u00e3o na Serra da Estrela<\/h3>\n<p>O manto branco permanece restrito aos p\u00edncaros da serra, conforme registo de observa\u00e7\u00e3o local. A meteorologia indica que as condi\u00e7\u00f5es devem manter-se est\u00e1veis, com neve m\u00ednima em zonas baixas. A implementa\u00e7\u00e3o de normas de conduta continua a receber orienta\u00e7\u00e3o das autoridades locais.<\/p>\n","protected":false},"excerpt":{"rendered":"<ul>\n<li>Turistas queimaram os \u00faltimos cartuxos na neve da Serra da Estrela, quatro meses depois dos primeiros nev\u00f5es.<\/li>\n<li>O manto branco est\u00e1 limitado aos pontos mais altos da regi\u00e3o.<\/li>\n<li>O Instituto Portugu\u00eas do Mar e da Atmosfera (IPMA) colocou v\u00e1rios distritos do pa\u00eds sob aviso amarelo devido ao agravamento do estado do tempo.<\/li>\n<\/ul>\n","protected":false},"author":2,"featured_media":440352,"comment_status":"closed","ping_status":"closed","sticky":false,"template":"","format":"standard","meta":{"footnotes":""},"categories":[7380,7365],"tags":[7767,167,4880,1014,169],"class_list":["post-440351","post","type-post","status-publish","format-standard","has-post-thumbnail","hentry","category-clima","category-tempo","tag-_meio-ambiente","tag-ambiente","tag-conservacao-ambiental","tag-portugal","tag-turismo"],"yoast_head":"<!-- This site is optimized with the Yoast SEO plugin v27.2 - https:\/\/yoast.com\/product\/yoast-seo-wordpress\/ -->\n<title>Turistas queimam cartuxos na Serra da Estrela, quatro meses ap\u00f3s nev\u00f5es - Portal Tela Portugal<\/title>\n<meta name=\"robots\" content=\"index, follow, max-snippet:-1, max-image-preview:large, max-video-preview:-1\" \/>\n<meta property=\"og:locale\" content=\"pt_PT\" \/>\n<meta property=\"og:type\" content=\"article\" \/>\n<meta property=\"og:title\" content=\"Turistas queimam cartuxos na Serra da Estrela, quatro meses ap\u00f3s nev\u00f5es - Portal Tela Portugal\" \/>\n<meta property=\"og:description\" content=\"Turistas queimaram os \u00faltimos cartuxos na neve da Serra da Estrela, quatro meses depois dos primeiros nev\u00f5es. O manto branco est\u00e1 limitado aos pontos mais altos da regi\u00e3o. O Instituto Portugu\u00eas do Mar e da Atmosfera (IPMA) colocou v\u00e1rios distritos do pa\u00eds sob aviso amarelo devido ao agravamento do estado do tempo.\" \/>\n<meta property=\"og:url\" content=\"https:\/\/portaltela.pt\/noticias\/2026\/04\/11\/turistas-queimam-cartuxos-na-serra-da-estrela-quatro-meses-apos-nevoes\/\" \/>\n<meta property=\"og:site_name\" content=\"Portal Tela Portugal\" \/>\n<meta property=\"article:published_time\" content=\"2026-04-11T09:46:37+00:00\" \/>\n<meta name=\"author\" content=\"Telinha\" \/>\n<meta name=\"twitter:card\" content=\"summary_large_image\" \/>\n<meta name=\"twitter:label1\" content=\"Escrito por\" \/>\n\t<meta name=\"twitter:data1\" content=\"Telinha\" \/>\n\t<meta name=\"twitter:label2\" content=\"Tempo estimado de leitura\" \/>\n\t<meta name=\"twitter:data2\" content=\"1 minuto\" \/>\n<script type=\"application\/ld+json\" class=\"yoast-schema-graph\">{\"@context\":\"https:\/\/schema.org\",\"@graph\":[{\"@type\":\"Article\",\"@id\":\"https:\/\/portaltela.pt\/noticias\/2026\/04\/11\/turistas-queimam-cartuxos-na-serra-da-estrela-quatro-meses-apos-nevoes\/#article\",\"isPartOf\":{\"@id\":\"https:\/\/portaltela.pt\/noticias\/2026\/04\/11\/turistas-queimam-cartuxos-na-serra-da-estrela-quatro-meses-apos-nevoes\/\"},\"author\":{\"name\":\"Telinha\",\"@id\":\"https:\/\/portaltela.pt\/#\/schema\/person\/c4278d4a6028830caff9ee44b42d32ed\"},\"headline\":\"Turistas queimam cartuxos na Serra da Estrela, quatro meses ap\u00f3s nev\u00f5es\",\"datePublished\":\"2026-04-11T09:46:37+00:00\",\"mainEntityOfPage\":{\"@id\":\"https:\/\/portaltela.pt\/noticias\/2026\/04\/11\/turistas-queimam-cartuxos-na-serra-da-estrela-quatro-meses-apos-nevoes\/\"},\"wordCount\":233,\"image\":{\"@id\":\"https:\/\/portaltela.pt\/noticias\/2026\/04\/11\/turistas-queimam-cartuxos-na-serra-da-estrela-quatro-meses-apos-nevoes\/#primaryimage\"},\"thumbnailUrl\":\"https:\/\/portaltela.pt\/s.01k8rhncp4jt1\/2026\/04\/img_1280x722uu2026-04-11-10-41-58-2277900.jpg\",\"keywords\":[\"_meio-ambiente\",\"ambiente\",\"conserva\u00e7\u00e3o ambiental\",\"Portugal\",\"turismo\"],\"articleSection\":[\"Clima\",\"Tempo\"],\"inLanguage\":\"pt-PT\"},{\"@type\":\"WebPage\",\"@id\":\"https:\/\/portaltela.pt\/noticias\/2026\/04\/11\/turistas-queimam-cartuxos-na-serra-da-estrela-quatro-meses-apos-nevoes\/\",\"url\":\"https:\/\/portaltela.pt\/noticias\/2026\/04\/11\/turistas-queimam-cartuxos-na-serra-da-estrela-quatro-meses-apos-nevoes\/\",\"name\":\"Turistas queimam cartuxos na Serra da Estrela, quatro meses ap\u00f3s nev\u00f5es - Portal Tela Portugal\",\"isPartOf\":{\"@id\":\"https:\/\/portaltela.pt\/#website\"},\"primaryImageOfPage\":{\"@id\":\"https:\/\/portaltela.pt\/noticias\/2026\/04\/11\/turistas-queimam-cartuxos-na-serra-da-estrela-quatro-meses-apos-nevoes\/#primaryimage\"},\"image\":{\"@id\":\"https:\/\/portaltela.pt\/noticias\/2026\/04\/11\/turistas-queimam-cartuxos-na-serra-da-estrela-quatro-meses-apos-nevoes\/#primaryimage\"},\"thumbnailUrl\":\"https:\/\/portaltela.pt\/s.01k8rhncp4jt1\/2026\/04\/img_1280x722uu2026-04-11-10-41-58-2277900.jpg\",\"datePublished\":\"2026-04-11T09:46:37+00:00\",\"author\":{\"@id\":\"https:\/\/portaltela.pt\/#\/schema\/person\/c4278d4a6028830caff9ee44b42d32ed\"},\"breadcrumb\":{\"@id\":\"https:\/\/portaltela.pt\/noticias\/2026\/04\/11\/turistas-queimam-cartuxos-na-serra-da-estrela-quatro-meses-apos-nevoes\/#breadcrumb\"},\"inLanguage\":\"pt-PT\",\"potentialAction\":[{\"@type\":\"ReadAction\",\"target\":[\"https:\/\/portaltela.pt\/noticias\/2026\/04\/11\/turistas-queimam-cartuxos-na-serra-da-estrela-quatro-meses-apos-nevoes\/\"]}]},{\"@type\":\"ImageObject\",\"inLanguage\":\"pt-PT\",\"@id\":\"https:\/\/portaltela.pt\/noticias\/2026\/04\/11\/turistas-queimam-cartuxos-na-serra-da-estrela-quatro-meses-apos-nevoes\/#primaryimage\",\"url\":\"https:\/\/portaltela.pt\/s.01k8rhncp4jt1\/2026\/04\/img_1280x722uu2026-04-11-10-41-58-2277900.jpg\",\"contentUrl\":\"https:\/\/portaltela.pt\/s.01k8rhncp4jt1\/2026\/04\/img_1280x722uu2026-04-11-10-41-58-2277900.jpg\",\"width\":796,\"height\":448,\"caption\":\"Manto branco est\u00e1 limitado aos pontos mais altos.\"},{\"@type\":\"BreadcrumbList\",\"@id\":\"https:\/\/portaltela.pt\/noticias\/2026\/04\/11\/turistas-queimam-cartuxos-na-serra-da-estrela-quatro-meses-apos-nevoes\/#breadcrumb\",\"itemListElement\":[{\"@type\":\"ListItem\",\"position\":1,\"name\":\"In\u00edcio\",\"item\":\"https:\/\/portaltela.pt\/\"},{\"@type\":\"ListItem\",\"position\":2,\"name\":\"Turistas queimam cartuxos na Serra da Estrela, quatro meses ap\u00f3s nev\u00f5es\"}]},{\"@type\":\"WebSite\",\"@id\":\"https:\/\/portaltela.pt\/#website\",\"url\":\"https:\/\/portaltela.pt\/\",\"name\":\"Portal Tela Portugal\",\"description\":\"\",\"potentialAction\":[{\"@type\":\"SearchAction\",\"target\":{\"@type\":\"EntryPoint\",\"urlTemplate\":\"https:\/\/portaltela.pt\/?s={search_term_string}\"},\"query-input\":{\"@type\":\"PropertyValueSpecification\",\"valueRequired\":true,\"valueName\":\"search_term_string\"}}],\"inLanguage\":\"pt-PT\"},{\"@type\":\"Person\",\"@id\":\"https:\/\/portaltela.pt\/#\/schema\/person\/c4278d4a6028830caff9ee44b42d32ed\",\"name\":\"Telinha\",\"image\":{\"@type\":\"ImageObject\",\"inLanguage\":\"pt-PT\",\"@id\":\"https:\/\/portaltela.pt\/s.01k8rhncp4jt1\/2025\/11\/talking-bot-125x125.png\",\"url\":\"https:\/\/portaltela.pt\/s.01k8rhncp4jt1\/2025\/11\/talking-bot-125x125.png\",\"contentUrl\":\"https:\/\/portaltela.pt\/s.01k8rhncp4jt1\/2025\/11\/talking-bot-125x125.png\",\"caption\":\"Telinha\"},\"sameAs\":[\"https:\/\/portaltela.pt\/\"],\"url\":\"https:\/\/portaltela.pt\/por\/367410592786\/\"}]}<\/script>\n<!-- \/ Yoast SEO plugin. -->","yoast_head_json":{"title":"Turistas queimam cartuxos na Serra da Estrela, quatro meses ap\u00f3s nev\u00f5es - Portal Tela Portugal","robots":{"index":"index","follow":"follow","max-snippet":"max-snippet:-1","max-image-preview":"max-image-preview:large","max-video-preview":"max-video-preview:-1"},"og_locale":"pt_PT","og_type":"article","og_title":"Turistas queimam cartuxos na Serra da Estrela, quatro meses ap\u00f3s nev\u00f5es - Portal Tela Portugal","og_description":"Turistas queimaram os \u00faltimos cartuxos na neve da Serra da Estrela, quatro meses depois dos primeiros nev\u00f5es. O manto branco est\u00e1 limitado aos pontos mais altos da regi\u00e3o. O Instituto Portugu\u00eas do Mar e da Atmosfera (IPMA) colocou v\u00e1rios distritos do pa\u00eds sob aviso amarelo devido ao agravamento do estado do tempo.","og_url":"https:\/\/portaltela.pt\/noticias\/2026\/04\/11\/turistas-queimam-cartuxos-na-serra-da-estrela-quatro-meses-apos-nevoes\/","og_site_name":"Portal Tela Portugal","article_published_time":"2026-04-11T09:46:37+00:00","author":"Telinha","twitter_card":"summary_large_image","twitter_misc":{"Escrito por":"Telinha","Tempo estimado de leitura":"1 minuto"},"schema":{"@context":"https:\/\/schema.org","@graph":[{"@type":"Article","@id":"https:\/\/portaltela.pt\/noticias\/2026\/04\/11\/turistas-queimam-cartuxos-na-serra-da-estrela-quatro-meses-apos-nevoes\/#article","isPartOf":{"@id":"https:\/\/portaltela.pt\/noticias\/2026\/04\/11\/turistas-queimam-cartuxos-na-serra-da-estrela-quatro-meses-apos-nevoes\/"},"author":{"name":"Telinha","@id":"https:\/\/portaltela.pt\/#\/schema\/person\/c4278d4a6028830caff9ee44b42d32ed"},"headline":"Turistas queimam cartuxos na Serra da Estrela, quatro meses ap\u00f3s nev\u00f5es","datePublished":"2026-04-11T09:46:37+00:00","mainEntityOfPage":{"@id":"https:\/\/portaltela.pt\/noticias\/2026\/04\/11\/turistas-queimam-cartuxos-na-serra-da-estrela-quatro-meses-apos-nevoes\/"},"wordCount":233,"image":{"@id":"https:\/\/portaltela.pt\/noticias\/2026\/04\/11\/turistas-queimam-cartuxos-na-serra-da-estrela-quatro-meses-apos-nevoes\/#primaryimage"},"thumbnailUrl":"https:\/\/portaltela.pt\/s.01k8rhncp4jt1\/2026\/04\/img_1280x722uu2026-04-11-10-41-58-2277900.jpg","keywords":["_meio-ambiente","ambiente","conserva\u00e7\u00e3o ambiental","Portugal","turismo"],"articleSection":["Clima","Tempo"],"inLanguage":"pt-PT"},{"@type":"WebPage","@id":"https:\/\/portaltela.pt\/noticias\/2026\/04\/11\/turistas-queimam-cartuxos-na-serra-da-estrela-quatro-meses-apos-nevoes\/","url":"https:\/\/portaltela.pt\/noticias\/2026\/04\/11\/turistas-queimam-cartuxos-na-serra-da-estrela-quatro-meses-apos-nevoes\/","name":"Turistas queimam cartuxos na Serra da Estrela, quatro meses ap\u00f3s nev\u00f5es - Portal Tela Portugal","isPartOf":{"@id":"https:\/\/portaltela.pt\/#website"},"primaryImageOfPage":{"@id":"https:\/\/portaltela.pt\/noticias\/2026\/04\/11\/turistas-queimam-cartuxos-na-serra-da-estrela-quatro-meses-apos-nevoes\/#primaryimage"},"image":{"@id":"https:\/\/portaltela.pt\/noticias\/2026\/04\/11\/turistas-queimam-cartuxos-na-serra-da-estrela-quatro-meses-apos-nevoes\/#primaryimage"},"thumbnailUrl":"https:\/\/portaltela.pt\/s.01k8rhncp4jt1\/2026\/04\/img_1280x722uu2026-04-11-10-41-58-2277900.jpg","datePublished":"2026-04-11T09:46:37+00:00","author":{"@id":"https:\/\/portaltela.pt\/#\/schema\/person\/c4278d4a6028830caff9ee44b42d32ed"},"breadcrumb":{"@id":"https:\/\/portaltela.pt\/noticias\/2026\/04\/11\/turistas-queimam-cartuxos-na-serra-da-estrela-quatro-meses-apos-nevoes\/#breadcrumb"},"inLanguage":"pt-PT","potentialAction":[{"@type":"ReadAction","target":["https:\/\/portaltela.pt\/noticias\/2026\/04\/11\/turistas-queimam-cartuxos-na-serra-da-estrela-quatro-meses-apos-nevoes\/"]}]},{"@type":"ImageObject","inLanguage":"pt-PT","@id":"https:\/\/portaltela.pt\/noticias\/2026\/04\/11\/turistas-queimam-cartuxos-na-serra-da-estrela-quatro-meses-apos-nevoes\/#primaryimage","url":"https:\/\/portaltela.pt\/s.01k8rhncp4jt1\/2026\/04\/img_1280x722uu2026-04-11-10-41-58-2277900.jpg","contentUrl":"https:\/\/portaltela.pt\/s.01k8rhncp4jt1\/2026\/04\/img_1280x722uu2026-04-11-10-41-58-2277900.jpg","width":796,"height":448,"caption":"Manto branco est\u00e1 limitado aos pontos mais altos."},{"@type":"BreadcrumbList","@id":"https:\/\/portaltela.pt\/noticias\/2026\/04\/11\/turistas-queimam-cartuxos-na-serra-da-estrela-quatro-meses-apos-nevoes\/#breadcrumb","itemListElement":[{"@type":"ListItem","position":1,"name":"In\u00edcio","item":"https:\/\/portaltela.pt\/"},{"@type":"ListItem","position":2,"name":"Turistas queimam cartuxos na Serra da Estrela, quatro meses ap\u00f3s nev\u00f5es"}]},{"@type":"WebSite","@id":"https:\/\/portaltela.pt\/#website","url":"https:\/\/portaltela.pt\/","name":"Portal Tela Portugal","description":"","potentialAction":[{"@type":"SearchAction","target":{"@type":"EntryPoint","urlTemplate":"https:\/\/portaltela.pt\/?s={search_term_string}"},"query-input":{"@type":"PropertyValueSpecification","valueRequired":true,"valueName":"search_term_string"}}],"inLanguage":"pt-PT"},{"@type":"Person","@id":"https:\/\/portaltela.pt\/#\/schema\/person\/c4278d4a6028830caff9ee44b42d32ed","name":"Telinha","image":{"@type":"ImageObject","inLanguage":"pt-PT","@id":"https:\/\/portaltela.pt\/s.01k8rhncp4jt1\/2025\/11\/talking-bot-125x125.png","url":"https:\/\/portaltela.pt\/s.01k8rhncp4jt1\/2025\/11\/talking-bot-125x125.png","contentUrl":"https:\/\/portaltela.pt\/s.01k8rhncp4jt1\/2025\/11\/talking-bot-125x125.png","caption":"Telinha"},"sameAs":["https:\/\/portaltela.pt\/"],"url":"https:\/\/portaltela.pt\/por\/367410592786\/"}]}},"_links":{"self":[{"href":"https:\/\/portaltela.pt\/api\/wp\/v2\/posts\/440351","targetHints":{"allow":["GET"]}}],"collection":[{"href":"https:\/\/portaltela.pt\/api\/wp\/v2\/posts"}],"about":[{"href":"https:\/\/portaltela.pt\/api\/wp\/v2\/types\/post"}],"author":[{"embeddable":true,"href":"https:\/\/portaltela.pt\/api\/wp\/v2\/users\/2"}],"replies":[{"embeddable":true,"href":"https:\/\/portaltela.pt\/api\/wp\/v2\/comments?post=440351"}],"version-history":[{"count":0,"href":"https:\/\/portaltela.pt\/api\/wp\/v2\/posts\/440351\/revisions"}],"wp:featuredmedia":[{"embeddable":true,"href":"https:\/\/portaltela.pt\/api\/wp\/v2\/media\/440352"}],"wp:attachment":[{"href":"https:\/\/portaltela.pt\/api\/wp\/v2\/media?parent=440351"}],"wp:term":[{"taxonomy":"category","embeddable":true,"href":"https:\/\/portaltela.pt\/api\/wp\/v2\/categories?post=440351"},{"taxonomy":"post_tag","embeddable":true,"href":"https:\/\/portaltela.pt\/api\/wp\/v2\/tags?post=440351"}],"curies":[{"name":"wp","href":"https:\/\/api.w.org\/{rel}","templated":true}]}}