{"id":440347,"date":"2026-04-11T06:32:08","date_gmt":"2026-04-11T09:32:08","guid":{"rendered":"https:\/\/portaltela.pt\/noticias\/2026\/04\/11\/psp-nega-situacao-perigosa-no-braga-betis-e-culpa-pirotecnia-pelos-atrasos\/"},"modified":"2026-04-11T06:32:08","modified_gmt":"2026-04-11T09:32:08","slug":"psp-nega-situacao-perigosa-no-braga-betis-e-culpa-pirotecnia-pelos-atrasos","status":"publish","type":"post","link":"https:\/\/portaltela.pt\/desporto\/futebol\/2026\/04\/11\/psp-nega-situacao-perigosa-no-braga-betis-e-culpa-pirotecnia-pelos-atrasos\/","title":{"rendered":"PSP nega situa\u00e7\u00e3o perigosa no Braga-Betis e culpa pirotecnia pelos atrasos"},"content":{"rendered":"<p>A PSP rejeitou este s\u00e1bado a acusa\u00e7\u00e3o do Betis sobre uma alegada situa\u00e7\u00e3o perigosa no encontro da Liga Europa frente ao Sp. Braga. A pol\u00edcia explicou que os atrasos nas revistas se devem \u00e0 dete\u00e7\u00e3o de pirotecnia.<\/p>\n<p>A opera\u00e7\u00e3o de seguran\u00e7a, de risco elevado, contou com refor\u00e7o antes, durante e ap\u00f3s o jogo da quarta-feira, da primeira m\u00e3o dos quartos de final. O dispositivo decorreu sem incidentes cr\u00edticos, assegura a PSP.<\/p>\n<h3>Pirotecnia e revistas<\/h3>\n<p>Entre o ponto de encontro dos adeptos do Betis e a entrada no Est\u00e1dio Municipal de Braga foram lan\u00e7ados artefactos pirot\u00e9cnicos, o que levou a reavalia\u00e7\u00f5es de seguran\u00e7a e a duas observa\u00e7\u00f5es adicionais.<\/p>\n<p>Quatro autos de contraordena\u00e7\u00e3o por posse de material explosivo foram levantados, houve uma deten\u00e7\u00e3o e dois adeptos foram expulsos. Os \u00faltimos adeptos entraram \u00e0s 18h05, sem incidentes registados, assegura a PSP.<\/p>\n<h3>Rea\u00e7\u00f5es e detalhes operacionais<\/h3>\n<p>O Betis apresentou \u00e0 UEFA uma queixa formal sobre a situa\u00e7\u00e3o, alegando um ambiente perigoso nas entradas. A PSP explica que h\u00e1 uma entrada exclusiva para visitantes e parque para 30 autocarros, com uma escadaria de acesso longa, mas sem dist\u00farbios de ordem p\u00fablica.<\/p>\n<p>O dispositivo contou com dois spotters do Corpo Nacional de Pol\u00edcia espanhol e o comandante de policiamento manteve contacto com o delegado de seguran\u00e7a da UEFA antes e ap\u00f3s o jogo. A PSP afirma n\u00e3o ter recebido indica\u00e7\u00f5es de pr\u00e1tica policial inadequada por parte da UEFA.<\/p>\n","protected":false},"excerpt":{"rendered":"<ul>\n<li>A PSP rejeita a alega\u00e7\u00e3o de \u201csitua\u00e7\u00e3o perigosa\u201d no Braga-Betis e atribui atrasos \u00e0s revistas por dete\u00e7\u00e3o de pirotecnia.<\/li>\n<li>A opera\u00e7\u00e3o de seguran\u00e7a, considerada de alto risco, contou com refor\u00e7o de policiamento em Braga antes, durante e ap\u00f3s o jogo, que decorreu sem incidentes cr\u00edticos.<\/li>\n<li>Entre o ponto de encontro dos adeptos do Betis e a entrada no Est\u00e1dio Municipal de Braga foram deflagrados v\u00e1rios artefactos pirot\u00e9cnicos, levando a dois refor\u00e7os das revistas sob responsabilidade do clube anfitri\u00e3o, sob supervis\u00e3o policial.<\/li>\n<li>A PSP explica que a demora \u00e0 entrada se deveu a suspeita fundamentada de que adeptos espanh\u00f3is transportavam pirotecnia; foram lavrados quatro autos de contraordena\u00e7\u00e3o, houve deten\u00e7\u00e3o de um indiv\u00edduo e expuls\u00f5es de dois adeptos.<\/li>\n<li>Os \u00faltimos adeptos entraram \u00e0s 18H05, sem incidentes; o Betis informou ter apresentado queixa \u00e0 UEFA por alegada \u201csitua\u00e7\u00e3o perigosa\u201d, enquanto a PSP descreve entradas segregadas para visitantes e sem altera\u00e7\u00f5es de ordem p\u00fablica.<\/li>\n<\/ul>\n","protected":false},"author":2,"featured_media":440349,"comment_status":"closed","ping_status":"closed","sticky":false,"template":"","format":"standard","meta":{"footnotes":""},"categories":[21,24],"tags":[7755,7878,1207,1959,3338,1786],"class_list":["post-440347","post","type-post","status-publish","format-standard","has-post-thumbnail","hentry","category-desporto","category-futebol","tag-_futebol","tag-_seguranca-publica","tag-braga","tag-fogo-de-artificio","tag-futebol-internacional","tag-liga"],"yoast_head":"<!-- This site is optimized with the Yoast SEO plugin v27.2 - https:\/\/yoast.com\/product\/yoast-seo-wordpress\/ -->\n<title>PSP nega situa\u00e7\u00e3o perigosa no Braga-Betis e culpa pirotecnia pelos atrasos - Portal Tela Portugal<\/title>\n<meta name=\"robots\" content=\"index, follow, max-snippet:-1, max-image-preview:large, max-video-preview:-1\" \/>\n<meta property=\"og:locale\" content=\"pt_PT\" \/>\n<meta property=\"og:type\" content=\"article\" \/>\n<meta property=\"og:title\" content=\"PSP nega situa\u00e7\u00e3o perigosa no Braga-Betis e culpa pirotecnia pelos atrasos - Portal Tela Portugal\" \/>\n<meta property=\"og:description\" content=\"A PSP rejeita a alega\u00e7\u00e3o de \u201csitua\u00e7\u00e3o perigosa\u201d no Braga-Betis e atribui atrasos \u00e0s revistas por dete\u00e7\u00e3o de pirotecnia. A opera\u00e7\u00e3o de seguran\u00e7a, considerada de alto risco, contou com refor\u00e7o de policiamento em Braga antes, durante e ap\u00f3s o jogo, que decorreu sem incidentes cr\u00edticos. Entre o ponto de encontro dos adeptos do Betis e a entrada no Est\u00e1dio Municipal de Braga foram deflagrados v\u00e1rios artefactos pirot\u00e9cnicos, levando a dois refor\u00e7os das revistas sob responsabilidade do clube anfitri\u00e3o, sob supervis\u00e3o policial. A PSP explica que a demora \u00e0 entrada se deveu a suspeita fundamentada de que adeptos espanh\u00f3is transportavam pirotecnia; foram lavrados quatro autos de contraordena\u00e7\u00e3o, houve deten\u00e7\u00e3o de um indiv\u00edduo e expuls\u00f5es de dois adeptos. Os \u00faltimos adeptos entraram \u00e0s 18H05, sem incidentes; o Betis informou ter apresentado queixa \u00e0 UEFA por alegada \u201csitua\u00e7\u00e3o perigosa\u201d, enquanto a PSP descreve entradas segregadas para visitantes e sem altera\u00e7\u00f5es de ordem p\u00fablica.\" \/>\n<meta property=\"og:url\" content=\"https:\/\/portaltela.pt\/noticias\/2026\/04\/11\/psp-nega-situacao-perigosa-no-braga-betis-e-culpa-pirotecnia-pelos-atrasos\/\" \/>\n<meta property=\"og:site_name\" content=\"Portal Tela Portugal\" \/>\n<meta property=\"article:published_time\" content=\"2026-04-11T09:32:08+00:00\" \/>\n<meta name=\"author\" content=\"Telinha\" \/>\n<meta name=\"twitter:card\" content=\"summary_large_image\" \/>\n<meta name=\"twitter:label1\" content=\"Escrito por\" \/>\n\t<meta name=\"twitter:data1\" content=\"Telinha\" \/>\n\t<meta name=\"twitter:label2\" content=\"Tempo estimado de leitura\" \/>\n\t<meta name=\"twitter:data2\" content=\"1 minuto\" \/>\n<script type=\"application\/ld+json\" class=\"yoast-schema-graph\">{\"@context\":\"https:\/\/schema.org\",\"@graph\":[{\"@type\":\"Article\",\"@id\":\"https:\/\/portaltela.pt\/noticias\/2026\/04\/11\/psp-nega-situacao-perigosa-no-braga-betis-e-culpa-pirotecnia-pelos-atrasos\/#article\",\"isPartOf\":{\"@id\":\"https:\/\/portaltela.pt\/noticias\/2026\/04\/11\/psp-nega-situacao-perigosa-no-braga-betis-e-culpa-pirotecnia-pelos-atrasos\/\"},\"author\":{\"name\":\"Telinha\",\"@id\":\"https:\/\/portaltela.pt\/#\/schema\/person\/c4278d4a6028830caff9ee44b42d32ed\"},\"headline\":\"PSP nega situa\u00e7\u00e3o perigosa no Braga-Betis e culpa pirotecnia pelos atrasos\",\"datePublished\":\"2026-04-11T09:32:08+00:00\",\"mainEntityOfPage\":{\"@id\":\"https:\/\/portaltela.pt\/noticias\/2026\/04\/11\/psp-nega-situacao-perigosa-no-braga-betis-e-culpa-pirotecnia-pelos-atrasos\/\"},\"wordCount\":270,\"image\":{\"@id\":\"https:\/\/portaltela.pt\/noticias\/2026\/04\/11\/psp-nega-situacao-perigosa-no-braga-betis-e-culpa-pirotecnia-pelos-atrasos\/#primaryimage\"},\"thumbnailUrl\":\"https:\/\/portaltela.pt\/s.01k8rhncp4jt1\/2026\/04\/img_1200x721uu2026-04-09-17-06-51-2432015.jpg\",\"keywords\":[\"_futebol\",\"_seguran\u00e7a p\u00fablica\",\"Braga\",\"fogo de artif\u00edcio\",\"futebol internacional\",\"Liga\"],\"articleSection\":[\"Desporto\",\"Futebol\"],\"inLanguage\":\"pt-PT\"},{\"@type\":\"WebPage\",\"@id\":\"https:\/\/portaltela.pt\/noticias\/2026\/04\/11\/psp-nega-situacao-perigosa-no-braga-betis-e-culpa-pirotecnia-pelos-atrasos\/\",\"url\":\"https:\/\/portaltela.pt\/noticias\/2026\/04\/11\/psp-nega-situacao-perigosa-no-braga-betis-e-culpa-pirotecnia-pelos-atrasos\/\",\"name\":\"PSP nega situa\u00e7\u00e3o perigosa no Braga-Betis e culpa pirotecnia pelos atrasos - Portal Tela Portugal\",\"isPartOf\":{\"@id\":\"https:\/\/portaltela.pt\/#website\"},\"primaryImageOfPage\":{\"@id\":\"https:\/\/portaltela.pt\/noticias\/2026\/04\/11\/psp-nega-situacao-perigosa-no-braga-betis-e-culpa-pirotecnia-pelos-atrasos\/#primaryimage\"},\"image\":{\"@id\":\"https:\/\/portaltela.pt\/noticias\/2026\/04\/11\/psp-nega-situacao-perigosa-no-braga-betis-e-culpa-pirotecnia-pelos-atrasos\/#primaryimage\"},\"thumbnailUrl\":\"https:\/\/portaltela.pt\/s.01k8rhncp4jt1\/2026\/04\/img_1200x721uu2026-04-09-17-06-51-2432015.jpg\",\"datePublished\":\"2026-04-11T09:32:08+00:00\",\"author\":{\"@id\":\"https:\/\/portaltela.pt\/#\/schema\/person\/c4278d4a6028830caff9ee44b42d32ed\"},\"breadcrumb\":{\"@id\":\"https:\/\/portaltela.pt\/noticias\/2026\/04\/11\/psp-nega-situacao-perigosa-no-braga-betis-e-culpa-pirotecnia-pelos-atrasos\/#breadcrumb\"},\"inLanguage\":\"pt-PT\",\"potentialAction\":[{\"@type\":\"ReadAction\",\"target\":[\"https:\/\/portaltela.pt\/noticias\/2026\/04\/11\/psp-nega-situacao-perigosa-no-braga-betis-e-culpa-pirotecnia-pelos-atrasos\/\"]}]},{\"@type\":\"ImageObject\",\"inLanguage\":\"pt-PT\",\"@id\":\"https:\/\/portaltela.pt\/noticias\/2026\/04\/11\/psp-nega-situacao-perigosa-no-braga-betis-e-culpa-pirotecnia-pelos-atrasos\/#primaryimage\",\"url\":\"https:\/\/portaltela.pt\/s.01k8rhncp4jt1\/2026\/04\/img_1200x721uu2026-04-09-17-06-51-2432015.jpg\",\"contentUrl\":\"https:\/\/portaltela.pt\/s.01k8rhncp4jt1\/2026\/04\/img_1200x721uu2026-04-09-17-06-51-2432015.jpg\",\"width\":796,\"height\":448,\"caption\":\"Jogo em Braga sob investiga\u00e7\u00e3o ap\u00f3s queixas do Betis\"},{\"@type\":\"BreadcrumbList\",\"@id\":\"https:\/\/portaltela.pt\/noticias\/2026\/04\/11\/psp-nega-situacao-perigosa-no-braga-betis-e-culpa-pirotecnia-pelos-atrasos\/#breadcrumb\",\"itemListElement\":[{\"@type\":\"ListItem\",\"position\":1,\"name\":\"In\u00edcio\",\"item\":\"https:\/\/portaltela.pt\/\"},{\"@type\":\"ListItem\",\"position\":2,\"name\":\"PSP nega situa\u00e7\u00e3o perigosa no Braga-Betis e culpa pirotecnia pelos atrasos\"}]},{\"@type\":\"WebSite\",\"@id\":\"https:\/\/portaltela.pt\/#website\",\"url\":\"https:\/\/portaltela.pt\/\",\"name\":\"Portal Tela Portugal\",\"description\":\"\",\"potentialAction\":[{\"@type\":\"SearchAction\",\"target\":{\"@type\":\"EntryPoint\",\"urlTemplate\":\"https:\/\/portaltela.pt\/?s={search_term_string}\"},\"query-input\":{\"@type\":\"PropertyValueSpecification\",\"valueRequired\":true,\"valueName\":\"search_term_string\"}}],\"inLanguage\":\"pt-PT\"},{\"@type\":\"Person\",\"@id\":\"https:\/\/portaltela.pt\/#\/schema\/person\/c4278d4a6028830caff9ee44b42d32ed\",\"name\":\"Telinha\",\"image\":{\"@type\":\"ImageObject\",\"inLanguage\":\"pt-PT\",\"@id\":\"https:\/\/portaltela.pt\/s.01k8rhncp4jt1\/2025\/11\/talking-bot-125x125.png\",\"url\":\"https:\/\/portaltela.pt\/s.01k8rhncp4jt1\/2025\/11\/talking-bot-125x125.png\",\"contentUrl\":\"https:\/\/portaltela.pt\/s.01k8rhncp4jt1\/2025\/11\/talking-bot-125x125.png\",\"caption\":\"Telinha\"},\"sameAs\":[\"https:\/\/portaltela.pt\/\"],\"url\":\"https:\/\/portaltela.pt\/por\/367410592786\/\"}]}<\/script>\n<!-- \/ Yoast SEO plugin. -->","yoast_head_json":{"title":"PSP nega situa\u00e7\u00e3o perigosa no Braga-Betis e culpa pirotecnia pelos atrasos - Portal Tela Portugal","robots":{"index":"index","follow":"follow","max-snippet":"max-snippet:-1","max-image-preview":"max-image-preview:large","max-video-preview":"max-video-preview:-1"},"og_locale":"pt_PT","og_type":"article","og_title":"PSP nega situa\u00e7\u00e3o perigosa no Braga-Betis e culpa pirotecnia pelos atrasos - Portal Tela Portugal","og_description":"A PSP rejeita a alega\u00e7\u00e3o de \u201csitua\u00e7\u00e3o perigosa\u201d no Braga-Betis e atribui atrasos \u00e0s revistas por dete\u00e7\u00e3o de pirotecnia. A opera\u00e7\u00e3o de seguran\u00e7a, considerada de alto risco, contou com refor\u00e7o de policiamento em Braga antes, durante e ap\u00f3s o jogo, que decorreu sem incidentes cr\u00edticos. Entre o ponto de encontro dos adeptos do Betis e a entrada no Est\u00e1dio Municipal de Braga foram deflagrados v\u00e1rios artefactos pirot\u00e9cnicos, levando a dois refor\u00e7os das revistas sob responsabilidade do clube anfitri\u00e3o, sob supervis\u00e3o policial. A PSP explica que a demora \u00e0 entrada se deveu a suspeita fundamentada de que adeptos espanh\u00f3is transportavam pirotecnia; foram lavrados quatro autos de contraordena\u00e7\u00e3o, houve deten\u00e7\u00e3o de um indiv\u00edduo e expuls\u00f5es de dois adeptos. Os \u00faltimos adeptos entraram \u00e0s 18H05, sem incidentes; o Betis informou ter apresentado queixa \u00e0 UEFA por alegada \u201csitua\u00e7\u00e3o perigosa\u201d, enquanto a PSP descreve entradas segregadas para visitantes e sem altera\u00e7\u00f5es de ordem p\u00fablica.","og_url":"https:\/\/portaltela.pt\/noticias\/2026\/04\/11\/psp-nega-situacao-perigosa-no-braga-betis-e-culpa-pirotecnia-pelos-atrasos\/","og_site_name":"Portal Tela Portugal","article_published_time":"2026-04-11T09:32:08+00:00","author":"Telinha","twitter_card":"summary_large_image","twitter_misc":{"Escrito por":"Telinha","Tempo estimado de leitura":"1 minuto"},"schema":{"@context":"https:\/\/schema.org","@graph":[{"@type":"Article","@id":"https:\/\/portaltela.pt\/noticias\/2026\/04\/11\/psp-nega-situacao-perigosa-no-braga-betis-e-culpa-pirotecnia-pelos-atrasos\/#article","isPartOf":{"@id":"https:\/\/portaltela.pt\/noticias\/2026\/04\/11\/psp-nega-situacao-perigosa-no-braga-betis-e-culpa-pirotecnia-pelos-atrasos\/"},"author":{"name":"Telinha","@id":"https:\/\/portaltela.pt\/#\/schema\/person\/c4278d4a6028830caff9ee44b42d32ed"},"headline":"PSP nega situa\u00e7\u00e3o perigosa no Braga-Betis e culpa pirotecnia pelos atrasos","datePublished":"2026-04-11T09:32:08+00:00","mainEntityOfPage":{"@id":"https:\/\/portaltela.pt\/noticias\/2026\/04\/11\/psp-nega-situacao-perigosa-no-braga-betis-e-culpa-pirotecnia-pelos-atrasos\/"},"wordCount":270,"image":{"@id":"https:\/\/portaltela.pt\/noticias\/2026\/04\/11\/psp-nega-situacao-perigosa-no-braga-betis-e-culpa-pirotecnia-pelos-atrasos\/#primaryimage"},"thumbnailUrl":"https:\/\/portaltela.pt\/s.01k8rhncp4jt1\/2026\/04\/img_1200x721uu2026-04-09-17-06-51-2432015.jpg","keywords":["_futebol","_seguran\u00e7a p\u00fablica","Braga","fogo de artif\u00edcio","futebol internacional","Liga"],"articleSection":["Desporto","Futebol"],"inLanguage":"pt-PT"},{"@type":"WebPage","@id":"https:\/\/portaltela.pt\/noticias\/2026\/04\/11\/psp-nega-situacao-perigosa-no-braga-betis-e-culpa-pirotecnia-pelos-atrasos\/","url":"https:\/\/portaltela.pt\/noticias\/2026\/04\/11\/psp-nega-situacao-perigosa-no-braga-betis-e-culpa-pirotecnia-pelos-atrasos\/","name":"PSP nega situa\u00e7\u00e3o perigosa no Braga-Betis e culpa pirotecnia pelos atrasos - Portal Tela Portugal","isPartOf":{"@id":"https:\/\/portaltela.pt\/#website"},"primaryImageOfPage":{"@id":"https:\/\/portaltela.pt\/noticias\/2026\/04\/11\/psp-nega-situacao-perigosa-no-braga-betis-e-culpa-pirotecnia-pelos-atrasos\/#primaryimage"},"image":{"@id":"https:\/\/portaltela.pt\/noticias\/2026\/04\/11\/psp-nega-situacao-perigosa-no-braga-betis-e-culpa-pirotecnia-pelos-atrasos\/#primaryimage"},"thumbnailUrl":"https:\/\/portaltela.pt\/s.01k8rhncp4jt1\/2026\/04\/img_1200x721uu2026-04-09-17-06-51-2432015.jpg","datePublished":"2026-04-11T09:32:08+00:00","author":{"@id":"https:\/\/portaltela.pt\/#\/schema\/person\/c4278d4a6028830caff9ee44b42d32ed"},"breadcrumb":{"@id":"https:\/\/portaltela.pt\/noticias\/2026\/04\/11\/psp-nega-situacao-perigosa-no-braga-betis-e-culpa-pirotecnia-pelos-atrasos\/#breadcrumb"},"inLanguage":"pt-PT","potentialAction":[{"@type":"ReadAction","target":["https:\/\/portaltela.pt\/noticias\/2026\/04\/11\/psp-nega-situacao-perigosa-no-braga-betis-e-culpa-pirotecnia-pelos-atrasos\/"]}]},{"@type":"ImageObject","inLanguage":"pt-PT","@id":"https:\/\/portaltela.pt\/noticias\/2026\/04\/11\/psp-nega-situacao-perigosa-no-braga-betis-e-culpa-pirotecnia-pelos-atrasos\/#primaryimage","url":"https:\/\/portaltela.pt\/s.01k8rhncp4jt1\/2026\/04\/img_1200x721uu2026-04-09-17-06-51-2432015.jpg","contentUrl":"https:\/\/portaltela.pt\/s.01k8rhncp4jt1\/2026\/04\/img_1200x721uu2026-04-09-17-06-51-2432015.jpg","width":796,"height":448,"caption":"Jogo em Braga sob investiga\u00e7\u00e3o ap\u00f3s queixas do Betis"},{"@type":"BreadcrumbList","@id":"https:\/\/portaltela.pt\/noticias\/2026\/04\/11\/psp-nega-situacao-perigosa-no-braga-betis-e-culpa-pirotecnia-pelos-atrasos\/#breadcrumb","itemListElement":[{"@type":"ListItem","position":1,"name":"In\u00edcio","item":"https:\/\/portaltela.pt\/"},{"@type":"ListItem","position":2,"name":"PSP nega situa\u00e7\u00e3o perigosa no Braga-Betis e culpa pirotecnia pelos atrasos"}]},{"@type":"WebSite","@id":"https:\/\/portaltela.pt\/#website","url":"https:\/\/portaltela.pt\/","name":"Portal Tela Portugal","description":"","potentialAction":[{"@type":"SearchAction","target":{"@type":"EntryPoint","urlTemplate":"https:\/\/portaltela.pt\/?s={search_term_string}"},"query-input":{"@type":"PropertyValueSpecification","valueRequired":true,"valueName":"search_term_string"}}],"inLanguage":"pt-PT"},{"@type":"Person","@id":"https:\/\/portaltela.pt\/#\/schema\/person\/c4278d4a6028830caff9ee44b42d32ed","name":"Telinha","image":{"@type":"ImageObject","inLanguage":"pt-PT","@id":"https:\/\/portaltela.pt\/s.01k8rhncp4jt1\/2025\/11\/talking-bot-125x125.png","url":"https:\/\/portaltela.pt\/s.01k8rhncp4jt1\/2025\/11\/talking-bot-125x125.png","contentUrl":"https:\/\/portaltela.pt\/s.01k8rhncp4jt1\/2025\/11\/talking-bot-125x125.png","caption":"Telinha"},"sameAs":["https:\/\/portaltela.pt\/"],"url":"https:\/\/portaltela.pt\/por\/367410592786\/"}]}},"_links":{"self":[{"href":"https:\/\/portaltela.pt\/api\/wp\/v2\/posts\/440347","targetHints":{"allow":["GET"]}}],"collection":[{"href":"https:\/\/portaltela.pt\/api\/wp\/v2\/posts"}],"about":[{"href":"https:\/\/portaltela.pt\/api\/wp\/v2\/types\/post"}],"author":[{"embeddable":true,"href":"https:\/\/portaltela.pt\/api\/wp\/v2\/users\/2"}],"replies":[{"embeddable":true,"href":"https:\/\/portaltela.pt\/api\/wp\/v2\/comments?post=440347"}],"version-history":[{"count":0,"href":"https:\/\/portaltela.pt\/api\/wp\/v2\/posts\/440347\/revisions"}],"wp:featuredmedia":[{"embeddable":true,"href":"https:\/\/portaltela.pt\/api\/wp\/v2\/media\/440349"}],"wp:attachment":[{"href":"https:\/\/portaltela.pt\/api\/wp\/v2\/media?parent=440347"}],"wp:term":[{"taxonomy":"category","embeddable":true,"href":"https:\/\/portaltela.pt\/api\/wp\/v2\/categories?post=440347"},{"taxonomy":"post_tag","embeddable":true,"href":"https:\/\/portaltela.pt\/api\/wp\/v2\/tags?post=440347"}],"curies":[{"name":"wp","href":"https:\/\/api.w.org\/{rel}","templated":true}]}}