{"id":440342,"date":"2026-04-11T06:32:04","date_gmt":"2026-04-11T09:32:04","guid":{"rendered":"https:\/\/portaltela.pt\/noticias\/2026\/04\/11\/falta-de-fundos-ameaca-tratamento-de-jovem-com-doenca-rara-em-barcelos\/"},"modified":"2026-04-11T06:32:04","modified_gmt":"2026-04-11T09:32:04","slug":"falta-de-fundos-ameaca-tratamento-de-jovem-com-doenca-rara-em-barcelos","status":"publish","type":"post","link":"https:\/\/portaltela.pt\/saude\/2026\/04\/11\/falta-de-fundos-ameaca-tratamento-de-jovem-com-doenca-rara-em-barcelos\/","title":{"rendered":"Falta de fundos amea\u00e7a tratamento de jovem com doen\u00e7a rara em Barcelos"},"content":{"rendered":"<p>Luana Cardoso, jovem de Barcelos, enfrenta uma doen\u00e7a rara h\u00e1 cerca de uma d\u00e9cada. A progress\u00e3o levou-a a uma imobilidade quase completa e a dor constante, per\u00edodo que come\u00e7ou a mudar com um tratamento inovador de neuromodula\u00e7\u00e3o. A esperan\u00e7a surge com melhorias observadas desde fevereiro, na Universidade do Minho.<\/p>\n<p>Pela primeira vez em muitos anos, Luana consegue sentar-se durante algumas horas por dia. O progresso \u00e9 considerado significativo face ao estado anterior de depend\u00eancia total. No entanto, sem continuidade do tratamento, os ganhos podem regredir.<\/p>\n<p>A fam\u00edlia de Luana lan\u00e7ou uma campanha de crowdfunding para assegurar o custo do tratamento, que ultrapassa 1000 euros mensais. O agregado familiar vive apenas do rendimento do pai, j\u00e1 que a m\u00e3e \u00e9 cuidadora em tempo inteiro.<\/p>\n<h3>Campanha de angaria\u00e7\u00e3o de fundos<\/h3>\n<p>Luana partilhou um v\u00eddeo nas redes sociais, contando o percurso e apelando a apoio para manter o tratamento. A campanha visa cobrir as despesas associadas a neuromodula\u00e7\u00e3o central e perif\u00e9rica iniciadas em junho na institui\u00e7\u00e3o de ensino superior.<\/p>\n<p>A doen\u00e7a surgiu ap\u00f3s uma les\u00e3o em treino de judo h\u00e1 cerca de 10 anos e evoluiu de forma agressiva, levando \u00e0 perda progressiva de mobilidade. Os respons\u00e1veis pela fam\u00edlia destacam a import\u00e2ncia de manter o tratamento para evitar retrocessos.<\/p>\n<p>A continuidade do tratamento \u00e9 apresentada como crucial para preservar os ganhos j\u00e1 alcan\u00e7ados. A fam\u00edlia agradece a solidariedade de quem puder contribuir para que Luana permane\u00e7a em melhor estado de sa\u00fade.<\/p>\n","protected":false},"excerpt":{"rendered":"<ul>\n<li>Luana Cardoso, uma jovem de Barcelos, luta contra a algoneurodistrofia (S\u00edndrome de Dor Regional Complexa) h\u00e1 cerca de uma d\u00e9cada.<\/li>\n<li>Um tratamento de neuromodula\u00e7\u00e3o central e perif\u00e9rica, iniciado em fevereiro na Universidade do Minho, trouxe melhorias e permitiu que ela se sentasse por algumas horas por dia.<\/li>\n<li>O avan\u00e7o corre risco de retroceder, pois o tratamento custa mais de mil euros por m\u00eas, valor que a fam\u00edlia n\u00e3o consegue suportar sozinha.<\/li>\n<li>A fam\u00edlia criou uma campanha de angaria\u00e7\u00e3o de fundos e Luana partilhou um v\u00eddeo nas redes sociais a pedir apoio para manter o tratamento.<\/li>\n<li>A doen\u00e7a evoluiu a partir de uma les\u00e3o em treino de judo, levando \u00e0 imobilidade total e a dores intensas at\u00e9 ao estado atual; manter o tratamento \u00e9 visto como crucial para preservar os ganhos alcan\u00e7ados.<\/li>\n<\/ul>\n","protected":false},"author":2,"featured_media":440345,"comment_status":"closed","ping_status":"closed","sticky":false,"template":"","format":"standard","meta":{"footnotes":""},"categories":[7371,6745],"tags":[5764,1027,5723,61,7211,271],"class_list":["post-440342","post","type-post","status-publish","format-standard","has-post-thumbnail","hentry","category-medicina","category-saude","tag-assistencia-de-saude","tag-barcelos","tag-doenca","tag-doencas","tag-medicina","tag-saude-publica"],"yoast_head":"<!-- This site is optimized with the Yoast SEO plugin v27.2 - https:\/\/yoast.com\/product\/yoast-seo-wordpress\/ -->\n<title>Falta de fundos amea\u00e7a tratamento de jovem com doen\u00e7a rara em Barcelos - Portal Tela Portugal<\/title>\n<meta name=\"robots\" content=\"index, follow, max-snippet:-1, max-image-preview:large, max-video-preview:-1\" \/>\n<meta property=\"og:locale\" content=\"pt_PT\" \/>\n<meta property=\"og:type\" content=\"article\" \/>\n<meta property=\"og:title\" content=\"Falta de fundos amea\u00e7a tratamento de jovem com doen\u00e7a rara em Barcelos - Portal Tela Portugal\" \/>\n<meta property=\"og:description\" content=\"Luana Cardoso, uma jovem de Barcelos, luta contra a algoneurodistrofia (S\u00edndrome de Dor Regional Complexa) h\u00e1 cerca de uma d\u00e9cada. Um tratamento de neuromodula\u00e7\u00e3o central e perif\u00e9rica, iniciado em fevereiro na Universidade do Minho, trouxe melhorias e permitiu que ela se sentasse por algumas horas por dia. O avan\u00e7o corre risco de retroceder, pois o tratamento custa mais de mil euros por m\u00eas, valor que a fam\u00edlia n\u00e3o consegue suportar sozinha. A fam\u00edlia criou uma campanha de angaria\u00e7\u00e3o de fundos e Luana partilhou um v\u00eddeo nas redes sociais a pedir apoio para manter o tratamento. A doen\u00e7a evoluiu a partir de uma les\u00e3o em treino de judo, levando \u00e0 imobilidade total e a dores intensas at\u00e9 ao estado atual; manter o tratamento \u00e9 visto como crucial para preservar os ganhos alcan\u00e7ados.\" \/>\n<meta property=\"og:url\" content=\"https:\/\/portaltela.pt\/noticias\/2026\/04\/11\/falta-de-fundos-ameaca-tratamento-de-jovem-com-doenca-rara-em-barcelos\/\" \/>\n<meta property=\"og:site_name\" content=\"Portal Tela Portugal\" \/>\n<meta property=\"article:published_time\" content=\"2026-04-11T09:32:04+00:00\" \/>\n<meta name=\"author\" content=\"Telinha\" \/>\n<meta name=\"twitter:card\" content=\"summary_large_image\" \/>\n<meta name=\"twitter:label1\" content=\"Escrito por\" \/>\n\t<meta name=\"twitter:data1\" content=\"Telinha\" \/>\n\t<meta name=\"twitter:label2\" content=\"Tempo estimado de leitura\" \/>\n\t<meta name=\"twitter:data2\" content=\"1 minuto\" \/>\n<script type=\"application\/ld+json\" class=\"yoast-schema-graph\">{\"@context\":\"https:\/\/schema.org\",\"@graph\":[{\"@type\":\"Article\",\"@id\":\"https:\/\/portaltela.pt\/noticias\/2026\/04\/11\/falta-de-fundos-ameaca-tratamento-de-jovem-com-doenca-rara-em-barcelos\/#article\",\"isPartOf\":{\"@id\":\"https:\/\/portaltela.pt\/noticias\/2026\/04\/11\/falta-de-fundos-ameaca-tratamento-de-jovem-com-doenca-rara-em-barcelos\/\"},\"author\":{\"name\":\"Telinha\",\"@id\":\"https:\/\/portaltela.pt\/#\/schema\/person\/c4278d4a6028830caff9ee44b42d32ed\"},\"headline\":\"Falta de fundos amea\u00e7a tratamento de jovem com doen\u00e7a rara em Barcelos\",\"datePublished\":\"2026-04-11T09:32:04+00:00\",\"mainEntityOfPage\":{\"@id\":\"https:\/\/portaltela.pt\/noticias\/2026\/04\/11\/falta-de-fundos-ameaca-tratamento-de-jovem-com-doenca-rara-em-barcelos\/\"},\"wordCount\":272,\"image\":{\"@id\":\"https:\/\/portaltela.pt\/noticias\/2026\/04\/11\/falta-de-fundos-ameaca-tratamento-de-jovem-com-doenca-rara-em-barcelos\/#primaryimage\"},\"thumbnailUrl\":\"https:\/\/portaltela.pt\/s.01k8rhncp4jt1\/2026\/04\/image-646.jpg\",\"keywords\":[\"assist\u00eancia de sa\u00fade\",\"Barcelos\",\"doen\u00e7a\",\"doen\u00e7as\",\"medicina\",\"sa\u00fade p\u00fablica\"],\"articleSection\":[\"Medicina\",\"Sa\u00fade\"],\"inLanguage\":\"pt-PT\"},{\"@type\":\"WebPage\",\"@id\":\"https:\/\/portaltela.pt\/noticias\/2026\/04\/11\/falta-de-fundos-ameaca-tratamento-de-jovem-com-doenca-rara-em-barcelos\/\",\"url\":\"https:\/\/portaltela.pt\/noticias\/2026\/04\/11\/falta-de-fundos-ameaca-tratamento-de-jovem-com-doenca-rara-em-barcelos\/\",\"name\":\"Falta de fundos amea\u00e7a tratamento de jovem com doen\u00e7a rara em Barcelos - Portal Tela Portugal\",\"isPartOf\":{\"@id\":\"https:\/\/portaltela.pt\/#website\"},\"primaryImageOfPage\":{\"@id\":\"https:\/\/portaltela.pt\/noticias\/2026\/04\/11\/falta-de-fundos-ameaca-tratamento-de-jovem-com-doenca-rara-em-barcelos\/#primaryimage\"},\"image\":{\"@id\":\"https:\/\/portaltela.pt\/noticias\/2026\/04\/11\/falta-de-fundos-ameaca-tratamento-de-jovem-com-doenca-rara-em-barcelos\/#primaryimage\"},\"thumbnailUrl\":\"https:\/\/portaltela.pt\/s.01k8rhncp4jt1\/2026\/04\/image-646.jpg\",\"datePublished\":\"2026-04-11T09:32:04+00:00\",\"author\":{\"@id\":\"https:\/\/portaltela.pt\/#\/schema\/person\/c4278d4a6028830caff9ee44b42d32ed\"},\"breadcrumb\":{\"@id\":\"https:\/\/portaltela.pt\/noticias\/2026\/04\/11\/falta-de-fundos-ameaca-tratamento-de-jovem-com-doenca-rara-em-barcelos\/#breadcrumb\"},\"inLanguage\":\"pt-PT\",\"potentialAction\":[{\"@type\":\"ReadAction\",\"target\":[\"https:\/\/portaltela.pt\/noticias\/2026\/04\/11\/falta-de-fundos-ameaca-tratamento-de-jovem-com-doenca-rara-em-barcelos\/\"]}]},{\"@type\":\"ImageObject\",\"inLanguage\":\"pt-PT\",\"@id\":\"https:\/\/portaltela.pt\/noticias\/2026\/04\/11\/falta-de-fundos-ameaca-tratamento-de-jovem-com-doenca-rara-em-barcelos\/#primaryimage\",\"url\":\"https:\/\/portaltela.pt\/s.01k8rhncp4jt1\/2026\/04\/image-646.jpg\",\"contentUrl\":\"https:\/\/portaltela.pt\/s.01k8rhncp4jt1\/2026\/04\/image-646.jpg\",\"width\":796,\"height\":448,\"caption\":\"Pela primeira vez em v\u00e1rios anos, a jovem consegue sentar-se durante algumas horas por dia\"},{\"@type\":\"BreadcrumbList\",\"@id\":\"https:\/\/portaltela.pt\/noticias\/2026\/04\/11\/falta-de-fundos-ameaca-tratamento-de-jovem-com-doenca-rara-em-barcelos\/#breadcrumb\",\"itemListElement\":[{\"@type\":\"ListItem\",\"position\":1,\"name\":\"In\u00edcio\",\"item\":\"https:\/\/portaltela.pt\/\"},{\"@type\":\"ListItem\",\"position\":2,\"name\":\"Falta de fundos amea\u00e7a tratamento de jovem com doen\u00e7a rara em Barcelos\"}]},{\"@type\":\"WebSite\",\"@id\":\"https:\/\/portaltela.pt\/#website\",\"url\":\"https:\/\/portaltela.pt\/\",\"name\":\"Portal Tela Portugal\",\"description\":\"\",\"potentialAction\":[{\"@type\":\"SearchAction\",\"target\":{\"@type\":\"EntryPoint\",\"urlTemplate\":\"https:\/\/portaltela.pt\/?s={search_term_string}\"},\"query-input\":{\"@type\":\"PropertyValueSpecification\",\"valueRequired\":true,\"valueName\":\"search_term_string\"}}],\"inLanguage\":\"pt-PT\"},{\"@type\":\"Person\",\"@id\":\"https:\/\/portaltela.pt\/#\/schema\/person\/c4278d4a6028830caff9ee44b42d32ed\",\"name\":\"Telinha\",\"image\":{\"@type\":\"ImageObject\",\"inLanguage\":\"pt-PT\",\"@id\":\"https:\/\/portaltela.pt\/s.01k8rhncp4jt1\/2025\/11\/talking-bot-125x125.png\",\"url\":\"https:\/\/portaltela.pt\/s.01k8rhncp4jt1\/2025\/11\/talking-bot-125x125.png\",\"contentUrl\":\"https:\/\/portaltela.pt\/s.01k8rhncp4jt1\/2025\/11\/talking-bot-125x125.png\",\"caption\":\"Telinha\"},\"sameAs\":[\"https:\/\/portaltela.pt\/\"],\"url\":\"https:\/\/portaltela.pt\/por\/367410592786\/\"}]}<\/script>\n<!-- \/ Yoast SEO plugin. -->","yoast_head_json":{"title":"Falta de fundos amea\u00e7a tratamento de jovem com doen\u00e7a rara em Barcelos - Portal Tela Portugal","robots":{"index":"index","follow":"follow","max-snippet":"max-snippet:-1","max-image-preview":"max-image-preview:large","max-video-preview":"max-video-preview:-1"},"og_locale":"pt_PT","og_type":"article","og_title":"Falta de fundos amea\u00e7a tratamento de jovem com doen\u00e7a rara em Barcelos - Portal Tela Portugal","og_description":"Luana Cardoso, uma jovem de Barcelos, luta contra a algoneurodistrofia (S\u00edndrome de Dor Regional Complexa) h\u00e1 cerca de uma d\u00e9cada. Um tratamento de neuromodula\u00e7\u00e3o central e perif\u00e9rica, iniciado em fevereiro na Universidade do Minho, trouxe melhorias e permitiu que ela se sentasse por algumas horas por dia. O avan\u00e7o corre risco de retroceder, pois o tratamento custa mais de mil euros por m\u00eas, valor que a fam\u00edlia n\u00e3o consegue suportar sozinha. A fam\u00edlia criou uma campanha de angaria\u00e7\u00e3o de fundos e Luana partilhou um v\u00eddeo nas redes sociais a pedir apoio para manter o tratamento. A doen\u00e7a evoluiu a partir de uma les\u00e3o em treino de judo, levando \u00e0 imobilidade total e a dores intensas at\u00e9 ao estado atual; manter o tratamento \u00e9 visto como crucial para preservar os ganhos alcan\u00e7ados.","og_url":"https:\/\/portaltela.pt\/noticias\/2026\/04\/11\/falta-de-fundos-ameaca-tratamento-de-jovem-com-doenca-rara-em-barcelos\/","og_site_name":"Portal Tela Portugal","article_published_time":"2026-04-11T09:32:04+00:00","author":"Telinha","twitter_card":"summary_large_image","twitter_misc":{"Escrito por":"Telinha","Tempo estimado de leitura":"1 minuto"},"schema":{"@context":"https:\/\/schema.org","@graph":[{"@type":"Article","@id":"https:\/\/portaltela.pt\/noticias\/2026\/04\/11\/falta-de-fundos-ameaca-tratamento-de-jovem-com-doenca-rara-em-barcelos\/#article","isPartOf":{"@id":"https:\/\/portaltela.pt\/noticias\/2026\/04\/11\/falta-de-fundos-ameaca-tratamento-de-jovem-com-doenca-rara-em-barcelos\/"},"author":{"name":"Telinha","@id":"https:\/\/portaltela.pt\/#\/schema\/person\/c4278d4a6028830caff9ee44b42d32ed"},"headline":"Falta de fundos amea\u00e7a tratamento de jovem com doen\u00e7a rara em Barcelos","datePublished":"2026-04-11T09:32:04+00:00","mainEntityOfPage":{"@id":"https:\/\/portaltela.pt\/noticias\/2026\/04\/11\/falta-de-fundos-ameaca-tratamento-de-jovem-com-doenca-rara-em-barcelos\/"},"wordCount":272,"image":{"@id":"https:\/\/portaltela.pt\/noticias\/2026\/04\/11\/falta-de-fundos-ameaca-tratamento-de-jovem-com-doenca-rara-em-barcelos\/#primaryimage"},"thumbnailUrl":"https:\/\/portaltela.pt\/s.01k8rhncp4jt1\/2026\/04\/image-646.jpg","keywords":["assist\u00eancia de sa\u00fade","Barcelos","doen\u00e7a","doen\u00e7as","medicina","sa\u00fade p\u00fablica"],"articleSection":["Medicina","Sa\u00fade"],"inLanguage":"pt-PT"},{"@type":"WebPage","@id":"https:\/\/portaltela.pt\/noticias\/2026\/04\/11\/falta-de-fundos-ameaca-tratamento-de-jovem-com-doenca-rara-em-barcelos\/","url":"https:\/\/portaltela.pt\/noticias\/2026\/04\/11\/falta-de-fundos-ameaca-tratamento-de-jovem-com-doenca-rara-em-barcelos\/","name":"Falta de fundos amea\u00e7a tratamento de jovem com doen\u00e7a rara em Barcelos - Portal Tela Portugal","isPartOf":{"@id":"https:\/\/portaltela.pt\/#website"},"primaryImageOfPage":{"@id":"https:\/\/portaltela.pt\/noticias\/2026\/04\/11\/falta-de-fundos-ameaca-tratamento-de-jovem-com-doenca-rara-em-barcelos\/#primaryimage"},"image":{"@id":"https:\/\/portaltela.pt\/noticias\/2026\/04\/11\/falta-de-fundos-ameaca-tratamento-de-jovem-com-doenca-rara-em-barcelos\/#primaryimage"},"thumbnailUrl":"https:\/\/portaltela.pt\/s.01k8rhncp4jt1\/2026\/04\/image-646.jpg","datePublished":"2026-04-11T09:32:04+00:00","author":{"@id":"https:\/\/portaltela.pt\/#\/schema\/person\/c4278d4a6028830caff9ee44b42d32ed"},"breadcrumb":{"@id":"https:\/\/portaltela.pt\/noticias\/2026\/04\/11\/falta-de-fundos-ameaca-tratamento-de-jovem-com-doenca-rara-em-barcelos\/#breadcrumb"},"inLanguage":"pt-PT","potentialAction":[{"@type":"ReadAction","target":["https:\/\/portaltela.pt\/noticias\/2026\/04\/11\/falta-de-fundos-ameaca-tratamento-de-jovem-com-doenca-rara-em-barcelos\/"]}]},{"@type":"ImageObject","inLanguage":"pt-PT","@id":"https:\/\/portaltela.pt\/noticias\/2026\/04\/11\/falta-de-fundos-ameaca-tratamento-de-jovem-com-doenca-rara-em-barcelos\/#primaryimage","url":"https:\/\/portaltela.pt\/s.01k8rhncp4jt1\/2026\/04\/image-646.jpg","contentUrl":"https:\/\/portaltela.pt\/s.01k8rhncp4jt1\/2026\/04\/image-646.jpg","width":796,"height":448,"caption":"Pela primeira vez em v\u00e1rios anos, a jovem consegue sentar-se durante algumas horas por dia"},{"@type":"BreadcrumbList","@id":"https:\/\/portaltela.pt\/noticias\/2026\/04\/11\/falta-de-fundos-ameaca-tratamento-de-jovem-com-doenca-rara-em-barcelos\/#breadcrumb","itemListElement":[{"@type":"ListItem","position":1,"name":"In\u00edcio","item":"https:\/\/portaltela.pt\/"},{"@type":"ListItem","position":2,"name":"Falta de fundos amea\u00e7a tratamento de jovem com doen\u00e7a rara em Barcelos"}]},{"@type":"WebSite","@id":"https:\/\/portaltela.pt\/#website","url":"https:\/\/portaltela.pt\/","name":"Portal Tela Portugal","description":"","potentialAction":[{"@type":"SearchAction","target":{"@type":"EntryPoint","urlTemplate":"https:\/\/portaltela.pt\/?s={search_term_string}"},"query-input":{"@type":"PropertyValueSpecification","valueRequired":true,"valueName":"search_term_string"}}],"inLanguage":"pt-PT"},{"@type":"Person","@id":"https:\/\/portaltela.pt\/#\/schema\/person\/c4278d4a6028830caff9ee44b42d32ed","name":"Telinha","image":{"@type":"ImageObject","inLanguage":"pt-PT","@id":"https:\/\/portaltela.pt\/s.01k8rhncp4jt1\/2025\/11\/talking-bot-125x125.png","url":"https:\/\/portaltela.pt\/s.01k8rhncp4jt1\/2025\/11\/talking-bot-125x125.png","contentUrl":"https:\/\/portaltela.pt\/s.01k8rhncp4jt1\/2025\/11\/talking-bot-125x125.png","caption":"Telinha"},"sameAs":["https:\/\/portaltela.pt\/"],"url":"https:\/\/portaltela.pt\/por\/367410592786\/"}]}},"_links":{"self":[{"href":"https:\/\/portaltela.pt\/api\/wp\/v2\/posts\/440342","targetHints":{"allow":["GET"]}}],"collection":[{"href":"https:\/\/portaltela.pt\/api\/wp\/v2\/posts"}],"about":[{"href":"https:\/\/portaltela.pt\/api\/wp\/v2\/types\/post"}],"author":[{"embeddable":true,"href":"https:\/\/portaltela.pt\/api\/wp\/v2\/users\/2"}],"replies":[{"embeddable":true,"href":"https:\/\/portaltela.pt\/api\/wp\/v2\/comments?post=440342"}],"version-history":[{"count":0,"href":"https:\/\/portaltela.pt\/api\/wp\/v2\/posts\/440342\/revisions"}],"wp:featuredmedia":[{"embeddable":true,"href":"https:\/\/portaltela.pt\/api\/wp\/v2\/media\/440345"}],"wp:attachment":[{"href":"https:\/\/portaltela.pt\/api\/wp\/v2\/media?parent=440342"}],"wp:term":[{"taxonomy":"category","embeddable":true,"href":"https:\/\/portaltela.pt\/api\/wp\/v2\/categories?post=440342"},{"taxonomy":"post_tag","embeddable":true,"href":"https:\/\/portaltela.pt\/api\/wp\/v2\/tags?post=440342"}],"curies":[{"name":"wp","href":"https:\/\/api.w.org\/{rel}","templated":true}]}}