{"id":440336,"date":"2026-04-11T06:31:58","date_gmt":"2026-04-11T09:31:58","guid":{"rendered":"https:\/\/portaltela.pt\/noticias\/2026\/04\/11\/usar-a-igreja-para-defender-odio-ou-exclusao-nao-e-ser-catolico\/"},"modified":"2026-04-11T06:31:58","modified_gmt":"2026-04-11T09:31:58","slug":"usar-a-igreja-para-defender-odio-ou-exclusao-nao-e-ser-catolico","status":"publish","type":"post","link":"https:\/\/portaltela.pt\/sociedade\/2026\/04\/11\/usar-a-igreja-para-defender-odio-ou-exclusao-nao-e-ser-catolico\/","title":{"rendered":"Usar a igreja para defender \u00f3dio ou exclus\u00e3o n\u00e3o \u00e9 ser cat\u00f3lico"},"content":{"rendered":"<p>Jos\u00e9 Ornelas, \u00e0 frente da Confer\u00eancia Episcopal Portuguesa (CEP) pela segunda vez, afirmou numa entrevista \u00e0 Lusa que usar a Igreja para defender persegui\u00e7\u00e3o ou exclus\u00e3o n\u00e3o representa o catolicismo. Defendeu um discurso que valorize a inclus\u00e3o de quem \u00e9 diferente numa sociedade democr\u00e1tica.<\/p>\n<p>O bispo de Leiria-F\u00e1tima destacou que n\u00e3o impede quem discorda, desde que haja respeito pelo direito de express\u00e3o, rejeitando a ideia de que a f\u00e9 deva promover guerras ou discrimina\u00e7\u00e3o. Prop\u00f4s, em vez disso, um caminho de agrega\u00e7\u00e3o e de conv\u00edvio comum entre crentes e n\u00e3o crentes.<\/p>\n<p>Jesus, disse, atuou fora da caixa para a sua \u00e9poca, e qualquer discurso que, em nome de Deus, discrimine pessoas est\u00e1 errado. Alertou ainda para a utiliza\u00e7\u00e3o pol\u00edtica da religi\u00e3o e para a necessidade de um di\u00e1logo que preserve a racionalidade da f\u00e9.<\/p>\n<h3>Contexto e cr\u00edticas internas<\/h3>\n<p>Ornelas mencionou que alguns pol\u00edticos, autodenominados cat\u00f3licos, promovem discursos de \u00f3dio e distor\u00e7\u00f5es da f\u00e9. Referiu que a Igreja tem sido perseguida ao longo da hist\u00f3ria por defender valores humanos universais e pediu cautela face a posi\u00e7\u00f5es que n\u00e3o correspondam \u00e0 sua doutrina.<\/p>\n<h3>Justi\u00e7a, direitos e economia<\/h3>\n<p>O cabe\u00e7a da CEP vincou a import\u00e2ncia de justi\u00e7a e direito para uma sociedade inclusiva. Afirmou que a corrup\u00e7\u00e3o pol\u00edtica, sobretudo por detr\u00e1s, pode financiar guerras, com refer\u00eancia a fatores econ\u00f3micos como o petr\u00f3leo que alimentam conflitos em pa\u00edses produtores.<\/p>\n","protected":false},"excerpt":{"rendered":"<ul>\n<li>Em entrevista \u00e0 Lusa, ao fim do seu segundo mandato \u00e0 frente da Confer\u00eancia Episcopal Portuguesa, Jos\u00e9 Ornelas afirmou que \u201cdizer que em nome de Deus se vai fazer uma luta de persegui\u00e7\u00e3o e de exclus\u00e3o\u201d n\u00e3o \u00e9 cat\u00f3lico.<\/li>\n<li>Defendeu um discurso de agrega\u00e7\u00e3o, reconhecendo o direito de discordar numa sociedade democr\u00e1tica.<\/li>\n<li>Afirmou que n\u00e3o pode usar a Igreja para promover discurso de \u00f3dio, exclus\u00e3o ou monolitismo, propondo um caminho de agrega\u00e7\u00e3o e de comum acordo.<\/li>\n<li>Recordou que Jesus atuou fora da caixa e que qualquer discurso que discrimine pessoas em nome de Deus est\u00e1 errado.<\/li>\n<li>Criticou pol\u00edticos que se dizem cat\u00f3licos mas promovem discursos de \u00f3dio, apontando a justi\u00e7a e o direito como fundamentais, e associando guerras a corrup\u00e7\u00e3o pol\u00edtica e a interesses econ\u00f3micos, incluindo petr\u00f3leo.<\/li>\n<\/ul>\n","protected":false},"author":2,"featured_media":440339,"comment_status":"closed","ping_status":"closed","sticky":false,"template":"","format":"standard","meta":{"footnotes":""},"categories":[6871],"tags":[7777,2978,6339,2795,2633,4074],"class_list":["post-440336","post","type-post","status-publish","format-standard","has-post-thumbnail","hentry","category-sociedade","tag-a-religiao","tag-catolico","tag-catolicos","tag-democracia","tag-direitos-humanos","tag-inclusao-social"],"yoast_head":"<!-- This site is optimized with the Yoast SEO plugin v27.2 - https:\/\/yoast.com\/product\/yoast-seo-wordpress\/ -->\n<title>Usar a igreja para defender \u00f3dio ou exclus\u00e3o n\u00e3o \u00e9 ser cat\u00f3lico - Portal Tela Portugal<\/title>\n<meta name=\"robots\" content=\"index, follow, max-snippet:-1, max-image-preview:large, max-video-preview:-1\" \/>\n<meta property=\"og:locale\" content=\"pt_PT\" \/>\n<meta property=\"og:type\" content=\"article\" \/>\n<meta property=\"og:title\" content=\"Usar a igreja para defender \u00f3dio ou exclus\u00e3o n\u00e3o \u00e9 ser cat\u00f3lico - Portal Tela Portugal\" \/>\n<meta property=\"og:description\" content=\"Em entrevista \u00e0 Lusa, ao fim do seu segundo mandato \u00e0 frente da Confer\u00eancia Episcopal Portuguesa, Jos\u00e9 Ornelas afirmou que \u201cdizer que em nome de Deus se vai fazer uma luta de persegui\u00e7\u00e3o e de exclus\u00e3o\u201d n\u00e3o \u00e9 cat\u00f3lico. Defendeu um discurso de agrega\u00e7\u00e3o, reconhecendo o direito de discordar numa sociedade democr\u00e1tica. Afirmou que n\u00e3o pode usar a Igreja para promover discurso de \u00f3dio, exclus\u00e3o ou monolitismo, propondo um caminho de agrega\u00e7\u00e3o e de comum acordo. Recordou que Jesus atuou fora da caixa e que qualquer discurso que discrimine pessoas em nome de Deus est\u00e1 errado. Criticou pol\u00edticos que se dizem cat\u00f3licos mas promovem discursos de \u00f3dio, apontando a justi\u00e7a e o direito como fundamentais, e associando guerras a corrup\u00e7\u00e3o pol\u00edtica e a interesses econ\u00f3micos, incluindo petr\u00f3leo.\" \/>\n<meta property=\"og:url\" content=\"https:\/\/portaltela.pt\/noticias\/2026\/04\/11\/usar-a-igreja-para-defender-odio-ou-exclusao-nao-e-ser-catolico\/\" \/>\n<meta property=\"og:site_name\" content=\"Portal Tela Portugal\" \/>\n<meta property=\"article:published_time\" content=\"2026-04-11T09:31:58+00:00\" \/>\n<meta name=\"author\" content=\"Telinha\" \/>\n<meta name=\"twitter:card\" content=\"summary_large_image\" \/>\n<meta name=\"twitter:label1\" content=\"Escrito por\" \/>\n\t<meta name=\"twitter:data1\" content=\"Telinha\" \/>\n\t<meta name=\"twitter:label2\" content=\"Tempo estimado de leitura\" \/>\n\t<meta name=\"twitter:data2\" content=\"1 minuto\" \/>\n<script type=\"application\/ld+json\" class=\"yoast-schema-graph\">{\"@context\":\"https:\/\/schema.org\",\"@graph\":[{\"@type\":\"Article\",\"@id\":\"https:\/\/portaltela.pt\/noticias\/2026\/04\/11\/usar-a-igreja-para-defender-odio-ou-exclusao-nao-e-ser-catolico\/#article\",\"isPartOf\":{\"@id\":\"https:\/\/portaltela.pt\/noticias\/2026\/04\/11\/usar-a-igreja-para-defender-odio-ou-exclusao-nao-e-ser-catolico\/\"},\"author\":{\"name\":\"Telinha\",\"@id\":\"https:\/\/portaltela.pt\/#\/schema\/person\/c4278d4a6028830caff9ee44b42d32ed\"},\"headline\":\"Usar a igreja para defender \u00f3dio ou exclus\u00e3o n\u00e3o \u00e9 ser cat\u00f3lico\",\"datePublished\":\"2026-04-11T09:31:58+00:00\",\"mainEntityOfPage\":{\"@id\":\"https:\/\/portaltela.pt\/noticias\/2026\/04\/11\/usar-a-igreja-para-defender-odio-ou-exclusao-nao-e-ser-catolico\/\"},\"wordCount\":271,\"image\":{\"@id\":\"https:\/\/portaltela.pt\/noticias\/2026\/04\/11\/usar-a-igreja-para-defender-odio-ou-exclusao-nao-e-ser-catolico\/#primaryimage\"},\"thumbnailUrl\":\"https:\/\/portaltela.pt\/s.01k8rhncp4jt1\/2026\/04\/image-645.jpg\",\"keywords\":[\"a religi\u00e3o\",\"cat\u00f3lico\",\"cat\u00f3licos\",\"democracia\",\"direitos humanos\",\"inclus\u00e3o social\"],\"articleSection\":[\"Sociedade\"],\"inLanguage\":\"pt-PT\"},{\"@type\":\"WebPage\",\"@id\":\"https:\/\/portaltela.pt\/noticias\/2026\/04\/11\/usar-a-igreja-para-defender-odio-ou-exclusao-nao-e-ser-catolico\/\",\"url\":\"https:\/\/portaltela.pt\/noticias\/2026\/04\/11\/usar-a-igreja-para-defender-odio-ou-exclusao-nao-e-ser-catolico\/\",\"name\":\"Usar a igreja para defender \u00f3dio ou exclus\u00e3o n\u00e3o \u00e9 ser cat\u00f3lico - Portal Tela Portugal\",\"isPartOf\":{\"@id\":\"https:\/\/portaltela.pt\/#website\"},\"primaryImageOfPage\":{\"@id\":\"https:\/\/portaltela.pt\/noticias\/2026\/04\/11\/usar-a-igreja-para-defender-odio-ou-exclusao-nao-e-ser-catolico\/#primaryimage\"},\"image\":{\"@id\":\"https:\/\/portaltela.pt\/noticias\/2026\/04\/11\/usar-a-igreja-para-defender-odio-ou-exclusao-nao-e-ser-catolico\/#primaryimage\"},\"thumbnailUrl\":\"https:\/\/portaltela.pt\/s.01k8rhncp4jt1\/2026\/04\/image-645.jpg\",\"datePublished\":\"2026-04-11T09:31:58+00:00\",\"author\":{\"@id\":\"https:\/\/portaltela.pt\/#\/schema\/person\/c4278d4a6028830caff9ee44b42d32ed\"},\"breadcrumb\":{\"@id\":\"https:\/\/portaltela.pt\/noticias\/2026\/04\/11\/usar-a-igreja-para-defender-odio-ou-exclusao-nao-e-ser-catolico\/#breadcrumb\"},\"inLanguage\":\"pt-PT\",\"potentialAction\":[{\"@type\":\"ReadAction\",\"target\":[\"https:\/\/portaltela.pt\/noticias\/2026\/04\/11\/usar-a-igreja-para-defender-odio-ou-exclusao-nao-e-ser-catolico\/\"]}]},{\"@type\":\"ImageObject\",\"inLanguage\":\"pt-PT\",\"@id\":\"https:\/\/portaltela.pt\/noticias\/2026\/04\/11\/usar-a-igreja-para-defender-odio-ou-exclusao-nao-e-ser-catolico\/#primaryimage\",\"url\":\"https:\/\/portaltela.pt\/s.01k8rhncp4jt1\/2026\/04\/image-645.jpg\",\"contentUrl\":\"https:\/\/portaltela.pt\/s.01k8rhncp4jt1\/2026\/04\/image-645.jpg\",\"width\":796,\"height\":448,\"caption\":\"O presidente da Confer\u00eancia Episcopal Portuguesa, Jos\u00e9 Ornelas\"},{\"@type\":\"BreadcrumbList\",\"@id\":\"https:\/\/portaltela.pt\/noticias\/2026\/04\/11\/usar-a-igreja-para-defender-odio-ou-exclusao-nao-e-ser-catolico\/#breadcrumb\",\"itemListElement\":[{\"@type\":\"ListItem\",\"position\":1,\"name\":\"In\u00edcio\",\"item\":\"https:\/\/portaltela.pt\/\"},{\"@type\":\"ListItem\",\"position\":2,\"name\":\"Usar a igreja para defender \u00f3dio ou exclus\u00e3o n\u00e3o \u00e9 ser cat\u00f3lico\"}]},{\"@type\":\"WebSite\",\"@id\":\"https:\/\/portaltela.pt\/#website\",\"url\":\"https:\/\/portaltela.pt\/\",\"name\":\"Portal Tela Portugal\",\"description\":\"\",\"potentialAction\":[{\"@type\":\"SearchAction\",\"target\":{\"@type\":\"EntryPoint\",\"urlTemplate\":\"https:\/\/portaltela.pt\/?s={search_term_string}\"},\"query-input\":{\"@type\":\"PropertyValueSpecification\",\"valueRequired\":true,\"valueName\":\"search_term_string\"}}],\"inLanguage\":\"pt-PT\"},{\"@type\":\"Person\",\"@id\":\"https:\/\/portaltela.pt\/#\/schema\/person\/c4278d4a6028830caff9ee44b42d32ed\",\"name\":\"Telinha\",\"image\":{\"@type\":\"ImageObject\",\"inLanguage\":\"pt-PT\",\"@id\":\"https:\/\/portaltela.pt\/s.01k8rhncp4jt1\/2025\/11\/talking-bot-125x125.png\",\"url\":\"https:\/\/portaltela.pt\/s.01k8rhncp4jt1\/2025\/11\/talking-bot-125x125.png\",\"contentUrl\":\"https:\/\/portaltela.pt\/s.01k8rhncp4jt1\/2025\/11\/talking-bot-125x125.png\",\"caption\":\"Telinha\"},\"sameAs\":[\"https:\/\/portaltela.pt\/\"],\"url\":\"https:\/\/portaltela.pt\/por\/367410592786\/\"}]}<\/script>\n<!-- \/ Yoast SEO plugin. -->","yoast_head_json":{"title":"Usar a igreja para defender \u00f3dio ou exclus\u00e3o n\u00e3o \u00e9 ser cat\u00f3lico - Portal Tela Portugal","robots":{"index":"index","follow":"follow","max-snippet":"max-snippet:-1","max-image-preview":"max-image-preview:large","max-video-preview":"max-video-preview:-1"},"og_locale":"pt_PT","og_type":"article","og_title":"Usar a igreja para defender \u00f3dio ou exclus\u00e3o n\u00e3o \u00e9 ser cat\u00f3lico - Portal Tela Portugal","og_description":"Em entrevista \u00e0 Lusa, ao fim do seu segundo mandato \u00e0 frente da Confer\u00eancia Episcopal Portuguesa, Jos\u00e9 Ornelas afirmou que \u201cdizer que em nome de Deus se vai fazer uma luta de persegui\u00e7\u00e3o e de exclus\u00e3o\u201d n\u00e3o \u00e9 cat\u00f3lico. Defendeu um discurso de agrega\u00e7\u00e3o, reconhecendo o direito de discordar numa sociedade democr\u00e1tica. Afirmou que n\u00e3o pode usar a Igreja para promover discurso de \u00f3dio, exclus\u00e3o ou monolitismo, propondo um caminho de agrega\u00e7\u00e3o e de comum acordo. Recordou que Jesus atuou fora da caixa e que qualquer discurso que discrimine pessoas em nome de Deus est\u00e1 errado. Criticou pol\u00edticos que se dizem cat\u00f3licos mas promovem discursos de \u00f3dio, apontando a justi\u00e7a e o direito como fundamentais, e associando guerras a corrup\u00e7\u00e3o pol\u00edtica e a interesses econ\u00f3micos, incluindo petr\u00f3leo.","og_url":"https:\/\/portaltela.pt\/noticias\/2026\/04\/11\/usar-a-igreja-para-defender-odio-ou-exclusao-nao-e-ser-catolico\/","og_site_name":"Portal Tela Portugal","article_published_time":"2026-04-11T09:31:58+00:00","author":"Telinha","twitter_card":"summary_large_image","twitter_misc":{"Escrito por":"Telinha","Tempo estimado de leitura":"1 minuto"},"schema":{"@context":"https:\/\/schema.org","@graph":[{"@type":"Article","@id":"https:\/\/portaltela.pt\/noticias\/2026\/04\/11\/usar-a-igreja-para-defender-odio-ou-exclusao-nao-e-ser-catolico\/#article","isPartOf":{"@id":"https:\/\/portaltela.pt\/noticias\/2026\/04\/11\/usar-a-igreja-para-defender-odio-ou-exclusao-nao-e-ser-catolico\/"},"author":{"name":"Telinha","@id":"https:\/\/portaltela.pt\/#\/schema\/person\/c4278d4a6028830caff9ee44b42d32ed"},"headline":"Usar a igreja para defender \u00f3dio ou exclus\u00e3o n\u00e3o \u00e9 ser cat\u00f3lico","datePublished":"2026-04-11T09:31:58+00:00","mainEntityOfPage":{"@id":"https:\/\/portaltela.pt\/noticias\/2026\/04\/11\/usar-a-igreja-para-defender-odio-ou-exclusao-nao-e-ser-catolico\/"},"wordCount":271,"image":{"@id":"https:\/\/portaltela.pt\/noticias\/2026\/04\/11\/usar-a-igreja-para-defender-odio-ou-exclusao-nao-e-ser-catolico\/#primaryimage"},"thumbnailUrl":"https:\/\/portaltela.pt\/s.01k8rhncp4jt1\/2026\/04\/image-645.jpg","keywords":["a religi\u00e3o","cat\u00f3lico","cat\u00f3licos","democracia","direitos humanos","inclus\u00e3o social"],"articleSection":["Sociedade"],"inLanguage":"pt-PT"},{"@type":"WebPage","@id":"https:\/\/portaltela.pt\/noticias\/2026\/04\/11\/usar-a-igreja-para-defender-odio-ou-exclusao-nao-e-ser-catolico\/","url":"https:\/\/portaltela.pt\/noticias\/2026\/04\/11\/usar-a-igreja-para-defender-odio-ou-exclusao-nao-e-ser-catolico\/","name":"Usar a igreja para defender \u00f3dio ou exclus\u00e3o n\u00e3o \u00e9 ser cat\u00f3lico - Portal Tela Portugal","isPartOf":{"@id":"https:\/\/portaltela.pt\/#website"},"primaryImageOfPage":{"@id":"https:\/\/portaltela.pt\/noticias\/2026\/04\/11\/usar-a-igreja-para-defender-odio-ou-exclusao-nao-e-ser-catolico\/#primaryimage"},"image":{"@id":"https:\/\/portaltela.pt\/noticias\/2026\/04\/11\/usar-a-igreja-para-defender-odio-ou-exclusao-nao-e-ser-catolico\/#primaryimage"},"thumbnailUrl":"https:\/\/portaltela.pt\/s.01k8rhncp4jt1\/2026\/04\/image-645.jpg","datePublished":"2026-04-11T09:31:58+00:00","author":{"@id":"https:\/\/portaltela.pt\/#\/schema\/person\/c4278d4a6028830caff9ee44b42d32ed"},"breadcrumb":{"@id":"https:\/\/portaltela.pt\/noticias\/2026\/04\/11\/usar-a-igreja-para-defender-odio-ou-exclusao-nao-e-ser-catolico\/#breadcrumb"},"inLanguage":"pt-PT","potentialAction":[{"@type":"ReadAction","target":["https:\/\/portaltela.pt\/noticias\/2026\/04\/11\/usar-a-igreja-para-defender-odio-ou-exclusao-nao-e-ser-catolico\/"]}]},{"@type":"ImageObject","inLanguage":"pt-PT","@id":"https:\/\/portaltela.pt\/noticias\/2026\/04\/11\/usar-a-igreja-para-defender-odio-ou-exclusao-nao-e-ser-catolico\/#primaryimage","url":"https:\/\/portaltela.pt\/s.01k8rhncp4jt1\/2026\/04\/image-645.jpg","contentUrl":"https:\/\/portaltela.pt\/s.01k8rhncp4jt1\/2026\/04\/image-645.jpg","width":796,"height":448,"caption":"O presidente da Confer\u00eancia Episcopal Portuguesa, Jos\u00e9 Ornelas"},{"@type":"BreadcrumbList","@id":"https:\/\/portaltela.pt\/noticias\/2026\/04\/11\/usar-a-igreja-para-defender-odio-ou-exclusao-nao-e-ser-catolico\/#breadcrumb","itemListElement":[{"@type":"ListItem","position":1,"name":"In\u00edcio","item":"https:\/\/portaltela.pt\/"},{"@type":"ListItem","position":2,"name":"Usar a igreja para defender \u00f3dio ou exclus\u00e3o n\u00e3o \u00e9 ser cat\u00f3lico"}]},{"@type":"WebSite","@id":"https:\/\/portaltela.pt\/#website","url":"https:\/\/portaltela.pt\/","name":"Portal Tela Portugal","description":"","potentialAction":[{"@type":"SearchAction","target":{"@type":"EntryPoint","urlTemplate":"https:\/\/portaltela.pt\/?s={search_term_string}"},"query-input":{"@type":"PropertyValueSpecification","valueRequired":true,"valueName":"search_term_string"}}],"inLanguage":"pt-PT"},{"@type":"Person","@id":"https:\/\/portaltela.pt\/#\/schema\/person\/c4278d4a6028830caff9ee44b42d32ed","name":"Telinha","image":{"@type":"ImageObject","inLanguage":"pt-PT","@id":"https:\/\/portaltela.pt\/s.01k8rhncp4jt1\/2025\/11\/talking-bot-125x125.png","url":"https:\/\/portaltela.pt\/s.01k8rhncp4jt1\/2025\/11\/talking-bot-125x125.png","contentUrl":"https:\/\/portaltela.pt\/s.01k8rhncp4jt1\/2025\/11\/talking-bot-125x125.png","caption":"Telinha"},"sameAs":["https:\/\/portaltela.pt\/"],"url":"https:\/\/portaltela.pt\/por\/367410592786\/"}]}},"_links":{"self":[{"href":"https:\/\/portaltela.pt\/api\/wp\/v2\/posts\/440336","targetHints":{"allow":["GET"]}}],"collection":[{"href":"https:\/\/portaltela.pt\/api\/wp\/v2\/posts"}],"about":[{"href":"https:\/\/portaltela.pt\/api\/wp\/v2\/types\/post"}],"author":[{"embeddable":true,"href":"https:\/\/portaltela.pt\/api\/wp\/v2\/users\/2"}],"replies":[{"embeddable":true,"href":"https:\/\/portaltela.pt\/api\/wp\/v2\/comments?post=440336"}],"version-history":[{"count":0,"href":"https:\/\/portaltela.pt\/api\/wp\/v2\/posts\/440336\/revisions"}],"wp:featuredmedia":[{"embeddable":true,"href":"https:\/\/portaltela.pt\/api\/wp\/v2\/media\/440339"}],"wp:attachment":[{"href":"https:\/\/portaltela.pt\/api\/wp\/v2\/media?parent=440336"}],"wp:term":[{"taxonomy":"category","embeddable":true,"href":"https:\/\/portaltela.pt\/api\/wp\/v2\/categories?post=440336"},{"taxonomy":"post_tag","embeddable":true,"href":"https:\/\/portaltela.pt\/api\/wp\/v2\/tags?post=440336"}],"curies":[{"name":"wp","href":"https:\/\/api.w.org\/{rel}","templated":true}]}}