{"id":440313,"date":"2026-04-11T06:02:22","date_gmt":"2026-04-11T09:02:22","guid":{"rendered":"https:\/\/portaltela.pt\/noticias\/2026\/04\/11\/ruas-de-gondomar-continuam-sem-iluminacao-publica-dois-meses-apos-tempestade\/"},"modified":"2026-04-11T06:02:22","modified_gmt":"2026-04-11T09:02:22","slug":"ruas-de-gondomar-continuam-sem-iluminacao-publica-dois-meses-apos-tempestade","status":"publish","type":"post","link":"https:\/\/portaltela.pt\/meio-ambiente\/2026\/04\/11\/ruas-de-gondomar-continuam-sem-iluminacao-publica-dois-meses-apos-tempestade\/","title":{"rendered":"Ruas de Gondomar continuam sem ilumina\u00e7\u00e3o p\u00fablica dois meses ap\u00f3s tempestade"},"content":{"rendered":"<p>Moradores de Gondomar continuam a enfrentar a falta de ilumina\u00e7\u00e3o p\u00fablica, dois meses depois da tempestade que danificou vias e infraestruturas. A situa\u00e7\u00e3o persiste apesar de chamados aos servi\u00e7os municipais.<\/p>\n<p>A aus\u00eancia de luz dificulta a circula\u00e7\u00e3o de pessoas, em particular de idosos, aumentando os riscos de acidentes e de sensa\u00e7\u00e3o de inseguran\u00e7a nas ruas da cidade. O problema j\u00e1 foi tido em conta pela comunidade local.<\/p>\n<h3>Caso reportado ao Munic\u00edpio<\/h3>\n<p>Segundo relatos, a situa\u00e7\u00e3o j\u00e1 foi comunicada \u00e0s autoridades municipais, que confirmaram ter recebido o queixas. N\u00e3o h\u00e1 ainda uma calendariza\u00e7\u00e3o p\u00fablica para a solu\u00e7\u00e3o nem autoriza\u00e7\u00f5es de repara\u00e7\u00e3o conclu\u00eddas.<\/p>\n<p>Os moradores solicitam interven\u00e7\u00e3o r\u00e1pida para restabelecer a ilumina\u00e7\u00e3o em zonas mais cr\u00edticas, assegurando mobilidade segura, especialmente em hor\u00e1rios de menor luminosidade. A comunica\u00e7\u00e3o entre comunidade e munic\u00edpio permanece em curso.<\/p>\n","protected":false},"excerpt":{"rendered":"<ul>\n<li>Em Gondomar, as ruas continuam sem ilumina\u00e7\u00e3o p\u00fablica dois meses ap\u00f3s a tempestade que danificou a infraestrutura.<\/li>\n<li>Moradores dizem que os idosos deixam de circular \u00e0 noite e alertam para os riscos decorrentes do tr\u00e2nsito.<\/li>\n<li>A situa\u00e7\u00e3o j\u00e1 foi reportada ao munic\u00edpio.<\/li>\n<li>At\u00e9 ao momento n\u00e3o h\u00e1 solu\u00e7\u00e3o definitiva apresentada pelas autoridades.<\/li>\n<li>A popula\u00e7\u00e3o pede interven\u00e7\u00e3o r\u00e1pida para garantir a seguran\u00e7a e o bem\u2011estar de todos.<\/li>\n<\/ul>\n","protected":false},"author":2,"featured_media":440315,"comment_status":"closed","ping_status":"closed","sticky":false,"template":"","format":"standard","meta":{"footnotes":""},"categories":[7372,6725],"tags":[1243,735,1615,45,250],"class_list":["post-440313","post","type-post","status-publish","format-standard","has-post-thumbnail","hentry","category-comunidade","category-meio-ambiente","tag-gondomar","tag-iluminacao-publica","tag-infraestrutura","tag-meio-ambiente","tag-seguranca-publica"],"yoast_head":"<!-- This site is optimized with the Yoast SEO plugin v27.2 - https:\/\/yoast.com\/product\/yoast-seo-wordpress\/ -->\n<title>Ruas de Gondomar continuam sem ilumina\u00e7\u00e3o p\u00fablica dois meses ap\u00f3s tempestade - Portal Tela Portugal<\/title>\n<meta name=\"robots\" content=\"index, follow, max-snippet:-1, max-image-preview:large, max-video-preview:-1\" \/>\n<meta property=\"og:locale\" content=\"pt_PT\" \/>\n<meta property=\"og:type\" content=\"article\" \/>\n<meta property=\"og:title\" content=\"Ruas de Gondomar continuam sem ilumina\u00e7\u00e3o p\u00fablica dois meses ap\u00f3s tempestade - Portal Tela Portugal\" \/>\n<meta property=\"og:description\" content=\"Em Gondomar, as ruas continuam sem ilumina\u00e7\u00e3o p\u00fablica dois meses ap\u00f3s a tempestade que danificou a infraestrutura. Moradores dizem que os idosos deixam de circular \u00e0 noite e alertam para os riscos decorrentes do tr\u00e2nsito. A situa\u00e7\u00e3o j\u00e1 foi reportada ao munic\u00edpio. At\u00e9 ao momento n\u00e3o h\u00e1 solu\u00e7\u00e3o definitiva apresentada pelas autoridades. A popula\u00e7\u00e3o pede interven\u00e7\u00e3o r\u00e1pida para garantir a seguran\u00e7a e o bem\u2011estar de todos.\" \/>\n<meta property=\"og:url\" content=\"https:\/\/portaltela.pt\/noticias\/2026\/04\/11\/ruas-de-gondomar-continuam-sem-iluminacao-publica-dois-meses-apos-tempestade\/\" \/>\n<meta property=\"og:site_name\" content=\"Portal Tela Portugal\" \/>\n<meta property=\"article:published_time\" content=\"2026-04-11T09:02:22+00:00\" \/>\n<meta name=\"author\" content=\"Telinha\" \/>\n<meta name=\"twitter:card\" content=\"summary_large_image\" \/>\n<meta name=\"twitter:label1\" content=\"Escrito por\" \/>\n\t<meta name=\"twitter:data1\" content=\"Telinha\" \/>\n\t<meta name=\"twitter:label2\" content=\"Tempo estimado de leitura\" \/>\n\t<meta name=\"twitter:data2\" content=\"1 minuto\" \/>\n<script type=\"application\/ld+json\" class=\"yoast-schema-graph\">{\"@context\":\"https:\/\/schema.org\",\"@graph\":[{\"@type\":\"Article\",\"@id\":\"https:\/\/portaltela.pt\/noticias\/2026\/04\/11\/ruas-de-gondomar-continuam-sem-iluminacao-publica-dois-meses-apos-tempestade\/#article\",\"isPartOf\":{\"@id\":\"https:\/\/portaltela.pt\/noticias\/2026\/04\/11\/ruas-de-gondomar-continuam-sem-iluminacao-publica-dois-meses-apos-tempestade\/\"},\"author\":{\"name\":\"Telinha\",\"@id\":\"https:\/\/portaltela.pt\/#\/schema\/person\/c4278d4a6028830caff9ee44b42d32ed\"},\"headline\":\"Ruas de Gondomar continuam sem ilumina\u00e7\u00e3o p\u00fablica dois meses ap\u00f3s tempestade\",\"datePublished\":\"2026-04-11T09:02:22+00:00\",\"mainEntityOfPage\":{\"@id\":\"https:\/\/portaltela.pt\/noticias\/2026\/04\/11\/ruas-de-gondomar-continuam-sem-iluminacao-publica-dois-meses-apos-tempestade\/\"},\"wordCount\":170,\"image\":{\"@id\":\"https:\/\/portaltela.pt\/noticias\/2026\/04\/11\/ruas-de-gondomar-continuam-sem-iluminacao-publica-dois-meses-apos-tempestade\/#primaryimage\"},\"thumbnailUrl\":\"https:\/\/portaltela.pt\/s.01k8rhncp4jt1\/2026\/04\/img_1280x722uu2026-04-11-09-52-57-2277891.jpg\",\"keywords\":[\"Gondomar\",\"ilumina\u00e7\u00e3o p\u00fablica\",\"infraestrutura\",\"meio-ambiente\",\"seguran\u00e7a p\u00fablica\"],\"articleSection\":[\"Comunidade\",\"Meio Ambiente\"],\"inLanguage\":\"pt-PT\"},{\"@type\":\"WebPage\",\"@id\":\"https:\/\/portaltela.pt\/noticias\/2026\/04\/11\/ruas-de-gondomar-continuam-sem-iluminacao-publica-dois-meses-apos-tempestade\/\",\"url\":\"https:\/\/portaltela.pt\/noticias\/2026\/04\/11\/ruas-de-gondomar-continuam-sem-iluminacao-publica-dois-meses-apos-tempestade\/\",\"name\":\"Ruas de Gondomar continuam sem ilumina\u00e7\u00e3o p\u00fablica dois meses ap\u00f3s tempestade - Portal Tela Portugal\",\"isPartOf\":{\"@id\":\"https:\/\/portaltela.pt\/#website\"},\"primaryImageOfPage\":{\"@id\":\"https:\/\/portaltela.pt\/noticias\/2026\/04\/11\/ruas-de-gondomar-continuam-sem-iluminacao-publica-dois-meses-apos-tempestade\/#primaryimage\"},\"image\":{\"@id\":\"https:\/\/portaltela.pt\/noticias\/2026\/04\/11\/ruas-de-gondomar-continuam-sem-iluminacao-publica-dois-meses-apos-tempestade\/#primaryimage\"},\"thumbnailUrl\":\"https:\/\/portaltela.pt\/s.01k8rhncp4jt1\/2026\/04\/img_1280x722uu2026-04-11-09-52-57-2277891.jpg\",\"datePublished\":\"2026-04-11T09:02:22+00:00\",\"author\":{\"@id\":\"https:\/\/portaltela.pt\/#\/schema\/person\/c4278d4a6028830caff9ee44b42d32ed\"},\"breadcrumb\":{\"@id\":\"https:\/\/portaltela.pt\/noticias\/2026\/04\/11\/ruas-de-gondomar-continuam-sem-iluminacao-publica-dois-meses-apos-tempestade\/#breadcrumb\"},\"inLanguage\":\"pt-PT\",\"potentialAction\":[{\"@type\":\"ReadAction\",\"target\":[\"https:\/\/portaltela.pt\/noticias\/2026\/04\/11\/ruas-de-gondomar-continuam-sem-iluminacao-publica-dois-meses-apos-tempestade\/\"]}]},{\"@type\":\"ImageObject\",\"inLanguage\":\"pt-PT\",\"@id\":\"https:\/\/portaltela.pt\/noticias\/2026\/04\/11\/ruas-de-gondomar-continuam-sem-iluminacao-publica-dois-meses-apos-tempestade\/#primaryimage\",\"url\":\"https:\/\/portaltela.pt\/s.01k8rhncp4jt1\/2026\/04\/img_1280x722uu2026-04-11-09-52-57-2277891.jpg\",\"contentUrl\":\"https:\/\/portaltela.pt\/s.01k8rhncp4jt1\/2026\/04\/img_1280x722uu2026-04-11-09-52-57-2277891.jpg\",\"width\":796,\"height\":448,\"caption\":\"Ruas de Gondomar continuam sem ilumina\u00e7\u00e3o p\u00fablica dois meses ap\u00f3s tempestade\"},{\"@type\":\"BreadcrumbList\",\"@id\":\"https:\/\/portaltela.pt\/noticias\/2026\/04\/11\/ruas-de-gondomar-continuam-sem-iluminacao-publica-dois-meses-apos-tempestade\/#breadcrumb\",\"itemListElement\":[{\"@type\":\"ListItem\",\"position\":1,\"name\":\"In\u00edcio\",\"item\":\"https:\/\/portaltela.pt\/\"},{\"@type\":\"ListItem\",\"position\":2,\"name\":\"Ruas de Gondomar continuam sem ilumina\u00e7\u00e3o p\u00fablica dois meses ap\u00f3s tempestade\"}]},{\"@type\":\"WebSite\",\"@id\":\"https:\/\/portaltela.pt\/#website\",\"url\":\"https:\/\/portaltela.pt\/\",\"name\":\"Portal Tela Portugal\",\"description\":\"\",\"potentialAction\":[{\"@type\":\"SearchAction\",\"target\":{\"@type\":\"EntryPoint\",\"urlTemplate\":\"https:\/\/portaltela.pt\/?s={search_term_string}\"},\"query-input\":{\"@type\":\"PropertyValueSpecification\",\"valueRequired\":true,\"valueName\":\"search_term_string\"}}],\"inLanguage\":\"pt-PT\"},{\"@type\":\"Person\",\"@id\":\"https:\/\/portaltela.pt\/#\/schema\/person\/c4278d4a6028830caff9ee44b42d32ed\",\"name\":\"Telinha\",\"image\":{\"@type\":\"ImageObject\",\"inLanguage\":\"pt-PT\",\"@id\":\"https:\/\/portaltela.pt\/s.01k8rhncp4jt1\/2025\/11\/talking-bot-125x125.png\",\"url\":\"https:\/\/portaltela.pt\/s.01k8rhncp4jt1\/2025\/11\/talking-bot-125x125.png\",\"contentUrl\":\"https:\/\/portaltela.pt\/s.01k8rhncp4jt1\/2025\/11\/talking-bot-125x125.png\",\"caption\":\"Telinha\"},\"sameAs\":[\"https:\/\/portaltela.pt\/\"],\"url\":\"https:\/\/portaltela.pt\/por\/367410592786\/\"}]}<\/script>\n<!-- \/ Yoast SEO plugin. -->","yoast_head_json":{"title":"Ruas de Gondomar continuam sem ilumina\u00e7\u00e3o p\u00fablica dois meses ap\u00f3s tempestade - Portal Tela Portugal","robots":{"index":"index","follow":"follow","max-snippet":"max-snippet:-1","max-image-preview":"max-image-preview:large","max-video-preview":"max-video-preview:-1"},"og_locale":"pt_PT","og_type":"article","og_title":"Ruas de Gondomar continuam sem ilumina\u00e7\u00e3o p\u00fablica dois meses ap\u00f3s tempestade - Portal Tela Portugal","og_description":"Em Gondomar, as ruas continuam sem ilumina\u00e7\u00e3o p\u00fablica dois meses ap\u00f3s a tempestade que danificou a infraestrutura. Moradores dizem que os idosos deixam de circular \u00e0 noite e alertam para os riscos decorrentes do tr\u00e2nsito. A situa\u00e7\u00e3o j\u00e1 foi reportada ao munic\u00edpio. At\u00e9 ao momento n\u00e3o h\u00e1 solu\u00e7\u00e3o definitiva apresentada pelas autoridades. A popula\u00e7\u00e3o pede interven\u00e7\u00e3o r\u00e1pida para garantir a seguran\u00e7a e o bem\u2011estar de todos.","og_url":"https:\/\/portaltela.pt\/noticias\/2026\/04\/11\/ruas-de-gondomar-continuam-sem-iluminacao-publica-dois-meses-apos-tempestade\/","og_site_name":"Portal Tela Portugal","article_published_time":"2026-04-11T09:02:22+00:00","author":"Telinha","twitter_card":"summary_large_image","twitter_misc":{"Escrito por":"Telinha","Tempo estimado de leitura":"1 minuto"},"schema":{"@context":"https:\/\/schema.org","@graph":[{"@type":"Article","@id":"https:\/\/portaltela.pt\/noticias\/2026\/04\/11\/ruas-de-gondomar-continuam-sem-iluminacao-publica-dois-meses-apos-tempestade\/#article","isPartOf":{"@id":"https:\/\/portaltela.pt\/noticias\/2026\/04\/11\/ruas-de-gondomar-continuam-sem-iluminacao-publica-dois-meses-apos-tempestade\/"},"author":{"name":"Telinha","@id":"https:\/\/portaltela.pt\/#\/schema\/person\/c4278d4a6028830caff9ee44b42d32ed"},"headline":"Ruas de Gondomar continuam sem ilumina\u00e7\u00e3o p\u00fablica dois meses ap\u00f3s tempestade","datePublished":"2026-04-11T09:02:22+00:00","mainEntityOfPage":{"@id":"https:\/\/portaltela.pt\/noticias\/2026\/04\/11\/ruas-de-gondomar-continuam-sem-iluminacao-publica-dois-meses-apos-tempestade\/"},"wordCount":170,"image":{"@id":"https:\/\/portaltela.pt\/noticias\/2026\/04\/11\/ruas-de-gondomar-continuam-sem-iluminacao-publica-dois-meses-apos-tempestade\/#primaryimage"},"thumbnailUrl":"https:\/\/portaltela.pt\/s.01k8rhncp4jt1\/2026\/04\/img_1280x722uu2026-04-11-09-52-57-2277891.jpg","keywords":["Gondomar","ilumina\u00e7\u00e3o p\u00fablica","infraestrutura","meio-ambiente","seguran\u00e7a p\u00fablica"],"articleSection":["Comunidade","Meio Ambiente"],"inLanguage":"pt-PT"},{"@type":"WebPage","@id":"https:\/\/portaltela.pt\/noticias\/2026\/04\/11\/ruas-de-gondomar-continuam-sem-iluminacao-publica-dois-meses-apos-tempestade\/","url":"https:\/\/portaltela.pt\/noticias\/2026\/04\/11\/ruas-de-gondomar-continuam-sem-iluminacao-publica-dois-meses-apos-tempestade\/","name":"Ruas de Gondomar continuam sem ilumina\u00e7\u00e3o p\u00fablica dois meses ap\u00f3s tempestade - Portal Tela Portugal","isPartOf":{"@id":"https:\/\/portaltela.pt\/#website"},"primaryImageOfPage":{"@id":"https:\/\/portaltela.pt\/noticias\/2026\/04\/11\/ruas-de-gondomar-continuam-sem-iluminacao-publica-dois-meses-apos-tempestade\/#primaryimage"},"image":{"@id":"https:\/\/portaltela.pt\/noticias\/2026\/04\/11\/ruas-de-gondomar-continuam-sem-iluminacao-publica-dois-meses-apos-tempestade\/#primaryimage"},"thumbnailUrl":"https:\/\/portaltela.pt\/s.01k8rhncp4jt1\/2026\/04\/img_1280x722uu2026-04-11-09-52-57-2277891.jpg","datePublished":"2026-04-11T09:02:22+00:00","author":{"@id":"https:\/\/portaltela.pt\/#\/schema\/person\/c4278d4a6028830caff9ee44b42d32ed"},"breadcrumb":{"@id":"https:\/\/portaltela.pt\/noticias\/2026\/04\/11\/ruas-de-gondomar-continuam-sem-iluminacao-publica-dois-meses-apos-tempestade\/#breadcrumb"},"inLanguage":"pt-PT","potentialAction":[{"@type":"ReadAction","target":["https:\/\/portaltela.pt\/noticias\/2026\/04\/11\/ruas-de-gondomar-continuam-sem-iluminacao-publica-dois-meses-apos-tempestade\/"]}]},{"@type":"ImageObject","inLanguage":"pt-PT","@id":"https:\/\/portaltela.pt\/noticias\/2026\/04\/11\/ruas-de-gondomar-continuam-sem-iluminacao-publica-dois-meses-apos-tempestade\/#primaryimage","url":"https:\/\/portaltela.pt\/s.01k8rhncp4jt1\/2026\/04\/img_1280x722uu2026-04-11-09-52-57-2277891.jpg","contentUrl":"https:\/\/portaltela.pt\/s.01k8rhncp4jt1\/2026\/04\/img_1280x722uu2026-04-11-09-52-57-2277891.jpg","width":796,"height":448,"caption":"Ruas de Gondomar continuam sem ilumina\u00e7\u00e3o p\u00fablica dois meses ap\u00f3s tempestade"},{"@type":"BreadcrumbList","@id":"https:\/\/portaltela.pt\/noticias\/2026\/04\/11\/ruas-de-gondomar-continuam-sem-iluminacao-publica-dois-meses-apos-tempestade\/#breadcrumb","itemListElement":[{"@type":"ListItem","position":1,"name":"In\u00edcio","item":"https:\/\/portaltela.pt\/"},{"@type":"ListItem","position":2,"name":"Ruas de Gondomar continuam sem ilumina\u00e7\u00e3o p\u00fablica dois meses ap\u00f3s tempestade"}]},{"@type":"WebSite","@id":"https:\/\/portaltela.pt\/#website","url":"https:\/\/portaltela.pt\/","name":"Portal Tela Portugal","description":"","potentialAction":[{"@type":"SearchAction","target":{"@type":"EntryPoint","urlTemplate":"https:\/\/portaltela.pt\/?s={search_term_string}"},"query-input":{"@type":"PropertyValueSpecification","valueRequired":true,"valueName":"search_term_string"}}],"inLanguage":"pt-PT"},{"@type":"Person","@id":"https:\/\/portaltela.pt\/#\/schema\/person\/c4278d4a6028830caff9ee44b42d32ed","name":"Telinha","image":{"@type":"ImageObject","inLanguage":"pt-PT","@id":"https:\/\/portaltela.pt\/s.01k8rhncp4jt1\/2025\/11\/talking-bot-125x125.png","url":"https:\/\/portaltela.pt\/s.01k8rhncp4jt1\/2025\/11\/talking-bot-125x125.png","contentUrl":"https:\/\/portaltela.pt\/s.01k8rhncp4jt1\/2025\/11\/talking-bot-125x125.png","caption":"Telinha"},"sameAs":["https:\/\/portaltela.pt\/"],"url":"https:\/\/portaltela.pt\/por\/367410592786\/"}]}},"_links":{"self":[{"href":"https:\/\/portaltela.pt\/api\/wp\/v2\/posts\/440313","targetHints":{"allow":["GET"]}}],"collection":[{"href":"https:\/\/portaltela.pt\/api\/wp\/v2\/posts"}],"about":[{"href":"https:\/\/portaltela.pt\/api\/wp\/v2\/types\/post"}],"author":[{"embeddable":true,"href":"https:\/\/portaltela.pt\/api\/wp\/v2\/users\/2"}],"replies":[{"embeddable":true,"href":"https:\/\/portaltela.pt\/api\/wp\/v2\/comments?post=440313"}],"version-history":[{"count":0,"href":"https:\/\/portaltela.pt\/api\/wp\/v2\/posts\/440313\/revisions"}],"wp:featuredmedia":[{"embeddable":true,"href":"https:\/\/portaltela.pt\/api\/wp\/v2\/media\/440315"}],"wp:attachment":[{"href":"https:\/\/portaltela.pt\/api\/wp\/v2\/media?parent=440313"}],"wp:term":[{"taxonomy":"category","embeddable":true,"href":"https:\/\/portaltela.pt\/api\/wp\/v2\/categories?post=440313"},{"taxonomy":"post_tag","embeddable":true,"href":"https:\/\/portaltela.pt\/api\/wp\/v2\/tags?post=440313"}],"curies":[{"name":"wp","href":"https:\/\/api.w.org\/{rel}","templated":true}]}}