{"id":440304,"date":"2026-04-11T05:32:34","date_gmt":"2026-04-11T08:32:34","guid":{"rendered":"https:\/\/portaltela.pt\/noticias\/2026\/04\/11\/d-jose-ornelas-diz-que-debate-sobre-mudancas-na-igreja-deve-levar-a-decisoes\/"},"modified":"2026-04-11T05:32:34","modified_gmt":"2026-04-11T08:32:34","slug":"d-jose-ornelas-diz-que-debate-sobre-mudancas-na-igreja-deve-levar-a-decisoes","status":"publish","type":"post","link":"https:\/\/portaltela.pt\/sociedade\/2026\/04\/11\/d-jose-ornelas-diz-que-debate-sobre-mudancas-na-igreja-deve-levar-a-decisoes\/","title":{"rendered":"D. Jos\u00e9 Ornelas diz que debate sobre mudan\u00e7as na Igreja deve levar a decis\u00f5es"},"content":{"rendered":"<p>O presidente da Confer\u00eancia Episcopal Portuguesa (CEP) afirma que o debate interno sobre altera\u00e7\u00f5es na Igreja tem de terminar com decis\u00f5es do Papa. A ideia foi partilhada numa entrevista de balan\u00e7o aos dois mandatos \u00e0 frente da CEP.<\/p>\n<p>Ornelas deixa claro que h\u00e1 decis\u00f5es a tomar e que a direc\u00e7\u00e3o n\u00e3o coloca em causa a capacidade de a Igreja aggravar fi\u00e9is. O s\u00ednodo, iniciado pelo Papa, cabe agora a Le\u00e3o XIV traduzir em a\u00e7\u00e3o pr\u00e1tica.<\/p>\n<p>No balan\u00e7o, o bispo recorda que o objetivo \u00e9 distinguir o essencial do que pode ficar de fora, sem desvirtuar os valores cat\u00f3licos. A diversidade \u00e9 apresentada como compat\u00edvel com a unidade.<\/p>\n<h3>S\u00ednodo e decis\u00f5es papais<\/h3>\n<p>Durante o di\u00e1logo em Roma, o tema da ordena\u00e7\u00e3o de mulheres, do celibato sacerdotal e do papel de divorciados e pessoas LGBTQ+ foi central. Ornelas sustenta que cada cultura requer tradu\u00e7\u00f5es do Evangelho em pr\u00e1tica local.<\/p>\n<p>O bispo cita casos de ritos diferentes dentro da mesma igreja e destaca que a ordena\u00e7\u00e3o de homens casados \u00e9 uma op\u00e7\u00e3o que pode ser compreendida melhor pela experi\u00eancia de outras tradi\u00e7\u00f5es crist\u00e3s.<\/p>\n<p>Quanto ao diaconado feminino, reconhece que \u00e9 uma forma de iniciar a reflex\u00e3o sobre a ordena\u00e7\u00e3o de mulheres, mantendo o foco no discernimento pastorally respons\u00e1vel.<\/p>\n<h3>Impacto na Igreja em Portugal<\/h3>\n<p>Ornelas aponta que o debate n\u00e3o pode ser adiado indefinidamente, mantendo a necess\u00e1ria pondera\u00e7\u00e3o entre mudan\u00e7a e continuidade. A experi\u00eancia recente da JMJ em Lisboa \u00e9 referida como marco de renova\u00e7\u00e3o.<\/p>\n<p>O l\u00edder da CEP frisa ainda que a Igreja dever\u00e1 adaptar-se a uma procura de f\u00e9 mais centrada na espiritualidade, com menos \u00eanfase nos ritos tradicionais. O conjunto da reflex\u00e3o envolve v\u00e1rias realidades culturais.<\/p>\n","protected":false},"excerpt":{"rendered":"<ul>\n<li>O presidente da Confer\u00eancia Episcopal Portuguesa afirma que o debate interno sobre mudan\u00e7as na Igreja tem de terminar com decis\u00f5es do Papa.<\/li>\n<li>O s\u00ednodo, iniciado por o Papa Francisco, cabe agora a Le\u00e3o XIV tomar as decis\u00f5es sobre temas fraturantes como ordena\u00e7\u00e3o de mulheres, celibato dos padres e lugar dos divorciados e gays.<\/li>\n<li>Existem op\u00e7\u00f5es como a ordena\u00e7\u00e3o de homens casados, reconhecendo diferentes ritos dentro da Igreja Cat\u00f3lica, e a discuss\u00e3o sobre o celibato.<\/li>\n<li>A cria\u00e7\u00e3o do diaconado feminino \u00e9 visto como forma de iniciar a reflex\u00e3o sobre a ordena\u00e7\u00e3o de mulheres e ajudar a Igreja no seu caminho.<\/li>\n<li>O l\u00edder da CEP destaca que a Igreja precisa adaptar-se a mudan\u00e7as culturais e tecnol\u00f3gicas, mantendo o essencial da sua f\u00e9 e acolhendo fi\u00e9is de diferentes culturas.<\/li>\n<\/ul>\n","protected":false},"author":2,"featured_media":440306,"comment_status":"closed","ping_status":"closed","sticky":false,"template":"","format":"standard","meta":{"footnotes":""},"categories":[7384,6871],"tags":[2978,6339,7747,104],"class_list":["post-440304","post","type-post","status-publish","format-standard","has-post-thumbnail","hentry","category-curiosidades","category-sociedade","tag-catolico","tag-catolicos","tag-diversidade","tag-religiao"],"yoast_head":"<!-- This site is optimized with the Yoast SEO plugin v27.2 - https:\/\/yoast.com\/product\/yoast-seo-wordpress\/ -->\n<title>D. Jos\u00e9 Ornelas diz que debate sobre mudan\u00e7as na Igreja deve levar a decis\u00f5es - Portal Tela Portugal<\/title>\n<meta name=\"robots\" content=\"index, follow, max-snippet:-1, max-image-preview:large, max-video-preview:-1\" \/>\n<meta property=\"og:locale\" content=\"pt_PT\" \/>\n<meta property=\"og:type\" content=\"article\" \/>\n<meta property=\"og:title\" content=\"D. Jos\u00e9 Ornelas diz que debate sobre mudan\u00e7as na Igreja deve levar a decis\u00f5es - Portal Tela Portugal\" \/>\n<meta property=\"og:description\" content=\"O presidente da Confer\u00eancia Episcopal Portuguesa afirma que o debate interno sobre mudan\u00e7as na Igreja tem de terminar com decis\u00f5es do Papa. O s\u00ednodo, iniciado por o Papa Francisco, cabe agora a Le\u00e3o XIV tomar as decis\u00f5es sobre temas fraturantes como ordena\u00e7\u00e3o de mulheres, celibato dos padres e lugar dos divorciados e gays. Existem op\u00e7\u00f5es como a ordena\u00e7\u00e3o de homens casados, reconhecendo diferentes ritos dentro da Igreja Cat\u00f3lica, e a discuss\u00e3o sobre o celibato. A cria\u00e7\u00e3o do diaconado feminino \u00e9 visto como forma de iniciar a reflex\u00e3o sobre a ordena\u00e7\u00e3o de mulheres e ajudar a Igreja no seu caminho. O l\u00edder da CEP destaca que a Igreja precisa adaptar-se a mudan\u00e7as culturais e tecnol\u00f3gicas, mantendo o essencial da sua f\u00e9 e acolhendo fi\u00e9is de diferentes culturas.\" \/>\n<meta property=\"og:url\" content=\"https:\/\/portaltela.pt\/noticias\/2026\/04\/11\/d-jose-ornelas-diz-que-debate-sobre-mudancas-na-igreja-deve-levar-a-decisoes\/\" \/>\n<meta property=\"og:site_name\" content=\"Portal Tela Portugal\" \/>\n<meta property=\"article:published_time\" content=\"2026-04-11T08:32:34+00:00\" \/>\n<meta name=\"author\" content=\"Telinha\" \/>\n<meta name=\"twitter:card\" content=\"summary_large_image\" \/>\n<meta name=\"twitter:label1\" content=\"Escrito por\" \/>\n\t<meta name=\"twitter:data1\" content=\"Telinha\" \/>\n\t<meta name=\"twitter:label2\" content=\"Tempo estimado de leitura\" \/>\n\t<meta name=\"twitter:data2\" content=\"2 minutos\" \/>\n<script type=\"application\/ld+json\" class=\"yoast-schema-graph\">{\"@context\":\"https:\/\/schema.org\",\"@graph\":[{\"@type\":\"Article\",\"@id\":\"https:\/\/portaltela.pt\/noticias\/2026\/04\/11\/d-jose-ornelas-diz-que-debate-sobre-mudancas-na-igreja-deve-levar-a-decisoes\/#article\",\"isPartOf\":{\"@id\":\"https:\/\/portaltela.pt\/noticias\/2026\/04\/11\/d-jose-ornelas-diz-que-debate-sobre-mudancas-na-igreja-deve-levar-a-decisoes\/\"},\"author\":{\"name\":\"Telinha\",\"@id\":\"https:\/\/portaltela.pt\/#\/schema\/person\/c4278d4a6028830caff9ee44b42d32ed\"},\"headline\":\"D. Jos\u00e9 Ornelas diz que debate sobre mudan\u00e7as na Igreja deve levar a decis\u00f5es\",\"datePublished\":\"2026-04-11T08:32:34+00:00\",\"mainEntityOfPage\":{\"@id\":\"https:\/\/portaltela.pt\/noticias\/2026\/04\/11\/d-jose-ornelas-diz-que-debate-sobre-mudancas-na-igreja-deve-levar-a-decisoes\/\"},\"wordCount\":323,\"image\":{\"@id\":\"https:\/\/portaltela.pt\/noticias\/2026\/04\/11\/d-jose-ornelas-diz-que-debate-sobre-mudancas-na-igreja-deve-levar-a-decisoes\/#primaryimage\"},\"thumbnailUrl\":\"https:\/\/portaltela.pt\/s.01k8rhncp4jt1\/2026\/04\/img_1500x1000uu2024-11-11-20-29-32-2176763.jpg\",\"keywords\":[\"cat\u00f3lico\",\"cat\u00f3licos\",\"diversidade\",\"religi\u00e3o\"],\"articleSection\":[\"Curiosidades\",\"Sociedade\"],\"inLanguage\":\"pt-PT\"},{\"@type\":\"WebPage\",\"@id\":\"https:\/\/portaltela.pt\/noticias\/2026\/04\/11\/d-jose-ornelas-diz-que-debate-sobre-mudancas-na-igreja-deve-levar-a-decisoes\/\",\"url\":\"https:\/\/portaltela.pt\/noticias\/2026\/04\/11\/d-jose-ornelas-diz-que-debate-sobre-mudancas-na-igreja-deve-levar-a-decisoes\/\",\"name\":\"D. Jos\u00e9 Ornelas diz que debate sobre mudan\u00e7as na Igreja deve levar a decis\u00f5es - Portal Tela Portugal\",\"isPartOf\":{\"@id\":\"https:\/\/portaltela.pt\/#website\"},\"primaryImageOfPage\":{\"@id\":\"https:\/\/portaltela.pt\/noticias\/2026\/04\/11\/d-jose-ornelas-diz-que-debate-sobre-mudancas-na-igreja-deve-levar-a-decisoes\/#primaryimage\"},\"image\":{\"@id\":\"https:\/\/portaltela.pt\/noticias\/2026\/04\/11\/d-jose-ornelas-diz-que-debate-sobre-mudancas-na-igreja-deve-levar-a-decisoes\/#primaryimage\"},\"thumbnailUrl\":\"https:\/\/portaltela.pt\/s.01k8rhncp4jt1\/2026\/04\/img_1500x1000uu2024-11-11-20-29-32-2176763.jpg\",\"datePublished\":\"2026-04-11T08:32:34+00:00\",\"author\":{\"@id\":\"https:\/\/portaltela.pt\/#\/schema\/person\/c4278d4a6028830caff9ee44b42d32ed\"},\"breadcrumb\":{\"@id\":\"https:\/\/portaltela.pt\/noticias\/2026\/04\/11\/d-jose-ornelas-diz-que-debate-sobre-mudancas-na-igreja-deve-levar-a-decisoes\/#breadcrumb\"},\"inLanguage\":\"pt-PT\",\"potentialAction\":[{\"@type\":\"ReadAction\",\"target\":[\"https:\/\/portaltela.pt\/noticias\/2026\/04\/11\/d-jose-ornelas-diz-que-debate-sobre-mudancas-na-igreja-deve-levar-a-decisoes\/\"]}]},{\"@type\":\"ImageObject\",\"inLanguage\":\"pt-PT\",\"@id\":\"https:\/\/portaltela.pt\/noticias\/2026\/04\/11\/d-jose-ornelas-diz-que-debate-sobre-mudancas-na-igreja-deve-levar-a-decisoes\/#primaryimage\",\"url\":\"https:\/\/portaltela.pt\/s.01k8rhncp4jt1\/2026\/04\/img_1500x1000uu2024-11-11-20-29-32-2176763.jpg\",\"contentUrl\":\"https:\/\/portaltela.pt\/s.01k8rhncp4jt1\/2026\/04\/img_1500x1000uu2024-11-11-20-29-32-2176763.jpg\",\"width\":796,\"height\":448,\"caption\":\"Presidente da Confer\u00eancia Episcopal Portuguesa, Jos\u00e9 Ornelas\"},{\"@type\":\"BreadcrumbList\",\"@id\":\"https:\/\/portaltela.pt\/noticias\/2026\/04\/11\/d-jose-ornelas-diz-que-debate-sobre-mudancas-na-igreja-deve-levar-a-decisoes\/#breadcrumb\",\"itemListElement\":[{\"@type\":\"ListItem\",\"position\":1,\"name\":\"In\u00edcio\",\"item\":\"https:\/\/portaltela.pt\/\"},{\"@type\":\"ListItem\",\"position\":2,\"name\":\"D. Jos\u00e9 Ornelas diz que debate sobre mudan\u00e7as na Igreja deve levar a decis\u00f5es\"}]},{\"@type\":\"WebSite\",\"@id\":\"https:\/\/portaltela.pt\/#website\",\"url\":\"https:\/\/portaltela.pt\/\",\"name\":\"Portal Tela Portugal\",\"description\":\"\",\"potentialAction\":[{\"@type\":\"SearchAction\",\"target\":{\"@type\":\"EntryPoint\",\"urlTemplate\":\"https:\/\/portaltela.pt\/?s={search_term_string}\"},\"query-input\":{\"@type\":\"PropertyValueSpecification\",\"valueRequired\":true,\"valueName\":\"search_term_string\"}}],\"inLanguage\":\"pt-PT\"},{\"@type\":\"Person\",\"@id\":\"https:\/\/portaltela.pt\/#\/schema\/person\/c4278d4a6028830caff9ee44b42d32ed\",\"name\":\"Telinha\",\"image\":{\"@type\":\"ImageObject\",\"inLanguage\":\"pt-PT\",\"@id\":\"https:\/\/portaltela.pt\/s.01k8rhncp4jt1\/2025\/11\/talking-bot-125x125.png\",\"url\":\"https:\/\/portaltela.pt\/s.01k8rhncp4jt1\/2025\/11\/talking-bot-125x125.png\",\"contentUrl\":\"https:\/\/portaltela.pt\/s.01k8rhncp4jt1\/2025\/11\/talking-bot-125x125.png\",\"caption\":\"Telinha\"},\"sameAs\":[\"https:\/\/portaltela.pt\/\"],\"url\":\"https:\/\/portaltela.pt\/por\/367410592786\/\"}]}<\/script>\n<!-- \/ Yoast SEO plugin. -->","yoast_head_json":{"title":"D. Jos\u00e9 Ornelas diz que debate sobre mudan\u00e7as na Igreja deve levar a decis\u00f5es - Portal Tela Portugal","robots":{"index":"index","follow":"follow","max-snippet":"max-snippet:-1","max-image-preview":"max-image-preview:large","max-video-preview":"max-video-preview:-1"},"og_locale":"pt_PT","og_type":"article","og_title":"D. Jos\u00e9 Ornelas diz que debate sobre mudan\u00e7as na Igreja deve levar a decis\u00f5es - Portal Tela Portugal","og_description":"O presidente da Confer\u00eancia Episcopal Portuguesa afirma que o debate interno sobre mudan\u00e7as na Igreja tem de terminar com decis\u00f5es do Papa. O s\u00ednodo, iniciado por o Papa Francisco, cabe agora a Le\u00e3o XIV tomar as decis\u00f5es sobre temas fraturantes como ordena\u00e7\u00e3o de mulheres, celibato dos padres e lugar dos divorciados e gays. Existem op\u00e7\u00f5es como a ordena\u00e7\u00e3o de homens casados, reconhecendo diferentes ritos dentro da Igreja Cat\u00f3lica, e a discuss\u00e3o sobre o celibato. A cria\u00e7\u00e3o do diaconado feminino \u00e9 visto como forma de iniciar a reflex\u00e3o sobre a ordena\u00e7\u00e3o de mulheres e ajudar a Igreja no seu caminho. O l\u00edder da CEP destaca que a Igreja precisa adaptar-se a mudan\u00e7as culturais e tecnol\u00f3gicas, mantendo o essencial da sua f\u00e9 e acolhendo fi\u00e9is de diferentes culturas.","og_url":"https:\/\/portaltela.pt\/noticias\/2026\/04\/11\/d-jose-ornelas-diz-que-debate-sobre-mudancas-na-igreja-deve-levar-a-decisoes\/","og_site_name":"Portal Tela Portugal","article_published_time":"2026-04-11T08:32:34+00:00","author":"Telinha","twitter_card":"summary_large_image","twitter_misc":{"Escrito por":"Telinha","Tempo estimado de leitura":"2 minutos"},"schema":{"@context":"https:\/\/schema.org","@graph":[{"@type":"Article","@id":"https:\/\/portaltela.pt\/noticias\/2026\/04\/11\/d-jose-ornelas-diz-que-debate-sobre-mudancas-na-igreja-deve-levar-a-decisoes\/#article","isPartOf":{"@id":"https:\/\/portaltela.pt\/noticias\/2026\/04\/11\/d-jose-ornelas-diz-que-debate-sobre-mudancas-na-igreja-deve-levar-a-decisoes\/"},"author":{"name":"Telinha","@id":"https:\/\/portaltela.pt\/#\/schema\/person\/c4278d4a6028830caff9ee44b42d32ed"},"headline":"D. Jos\u00e9 Ornelas diz que debate sobre mudan\u00e7as na Igreja deve levar a decis\u00f5es","datePublished":"2026-04-11T08:32:34+00:00","mainEntityOfPage":{"@id":"https:\/\/portaltela.pt\/noticias\/2026\/04\/11\/d-jose-ornelas-diz-que-debate-sobre-mudancas-na-igreja-deve-levar-a-decisoes\/"},"wordCount":323,"image":{"@id":"https:\/\/portaltela.pt\/noticias\/2026\/04\/11\/d-jose-ornelas-diz-que-debate-sobre-mudancas-na-igreja-deve-levar-a-decisoes\/#primaryimage"},"thumbnailUrl":"https:\/\/portaltela.pt\/s.01k8rhncp4jt1\/2026\/04\/img_1500x1000uu2024-11-11-20-29-32-2176763.jpg","keywords":["cat\u00f3lico","cat\u00f3licos","diversidade","religi\u00e3o"],"articleSection":["Curiosidades","Sociedade"],"inLanguage":"pt-PT"},{"@type":"WebPage","@id":"https:\/\/portaltela.pt\/noticias\/2026\/04\/11\/d-jose-ornelas-diz-que-debate-sobre-mudancas-na-igreja-deve-levar-a-decisoes\/","url":"https:\/\/portaltela.pt\/noticias\/2026\/04\/11\/d-jose-ornelas-diz-que-debate-sobre-mudancas-na-igreja-deve-levar-a-decisoes\/","name":"D. Jos\u00e9 Ornelas diz que debate sobre mudan\u00e7as na Igreja deve levar a decis\u00f5es - Portal Tela Portugal","isPartOf":{"@id":"https:\/\/portaltela.pt\/#website"},"primaryImageOfPage":{"@id":"https:\/\/portaltela.pt\/noticias\/2026\/04\/11\/d-jose-ornelas-diz-que-debate-sobre-mudancas-na-igreja-deve-levar-a-decisoes\/#primaryimage"},"image":{"@id":"https:\/\/portaltela.pt\/noticias\/2026\/04\/11\/d-jose-ornelas-diz-que-debate-sobre-mudancas-na-igreja-deve-levar-a-decisoes\/#primaryimage"},"thumbnailUrl":"https:\/\/portaltela.pt\/s.01k8rhncp4jt1\/2026\/04\/img_1500x1000uu2024-11-11-20-29-32-2176763.jpg","datePublished":"2026-04-11T08:32:34+00:00","author":{"@id":"https:\/\/portaltela.pt\/#\/schema\/person\/c4278d4a6028830caff9ee44b42d32ed"},"breadcrumb":{"@id":"https:\/\/portaltela.pt\/noticias\/2026\/04\/11\/d-jose-ornelas-diz-que-debate-sobre-mudancas-na-igreja-deve-levar-a-decisoes\/#breadcrumb"},"inLanguage":"pt-PT","potentialAction":[{"@type":"ReadAction","target":["https:\/\/portaltela.pt\/noticias\/2026\/04\/11\/d-jose-ornelas-diz-que-debate-sobre-mudancas-na-igreja-deve-levar-a-decisoes\/"]}]},{"@type":"ImageObject","inLanguage":"pt-PT","@id":"https:\/\/portaltela.pt\/noticias\/2026\/04\/11\/d-jose-ornelas-diz-que-debate-sobre-mudancas-na-igreja-deve-levar-a-decisoes\/#primaryimage","url":"https:\/\/portaltela.pt\/s.01k8rhncp4jt1\/2026\/04\/img_1500x1000uu2024-11-11-20-29-32-2176763.jpg","contentUrl":"https:\/\/portaltela.pt\/s.01k8rhncp4jt1\/2026\/04\/img_1500x1000uu2024-11-11-20-29-32-2176763.jpg","width":796,"height":448,"caption":"Presidente da Confer\u00eancia Episcopal Portuguesa, Jos\u00e9 Ornelas"},{"@type":"BreadcrumbList","@id":"https:\/\/portaltela.pt\/noticias\/2026\/04\/11\/d-jose-ornelas-diz-que-debate-sobre-mudancas-na-igreja-deve-levar-a-decisoes\/#breadcrumb","itemListElement":[{"@type":"ListItem","position":1,"name":"In\u00edcio","item":"https:\/\/portaltela.pt\/"},{"@type":"ListItem","position":2,"name":"D. Jos\u00e9 Ornelas diz que debate sobre mudan\u00e7as na Igreja deve levar a decis\u00f5es"}]},{"@type":"WebSite","@id":"https:\/\/portaltela.pt\/#website","url":"https:\/\/portaltela.pt\/","name":"Portal Tela Portugal","description":"","potentialAction":[{"@type":"SearchAction","target":{"@type":"EntryPoint","urlTemplate":"https:\/\/portaltela.pt\/?s={search_term_string}"},"query-input":{"@type":"PropertyValueSpecification","valueRequired":true,"valueName":"search_term_string"}}],"inLanguage":"pt-PT"},{"@type":"Person","@id":"https:\/\/portaltela.pt\/#\/schema\/person\/c4278d4a6028830caff9ee44b42d32ed","name":"Telinha","image":{"@type":"ImageObject","inLanguage":"pt-PT","@id":"https:\/\/portaltela.pt\/s.01k8rhncp4jt1\/2025\/11\/talking-bot-125x125.png","url":"https:\/\/portaltela.pt\/s.01k8rhncp4jt1\/2025\/11\/talking-bot-125x125.png","contentUrl":"https:\/\/portaltela.pt\/s.01k8rhncp4jt1\/2025\/11\/talking-bot-125x125.png","caption":"Telinha"},"sameAs":["https:\/\/portaltela.pt\/"],"url":"https:\/\/portaltela.pt\/por\/367410592786\/"}]}},"_links":{"self":[{"href":"https:\/\/portaltela.pt\/api\/wp\/v2\/posts\/440304","targetHints":{"allow":["GET"]}}],"collection":[{"href":"https:\/\/portaltela.pt\/api\/wp\/v2\/posts"}],"about":[{"href":"https:\/\/portaltela.pt\/api\/wp\/v2\/types\/post"}],"author":[{"embeddable":true,"href":"https:\/\/portaltela.pt\/api\/wp\/v2\/users\/2"}],"replies":[{"embeddable":true,"href":"https:\/\/portaltela.pt\/api\/wp\/v2\/comments?post=440304"}],"version-history":[{"count":0,"href":"https:\/\/portaltela.pt\/api\/wp\/v2\/posts\/440304\/revisions"}],"wp:featuredmedia":[{"embeddable":true,"href":"https:\/\/portaltela.pt\/api\/wp\/v2\/media\/440306"}],"wp:attachment":[{"href":"https:\/\/portaltela.pt\/api\/wp\/v2\/media?parent=440304"}],"wp:term":[{"taxonomy":"category","embeddable":true,"href":"https:\/\/portaltela.pt\/api\/wp\/v2\/categories?post=440304"},{"taxonomy":"post_tag","embeddable":true,"href":"https:\/\/portaltela.pt\/api\/wp\/v2\/tags?post=440304"}],"curies":[{"name":"wp","href":"https:\/\/api.w.org\/{rel}","templated":true}]}}