{"id":440295,"date":"2026-04-11T05:00:00","date_gmt":"2026-04-11T08:00:00","guid":{"rendered":"https:\/\/portaltela.pt\/noticias\/2026\/04\/11\/pacientes-e-especialistas-pedem-mais-acesso-precoce-a-medicamentos-aprovados\/"},"modified":"2026-04-11T05:00:00","modified_gmt":"2026-04-11T08:00:00","slug":"pacientes-e-especialistas-pedem-mais-acesso-precoce-a-medicamentos-aprovados","status":"publish","type":"post","link":"https:\/\/portaltela.pt\/saude\/2026\/04\/11\/pacientes-e-especialistas-pedem-mais-acesso-precoce-a-medicamentos-aprovados\/","title":{"rendered":"Pacientes e especialistas pedem mais acesso precoce a medicamentos aprovados"},"content":{"rendered":"<p>Doentes e especialistas defendem que haja mais programas de acesso precoce a medicamentos aprovados. A defesa ocorre no contexto de crescente interesse p\u00fablico por terapias j\u00e1 aprovadas para uso antecipado em doentes com necessidades n\u00e3o satisfeitas.<\/p>\n<p>N\u00e3o h\u00e1, no conte\u00fado dispon\u00edvel, especifica\u00e7\u00e3o de datas, locais ou entidades envolvidas al\u00e9m da refer\u00eancia gen\u00e9rica a \u201cdoentes\u201d e \u201cespecialistas\u201d. Detalhes adicionais dependem do texto completo.<\/p>\n<p>A not\u00edcia completa est\u00e1 dispon\u00edvel apenas para subscritores, com acesso mediante login. O material ampliado n\u00e3o pode ser divulgado sem a devida autoriza\u00e7\u00e3o.<\/p>\n","protected":false},"excerpt":{"rendered":"<ul>\n<li>Doentes e especialistas pedem mais programas de acesso precoce a medicamentos aprovados.<\/li>\n<li>A ideia \u00e9 acelerar o acesso a f\u00e1rmacos j\u00e1 aprovados.<\/li>\n<li>A mat\u00e9ria destaca a participa\u00e7\u00e3o de organiza\u00e7\u00f5es de doentes e de profissionais de sa\u00fade.<\/li>\n<li>O conte\u00fado completo est\u00e1 dispon\u00edvel apenas para subscritores.<\/li>\n<\/ul>\n","protected":false},"author":2,"featured_media":440299,"comment_status":"closed","ping_status":"closed","sticky":false,"template":"","format":"standard","meta":{"footnotes":""},"categories":[7371,6745],"tags":[5764,5563,133,271],"class_list":["post-440295","post","type-post","status-publish","format-standard","has-post-thumbnail","hentry","category-medicina","category-saude","tag-assistencia-de-saude","tag-informacao-publica","tag-politicas-publicas","tag-saude-publica"],"yoast_head":"<!-- This site is optimized with the Yoast SEO plugin v27.2 - https:\/\/yoast.com\/product\/yoast-seo-wordpress\/ -->\n<title>Pacientes e especialistas pedem mais acesso precoce a medicamentos aprovados - Portal Tela Portugal<\/title>\n<meta name=\"robots\" content=\"index, follow, max-snippet:-1, max-image-preview:large, max-video-preview:-1\" \/>\n<meta property=\"og:locale\" content=\"pt_PT\" \/>\n<meta property=\"og:type\" content=\"article\" \/>\n<meta property=\"og:title\" content=\"Pacientes e especialistas pedem mais acesso precoce a medicamentos aprovados - Portal Tela Portugal\" \/>\n<meta property=\"og:description\" content=\"Doentes e especialistas pedem mais programas de acesso precoce a medicamentos aprovados. A ideia \u00e9 acelerar o acesso a f\u00e1rmacos j\u00e1 aprovados. A mat\u00e9ria destaca a participa\u00e7\u00e3o de organiza\u00e7\u00f5es de doentes e de profissionais de sa\u00fade. O conte\u00fado completo est\u00e1 dispon\u00edvel apenas para subscritores.\" \/>\n<meta property=\"og:url\" content=\"https:\/\/portaltela.pt\/noticias\/2026\/04\/11\/pacientes-e-especialistas-pedem-mais-acesso-precoce-a-medicamentos-aprovados\/\" \/>\n<meta property=\"og:site_name\" content=\"Portal Tela Portugal\" \/>\n<meta property=\"article:published_time\" content=\"2026-04-11T08:00:00+00:00\" \/>\n<meta name=\"author\" content=\"Telinha\" \/>\n<meta name=\"twitter:card\" content=\"summary_large_image\" \/>\n<meta name=\"twitter:label1\" content=\"Escrito por\" \/>\n\t<meta name=\"twitter:data1\" content=\"Telinha\" \/>\n<script type=\"application\/ld+json\" class=\"yoast-schema-graph\">{\"@context\":\"https:\/\/schema.org\",\"@graph\":[{\"@type\":\"Article\",\"@id\":\"https:\/\/portaltela.pt\/noticias\/2026\/04\/11\/pacientes-e-especialistas-pedem-mais-acesso-precoce-a-medicamentos-aprovados\/#article\",\"isPartOf\":{\"@id\":\"https:\/\/portaltela.pt\/noticias\/2026\/04\/11\/pacientes-e-especialistas-pedem-mais-acesso-precoce-a-medicamentos-aprovados\/\"},\"author\":{\"name\":\"Telinha\",\"@id\":\"https:\/\/portaltela.pt\/#\/schema\/person\/c4278d4a6028830caff9ee44b42d32ed\"},\"headline\":\"Pacientes e especialistas pedem mais acesso precoce a medicamentos aprovados\",\"datePublished\":\"2026-04-11T08:00:00+00:00\",\"mainEntityOfPage\":{\"@id\":\"https:\/\/portaltela.pt\/noticias\/2026\/04\/11\/pacientes-e-especialistas-pedem-mais-acesso-precoce-a-medicamentos-aprovados\/\"},\"wordCount\":108,\"image\":{\"@id\":\"https:\/\/portaltela.pt\/noticias\/2026\/04\/11\/pacientes-e-especialistas-pedem-mais-acesso-precoce-a-medicamentos-aprovados\/#primaryimage\"},\"thumbnailUrl\":\"https:\/\/portaltela.pt\/s.01k8rhncp4jt1\/2026\/04\/CACHE_780X1200_ANALOG_WATERMARKED_42679205_28086369018533.jpg\",\"keywords\":[\"assist\u00eancia de sa\u00fade\",\"informa\u00e7\u00e3o p\u00fablica\",\"pol\u00edticas p\u00fablicas\",\"sa\u00fade p\u00fablica\"],\"articleSection\":[\"Medicina\",\"Sa\u00fade\"],\"inLanguage\":\"pt-PT\"},{\"@type\":\"WebPage\",\"@id\":\"https:\/\/portaltela.pt\/noticias\/2026\/04\/11\/pacientes-e-especialistas-pedem-mais-acesso-precoce-a-medicamentos-aprovados\/\",\"url\":\"https:\/\/portaltela.pt\/noticias\/2026\/04\/11\/pacientes-e-especialistas-pedem-mais-acesso-precoce-a-medicamentos-aprovados\/\",\"name\":\"Pacientes e especialistas pedem mais acesso precoce a medicamentos aprovados - Portal Tela Portugal\",\"isPartOf\":{\"@id\":\"https:\/\/portaltela.pt\/#website\"},\"primaryImageOfPage\":{\"@id\":\"https:\/\/portaltela.pt\/noticias\/2026\/04\/11\/pacientes-e-especialistas-pedem-mais-acesso-precoce-a-medicamentos-aprovados\/#primaryimage\"},\"image\":{\"@id\":\"https:\/\/portaltela.pt\/noticias\/2026\/04\/11\/pacientes-e-especialistas-pedem-mais-acesso-precoce-a-medicamentos-aprovados\/#primaryimage\"},\"thumbnailUrl\":\"https:\/\/portaltela.pt\/s.01k8rhncp4jt1\/2026\/04\/CACHE_780X1200_ANALOG_WATERMARKED_42679205_28086369018533.jpg\",\"datePublished\":\"2026-04-11T08:00:00+00:00\",\"author\":{\"@id\":\"https:\/\/portaltela.pt\/#\/schema\/person\/c4278d4a6028830caff9ee44b42d32ed\"},\"breadcrumb\":{\"@id\":\"https:\/\/portaltela.pt\/noticias\/2026\/04\/11\/pacientes-e-especialistas-pedem-mais-acesso-precoce-a-medicamentos-aprovados\/#breadcrumb\"},\"inLanguage\":\"pt-PT\",\"potentialAction\":[{\"@type\":\"ReadAction\",\"target\":[\"https:\/\/portaltela.pt\/noticias\/2026\/04\/11\/pacientes-e-especialistas-pedem-mais-acesso-precoce-a-medicamentos-aprovados\/\"]}]},{\"@type\":\"ImageObject\",\"inLanguage\":\"pt-PT\",\"@id\":\"https:\/\/portaltela.pt\/noticias\/2026\/04\/11\/pacientes-e-especialistas-pedem-mais-acesso-precoce-a-medicamentos-aprovados\/#primaryimage\",\"url\":\"https:\/\/portaltela.pt\/s.01k8rhncp4jt1\/2026\/04\/CACHE_780X1200_ANALOG_WATERMARKED_42679205_28086369018533.jpg\",\"contentUrl\":\"https:\/\/portaltela.pt\/s.01k8rhncp4jt1\/2026\/04\/CACHE_780X1200_ANALOG_WATERMARKED_42679205_28086369018533.jpg\",\"width\":768,\"height\":512,\"caption\":\"Doentes e especialistas querem mais programas de acesso precoce a medicamentos aprovados\"},{\"@type\":\"BreadcrumbList\",\"@id\":\"https:\/\/portaltela.pt\/noticias\/2026\/04\/11\/pacientes-e-especialistas-pedem-mais-acesso-precoce-a-medicamentos-aprovados\/#breadcrumb\",\"itemListElement\":[{\"@type\":\"ListItem\",\"position\":1,\"name\":\"In\u00edcio\",\"item\":\"https:\/\/portaltela.pt\/\"},{\"@type\":\"ListItem\",\"position\":2,\"name\":\"Pacientes e especialistas pedem mais acesso precoce a medicamentos aprovados\"}]},{\"@type\":\"WebSite\",\"@id\":\"https:\/\/portaltela.pt\/#website\",\"url\":\"https:\/\/portaltela.pt\/\",\"name\":\"Portal Tela Portugal\",\"description\":\"\",\"potentialAction\":[{\"@type\":\"SearchAction\",\"target\":{\"@type\":\"EntryPoint\",\"urlTemplate\":\"https:\/\/portaltela.pt\/?s={search_term_string}\"},\"query-input\":{\"@type\":\"PropertyValueSpecification\",\"valueRequired\":true,\"valueName\":\"search_term_string\"}}],\"inLanguage\":\"pt-PT\"},{\"@type\":\"Person\",\"@id\":\"https:\/\/portaltela.pt\/#\/schema\/person\/c4278d4a6028830caff9ee44b42d32ed\",\"name\":\"Telinha\",\"image\":{\"@type\":\"ImageObject\",\"inLanguage\":\"pt-PT\",\"@id\":\"https:\/\/portaltela.pt\/s.01k8rhncp4jt1\/2025\/11\/talking-bot-125x125.png\",\"url\":\"https:\/\/portaltela.pt\/s.01k8rhncp4jt1\/2025\/11\/talking-bot-125x125.png\",\"contentUrl\":\"https:\/\/portaltela.pt\/s.01k8rhncp4jt1\/2025\/11\/talking-bot-125x125.png\",\"caption\":\"Telinha\"},\"sameAs\":[\"https:\/\/portaltela.pt\/\"],\"url\":\"https:\/\/portaltela.pt\/por\/367410592786\/\"}]}<\/script>\n<!-- \/ Yoast SEO plugin. -->","yoast_head_json":{"title":"Pacientes e especialistas pedem mais acesso precoce a medicamentos aprovados - Portal Tela Portugal","robots":{"index":"index","follow":"follow","max-snippet":"max-snippet:-1","max-image-preview":"max-image-preview:large","max-video-preview":"max-video-preview:-1"},"og_locale":"pt_PT","og_type":"article","og_title":"Pacientes e especialistas pedem mais acesso precoce a medicamentos aprovados - Portal Tela Portugal","og_description":"Doentes e especialistas pedem mais programas de acesso precoce a medicamentos aprovados. A ideia \u00e9 acelerar o acesso a f\u00e1rmacos j\u00e1 aprovados. A mat\u00e9ria destaca a participa\u00e7\u00e3o de organiza\u00e7\u00f5es de doentes e de profissionais de sa\u00fade. O conte\u00fado completo est\u00e1 dispon\u00edvel apenas para subscritores.","og_url":"https:\/\/portaltela.pt\/noticias\/2026\/04\/11\/pacientes-e-especialistas-pedem-mais-acesso-precoce-a-medicamentos-aprovados\/","og_site_name":"Portal Tela Portugal","article_published_time":"2026-04-11T08:00:00+00:00","author":"Telinha","twitter_card":"summary_large_image","twitter_misc":{"Escrito por":"Telinha"},"schema":{"@context":"https:\/\/schema.org","@graph":[{"@type":"Article","@id":"https:\/\/portaltela.pt\/noticias\/2026\/04\/11\/pacientes-e-especialistas-pedem-mais-acesso-precoce-a-medicamentos-aprovados\/#article","isPartOf":{"@id":"https:\/\/portaltela.pt\/noticias\/2026\/04\/11\/pacientes-e-especialistas-pedem-mais-acesso-precoce-a-medicamentos-aprovados\/"},"author":{"name":"Telinha","@id":"https:\/\/portaltela.pt\/#\/schema\/person\/c4278d4a6028830caff9ee44b42d32ed"},"headline":"Pacientes e especialistas pedem mais acesso precoce a medicamentos aprovados","datePublished":"2026-04-11T08:00:00+00:00","mainEntityOfPage":{"@id":"https:\/\/portaltela.pt\/noticias\/2026\/04\/11\/pacientes-e-especialistas-pedem-mais-acesso-precoce-a-medicamentos-aprovados\/"},"wordCount":108,"image":{"@id":"https:\/\/portaltela.pt\/noticias\/2026\/04\/11\/pacientes-e-especialistas-pedem-mais-acesso-precoce-a-medicamentos-aprovados\/#primaryimage"},"thumbnailUrl":"https:\/\/portaltela.pt\/s.01k8rhncp4jt1\/2026\/04\/CACHE_780X1200_ANALOG_WATERMARKED_42679205_28086369018533.jpg","keywords":["assist\u00eancia de sa\u00fade","informa\u00e7\u00e3o p\u00fablica","pol\u00edticas p\u00fablicas","sa\u00fade p\u00fablica"],"articleSection":["Medicina","Sa\u00fade"],"inLanguage":"pt-PT"},{"@type":"WebPage","@id":"https:\/\/portaltela.pt\/noticias\/2026\/04\/11\/pacientes-e-especialistas-pedem-mais-acesso-precoce-a-medicamentos-aprovados\/","url":"https:\/\/portaltela.pt\/noticias\/2026\/04\/11\/pacientes-e-especialistas-pedem-mais-acesso-precoce-a-medicamentos-aprovados\/","name":"Pacientes e especialistas pedem mais acesso precoce a medicamentos aprovados - Portal Tela Portugal","isPartOf":{"@id":"https:\/\/portaltela.pt\/#website"},"primaryImageOfPage":{"@id":"https:\/\/portaltela.pt\/noticias\/2026\/04\/11\/pacientes-e-especialistas-pedem-mais-acesso-precoce-a-medicamentos-aprovados\/#primaryimage"},"image":{"@id":"https:\/\/portaltela.pt\/noticias\/2026\/04\/11\/pacientes-e-especialistas-pedem-mais-acesso-precoce-a-medicamentos-aprovados\/#primaryimage"},"thumbnailUrl":"https:\/\/portaltela.pt\/s.01k8rhncp4jt1\/2026\/04\/CACHE_780X1200_ANALOG_WATERMARKED_42679205_28086369018533.jpg","datePublished":"2026-04-11T08:00:00+00:00","author":{"@id":"https:\/\/portaltela.pt\/#\/schema\/person\/c4278d4a6028830caff9ee44b42d32ed"},"breadcrumb":{"@id":"https:\/\/portaltela.pt\/noticias\/2026\/04\/11\/pacientes-e-especialistas-pedem-mais-acesso-precoce-a-medicamentos-aprovados\/#breadcrumb"},"inLanguage":"pt-PT","potentialAction":[{"@type":"ReadAction","target":["https:\/\/portaltela.pt\/noticias\/2026\/04\/11\/pacientes-e-especialistas-pedem-mais-acesso-precoce-a-medicamentos-aprovados\/"]}]},{"@type":"ImageObject","inLanguage":"pt-PT","@id":"https:\/\/portaltela.pt\/noticias\/2026\/04\/11\/pacientes-e-especialistas-pedem-mais-acesso-precoce-a-medicamentos-aprovados\/#primaryimage","url":"https:\/\/portaltela.pt\/s.01k8rhncp4jt1\/2026\/04\/CACHE_780X1200_ANALOG_WATERMARKED_42679205_28086369018533.jpg","contentUrl":"https:\/\/portaltela.pt\/s.01k8rhncp4jt1\/2026\/04\/CACHE_780X1200_ANALOG_WATERMARKED_42679205_28086369018533.jpg","width":768,"height":512,"caption":"Doentes e especialistas querem mais programas de acesso precoce a medicamentos aprovados"},{"@type":"BreadcrumbList","@id":"https:\/\/portaltela.pt\/noticias\/2026\/04\/11\/pacientes-e-especialistas-pedem-mais-acesso-precoce-a-medicamentos-aprovados\/#breadcrumb","itemListElement":[{"@type":"ListItem","position":1,"name":"In\u00edcio","item":"https:\/\/portaltela.pt\/"},{"@type":"ListItem","position":2,"name":"Pacientes e especialistas pedem mais acesso precoce a medicamentos aprovados"}]},{"@type":"WebSite","@id":"https:\/\/portaltela.pt\/#website","url":"https:\/\/portaltela.pt\/","name":"Portal Tela Portugal","description":"","potentialAction":[{"@type":"SearchAction","target":{"@type":"EntryPoint","urlTemplate":"https:\/\/portaltela.pt\/?s={search_term_string}"},"query-input":{"@type":"PropertyValueSpecification","valueRequired":true,"valueName":"search_term_string"}}],"inLanguage":"pt-PT"},{"@type":"Person","@id":"https:\/\/portaltela.pt\/#\/schema\/person\/c4278d4a6028830caff9ee44b42d32ed","name":"Telinha","image":{"@type":"ImageObject","inLanguage":"pt-PT","@id":"https:\/\/portaltela.pt\/s.01k8rhncp4jt1\/2025\/11\/talking-bot-125x125.png","url":"https:\/\/portaltela.pt\/s.01k8rhncp4jt1\/2025\/11\/talking-bot-125x125.png","contentUrl":"https:\/\/portaltela.pt\/s.01k8rhncp4jt1\/2025\/11\/talking-bot-125x125.png","caption":"Telinha"},"sameAs":["https:\/\/portaltela.pt\/"],"url":"https:\/\/portaltela.pt\/por\/367410592786\/"}]}},"_links":{"self":[{"href":"https:\/\/portaltela.pt\/api\/wp\/v2\/posts\/440295","targetHints":{"allow":["GET"]}}],"collection":[{"href":"https:\/\/portaltela.pt\/api\/wp\/v2\/posts"}],"about":[{"href":"https:\/\/portaltela.pt\/api\/wp\/v2\/types\/post"}],"author":[{"embeddable":true,"href":"https:\/\/portaltela.pt\/api\/wp\/v2\/users\/2"}],"replies":[{"embeddable":true,"href":"https:\/\/portaltela.pt\/api\/wp\/v2\/comments?post=440295"}],"version-history":[{"count":0,"href":"https:\/\/portaltela.pt\/api\/wp\/v2\/posts\/440295\/revisions"}],"wp:featuredmedia":[{"embeddable":true,"href":"https:\/\/portaltela.pt\/api\/wp\/v2\/media\/440299"}],"wp:attachment":[{"href":"https:\/\/portaltela.pt\/api\/wp\/v2\/media?parent=440295"}],"wp:term":[{"taxonomy":"category","embeddable":true,"href":"https:\/\/portaltela.pt\/api\/wp\/v2\/categories?post=440295"},{"taxonomy":"post_tag","embeddable":true,"href":"https:\/\/portaltela.pt\/api\/wp\/v2\/tags?post=440295"}],"curies":[{"name":"wp","href":"https:\/\/api.w.org\/{rel}","templated":true}]}}