{"id":440286,"date":"2026-04-11T05:32:01","date_gmt":"2026-04-11T08:32:01","guid":{"rendered":"https:\/\/portaltela.pt\/noticias\/2026\/04\/11\/paul-seixas-prodigio-do-ciclismo-como-nunca-visto\/"},"modified":"2026-04-11T05:32:01","modified_gmt":"2026-04-11T08:32:01","slug":"paul-seixas-prodigio-do-ciclismo-como-nunca-visto","status":"publish","type":"post","link":"https:\/\/portaltela.pt\/desporto\/futebol\/2026\/04\/11\/paul-seixas-prodigio-do-ciclismo-como-nunca-visto\/","title":{"rendered":"Paul Seixas, prod\u00edgio do ciclismo como nunca visto"},"content":{"rendered":"<p>Paul Seixas, ciclista franc\u00eas de 19 anos, j\u00e1 surge como uma promessa no circuito mundial. O jovem est\u00e1 a preparar-se para disputar a Volta ao Pa\u00eds Basco, substituindo Jo\u00e3o Almeida no elenco que procura manter uma linha de sucesso para o pa\u00eds. O objetivo \u00e9 interromper o jejum de triunfos franceses em corridas por etapas World Tour.<\/p>\n<p>At\u00e9 ao momento, Seixas j\u00e1 se destacou em provas de alto n\u00edvel. Venceu a etapa da F\u00f3ia na Volta ao Algarve e conquistou a Faun-Ard\u00e8che em Fran\u00e7a. Tamb\u00e9m afirma-se na Strade Bianche, onde ficou em segundo lugar.<\/p>\n<p>O atleta tem ascend\u00eancia portuguesa, com bisav\u00f4 luso, e nasceu em 2006. A sua compara\u00e7\u00e3o com Tadej Pogacar ganha for\u00e7a pela capacidade de competir com os melhores, ainda que Pogacar j\u00e1 tenha brilhado desde cedo noutras \u00e9pocas. A imprensa acompanha com aten\u00e7\u00e3o a evolu\u00e7\u00e3o do jovem prod\u00edgio.<\/p>\n<h3>Contexto competitivo<\/h3>\n<p>Aos 19 anos, Seixas j\u00e1 \u00e9 apontado como um caso para observar no panorama do ciclismo mundial. O seu desempenho na Strade Bianche, frente a Pogacar, \u00e9 visto como indicativo de potencial, ao mesmo tempo que se verifica uma dist\u00e2ncia l\u00f3gica entre um talento emergente e a elite estabelecida. O pr\u00f3ximo passo \u00e9 a Volta ao Pa\u00eds Basco.<\/p>\n","protected":false},"excerpt":{"rendered":"<ul>\n<li>Paul Seixas, 19 anos, \u00e9 visto como prod\u00edgio do ciclismo, com bisav\u00f4 portugu\u00eas.<\/li>\n<li>O jovem franc\u00eas amea\u00e7a vencer a Volta ao Pa\u00eds Basco, sucedendo Jo\u00e3o Almeida e encerrando um jejum franc\u00eas em provas por etapas da World Tour.<\/li>\n<li>J\u00e1 venceu a etapa da F\u00f3ia na Volta ao Algarve e a Faun-Ard\u00e8che, al\u00e9m de ter ficado em segundo na Strade Bianche.<\/li>\n<li>Na Strade Bianche desafiou Tadej Pogacar, o atual l\u00edder mundial dos \u00faltimos anos.<\/li>\n<li>\u00c0 idade atual, j\u00e1 compete no pelot\u00e3o de elite e \u00e9 apontado como poss\u00edvel talento de futuro.<\/li>\n<\/ul>\n","protected":false},"author":2,"featured_media":440287,"comment_status":"closed","ping_status":"closed","sticky":false,"template":"","format":"standard","meta":{"footnotes":""},"categories":[21,24],"tags":[923,5417,152,81,2844,1014],"class_list":["post-440286","post","type-post","status-publish","format-standard","has-post-thumbnail","hentry","category-desporto","category-futebol","tag-ciclismo","tag-corridas-internacionais","tag-desporto","tag-internacionais","tag-jovens","tag-portugal"],"yoast_head":"<!-- This site is optimized with the Yoast SEO plugin v27.2 - https:\/\/yoast.com\/product\/yoast-seo-wordpress\/ -->\n<title>Paul Seixas, prod\u00edgio do ciclismo como nunca visto - Portal Tela Portugal<\/title>\n<meta name=\"robots\" content=\"index, follow, max-snippet:-1, max-image-preview:large, max-video-preview:-1\" \/>\n<meta property=\"og:locale\" content=\"pt_PT\" \/>\n<meta property=\"og:type\" content=\"article\" \/>\n<meta property=\"og:title\" content=\"Paul Seixas, prod\u00edgio do ciclismo como nunca visto - Portal Tela Portugal\" \/>\n<meta property=\"og:description\" content=\"Paul Seixas, 19 anos, \u00e9 visto como prod\u00edgio do ciclismo, com bisav\u00f4 portugu\u00eas. O jovem franc\u00eas amea\u00e7a vencer a Volta ao Pa\u00eds Basco, sucedendo Jo\u00e3o Almeida e encerrando um jejum franc\u00eas em provas por etapas da World Tour. J\u00e1 venceu a etapa da F\u00f3ia na Volta ao Algarve e a Faun-Ard\u00e8che, al\u00e9m de ter ficado em segundo na Strade Bianche. Na Strade Bianche desafiou Tadej Pogacar, o atual l\u00edder mundial dos \u00faltimos anos. \u00c0 idade atual, j\u00e1 compete no pelot\u00e3o de elite e \u00e9 apontado como poss\u00edvel talento de futuro.\" \/>\n<meta property=\"og:url\" content=\"https:\/\/portaltela.pt\/noticias\/2026\/04\/11\/paul-seixas-prodigio-do-ciclismo-como-nunca-visto\/\" \/>\n<meta property=\"og:site_name\" content=\"Portal Tela Portugal\" \/>\n<meta property=\"article:published_time\" content=\"2026-04-11T08:32:01+00:00\" \/>\n<meta name=\"author\" content=\"Telinha\" \/>\n<meta name=\"twitter:card\" content=\"summary_large_image\" \/>\n<meta name=\"twitter:label1\" content=\"Escrito por\" \/>\n\t<meta name=\"twitter:data1\" content=\"Telinha\" \/>\n\t<meta name=\"twitter:label2\" content=\"Tempo estimado de leitura\" \/>\n\t<meta name=\"twitter:data2\" content=\"1 minuto\" \/>\n<script type=\"application\/ld+json\" class=\"yoast-schema-graph\">{\"@context\":\"https:\/\/schema.org\",\"@graph\":[{\"@type\":\"Article\",\"@id\":\"https:\/\/portaltela.pt\/noticias\/2026\/04\/11\/paul-seixas-prodigio-do-ciclismo-como-nunca-visto\/#article\",\"isPartOf\":{\"@id\":\"https:\/\/portaltela.pt\/noticias\/2026\/04\/11\/paul-seixas-prodigio-do-ciclismo-como-nunca-visto\/\"},\"author\":{\"name\":\"Telinha\",\"@id\":\"https:\/\/portaltela.pt\/#\/schema\/person\/c4278d4a6028830caff9ee44b42d32ed\"},\"headline\":\"Paul Seixas, prod\u00edgio do ciclismo como nunca visto\",\"datePublished\":\"2026-04-11T08:32:01+00:00\",\"mainEntityOfPage\":{\"@id\":\"https:\/\/portaltela.pt\/noticias\/2026\/04\/11\/paul-seixas-prodigio-do-ciclismo-como-nunca-visto\/\"},\"wordCount\":222,\"image\":{\"@id\":\"https:\/\/portaltela.pt\/noticias\/2026\/04\/11\/paul-seixas-prodigio-do-ciclismo-como-nunca-visto\/#primaryimage\"},\"thumbnailUrl\":\"https:\/\/portaltela.pt\/s.01k8rhncp4jt1\/2026\/04\/image-641.jpg\",\"keywords\":[\"ciclismo\",\"corridas internacionais\",\"desporto\",\"internacionais\",\"jovens\",\"Portugal\"],\"articleSection\":[\"Desporto\",\"Futebol\"],\"inLanguage\":\"pt-PT\"},{\"@type\":\"WebPage\",\"@id\":\"https:\/\/portaltela.pt\/noticias\/2026\/04\/11\/paul-seixas-prodigio-do-ciclismo-como-nunca-visto\/\",\"url\":\"https:\/\/portaltela.pt\/noticias\/2026\/04\/11\/paul-seixas-prodigio-do-ciclismo-como-nunca-visto\/\",\"name\":\"Paul Seixas, prod\u00edgio do ciclismo como nunca visto - Portal Tela Portugal\",\"isPartOf\":{\"@id\":\"https:\/\/portaltela.pt\/#website\"},\"primaryImageOfPage\":{\"@id\":\"https:\/\/portaltela.pt\/noticias\/2026\/04\/11\/paul-seixas-prodigio-do-ciclismo-como-nunca-visto\/#primaryimage\"},\"image\":{\"@id\":\"https:\/\/portaltela.pt\/noticias\/2026\/04\/11\/paul-seixas-prodigio-do-ciclismo-como-nunca-visto\/#primaryimage\"},\"thumbnailUrl\":\"https:\/\/portaltela.pt\/s.01k8rhncp4jt1\/2026\/04\/image-641.jpg\",\"datePublished\":\"2026-04-11T08:32:01+00:00\",\"author\":{\"@id\":\"https:\/\/portaltela.pt\/#\/schema\/person\/c4278d4a6028830caff9ee44b42d32ed\"},\"breadcrumb\":{\"@id\":\"https:\/\/portaltela.pt\/noticias\/2026\/04\/11\/paul-seixas-prodigio-do-ciclismo-como-nunca-visto\/#breadcrumb\"},\"inLanguage\":\"pt-PT\",\"potentialAction\":[{\"@type\":\"ReadAction\",\"target\":[\"https:\/\/portaltela.pt\/noticias\/2026\/04\/11\/paul-seixas-prodigio-do-ciclismo-como-nunca-visto\/\"]}]},{\"@type\":\"ImageObject\",\"inLanguage\":\"pt-PT\",\"@id\":\"https:\/\/portaltela.pt\/noticias\/2026\/04\/11\/paul-seixas-prodigio-do-ciclismo-como-nunca-visto\/#primaryimage\",\"url\":\"https:\/\/portaltela.pt\/s.01k8rhncp4jt1\/2026\/04\/image-641.jpg\",\"contentUrl\":\"https:\/\/portaltela.pt\/s.01k8rhncp4jt1\/2026\/04\/image-641.jpg\",\"width\":796,\"height\":448,\"caption\":\"Paul Seixas tem 19 anos e est\u00e1 a dar cartas no ciclismo internacional\"},{\"@type\":\"BreadcrumbList\",\"@id\":\"https:\/\/portaltela.pt\/noticias\/2026\/04\/11\/paul-seixas-prodigio-do-ciclismo-como-nunca-visto\/#breadcrumb\",\"itemListElement\":[{\"@type\":\"ListItem\",\"position\":1,\"name\":\"In\u00edcio\",\"item\":\"https:\/\/portaltela.pt\/\"},{\"@type\":\"ListItem\",\"position\":2,\"name\":\"Paul Seixas, prod\u00edgio do ciclismo como nunca visto\"}]},{\"@type\":\"WebSite\",\"@id\":\"https:\/\/portaltela.pt\/#website\",\"url\":\"https:\/\/portaltela.pt\/\",\"name\":\"Portal Tela Portugal\",\"description\":\"\",\"potentialAction\":[{\"@type\":\"SearchAction\",\"target\":{\"@type\":\"EntryPoint\",\"urlTemplate\":\"https:\/\/portaltela.pt\/?s={search_term_string}\"},\"query-input\":{\"@type\":\"PropertyValueSpecification\",\"valueRequired\":true,\"valueName\":\"search_term_string\"}}],\"inLanguage\":\"pt-PT\"},{\"@type\":\"Person\",\"@id\":\"https:\/\/portaltela.pt\/#\/schema\/person\/c4278d4a6028830caff9ee44b42d32ed\",\"name\":\"Telinha\",\"image\":{\"@type\":\"ImageObject\",\"inLanguage\":\"pt-PT\",\"@id\":\"https:\/\/portaltela.pt\/s.01k8rhncp4jt1\/2025\/11\/talking-bot-125x125.png\",\"url\":\"https:\/\/portaltela.pt\/s.01k8rhncp4jt1\/2025\/11\/talking-bot-125x125.png\",\"contentUrl\":\"https:\/\/portaltela.pt\/s.01k8rhncp4jt1\/2025\/11\/talking-bot-125x125.png\",\"caption\":\"Telinha\"},\"sameAs\":[\"https:\/\/portaltela.pt\/\"],\"url\":\"https:\/\/portaltela.pt\/por\/367410592786\/\"}]}<\/script>\n<!-- \/ Yoast SEO plugin. -->","yoast_head_json":{"title":"Paul Seixas, prod\u00edgio do ciclismo como nunca visto - Portal Tela Portugal","robots":{"index":"index","follow":"follow","max-snippet":"max-snippet:-1","max-image-preview":"max-image-preview:large","max-video-preview":"max-video-preview:-1"},"og_locale":"pt_PT","og_type":"article","og_title":"Paul Seixas, prod\u00edgio do ciclismo como nunca visto - Portal Tela Portugal","og_description":"Paul Seixas, 19 anos, \u00e9 visto como prod\u00edgio do ciclismo, com bisav\u00f4 portugu\u00eas. O jovem franc\u00eas amea\u00e7a vencer a Volta ao Pa\u00eds Basco, sucedendo Jo\u00e3o Almeida e encerrando um jejum franc\u00eas em provas por etapas da World Tour. J\u00e1 venceu a etapa da F\u00f3ia na Volta ao Algarve e a Faun-Ard\u00e8che, al\u00e9m de ter ficado em segundo na Strade Bianche. Na Strade Bianche desafiou Tadej Pogacar, o atual l\u00edder mundial dos \u00faltimos anos. \u00c0 idade atual, j\u00e1 compete no pelot\u00e3o de elite e \u00e9 apontado como poss\u00edvel talento de futuro.","og_url":"https:\/\/portaltela.pt\/noticias\/2026\/04\/11\/paul-seixas-prodigio-do-ciclismo-como-nunca-visto\/","og_site_name":"Portal Tela Portugal","article_published_time":"2026-04-11T08:32:01+00:00","author":"Telinha","twitter_card":"summary_large_image","twitter_misc":{"Escrito por":"Telinha","Tempo estimado de leitura":"1 minuto"},"schema":{"@context":"https:\/\/schema.org","@graph":[{"@type":"Article","@id":"https:\/\/portaltela.pt\/noticias\/2026\/04\/11\/paul-seixas-prodigio-do-ciclismo-como-nunca-visto\/#article","isPartOf":{"@id":"https:\/\/portaltela.pt\/noticias\/2026\/04\/11\/paul-seixas-prodigio-do-ciclismo-como-nunca-visto\/"},"author":{"name":"Telinha","@id":"https:\/\/portaltela.pt\/#\/schema\/person\/c4278d4a6028830caff9ee44b42d32ed"},"headline":"Paul Seixas, prod\u00edgio do ciclismo como nunca visto","datePublished":"2026-04-11T08:32:01+00:00","mainEntityOfPage":{"@id":"https:\/\/portaltela.pt\/noticias\/2026\/04\/11\/paul-seixas-prodigio-do-ciclismo-como-nunca-visto\/"},"wordCount":222,"image":{"@id":"https:\/\/portaltela.pt\/noticias\/2026\/04\/11\/paul-seixas-prodigio-do-ciclismo-como-nunca-visto\/#primaryimage"},"thumbnailUrl":"https:\/\/portaltela.pt\/s.01k8rhncp4jt1\/2026\/04\/image-641.jpg","keywords":["ciclismo","corridas internacionais","desporto","internacionais","jovens","Portugal"],"articleSection":["Desporto","Futebol"],"inLanguage":"pt-PT"},{"@type":"WebPage","@id":"https:\/\/portaltela.pt\/noticias\/2026\/04\/11\/paul-seixas-prodigio-do-ciclismo-como-nunca-visto\/","url":"https:\/\/portaltela.pt\/noticias\/2026\/04\/11\/paul-seixas-prodigio-do-ciclismo-como-nunca-visto\/","name":"Paul Seixas, prod\u00edgio do ciclismo como nunca visto - Portal Tela Portugal","isPartOf":{"@id":"https:\/\/portaltela.pt\/#website"},"primaryImageOfPage":{"@id":"https:\/\/portaltela.pt\/noticias\/2026\/04\/11\/paul-seixas-prodigio-do-ciclismo-como-nunca-visto\/#primaryimage"},"image":{"@id":"https:\/\/portaltela.pt\/noticias\/2026\/04\/11\/paul-seixas-prodigio-do-ciclismo-como-nunca-visto\/#primaryimage"},"thumbnailUrl":"https:\/\/portaltela.pt\/s.01k8rhncp4jt1\/2026\/04\/image-641.jpg","datePublished":"2026-04-11T08:32:01+00:00","author":{"@id":"https:\/\/portaltela.pt\/#\/schema\/person\/c4278d4a6028830caff9ee44b42d32ed"},"breadcrumb":{"@id":"https:\/\/portaltela.pt\/noticias\/2026\/04\/11\/paul-seixas-prodigio-do-ciclismo-como-nunca-visto\/#breadcrumb"},"inLanguage":"pt-PT","potentialAction":[{"@type":"ReadAction","target":["https:\/\/portaltela.pt\/noticias\/2026\/04\/11\/paul-seixas-prodigio-do-ciclismo-como-nunca-visto\/"]}]},{"@type":"ImageObject","inLanguage":"pt-PT","@id":"https:\/\/portaltela.pt\/noticias\/2026\/04\/11\/paul-seixas-prodigio-do-ciclismo-como-nunca-visto\/#primaryimage","url":"https:\/\/portaltela.pt\/s.01k8rhncp4jt1\/2026\/04\/image-641.jpg","contentUrl":"https:\/\/portaltela.pt\/s.01k8rhncp4jt1\/2026\/04\/image-641.jpg","width":796,"height":448,"caption":"Paul Seixas tem 19 anos e est\u00e1 a dar cartas no ciclismo internacional"},{"@type":"BreadcrumbList","@id":"https:\/\/portaltela.pt\/noticias\/2026\/04\/11\/paul-seixas-prodigio-do-ciclismo-como-nunca-visto\/#breadcrumb","itemListElement":[{"@type":"ListItem","position":1,"name":"In\u00edcio","item":"https:\/\/portaltela.pt\/"},{"@type":"ListItem","position":2,"name":"Paul Seixas, prod\u00edgio do ciclismo como nunca visto"}]},{"@type":"WebSite","@id":"https:\/\/portaltela.pt\/#website","url":"https:\/\/portaltela.pt\/","name":"Portal Tela Portugal","description":"","potentialAction":[{"@type":"SearchAction","target":{"@type":"EntryPoint","urlTemplate":"https:\/\/portaltela.pt\/?s={search_term_string}"},"query-input":{"@type":"PropertyValueSpecification","valueRequired":true,"valueName":"search_term_string"}}],"inLanguage":"pt-PT"},{"@type":"Person","@id":"https:\/\/portaltela.pt\/#\/schema\/person\/c4278d4a6028830caff9ee44b42d32ed","name":"Telinha","image":{"@type":"ImageObject","inLanguage":"pt-PT","@id":"https:\/\/portaltela.pt\/s.01k8rhncp4jt1\/2025\/11\/talking-bot-125x125.png","url":"https:\/\/portaltela.pt\/s.01k8rhncp4jt1\/2025\/11\/talking-bot-125x125.png","contentUrl":"https:\/\/portaltela.pt\/s.01k8rhncp4jt1\/2025\/11\/talking-bot-125x125.png","caption":"Telinha"},"sameAs":["https:\/\/portaltela.pt\/"],"url":"https:\/\/portaltela.pt\/por\/367410592786\/"}]}},"_links":{"self":[{"href":"https:\/\/portaltela.pt\/api\/wp\/v2\/posts\/440286","targetHints":{"allow":["GET"]}}],"collection":[{"href":"https:\/\/portaltela.pt\/api\/wp\/v2\/posts"}],"about":[{"href":"https:\/\/portaltela.pt\/api\/wp\/v2\/types\/post"}],"author":[{"embeddable":true,"href":"https:\/\/portaltela.pt\/api\/wp\/v2\/users\/2"}],"replies":[{"embeddable":true,"href":"https:\/\/portaltela.pt\/api\/wp\/v2\/comments?post=440286"}],"version-history":[{"count":0,"href":"https:\/\/portaltela.pt\/api\/wp\/v2\/posts\/440286\/revisions"}],"wp:featuredmedia":[{"embeddable":true,"href":"https:\/\/portaltela.pt\/api\/wp\/v2\/media\/440287"}],"wp:attachment":[{"href":"https:\/\/portaltela.pt\/api\/wp\/v2\/media?parent=440286"}],"wp:term":[{"taxonomy":"category","embeddable":true,"href":"https:\/\/portaltela.pt\/api\/wp\/v2\/categories?post=440286"},{"taxonomy":"post_tag","embeddable":true,"href":"https:\/\/portaltela.pt\/api\/wp\/v2\/tags?post=440286"}],"curies":[{"name":"wp","href":"https:\/\/api.w.org\/{rel}","templated":true}]}}