{"id":440282,"date":"2026-04-11T05:17:19","date_gmt":"2026-04-11T08:17:19","guid":{"rendered":"https:\/\/portaltela.pt\/noticias\/2026\/04\/11\/astronautas-da-artemis-ii-regressam-a-terra-apos-viagem-historica-a-lua\/"},"modified":"2026-04-11T05:17:19","modified_gmt":"2026-04-11T08:17:19","slug":"astronautas-da-artemis-ii-regressam-a-terra-apos-viagem-historica-a-lua","status":"publish","type":"post","link":"https:\/\/portaltela.pt\/tecnologia\/2026\/04\/11\/astronautas-da-artemis-ii-regressam-a-terra-apos-viagem-historica-a-lua\/","title":{"rendered":"Astronautas da Artemis II regressam \u00e0 Terra ap\u00f3s viagem hist\u00f3rica \u00e0 Lua"},"content":{"rendered":"<p>A Artemis II regressou \u00e0 Terra ap\u00f3s a sua hist\u00f3rica viagem \u00e0 Lua. A c\u00e1psula Orion, chamada Integrity, fez a reentrada na Terra com velocidade elevada e aterragem no Pac\u00edfico, perto da costa da Calif\u00f3rnia, na noite de sexta-feira. Os quatro astronautas encontraram-se j\u00e1 na \u00e1gua, seguindo os procedimentos de recupera\u00e7\u00e3o da Marinha.<\/p>\n<p>A tripula\u00e7\u00e3o \u00e9 composta pelo comandante Reid Wiseman, o piloto Victor Glover, a engenheira Christina Koch e o astronauta canadiano Jeremy Hansen. Em terra firme, a NASA celebrou a miss\u00e3o, destacando o contributo da equipa para o planeamento de uma aterragem na Lua em dois anos e da constru\u00e7\u00e3o de uma base lunar dentro de uma d\u00e9cada.<\/p>\n<p>A Artemis II concluiu a primeira viagem lunar da atual era, ap\u00f3s v\u00e1rias semanas de opera\u00e7\u00f5es no espa\u00e7o. A c\u00e1psula atingiu a atmosfera com um pico de aquecimento intenso, protegido pelo escudo t\u00e9rmico, e entrou em reentrada a velocidade pr\u00f3xima de Mach 33. A aterragem ocorreu com aux\u00edlio de lan\u00e7amento de paraquedas, seguindo o retorno seguro ao planeta.<\/p>\n<h3>Detalhes da reentrada e da recupera\u00e7\u00e3o<\/h3>\n<p>A miss\u00e3o foi a primeira a realizar uma reentrada de uma tripula\u00e7\u00e3o lunar desde a Apollo 17, em 1972. A tripula\u00e7\u00e3o foi i\u00e7ada, uma a uma, por helic\u00f3pteros militares para o USS John P. Murtha, navio de apoio da Marinha. O evento contou com a participa\u00e7\u00e3o de equipas de apoio da NASA e de familiares, que acompanharam a opera\u00e7\u00e3o a partir de uma sala de controlo a milhares de quil\u00f3metros de dist\u00e2ncia.<\/p>\n<p>A miss\u00e3o tamb\u00e9m se destacou pelo alcance recorde: a Artemis II esteve a 406.771 quil\u00f3metros da Terra, o afastamento m\u00e1ximo j\u00e1 atingido por equipas humanas. Al\u00e9m disso, a tripula\u00e7\u00e3o captou imagens do lado distante da Lua, bem como um eclipse solar total observado durante o sobrevoo lunar.<\/p>\n<p>Os integrantes da equipa expressaram, em breves interven\u00e7\u00f5es, o sentimento de orgulho pela realiza\u00e7\u00e3o. A NASA confirmou que o objetivo \u00e9 manter a cad\u00eancia de voos com uma nova aterragem \u00e0 Lua dentro de dois anos, visando avan\u00e7ar para uma presen\u00e7a humana sustent\u00e1vel no sat\u00e9lite natural.<\/p>\n","protected":false},"excerpt":{"rendered":"<ul>\n<li>Os quatro astronautas da Artemis II \u2014 Reid Wiseman, Victor Glover, Christina Koch e Jeremy Hansen \u2014 regressaram \u00e0 Terra ap\u00f3s a miss\u00e3o lunar, com a amaragem no Pac\u00edfico perto de San Diego.<\/li>\n<li>A c\u00e1psula Orion, chamada Integrity, reentrou a alcan\u00e7ar Mach 33, um recorde de velocidade para uma reentrada com tripula\u00e7\u00e3o desde as miss\u00f5es Apollo.<\/li>\n<li>A miss\u00e3o n\u00e3o aterrou na Lua, mas estabeleceu o recorde de dist\u00e2ncia da Terra j\u00e1 atingido por humanos: 406.771 quil\u00f3metros; a tripula\u00e7\u00e3o tamb\u00e9m captou imagens do lado afastado da Lua e de um eclipse solar total.<\/li>\n<li>O voo marcou um momento hist\u00f3rico pela diversidade da tripula\u00e7\u00e3o: Christina Koch tornou-se a primeira mulher a viajar at\u00e9 \u00e0 Lua; Victor Glover \u00e9 o primeiro astronauta negro; Jeremy Hansen \u00e9 o primeiro cidad\u00e3o n\u00e3o americano a bordo.<\/li>\n<li>A recupera\u00e7\u00e3o foi realizada pela Marinha dos EUA (navio USS John P. Murtha); a NASA indicou que a miss\u00e3o prepara o caminho para aterragens na Lua em duas anos e para uma base lunar em cerca de dez anos.<\/li>\n<\/ul>\n","protected":false},"author":2,"featured_media":440283,"comment_status":"closed","ping_status":"closed","sticky":false,"template":"","format":"standard","meta":{"footnotes":""},"categories":[6716],"tags":[6720,2625,1992,81,6232,153],"class_list":["post-440282","post","type-post","status-publish","format-standard","has-post-thumbnail","hentry","category-tecnologia","tag-aerodinamica","tag-aeronautica","tag-ciencia","tag-internacionais","tag-nasa","tag-tecnologia"],"yoast_head":"<!-- This site is optimized with the Yoast SEO plugin v27.2 - https:\/\/yoast.com\/product\/yoast-seo-wordpress\/ -->\n<title>Astronautas da Artemis II regressam \u00e0 Terra ap\u00f3s viagem hist\u00f3rica \u00e0 Lua - Portal Tela Portugal<\/title>\n<meta name=\"robots\" content=\"index, follow, max-snippet:-1, max-image-preview:large, max-video-preview:-1\" \/>\n<meta property=\"og:locale\" content=\"pt_PT\" \/>\n<meta property=\"og:type\" content=\"article\" \/>\n<meta property=\"og:title\" content=\"Astronautas da Artemis II regressam \u00e0 Terra ap\u00f3s viagem hist\u00f3rica \u00e0 Lua - Portal Tela Portugal\" \/>\n<meta property=\"og:description\" content=\"Os quatro astronautas da Artemis II \u2014 Reid Wiseman, Victor Glover, Christina Koch e Jeremy Hansen \u2014 regressaram \u00e0 Terra ap\u00f3s a miss\u00e3o lunar, com a amaragem no Pac\u00edfico perto de San Diego. A c\u00e1psula Orion, chamada Integrity, reentrou a alcan\u00e7ar Mach 33, um recorde de velocidade para uma reentrada com tripula\u00e7\u00e3o desde as miss\u00f5es Apollo. A miss\u00e3o n\u00e3o aterrou na Lua, mas estabeleceu o recorde de dist\u00e2ncia da Terra j\u00e1 atingido por humanos: 406.771 quil\u00f3metros; a tripula\u00e7\u00e3o tamb\u00e9m captou imagens do lado afastado da Lua e de um eclipse solar total. O voo marcou um momento hist\u00f3rico pela diversidade da tripula\u00e7\u00e3o: Christina Koch tornou-se a primeira mulher a viajar at\u00e9 \u00e0 Lua; Victor Glover \u00e9 o primeiro astronauta negro; Jeremy Hansen \u00e9 o primeiro cidad\u00e3o n\u00e3o americano a bordo. A recupera\u00e7\u00e3o foi realizada pela Marinha dos EUA (navio USS John P. Murtha); a NASA indicou que a miss\u00e3o prepara o caminho para aterragens na Lua em duas anos e para uma base lunar em cerca de dez anos.\" \/>\n<meta property=\"og:url\" content=\"https:\/\/portaltela.pt\/noticias\/2026\/04\/11\/astronautas-da-artemis-ii-regressam-a-terra-apos-viagem-historica-a-lua\/\" \/>\n<meta property=\"og:site_name\" content=\"Portal Tela Portugal\" \/>\n<meta property=\"article:published_time\" content=\"2026-04-11T08:17:19+00:00\" \/>\n<meta name=\"author\" content=\"Telinha\" \/>\n<meta name=\"twitter:card\" content=\"summary_large_image\" \/>\n<meta name=\"twitter:label1\" content=\"Escrito por\" \/>\n\t<meta name=\"twitter:data1\" content=\"Telinha\" \/>\n\t<meta name=\"twitter:label2\" content=\"Tempo estimado de leitura\" \/>\n\t<meta name=\"twitter:data2\" content=\"2 minutos\" \/>\n<script type=\"application\/ld+json\" class=\"yoast-schema-graph\">{\"@context\":\"https:\/\/schema.org\",\"@graph\":[{\"@type\":\"Article\",\"@id\":\"https:\/\/portaltela.pt\/noticias\/2026\/04\/11\/astronautas-da-artemis-ii-regressam-a-terra-apos-viagem-historica-a-lua\/#article\",\"isPartOf\":{\"@id\":\"https:\/\/portaltela.pt\/noticias\/2026\/04\/11\/astronautas-da-artemis-ii-regressam-a-terra-apos-viagem-historica-a-lua\/\"},\"author\":{\"name\":\"Telinha\",\"@id\":\"https:\/\/portaltela.pt\/#\/schema\/person\/c4278d4a6028830caff9ee44b42d32ed\"},\"headline\":\"Astronautas da Artemis II regressam \u00e0 Terra ap\u00f3s viagem hist\u00f3rica \u00e0 Lua\",\"datePublished\":\"2026-04-11T08:17:19+00:00\",\"mainEntityOfPage\":{\"@id\":\"https:\/\/portaltela.pt\/noticias\/2026\/04\/11\/astronautas-da-artemis-ii-regressam-a-terra-apos-viagem-historica-a-lua\/\"},\"wordCount\":384,\"image\":{\"@id\":\"https:\/\/portaltela.pt\/noticias\/2026\/04\/11\/astronautas-da-artemis-ii-regressam-a-terra-apos-viagem-historica-a-lua\/#primaryimage\"},\"thumbnailUrl\":\"https:\/\/portaltela.pt\/s.01k8rhncp4jt1\/2026\/04\/1536x864_cmsv2_1741d2ae-9cd9-57db-90d2-8c154bb377e5-9718220.jpg\",\"keywords\":[\"aerodin\u00e2mica\",\"aeron\u00e1utica\",\"ci\u00eancia\",\"internacionais\",\"NASA\",\"tecnologia\"],\"articleSection\":[\"Tecnologia\"],\"inLanguage\":\"pt-PT\"},{\"@type\":\"WebPage\",\"@id\":\"https:\/\/portaltela.pt\/noticias\/2026\/04\/11\/astronautas-da-artemis-ii-regressam-a-terra-apos-viagem-historica-a-lua\/\",\"url\":\"https:\/\/portaltela.pt\/noticias\/2026\/04\/11\/astronautas-da-artemis-ii-regressam-a-terra-apos-viagem-historica-a-lua\/\",\"name\":\"Astronautas da Artemis II regressam \u00e0 Terra ap\u00f3s viagem hist\u00f3rica \u00e0 Lua - Portal Tela Portugal\",\"isPartOf\":{\"@id\":\"https:\/\/portaltela.pt\/#website\"},\"primaryImageOfPage\":{\"@id\":\"https:\/\/portaltela.pt\/noticias\/2026\/04\/11\/astronautas-da-artemis-ii-regressam-a-terra-apos-viagem-historica-a-lua\/#primaryimage\"},\"image\":{\"@id\":\"https:\/\/portaltela.pt\/noticias\/2026\/04\/11\/astronautas-da-artemis-ii-regressam-a-terra-apos-viagem-historica-a-lua\/#primaryimage\"},\"thumbnailUrl\":\"https:\/\/portaltela.pt\/s.01k8rhncp4jt1\/2026\/04\/1536x864_cmsv2_1741d2ae-9cd9-57db-90d2-8c154bb377e5-9718220.jpg\",\"datePublished\":\"2026-04-11T08:17:19+00:00\",\"author\":{\"@id\":\"https:\/\/portaltela.pt\/#\/schema\/person\/c4278d4a6028830caff9ee44b42d32ed\"},\"breadcrumb\":{\"@id\":\"https:\/\/portaltela.pt\/noticias\/2026\/04\/11\/astronautas-da-artemis-ii-regressam-a-terra-apos-viagem-historica-a-lua\/#breadcrumb\"},\"inLanguage\":\"pt-PT\",\"potentialAction\":[{\"@type\":\"ReadAction\",\"target\":[\"https:\/\/portaltela.pt\/noticias\/2026\/04\/11\/astronautas-da-artemis-ii-regressam-a-terra-apos-viagem-historica-a-lua\/\"]}]},{\"@type\":\"ImageObject\",\"inLanguage\":\"pt-PT\",\"@id\":\"https:\/\/portaltela.pt\/noticias\/2026\/04\/11\/astronautas-da-artemis-ii-regressam-a-terra-apos-viagem-historica-a-lua\/#primaryimage\",\"url\":\"https:\/\/portaltela.pt\/s.01k8rhncp4jt1\/2026\/04\/1536x864_cmsv2_1741d2ae-9cd9-57db-90d2-8c154bb377e5-9718220.jpg\",\"contentUrl\":\"https:\/\/portaltela.pt\/s.01k8rhncp4jt1\/2026\/04\/1536x864_cmsv2_1741d2ae-9cd9-57db-90d2-8c154bb377e5-9718220.jpg\",\"width\":796,\"height\":448,\"caption\":\"Nesta fotografia fornecida pela NASA, a nave espacial Orion com os tripulantes da Artemis II a bordo cai no Oceano Pac\u00edfico ao largo da costa da Calif\u00f3rnia, sexta-feira, 10 de abril de 2026.\"},{\"@type\":\"BreadcrumbList\",\"@id\":\"https:\/\/portaltela.pt\/noticias\/2026\/04\/11\/astronautas-da-artemis-ii-regressam-a-terra-apos-viagem-historica-a-lua\/#breadcrumb\",\"itemListElement\":[{\"@type\":\"ListItem\",\"position\":1,\"name\":\"In\u00edcio\",\"item\":\"https:\/\/portaltela.pt\/\"},{\"@type\":\"ListItem\",\"position\":2,\"name\":\"Astronautas da Artemis II regressam \u00e0 Terra ap\u00f3s viagem hist\u00f3rica \u00e0 Lua\"}]},{\"@type\":\"WebSite\",\"@id\":\"https:\/\/portaltela.pt\/#website\",\"url\":\"https:\/\/portaltela.pt\/\",\"name\":\"Portal Tela Portugal\",\"description\":\"\",\"potentialAction\":[{\"@type\":\"SearchAction\",\"target\":{\"@type\":\"EntryPoint\",\"urlTemplate\":\"https:\/\/portaltela.pt\/?s={search_term_string}\"},\"query-input\":{\"@type\":\"PropertyValueSpecification\",\"valueRequired\":true,\"valueName\":\"search_term_string\"}}],\"inLanguage\":\"pt-PT\"},{\"@type\":\"Person\",\"@id\":\"https:\/\/portaltela.pt\/#\/schema\/person\/c4278d4a6028830caff9ee44b42d32ed\",\"name\":\"Telinha\",\"image\":{\"@type\":\"ImageObject\",\"inLanguage\":\"pt-PT\",\"@id\":\"https:\/\/portaltela.pt\/s.01k8rhncp4jt1\/2025\/11\/talking-bot-125x125.png\",\"url\":\"https:\/\/portaltela.pt\/s.01k8rhncp4jt1\/2025\/11\/talking-bot-125x125.png\",\"contentUrl\":\"https:\/\/portaltela.pt\/s.01k8rhncp4jt1\/2025\/11\/talking-bot-125x125.png\",\"caption\":\"Telinha\"},\"sameAs\":[\"https:\/\/portaltela.pt\/\"],\"url\":\"https:\/\/portaltela.pt\/por\/367410592786\/\"}]}<\/script>\n<!-- \/ Yoast SEO plugin. -->","yoast_head_json":{"title":"Astronautas da Artemis II regressam \u00e0 Terra ap\u00f3s viagem hist\u00f3rica \u00e0 Lua - Portal Tela Portugal","robots":{"index":"index","follow":"follow","max-snippet":"max-snippet:-1","max-image-preview":"max-image-preview:large","max-video-preview":"max-video-preview:-1"},"og_locale":"pt_PT","og_type":"article","og_title":"Astronautas da Artemis II regressam \u00e0 Terra ap\u00f3s viagem hist\u00f3rica \u00e0 Lua - Portal Tela Portugal","og_description":"Os quatro astronautas da Artemis II \u2014 Reid Wiseman, Victor Glover, Christina Koch e Jeremy Hansen \u2014 regressaram \u00e0 Terra ap\u00f3s a miss\u00e3o lunar, com a amaragem no Pac\u00edfico perto de San Diego. A c\u00e1psula Orion, chamada Integrity, reentrou a alcan\u00e7ar Mach 33, um recorde de velocidade para uma reentrada com tripula\u00e7\u00e3o desde as miss\u00f5es Apollo. A miss\u00e3o n\u00e3o aterrou na Lua, mas estabeleceu o recorde de dist\u00e2ncia da Terra j\u00e1 atingido por humanos: 406.771 quil\u00f3metros; a tripula\u00e7\u00e3o tamb\u00e9m captou imagens do lado afastado da Lua e de um eclipse solar total. O voo marcou um momento hist\u00f3rico pela diversidade da tripula\u00e7\u00e3o: Christina Koch tornou-se a primeira mulher a viajar at\u00e9 \u00e0 Lua; Victor Glover \u00e9 o primeiro astronauta negro; Jeremy Hansen \u00e9 o primeiro cidad\u00e3o n\u00e3o americano a bordo. A recupera\u00e7\u00e3o foi realizada pela Marinha dos EUA (navio USS John P. Murtha); a NASA indicou que a miss\u00e3o prepara o caminho para aterragens na Lua em duas anos e para uma base lunar em cerca de dez anos.","og_url":"https:\/\/portaltela.pt\/noticias\/2026\/04\/11\/astronautas-da-artemis-ii-regressam-a-terra-apos-viagem-historica-a-lua\/","og_site_name":"Portal Tela Portugal","article_published_time":"2026-04-11T08:17:19+00:00","author":"Telinha","twitter_card":"summary_large_image","twitter_misc":{"Escrito por":"Telinha","Tempo estimado de leitura":"2 minutos"},"schema":{"@context":"https:\/\/schema.org","@graph":[{"@type":"Article","@id":"https:\/\/portaltela.pt\/noticias\/2026\/04\/11\/astronautas-da-artemis-ii-regressam-a-terra-apos-viagem-historica-a-lua\/#article","isPartOf":{"@id":"https:\/\/portaltela.pt\/noticias\/2026\/04\/11\/astronautas-da-artemis-ii-regressam-a-terra-apos-viagem-historica-a-lua\/"},"author":{"name":"Telinha","@id":"https:\/\/portaltela.pt\/#\/schema\/person\/c4278d4a6028830caff9ee44b42d32ed"},"headline":"Astronautas da Artemis II regressam \u00e0 Terra ap\u00f3s viagem hist\u00f3rica \u00e0 Lua","datePublished":"2026-04-11T08:17:19+00:00","mainEntityOfPage":{"@id":"https:\/\/portaltela.pt\/noticias\/2026\/04\/11\/astronautas-da-artemis-ii-regressam-a-terra-apos-viagem-historica-a-lua\/"},"wordCount":384,"image":{"@id":"https:\/\/portaltela.pt\/noticias\/2026\/04\/11\/astronautas-da-artemis-ii-regressam-a-terra-apos-viagem-historica-a-lua\/#primaryimage"},"thumbnailUrl":"https:\/\/portaltela.pt\/s.01k8rhncp4jt1\/2026\/04\/1536x864_cmsv2_1741d2ae-9cd9-57db-90d2-8c154bb377e5-9718220.jpg","keywords":["aerodin\u00e2mica","aeron\u00e1utica","ci\u00eancia","internacionais","NASA","tecnologia"],"articleSection":["Tecnologia"],"inLanguage":"pt-PT"},{"@type":"WebPage","@id":"https:\/\/portaltela.pt\/noticias\/2026\/04\/11\/astronautas-da-artemis-ii-regressam-a-terra-apos-viagem-historica-a-lua\/","url":"https:\/\/portaltela.pt\/noticias\/2026\/04\/11\/astronautas-da-artemis-ii-regressam-a-terra-apos-viagem-historica-a-lua\/","name":"Astronautas da Artemis II regressam \u00e0 Terra ap\u00f3s viagem hist\u00f3rica \u00e0 Lua - Portal Tela Portugal","isPartOf":{"@id":"https:\/\/portaltela.pt\/#website"},"primaryImageOfPage":{"@id":"https:\/\/portaltela.pt\/noticias\/2026\/04\/11\/astronautas-da-artemis-ii-regressam-a-terra-apos-viagem-historica-a-lua\/#primaryimage"},"image":{"@id":"https:\/\/portaltela.pt\/noticias\/2026\/04\/11\/astronautas-da-artemis-ii-regressam-a-terra-apos-viagem-historica-a-lua\/#primaryimage"},"thumbnailUrl":"https:\/\/portaltela.pt\/s.01k8rhncp4jt1\/2026\/04\/1536x864_cmsv2_1741d2ae-9cd9-57db-90d2-8c154bb377e5-9718220.jpg","datePublished":"2026-04-11T08:17:19+00:00","author":{"@id":"https:\/\/portaltela.pt\/#\/schema\/person\/c4278d4a6028830caff9ee44b42d32ed"},"breadcrumb":{"@id":"https:\/\/portaltela.pt\/noticias\/2026\/04\/11\/astronautas-da-artemis-ii-regressam-a-terra-apos-viagem-historica-a-lua\/#breadcrumb"},"inLanguage":"pt-PT","potentialAction":[{"@type":"ReadAction","target":["https:\/\/portaltela.pt\/noticias\/2026\/04\/11\/astronautas-da-artemis-ii-regressam-a-terra-apos-viagem-historica-a-lua\/"]}]},{"@type":"ImageObject","inLanguage":"pt-PT","@id":"https:\/\/portaltela.pt\/noticias\/2026\/04\/11\/astronautas-da-artemis-ii-regressam-a-terra-apos-viagem-historica-a-lua\/#primaryimage","url":"https:\/\/portaltela.pt\/s.01k8rhncp4jt1\/2026\/04\/1536x864_cmsv2_1741d2ae-9cd9-57db-90d2-8c154bb377e5-9718220.jpg","contentUrl":"https:\/\/portaltela.pt\/s.01k8rhncp4jt1\/2026\/04\/1536x864_cmsv2_1741d2ae-9cd9-57db-90d2-8c154bb377e5-9718220.jpg","width":796,"height":448,"caption":"Nesta fotografia fornecida pela NASA, a nave espacial Orion com os tripulantes da Artemis II a bordo cai no Oceano Pac\u00edfico ao largo da costa da Calif\u00f3rnia, sexta-feira, 10 de abril de 2026."},{"@type":"BreadcrumbList","@id":"https:\/\/portaltela.pt\/noticias\/2026\/04\/11\/astronautas-da-artemis-ii-regressam-a-terra-apos-viagem-historica-a-lua\/#breadcrumb","itemListElement":[{"@type":"ListItem","position":1,"name":"In\u00edcio","item":"https:\/\/portaltela.pt\/"},{"@type":"ListItem","position":2,"name":"Astronautas da Artemis II regressam \u00e0 Terra ap\u00f3s viagem hist\u00f3rica \u00e0 Lua"}]},{"@type":"WebSite","@id":"https:\/\/portaltela.pt\/#website","url":"https:\/\/portaltela.pt\/","name":"Portal Tela Portugal","description":"","potentialAction":[{"@type":"SearchAction","target":{"@type":"EntryPoint","urlTemplate":"https:\/\/portaltela.pt\/?s={search_term_string}"},"query-input":{"@type":"PropertyValueSpecification","valueRequired":true,"valueName":"search_term_string"}}],"inLanguage":"pt-PT"},{"@type":"Person","@id":"https:\/\/portaltela.pt\/#\/schema\/person\/c4278d4a6028830caff9ee44b42d32ed","name":"Telinha","image":{"@type":"ImageObject","inLanguage":"pt-PT","@id":"https:\/\/portaltela.pt\/s.01k8rhncp4jt1\/2025\/11\/talking-bot-125x125.png","url":"https:\/\/portaltela.pt\/s.01k8rhncp4jt1\/2025\/11\/talking-bot-125x125.png","contentUrl":"https:\/\/portaltela.pt\/s.01k8rhncp4jt1\/2025\/11\/talking-bot-125x125.png","caption":"Telinha"},"sameAs":["https:\/\/portaltela.pt\/"],"url":"https:\/\/portaltela.pt\/por\/367410592786\/"}]}},"_links":{"self":[{"href":"https:\/\/portaltela.pt\/api\/wp\/v2\/posts\/440282","targetHints":{"allow":["GET"]}}],"collection":[{"href":"https:\/\/portaltela.pt\/api\/wp\/v2\/posts"}],"about":[{"href":"https:\/\/portaltela.pt\/api\/wp\/v2\/types\/post"}],"author":[{"embeddable":true,"href":"https:\/\/portaltela.pt\/api\/wp\/v2\/users\/2"}],"replies":[{"embeddable":true,"href":"https:\/\/portaltela.pt\/api\/wp\/v2\/comments?post=440282"}],"version-history":[{"count":0,"href":"https:\/\/portaltela.pt\/api\/wp\/v2\/posts\/440282\/revisions"}],"wp:featuredmedia":[{"embeddable":true,"href":"https:\/\/portaltela.pt\/api\/wp\/v2\/media\/440283"}],"wp:attachment":[{"href":"https:\/\/portaltela.pt\/api\/wp\/v2\/media?parent=440282"}],"wp:term":[{"taxonomy":"category","embeddable":true,"href":"https:\/\/portaltela.pt\/api\/wp\/v2\/categories?post=440282"},{"taxonomy":"post_tag","embeddable":true,"href":"https:\/\/portaltela.pt\/api\/wp\/v2\/tags?post=440282"}],"curies":[{"name":"wp","href":"https:\/\/api.w.org\/{rel}","templated":true}]}}