{"id":440275,"date":"2026-04-11T05:17:09","date_gmt":"2026-04-11T08:17:09","guid":{"rendered":"https:\/\/portaltela.pt\/noticias\/2026\/04\/11\/basquetebol-tem-metade-dos-praticantes-de-andebol-e-voleibol\/"},"modified":"2026-04-11T05:17:09","modified_gmt":"2026-04-11T08:17:09","slug":"basquetebol-tem-metade-dos-praticantes-de-andebol-e-voleibol","status":"publish","type":"post","link":"https:\/\/portaltela.pt\/desporto\/futebol\/2026\/04\/11\/basquetebol-tem-metade-dos-praticantes-de-andebol-e-voleibol\/","title":{"rendered":"Basquetebol tem metade dos praticantes de andebol e voleibol"},"content":{"rendered":"<p>Em entrevista publicada pela Record, Carlos Barroca, candidato \u00e0 presid\u00eancia da Federa\u00e7\u00e3o Portuguesa de Basquetebol (FPB), afirmou que o basquetebol tem apenas metade dos praticantes do andebol e do voleibol. O candidato aponta ainda para uma perda de liga\u00e7\u00e3o com as escolas.<\/p>\n<p>Barroca sustenta que esse distanciamento da escola contribuiu para a diminui\u00e7\u00e3o de federados, especialmente quando comparado com outras modalidades que mant\u00eam v\u00ednculo mais pr\u00f3ximo com o ensino b\u00e1sico e secund\u00e1rio.<\/p>\n<p>O candidato destaca que a retirada da pr\u00e1tica escolar tem efeitos diretos na base de atletas, o que, segundo ele, compromete o crescimento sustent\u00e1vel do basquetebol no pa\u00eds.<\/p>\n<p>Para Barroca, as consequ\u00eancias v\u00e3o al\u00e9m da participa\u00e7\u00e3o regular: o afastamento da escola dificulta a forma\u00e7\u00e3o de jovens talentos e a capta\u00e7\u00e3o de novos federados a longo prazo.<\/p>\n<p>A entrevista, divulgada pela Record, coloca em evid\u00eancia a vis\u00e3o do candidato sobre a rela\u00e7\u00e3o entre escola, base desportiva e n\u00famero de federados, defendendo uma reaproxima\u00e7\u00e3o entre basquetebol e sistema educativo.<\/p>\n","protected":false},"excerpt":{"rendered":"<ul>\n<li>Carlos Barroca, candidato \u00e0 presid\u00eancia da Federa\u00e7\u00e3o Portuguesa de Basquetebol, deu uma entrevista \u00e0 Record.<\/li>\n<li>Afirmou que o basquetebol tem metade dos praticantes do andebol e do voleibol.<\/li>\n<li>Alega que a perda de liga\u00e7\u00e3o com as escolas contribuiu para a diminui\u00e7\u00e3o de federados.<\/li>\n<li>Comparou com o andebol e o voleibol, que teriam mantido essa liga\u00e7\u00e3o com as escolas.<\/li>\n<li>Alertou para as consequ\u00eancias da queda de praticantes para a modalidade.<\/li>\n<\/ul>\n","protected":false},"author":2,"featured_media":440281,"comment_status":"closed","ping_status":"closed","sticky":false,"template":"","format":"standard","meta":{"footnotes":""},"categories":[21,24],"tags":[7795,7875,152,236,163,101],"class_list":["post-440275","post","type-post","status-publish","format-standard","has-post-thumbnail","hentry","category-desporto","category-futebol","tag-_educacao","tag-_educacao-publica","tag-desporto","tag-desporto-escolar","tag-educacao","tag-escolas"],"yoast_head":"<!-- This site is optimized with the Yoast SEO plugin v27.2 - https:\/\/yoast.com\/product\/yoast-seo-wordpress\/ -->\n<title>Basquetebol tem metade dos praticantes de andebol e voleibol - Portal Tela Portugal<\/title>\n<meta name=\"robots\" content=\"index, follow, max-snippet:-1, max-image-preview:large, max-video-preview:-1\" \/>\n<meta property=\"og:locale\" content=\"pt_PT\" \/>\n<meta property=\"og:type\" content=\"article\" \/>\n<meta property=\"og:title\" content=\"Basquetebol tem metade dos praticantes de andebol e voleibol - Portal Tela Portugal\" \/>\n<meta property=\"og:description\" content=\"Carlos Barroca, candidato \u00e0 presid\u00eancia da Federa\u00e7\u00e3o Portuguesa de Basquetebol, deu uma entrevista \u00e0 Record. Afirmou que o basquetebol tem metade dos praticantes do andebol e do voleibol. Alega que a perda de liga\u00e7\u00e3o com as escolas contribuiu para a diminui\u00e7\u00e3o de federados. Comparou com o andebol e o voleibol, que teriam mantido essa liga\u00e7\u00e3o com as escolas. Alertou para as consequ\u00eancias da queda de praticantes para a modalidade.\" \/>\n<meta property=\"og:url\" content=\"https:\/\/portaltela.pt\/noticias\/2026\/04\/11\/basquetebol-tem-metade-dos-praticantes-de-andebol-e-voleibol\/\" \/>\n<meta property=\"og:site_name\" content=\"Portal Tela Portugal\" \/>\n<meta property=\"article:published_time\" content=\"2026-04-11T08:17:09+00:00\" \/>\n<meta name=\"author\" content=\"Telinha\" \/>\n<meta name=\"twitter:card\" content=\"summary_large_image\" \/>\n<meta name=\"twitter:label1\" content=\"Escrito por\" \/>\n\t<meta name=\"twitter:data1\" content=\"Telinha\" \/>\n\t<meta name=\"twitter:label2\" content=\"Tempo estimado de leitura\" \/>\n\t<meta name=\"twitter:data2\" content=\"1 minuto\" \/>\n<script type=\"application\/ld+json\" class=\"yoast-schema-graph\">{\"@context\":\"https:\/\/schema.org\",\"@graph\":[{\"@type\":\"Article\",\"@id\":\"https:\/\/portaltela.pt\/noticias\/2026\/04\/11\/basquetebol-tem-metade-dos-praticantes-de-andebol-e-voleibol\/#article\",\"isPartOf\":{\"@id\":\"https:\/\/portaltela.pt\/noticias\/2026\/04\/11\/basquetebol-tem-metade-dos-praticantes-de-andebol-e-voleibol\/\"},\"author\":{\"name\":\"Telinha\",\"@id\":\"https:\/\/portaltela.pt\/#\/schema\/person\/c4278d4a6028830caff9ee44b42d32ed\"},\"headline\":\"Basquetebol tem metade dos praticantes de andebol e voleibol\",\"datePublished\":\"2026-04-11T08:17:09+00:00\",\"mainEntityOfPage\":{\"@id\":\"https:\/\/portaltela.pt\/noticias\/2026\/04\/11\/basquetebol-tem-metade-dos-praticantes-de-andebol-e-voleibol\/\"},\"wordCount\":190,\"image\":{\"@id\":\"https:\/\/portaltela.pt\/noticias\/2026\/04\/11\/basquetebol-tem-metade-dos-praticantes-de-andebol-e-voleibol\/#primaryimage\"},\"thumbnailUrl\":\"https:\/\/portaltela.pt\/s.01k8rhncp4jt1\/2026\/04\/img_1200x721uu2026-04-10-12-47-13-2432160.jpg\",\"keywords\":[\"_educa\u00e7\u00e3o\",\"_educa\u00e7\u00e3o p\u00fablica\",\"desporto\",\"desporto escolar\",\"educa\u00e7\u00e3o\",\"escolas\"],\"articleSection\":[\"Desporto\",\"Futebol\"],\"inLanguage\":\"pt-PT\"},{\"@type\":\"WebPage\",\"@id\":\"https:\/\/portaltela.pt\/noticias\/2026\/04\/11\/basquetebol-tem-metade-dos-praticantes-de-andebol-e-voleibol\/\",\"url\":\"https:\/\/portaltela.pt\/noticias\/2026\/04\/11\/basquetebol-tem-metade-dos-praticantes-de-andebol-e-voleibol\/\",\"name\":\"Basquetebol tem metade dos praticantes de andebol e voleibol - Portal Tela Portugal\",\"isPartOf\":{\"@id\":\"https:\/\/portaltela.pt\/#website\"},\"primaryImageOfPage\":{\"@id\":\"https:\/\/portaltela.pt\/noticias\/2026\/04\/11\/basquetebol-tem-metade-dos-praticantes-de-andebol-e-voleibol\/#primaryimage\"},\"image\":{\"@id\":\"https:\/\/portaltela.pt\/noticias\/2026\/04\/11\/basquetebol-tem-metade-dos-praticantes-de-andebol-e-voleibol\/#primaryimage\"},\"thumbnailUrl\":\"https:\/\/portaltela.pt\/s.01k8rhncp4jt1\/2026\/04\/img_1200x721uu2026-04-10-12-47-13-2432160.jpg\",\"datePublished\":\"2026-04-11T08:17:09+00:00\",\"author\":{\"@id\":\"https:\/\/portaltela.pt\/#\/schema\/person\/c4278d4a6028830caff9ee44b42d32ed\"},\"breadcrumb\":{\"@id\":\"https:\/\/portaltela.pt\/noticias\/2026\/04\/11\/basquetebol-tem-metade-dos-praticantes-de-andebol-e-voleibol\/#breadcrumb\"},\"inLanguage\":\"pt-PT\",\"potentialAction\":[{\"@type\":\"ReadAction\",\"target\":[\"https:\/\/portaltela.pt\/noticias\/2026\/04\/11\/basquetebol-tem-metade-dos-praticantes-de-andebol-e-voleibol\/\"]}]},{\"@type\":\"ImageObject\",\"inLanguage\":\"pt-PT\",\"@id\":\"https:\/\/portaltela.pt\/noticias\/2026\/04\/11\/basquetebol-tem-metade-dos-praticantes-de-andebol-e-voleibol\/#primaryimage\",\"url\":\"https:\/\/portaltela.pt\/s.01k8rhncp4jt1\/2026\/04\/img_1200x721uu2026-04-10-12-47-13-2432160.jpg\",\"contentUrl\":\"https:\/\/portaltela.pt\/s.01k8rhncp4jt1\/2026\/04\/img_1200x721uu2026-04-10-12-47-13-2432160.jpg\",\"width\":796,\"height\":448,\"caption\":\"Carlos Barroca: \u00abBasquetebol tem metade dos praticantes do andebol e voleibol. Deix\u00e1mos de ter liga\u00e7\u00e3o com a escola\u00bb\"},{\"@type\":\"BreadcrumbList\",\"@id\":\"https:\/\/portaltela.pt\/noticias\/2026\/04\/11\/basquetebol-tem-metade-dos-praticantes-de-andebol-e-voleibol\/#breadcrumb\",\"itemListElement\":[{\"@type\":\"ListItem\",\"position\":1,\"name\":\"In\u00edcio\",\"item\":\"https:\/\/portaltela.pt\/\"},{\"@type\":\"ListItem\",\"position\":2,\"name\":\"Basquetebol tem metade dos praticantes de andebol e voleibol\"}]},{\"@type\":\"WebSite\",\"@id\":\"https:\/\/portaltela.pt\/#website\",\"url\":\"https:\/\/portaltela.pt\/\",\"name\":\"Portal Tela Portugal\",\"description\":\"\",\"potentialAction\":[{\"@type\":\"SearchAction\",\"target\":{\"@type\":\"EntryPoint\",\"urlTemplate\":\"https:\/\/portaltela.pt\/?s={search_term_string}\"},\"query-input\":{\"@type\":\"PropertyValueSpecification\",\"valueRequired\":true,\"valueName\":\"search_term_string\"}}],\"inLanguage\":\"pt-PT\"},{\"@type\":\"Person\",\"@id\":\"https:\/\/portaltela.pt\/#\/schema\/person\/c4278d4a6028830caff9ee44b42d32ed\",\"name\":\"Telinha\",\"image\":{\"@type\":\"ImageObject\",\"inLanguage\":\"pt-PT\",\"@id\":\"https:\/\/portaltela.pt\/s.01k8rhncp4jt1\/2025\/11\/talking-bot-125x125.png\",\"url\":\"https:\/\/portaltela.pt\/s.01k8rhncp4jt1\/2025\/11\/talking-bot-125x125.png\",\"contentUrl\":\"https:\/\/portaltela.pt\/s.01k8rhncp4jt1\/2025\/11\/talking-bot-125x125.png\",\"caption\":\"Telinha\"},\"sameAs\":[\"https:\/\/portaltela.pt\/\"],\"url\":\"https:\/\/portaltela.pt\/por\/367410592786\/\"}]}<\/script>\n<!-- \/ Yoast SEO plugin. -->","yoast_head_json":{"title":"Basquetebol tem metade dos praticantes de andebol e voleibol - Portal Tela Portugal","robots":{"index":"index","follow":"follow","max-snippet":"max-snippet:-1","max-image-preview":"max-image-preview:large","max-video-preview":"max-video-preview:-1"},"og_locale":"pt_PT","og_type":"article","og_title":"Basquetebol tem metade dos praticantes de andebol e voleibol - Portal Tela Portugal","og_description":"Carlos Barroca, candidato \u00e0 presid\u00eancia da Federa\u00e7\u00e3o Portuguesa de Basquetebol, deu uma entrevista \u00e0 Record. Afirmou que o basquetebol tem metade dos praticantes do andebol e do voleibol. Alega que a perda de liga\u00e7\u00e3o com as escolas contribuiu para a diminui\u00e7\u00e3o de federados. Comparou com o andebol e o voleibol, que teriam mantido essa liga\u00e7\u00e3o com as escolas. Alertou para as consequ\u00eancias da queda de praticantes para a modalidade.","og_url":"https:\/\/portaltela.pt\/noticias\/2026\/04\/11\/basquetebol-tem-metade-dos-praticantes-de-andebol-e-voleibol\/","og_site_name":"Portal Tela Portugal","article_published_time":"2026-04-11T08:17:09+00:00","author":"Telinha","twitter_card":"summary_large_image","twitter_misc":{"Escrito por":"Telinha","Tempo estimado de leitura":"1 minuto"},"schema":{"@context":"https:\/\/schema.org","@graph":[{"@type":"Article","@id":"https:\/\/portaltela.pt\/noticias\/2026\/04\/11\/basquetebol-tem-metade-dos-praticantes-de-andebol-e-voleibol\/#article","isPartOf":{"@id":"https:\/\/portaltela.pt\/noticias\/2026\/04\/11\/basquetebol-tem-metade-dos-praticantes-de-andebol-e-voleibol\/"},"author":{"name":"Telinha","@id":"https:\/\/portaltela.pt\/#\/schema\/person\/c4278d4a6028830caff9ee44b42d32ed"},"headline":"Basquetebol tem metade dos praticantes de andebol e voleibol","datePublished":"2026-04-11T08:17:09+00:00","mainEntityOfPage":{"@id":"https:\/\/portaltela.pt\/noticias\/2026\/04\/11\/basquetebol-tem-metade-dos-praticantes-de-andebol-e-voleibol\/"},"wordCount":190,"image":{"@id":"https:\/\/portaltela.pt\/noticias\/2026\/04\/11\/basquetebol-tem-metade-dos-praticantes-de-andebol-e-voleibol\/#primaryimage"},"thumbnailUrl":"https:\/\/portaltela.pt\/s.01k8rhncp4jt1\/2026\/04\/img_1200x721uu2026-04-10-12-47-13-2432160.jpg","keywords":["_educa\u00e7\u00e3o","_educa\u00e7\u00e3o p\u00fablica","desporto","desporto escolar","educa\u00e7\u00e3o","escolas"],"articleSection":["Desporto","Futebol"],"inLanguage":"pt-PT"},{"@type":"WebPage","@id":"https:\/\/portaltela.pt\/noticias\/2026\/04\/11\/basquetebol-tem-metade-dos-praticantes-de-andebol-e-voleibol\/","url":"https:\/\/portaltela.pt\/noticias\/2026\/04\/11\/basquetebol-tem-metade-dos-praticantes-de-andebol-e-voleibol\/","name":"Basquetebol tem metade dos praticantes de andebol e voleibol - Portal Tela Portugal","isPartOf":{"@id":"https:\/\/portaltela.pt\/#website"},"primaryImageOfPage":{"@id":"https:\/\/portaltela.pt\/noticias\/2026\/04\/11\/basquetebol-tem-metade-dos-praticantes-de-andebol-e-voleibol\/#primaryimage"},"image":{"@id":"https:\/\/portaltela.pt\/noticias\/2026\/04\/11\/basquetebol-tem-metade-dos-praticantes-de-andebol-e-voleibol\/#primaryimage"},"thumbnailUrl":"https:\/\/portaltela.pt\/s.01k8rhncp4jt1\/2026\/04\/img_1200x721uu2026-04-10-12-47-13-2432160.jpg","datePublished":"2026-04-11T08:17:09+00:00","author":{"@id":"https:\/\/portaltela.pt\/#\/schema\/person\/c4278d4a6028830caff9ee44b42d32ed"},"breadcrumb":{"@id":"https:\/\/portaltela.pt\/noticias\/2026\/04\/11\/basquetebol-tem-metade-dos-praticantes-de-andebol-e-voleibol\/#breadcrumb"},"inLanguage":"pt-PT","potentialAction":[{"@type":"ReadAction","target":["https:\/\/portaltela.pt\/noticias\/2026\/04\/11\/basquetebol-tem-metade-dos-praticantes-de-andebol-e-voleibol\/"]}]},{"@type":"ImageObject","inLanguage":"pt-PT","@id":"https:\/\/portaltela.pt\/noticias\/2026\/04\/11\/basquetebol-tem-metade-dos-praticantes-de-andebol-e-voleibol\/#primaryimage","url":"https:\/\/portaltela.pt\/s.01k8rhncp4jt1\/2026\/04\/img_1200x721uu2026-04-10-12-47-13-2432160.jpg","contentUrl":"https:\/\/portaltela.pt\/s.01k8rhncp4jt1\/2026\/04\/img_1200x721uu2026-04-10-12-47-13-2432160.jpg","width":796,"height":448,"caption":"Carlos Barroca: \u00abBasquetebol tem metade dos praticantes do andebol e voleibol. Deix\u00e1mos de ter liga\u00e7\u00e3o com a escola\u00bb"},{"@type":"BreadcrumbList","@id":"https:\/\/portaltela.pt\/noticias\/2026\/04\/11\/basquetebol-tem-metade-dos-praticantes-de-andebol-e-voleibol\/#breadcrumb","itemListElement":[{"@type":"ListItem","position":1,"name":"In\u00edcio","item":"https:\/\/portaltela.pt\/"},{"@type":"ListItem","position":2,"name":"Basquetebol tem metade dos praticantes de andebol e voleibol"}]},{"@type":"WebSite","@id":"https:\/\/portaltela.pt\/#website","url":"https:\/\/portaltela.pt\/","name":"Portal Tela Portugal","description":"","potentialAction":[{"@type":"SearchAction","target":{"@type":"EntryPoint","urlTemplate":"https:\/\/portaltela.pt\/?s={search_term_string}"},"query-input":{"@type":"PropertyValueSpecification","valueRequired":true,"valueName":"search_term_string"}}],"inLanguage":"pt-PT"},{"@type":"Person","@id":"https:\/\/portaltela.pt\/#\/schema\/person\/c4278d4a6028830caff9ee44b42d32ed","name":"Telinha","image":{"@type":"ImageObject","inLanguage":"pt-PT","@id":"https:\/\/portaltela.pt\/s.01k8rhncp4jt1\/2025\/11\/talking-bot-125x125.png","url":"https:\/\/portaltela.pt\/s.01k8rhncp4jt1\/2025\/11\/talking-bot-125x125.png","contentUrl":"https:\/\/portaltela.pt\/s.01k8rhncp4jt1\/2025\/11\/talking-bot-125x125.png","caption":"Telinha"},"sameAs":["https:\/\/portaltela.pt\/"],"url":"https:\/\/portaltela.pt\/por\/367410592786\/"}]}},"_links":{"self":[{"href":"https:\/\/portaltela.pt\/api\/wp\/v2\/posts\/440275","targetHints":{"allow":["GET"]}}],"collection":[{"href":"https:\/\/portaltela.pt\/api\/wp\/v2\/posts"}],"about":[{"href":"https:\/\/portaltela.pt\/api\/wp\/v2\/types\/post"}],"author":[{"embeddable":true,"href":"https:\/\/portaltela.pt\/api\/wp\/v2\/users\/2"}],"replies":[{"embeddable":true,"href":"https:\/\/portaltela.pt\/api\/wp\/v2\/comments?post=440275"}],"version-history":[{"count":0,"href":"https:\/\/portaltela.pt\/api\/wp\/v2\/posts\/440275\/revisions"}],"wp:featuredmedia":[{"embeddable":true,"href":"https:\/\/portaltela.pt\/api\/wp\/v2\/media\/440281"}],"wp:attachment":[{"href":"https:\/\/portaltela.pt\/api\/wp\/v2\/media?parent=440275"}],"wp:term":[{"taxonomy":"category","embeddable":true,"href":"https:\/\/portaltela.pt\/api\/wp\/v2\/categories?post=440275"},{"taxonomy":"post_tag","embeddable":true,"href":"https:\/\/portaltela.pt\/api\/wp\/v2\/tags?post=440275"}],"curies":[{"name":"wp","href":"https:\/\/api.w.org\/{rel}","templated":true}]}}