{"id":440224,"date":"2026-04-11T04:47:13","date_gmt":"2026-04-11T07:47:13","guid":{"rendered":"https:\/\/portaltela.pt\/noticias\/2026\/04\/11\/barroca-defende-competicoes-no-verao-para-evitar-paragem-de-seis-meses\/"},"modified":"2026-04-11T04:47:13","modified_gmt":"2026-04-11T07:47:13","slug":"barroca-defende-competicoes-no-verao-para-evitar-paragem-de-seis-meses","status":"publish","type":"post","link":"https:\/\/portaltela.pt\/desporto\/futebol\/2026\/04\/11\/barroca-defende-competicoes-no-verao-para-evitar-paragem-de-seis-meses\/","title":{"rendered":"Barroca defende competi\u00e7\u00f5es no ver\u00e3o para evitar paragem de seis meses"},"content":{"rendered":"<p>Carlos Barroca, candidato \u00e0 presid\u00eancia da Federa\u00e7\u00e3o Portuguesa de Basquetebol (FPB), revelou em entrevista \u00e0 Record uma eventual sa\u00edda da Liga da al\u00e7ada da FPB, para uma liga profissional dos clubes, bem como altera\u00e7\u00f5es no modelo competitivo. A ideia inclui a possibilidade de jogos tamb\u00e9m realizados no ver\u00e3o.<\/p>\n<p>O debate incide sobre a viabilidade de reorganizar a estrutura competicional, com foco na cria\u00e7\u00e3o de uma liga gerida pelos clubes, a ser integrada ou substitu\u00edda pela atual federa\u00e7\u00e3o conforme o modelo acordado. Barroca aponta para ajustes que podem alterar o equil\u00edbrio entre clubes e a FPB.<\/p>\n<p>Segundo o candidato, uma mudan\u00e7a desse tipo visa dinamizar a modalidade e aumentar a oferta de jogos ao longo do ano, evitando per\u00edodos de paragem superiores a seis meses. A ideia teria impactos significativos na calendariza\u00e7\u00e3o e na gest\u00e3o de competi\u00e7\u00f5es nacionais.<\/p>\n<p>N\u00e3o foram anunciadas datas formais nem estudos oficiais que respaldem a transi\u00e7\u00e3o, que permanece como proposta em discuss\u00e3o. A FPB ainda n\u00e3o comentou publicamente a viabilidade pr\u00e1tica ou os prazos associados a qualquer altera\u00e7\u00e3o no modelo competitivo.<\/p>\n","protected":false},"excerpt":{"rendered":"<ul>\n<li>Carlos Barroca, candidato \u00e0 presid\u00eancia da Federa\u00e7\u00e3o Portuguesa de Basquetebol, deu entrevista \u00e0 Record.<\/li>\n<li>Abordou a hip\u00f3tese de a Liga sair da FPB para uma liga profissional dos clubes.<\/li>\n<li>Falou ainda sobre mudan\u00e7as no modelo competitivo do basquetebol em Portugal.<\/li>\n<li>Prop\u00f5e, como exemplo, realizar competi\u00e7\u00f5es tamb\u00e9m durante o ver\u00e3o.<\/li>\n<\/ul>\n","protected":false},"author":2,"featured_media":440225,"comment_status":"closed","ping_status":"closed","sticky":false,"template":"","format":"standard","meta":{"footnotes":""},"categories":[21,24],"tags":[1367,1285,152,6220,1786,136],"class_list":["post-440224","post","type-post","status-publish","format-standard","has-post-thumbnail","hentry","category-desporto","category-futebol","tag-clubes","tag-competicao","tag-desporto","tag-desporto-federado","tag-liga","tag-organizacoes"],"yoast_head":"<!-- This site is optimized with the Yoast SEO plugin v27.2 - https:\/\/yoast.com\/product\/yoast-seo-wordpress\/ -->\n<title>Barroca defende competi\u00e7\u00f5es no ver\u00e3o para evitar paragem de seis meses - Portal Tela Portugal<\/title>\n<meta name=\"robots\" content=\"index, follow, max-snippet:-1, max-image-preview:large, max-video-preview:-1\" \/>\n<meta property=\"og:locale\" content=\"pt_PT\" \/>\n<meta property=\"og:type\" content=\"article\" \/>\n<meta property=\"og:title\" content=\"Barroca defende competi\u00e7\u00f5es no ver\u00e3o para evitar paragem de seis meses - Portal Tela Portugal\" \/>\n<meta property=\"og:description\" content=\"Carlos Barroca, candidato \u00e0 presid\u00eancia da Federa\u00e7\u00e3o Portuguesa de Basquetebol, deu entrevista \u00e0 Record. Abordou a hip\u00f3tese de a Liga sair da FPB para uma liga profissional dos clubes. Falou ainda sobre mudan\u00e7as no modelo competitivo do basquetebol em Portugal. Prop\u00f5e, como exemplo, realizar competi\u00e7\u00f5es tamb\u00e9m durante o ver\u00e3o.\" \/>\n<meta property=\"og:url\" content=\"https:\/\/portaltela.pt\/noticias\/2026\/04\/11\/barroca-defende-competicoes-no-verao-para-evitar-paragem-de-seis-meses\/\" \/>\n<meta property=\"og:site_name\" content=\"Portal Tela Portugal\" \/>\n<meta property=\"article:published_time\" content=\"2026-04-11T07:47:13+00:00\" \/>\n<meta name=\"author\" content=\"Telinha\" \/>\n<meta name=\"twitter:card\" content=\"summary_large_image\" \/>\n<meta name=\"twitter:label1\" content=\"Escrito por\" \/>\n\t<meta name=\"twitter:data1\" content=\"Telinha\" \/>\n\t<meta name=\"twitter:label2\" content=\"Tempo estimado de leitura\" \/>\n\t<meta name=\"twitter:data2\" content=\"1 minuto\" \/>\n<script type=\"application\/ld+json\" class=\"yoast-schema-graph\">{\"@context\":\"https:\/\/schema.org\",\"@graph\":[{\"@type\":\"Article\",\"@id\":\"https:\/\/portaltela.pt\/noticias\/2026\/04\/11\/barroca-defende-competicoes-no-verao-para-evitar-paragem-de-seis-meses\/#article\",\"isPartOf\":{\"@id\":\"https:\/\/portaltela.pt\/noticias\/2026\/04\/11\/barroca-defende-competicoes-no-verao-para-evitar-paragem-de-seis-meses\/\"},\"author\":{\"name\":\"Telinha\",\"@id\":\"https:\/\/portaltela.pt\/#\/schema\/person\/c4278d4a6028830caff9ee44b42d32ed\"},\"headline\":\"Barroca defende competi\u00e7\u00f5es no ver\u00e3o para evitar paragem de seis meses\",\"datePublished\":\"2026-04-11T07:47:13+00:00\",\"mainEntityOfPage\":{\"@id\":\"https:\/\/portaltela.pt\/noticias\/2026\/04\/11\/barroca-defende-competicoes-no-verao-para-evitar-paragem-de-seis-meses\/\"},\"wordCount\":207,\"image\":{\"@id\":\"https:\/\/portaltela.pt\/noticias\/2026\/04\/11\/barroca-defende-competicoes-no-verao-para-evitar-paragem-de-seis-meses\/#primaryimage\"},\"thumbnailUrl\":\"https:\/\/portaltela.pt\/s.01k8rhncp4jt1\/2026\/04\/img_1200x721uu2026-04-10-12-47-09-2432161.jpg\",\"keywords\":[\"clubes\",\"competi\u00e7\u00e3o\",\"desporto\",\"Desporto Federado\",\"Liga\",\"organiza\u00e7\u00f5es\"],\"articleSection\":[\"Desporto\",\"Futebol\"],\"inLanguage\":\"pt-PT\"},{\"@type\":\"WebPage\",\"@id\":\"https:\/\/portaltela.pt\/noticias\/2026\/04\/11\/barroca-defende-competicoes-no-verao-para-evitar-paragem-de-seis-meses\/\",\"url\":\"https:\/\/portaltela.pt\/noticias\/2026\/04\/11\/barroca-defende-competicoes-no-verao-para-evitar-paragem-de-seis-meses\/\",\"name\":\"Barroca defende competi\u00e7\u00f5es no ver\u00e3o para evitar paragem de seis meses - Portal Tela Portugal\",\"isPartOf\":{\"@id\":\"https:\/\/portaltela.pt\/#website\"},\"primaryImageOfPage\":{\"@id\":\"https:\/\/portaltela.pt\/noticias\/2026\/04\/11\/barroca-defende-competicoes-no-verao-para-evitar-paragem-de-seis-meses\/#primaryimage\"},\"image\":{\"@id\":\"https:\/\/portaltela.pt\/noticias\/2026\/04\/11\/barroca-defende-competicoes-no-verao-para-evitar-paragem-de-seis-meses\/#primaryimage\"},\"thumbnailUrl\":\"https:\/\/portaltela.pt\/s.01k8rhncp4jt1\/2026\/04\/img_1200x721uu2026-04-10-12-47-09-2432161.jpg\",\"datePublished\":\"2026-04-11T07:47:13+00:00\",\"author\":{\"@id\":\"https:\/\/portaltela.pt\/#\/schema\/person\/c4278d4a6028830caff9ee44b42d32ed\"},\"breadcrumb\":{\"@id\":\"https:\/\/portaltela.pt\/noticias\/2026\/04\/11\/barroca-defende-competicoes-no-verao-para-evitar-paragem-de-seis-meses\/#breadcrumb\"},\"inLanguage\":\"pt-PT\",\"potentialAction\":[{\"@type\":\"ReadAction\",\"target\":[\"https:\/\/portaltela.pt\/noticias\/2026\/04\/11\/barroca-defende-competicoes-no-verao-para-evitar-paragem-de-seis-meses\/\"]}]},{\"@type\":\"ImageObject\",\"inLanguage\":\"pt-PT\",\"@id\":\"https:\/\/portaltela.pt\/noticias\/2026\/04\/11\/barroca-defende-competicoes-no-verao-para-evitar-paragem-de-seis-meses\/#primaryimage\",\"url\":\"https:\/\/portaltela.pt\/s.01k8rhncp4jt1\/2026\/04\/img_1200x721uu2026-04-10-12-47-09-2432161.jpg\",\"contentUrl\":\"https:\/\/portaltela.pt\/s.01k8rhncp4jt1\/2026\/04\/img_1200x721uu2026-04-10-12-47-09-2432161.jpg\",\"width\":796,\"height\":448,\"caption\":\"Carlos Barroca: \u00abPrecisamos de ter competi\u00e7\u00f5es no ver\u00e3o, n\u00e3o podemos estar parados seis meses\u00bb\"},{\"@type\":\"BreadcrumbList\",\"@id\":\"https:\/\/portaltela.pt\/noticias\/2026\/04\/11\/barroca-defende-competicoes-no-verao-para-evitar-paragem-de-seis-meses\/#breadcrumb\",\"itemListElement\":[{\"@type\":\"ListItem\",\"position\":1,\"name\":\"In\u00edcio\",\"item\":\"https:\/\/portaltela.pt\/\"},{\"@type\":\"ListItem\",\"position\":2,\"name\":\"Barroca defende competi\u00e7\u00f5es no ver\u00e3o para evitar paragem de seis meses\"}]},{\"@type\":\"WebSite\",\"@id\":\"https:\/\/portaltela.pt\/#website\",\"url\":\"https:\/\/portaltela.pt\/\",\"name\":\"Portal Tela Portugal\",\"description\":\"\",\"potentialAction\":[{\"@type\":\"SearchAction\",\"target\":{\"@type\":\"EntryPoint\",\"urlTemplate\":\"https:\/\/portaltela.pt\/?s={search_term_string}\"},\"query-input\":{\"@type\":\"PropertyValueSpecification\",\"valueRequired\":true,\"valueName\":\"search_term_string\"}}],\"inLanguage\":\"pt-PT\"},{\"@type\":\"Person\",\"@id\":\"https:\/\/portaltela.pt\/#\/schema\/person\/c4278d4a6028830caff9ee44b42d32ed\",\"name\":\"Telinha\",\"image\":{\"@type\":\"ImageObject\",\"inLanguage\":\"pt-PT\",\"@id\":\"https:\/\/portaltela.pt\/s.01k8rhncp4jt1\/2025\/11\/talking-bot-125x125.png\",\"url\":\"https:\/\/portaltela.pt\/s.01k8rhncp4jt1\/2025\/11\/talking-bot-125x125.png\",\"contentUrl\":\"https:\/\/portaltela.pt\/s.01k8rhncp4jt1\/2025\/11\/talking-bot-125x125.png\",\"caption\":\"Telinha\"},\"sameAs\":[\"https:\/\/portaltela.pt\/\"],\"url\":\"https:\/\/portaltela.pt\/por\/367410592786\/\"}]}<\/script>\n<!-- \/ Yoast SEO plugin. -->","yoast_head_json":{"title":"Barroca defende competi\u00e7\u00f5es no ver\u00e3o para evitar paragem de seis meses - Portal Tela Portugal","robots":{"index":"index","follow":"follow","max-snippet":"max-snippet:-1","max-image-preview":"max-image-preview:large","max-video-preview":"max-video-preview:-1"},"og_locale":"pt_PT","og_type":"article","og_title":"Barroca defende competi\u00e7\u00f5es no ver\u00e3o para evitar paragem de seis meses - Portal Tela Portugal","og_description":"Carlos Barroca, candidato \u00e0 presid\u00eancia da Federa\u00e7\u00e3o Portuguesa de Basquetebol, deu entrevista \u00e0 Record. Abordou a hip\u00f3tese de a Liga sair da FPB para uma liga profissional dos clubes. Falou ainda sobre mudan\u00e7as no modelo competitivo do basquetebol em Portugal. Prop\u00f5e, como exemplo, realizar competi\u00e7\u00f5es tamb\u00e9m durante o ver\u00e3o.","og_url":"https:\/\/portaltela.pt\/noticias\/2026\/04\/11\/barroca-defende-competicoes-no-verao-para-evitar-paragem-de-seis-meses\/","og_site_name":"Portal Tela Portugal","article_published_time":"2026-04-11T07:47:13+00:00","author":"Telinha","twitter_card":"summary_large_image","twitter_misc":{"Escrito por":"Telinha","Tempo estimado de leitura":"1 minuto"},"schema":{"@context":"https:\/\/schema.org","@graph":[{"@type":"Article","@id":"https:\/\/portaltela.pt\/noticias\/2026\/04\/11\/barroca-defende-competicoes-no-verao-para-evitar-paragem-de-seis-meses\/#article","isPartOf":{"@id":"https:\/\/portaltela.pt\/noticias\/2026\/04\/11\/barroca-defende-competicoes-no-verao-para-evitar-paragem-de-seis-meses\/"},"author":{"name":"Telinha","@id":"https:\/\/portaltela.pt\/#\/schema\/person\/c4278d4a6028830caff9ee44b42d32ed"},"headline":"Barroca defende competi\u00e7\u00f5es no ver\u00e3o para evitar paragem de seis meses","datePublished":"2026-04-11T07:47:13+00:00","mainEntityOfPage":{"@id":"https:\/\/portaltela.pt\/noticias\/2026\/04\/11\/barroca-defende-competicoes-no-verao-para-evitar-paragem-de-seis-meses\/"},"wordCount":207,"image":{"@id":"https:\/\/portaltela.pt\/noticias\/2026\/04\/11\/barroca-defende-competicoes-no-verao-para-evitar-paragem-de-seis-meses\/#primaryimage"},"thumbnailUrl":"https:\/\/portaltela.pt\/s.01k8rhncp4jt1\/2026\/04\/img_1200x721uu2026-04-10-12-47-09-2432161.jpg","keywords":["clubes","competi\u00e7\u00e3o","desporto","Desporto Federado","Liga","organiza\u00e7\u00f5es"],"articleSection":["Desporto","Futebol"],"inLanguage":"pt-PT"},{"@type":"WebPage","@id":"https:\/\/portaltela.pt\/noticias\/2026\/04\/11\/barroca-defende-competicoes-no-verao-para-evitar-paragem-de-seis-meses\/","url":"https:\/\/portaltela.pt\/noticias\/2026\/04\/11\/barroca-defende-competicoes-no-verao-para-evitar-paragem-de-seis-meses\/","name":"Barroca defende competi\u00e7\u00f5es no ver\u00e3o para evitar paragem de seis meses - Portal Tela Portugal","isPartOf":{"@id":"https:\/\/portaltela.pt\/#website"},"primaryImageOfPage":{"@id":"https:\/\/portaltela.pt\/noticias\/2026\/04\/11\/barroca-defende-competicoes-no-verao-para-evitar-paragem-de-seis-meses\/#primaryimage"},"image":{"@id":"https:\/\/portaltela.pt\/noticias\/2026\/04\/11\/barroca-defende-competicoes-no-verao-para-evitar-paragem-de-seis-meses\/#primaryimage"},"thumbnailUrl":"https:\/\/portaltela.pt\/s.01k8rhncp4jt1\/2026\/04\/img_1200x721uu2026-04-10-12-47-09-2432161.jpg","datePublished":"2026-04-11T07:47:13+00:00","author":{"@id":"https:\/\/portaltela.pt\/#\/schema\/person\/c4278d4a6028830caff9ee44b42d32ed"},"breadcrumb":{"@id":"https:\/\/portaltela.pt\/noticias\/2026\/04\/11\/barroca-defende-competicoes-no-verao-para-evitar-paragem-de-seis-meses\/#breadcrumb"},"inLanguage":"pt-PT","potentialAction":[{"@type":"ReadAction","target":["https:\/\/portaltela.pt\/noticias\/2026\/04\/11\/barroca-defende-competicoes-no-verao-para-evitar-paragem-de-seis-meses\/"]}]},{"@type":"ImageObject","inLanguage":"pt-PT","@id":"https:\/\/portaltela.pt\/noticias\/2026\/04\/11\/barroca-defende-competicoes-no-verao-para-evitar-paragem-de-seis-meses\/#primaryimage","url":"https:\/\/portaltela.pt\/s.01k8rhncp4jt1\/2026\/04\/img_1200x721uu2026-04-10-12-47-09-2432161.jpg","contentUrl":"https:\/\/portaltela.pt\/s.01k8rhncp4jt1\/2026\/04\/img_1200x721uu2026-04-10-12-47-09-2432161.jpg","width":796,"height":448,"caption":"Carlos Barroca: \u00abPrecisamos de ter competi\u00e7\u00f5es no ver\u00e3o, n\u00e3o podemos estar parados seis meses\u00bb"},{"@type":"BreadcrumbList","@id":"https:\/\/portaltela.pt\/noticias\/2026\/04\/11\/barroca-defende-competicoes-no-verao-para-evitar-paragem-de-seis-meses\/#breadcrumb","itemListElement":[{"@type":"ListItem","position":1,"name":"In\u00edcio","item":"https:\/\/portaltela.pt\/"},{"@type":"ListItem","position":2,"name":"Barroca defende competi\u00e7\u00f5es no ver\u00e3o para evitar paragem de seis meses"}]},{"@type":"WebSite","@id":"https:\/\/portaltela.pt\/#website","url":"https:\/\/portaltela.pt\/","name":"Portal Tela Portugal","description":"","potentialAction":[{"@type":"SearchAction","target":{"@type":"EntryPoint","urlTemplate":"https:\/\/portaltela.pt\/?s={search_term_string}"},"query-input":{"@type":"PropertyValueSpecification","valueRequired":true,"valueName":"search_term_string"}}],"inLanguage":"pt-PT"},{"@type":"Person","@id":"https:\/\/portaltela.pt\/#\/schema\/person\/c4278d4a6028830caff9ee44b42d32ed","name":"Telinha","image":{"@type":"ImageObject","inLanguage":"pt-PT","@id":"https:\/\/portaltela.pt\/s.01k8rhncp4jt1\/2025\/11\/talking-bot-125x125.png","url":"https:\/\/portaltela.pt\/s.01k8rhncp4jt1\/2025\/11\/talking-bot-125x125.png","contentUrl":"https:\/\/portaltela.pt\/s.01k8rhncp4jt1\/2025\/11\/talking-bot-125x125.png","caption":"Telinha"},"sameAs":["https:\/\/portaltela.pt\/"],"url":"https:\/\/portaltela.pt\/por\/367410592786\/"}]}},"_links":{"self":[{"href":"https:\/\/portaltela.pt\/api\/wp\/v2\/posts\/440224","targetHints":{"allow":["GET"]}}],"collection":[{"href":"https:\/\/portaltela.pt\/api\/wp\/v2\/posts"}],"about":[{"href":"https:\/\/portaltela.pt\/api\/wp\/v2\/types\/post"}],"author":[{"embeddable":true,"href":"https:\/\/portaltela.pt\/api\/wp\/v2\/users\/2"}],"replies":[{"embeddable":true,"href":"https:\/\/portaltela.pt\/api\/wp\/v2\/comments?post=440224"}],"version-history":[{"count":0,"href":"https:\/\/portaltela.pt\/api\/wp\/v2\/posts\/440224\/revisions"}],"wp:featuredmedia":[{"embeddable":true,"href":"https:\/\/portaltela.pt\/api\/wp\/v2\/media\/440225"}],"wp:attachment":[{"href":"https:\/\/portaltela.pt\/api\/wp\/v2\/media?parent=440224"}],"wp:term":[{"taxonomy":"category","embeddable":true,"href":"https:\/\/portaltela.pt\/api\/wp\/v2\/categories?post=440224"},{"taxonomy":"post_tag","embeddable":true,"href":"https:\/\/portaltela.pt\/api\/wp\/v2\/tags?post=440224"}],"curies":[{"name":"wp","href":"https:\/\/api.w.org\/{rel}","templated":true}]}}