{"id":440220,"date":"2026-04-11T04:32:19","date_gmt":"2026-04-11T07:32:19","guid":{"rendered":"https:\/\/portaltela.pt\/noticias\/2026\/04\/11\/alguns-paises-pagarao-mais-para-estar-no-mundial-2026\/"},"modified":"2026-04-11T04:32:19","modified_gmt":"2026-04-11T07:32:19","slug":"alguns-paises-pagarao-mais-para-estar-no-mundial-2026","status":"publish","type":"post","link":"https:\/\/portaltela.pt\/desporto\/copa-do-mundo\/2026\/04\/11\/alguns-paises-pagarao-mais-para-estar-no-mundial-2026\/","title":{"rendered":"Alguns pa\u00edses pagar\u00e3o mais para estar no Mundial 2026"},"content":{"rendered":"<p>O Mundial de 2026 poder\u00e1 ter diferen\u00e7as relevantes na carga fiscal entre as sele\u00e7\u00f5es. A FIFA n\u00e3o conseguiu obter uma isen\u00e7\u00e3o de impostos junto do Governo dos EUA para as 48 equipas participantes, o que pouparia os pa\u00edses anfitri\u00f5es. Ao contr\u00e1rio de Canad\u00e1 e M\u00e9xico, que j\u00e1 tinham acordo, a maioria das delega\u00e7\u00f5es ter\u00e1 de pagar impostos nos EUA.<\/p>\n<p>Portugal, contudo, j\u00e1 tem acordo de dupla tributa\u00e7\u00e3o com os EUA desde 1995. Esse acordo evita a tributa\u00e7\u00e3o federal, mas n\u00e3o incide sobre impostos estaduais e municipais. A FIFA n\u00e3o paga impostos nos EUA desde 1994, ano do primeiro Mundial naquele pa\u00eds.<\/p>\n<p>Para muitas selec\u00e7\u00f5es europeias, a isen\u00e7\u00e3o existe, mas n\u00e3o para todos. Segundo o Guardian, apenas a B\u00f3snia e a Cro\u00e1cia n\u00e3o t\u00eam acordo com os EUA. Os acordos n\u00e3o cobrem ganhos de jogadores, apenas sal\u00e1rios de treinadores e staff podem ficar isentos de dupla tributa\u00e7\u00e3o. Quem n\u00e3o tem acordo paga impostos nos EUA e no pa\u00eds de origem.<\/p>\n<p>A aus\u00eancia de isen\u00e7\u00e3o afeta especialmente selec\u00e7\u00f5es mais pequenas, bem como alguns pa\u00edses africanos, asi\u00e1ticos e de Am\u00e9rica do Sul. \u00c9 prevista uma carga fiscal adicional sempre que jogarem em territ\u00f3rio norte\u2011americano. No Brasil, por exemplo, h\u00e1 expectativa de que a federa\u00e7\u00e3o t\u00e9cnica cubra a poss\u00edvel obriga\u00e7\u00e3o fiscal adicional dos seus treinadores.<\/p>\n<p>Para al\u00e9m dos resultados desportivos, a gest\u00e3o fiscal \u00e9 um elemento relevante para o or\u00e7amento das federa\u00e7\u00f5es e do futebol local, aponta uma analista consultada pelo Guardian, que j\u00e1 trabalhou com a Federa\u00e7\u00e3o Portuguesa de Futebol e a Confedera\u00e7\u00e3o Brasileira de Futebol. A especialista alerta para a disparidade entre pa\u00edses com e sem acordos.<\/p>\n<h3>Pr\u00e9mios e reparti\u00e7\u00e3o financeira<\/h3>\n<p>Em dezembro, a FIFA aprovou um prize pool total de 559 milh\u00f5es de euros para o Mundial 2026, distribu\u00eddo entre as 48 selec\u00e7\u00f5es. O m\u00ednimo garantido \u00e9 de 7,7 milh\u00f5es de euros para quem ficar na fase de grupos. Eliminadas nos 16 avos-de-final recebem 9,4 milh\u00f5es e quem chegar aos oitavos soma 12,8 milh\u00f5es.<\/p>\n<p>Quem avan\u00e7a aos quartos leva 16,2 milh\u00f5es; pelo caminho at\u00e9 a melhor posi\u00e7\u00e3o, o quarto lugar recebe 23 milh\u00f5es, o terceiro 24,7 milh\u00f5es, o vice-campe\u00e3o 28,2 milh\u00f5es e o campe\u00e3o mundial 42,6 milh\u00f5es. Ainda h\u00e1 uma verba extraordin\u00e1ria de 1,28 milh\u00f5es de euros destinada \u00e0s federa\u00e7\u00f5es para custos de prepara\u00e7\u00e3o.<\/p>\n<p>A crise fiscal associada ao torneio \u00e9 compar\u00e1vel a acontecimentos no Mundial de clubes de 2025, quando pr\u00e9mios tamb\u00e9m estiveram sujeitos a tarifas nos EUA. A FIFA estima que, num universo de clubes, a taxa aplicada ao conjunto de pr\u00e9mios pode ter impacto relevante nos montantes globais.<\/p>\n","protected":false},"excerpt":{"rendered":"<ul>\n<li>A FIFA n\u00e3o conseguiu obter isen\u00e7\u00e3o fiscal junto do Governo dos EUA para o Mundial de 2026, o que significa que v\u00e1rias selec\u00e7\u00f5es v\u00e3o pagar impostos nos EUA durante o torneio.<\/li>\n<li>Quarenta e oito pa\u00edses v\u00e3o ficar sujeitos a impostos caso n\u00e3o estejam abrangidos por acordos de dupla tributa\u00e7\u00e3o com os EUA; Portugal mant\u00e9m esse acordo desde 1995, para o imposto federal.<\/li>\n<li>O Brasil pode tamb\u00e9m ficar fortemente penalizado, com a federa\u00e7\u00e3o a prever cobrir a carga fiscal adicional para o treinador e staff, embora os sal\u00e1rios de jogadores n\u00e3o estejam abrangidos pelos acordos.<\/li>\n<li>O Mundial decorre entre 11 de junho e 19 de julho de 2026; o Guardian revela que selec\u00e7\u00f5es menores sem acordo ficam particularmente fragilizadas pela falta de isen\u00e7\u00e3o.<\/li>\n<li>O valor total de pr\u00e9mios para as 48 selec\u00e7\u00f5es \u00e9 de \u20ac559 milh\u00f5es, com o campe\u00e3o a receber \u20ac42,6 milh\u00f5es; h\u00e1\u20ac1,28 milh\u00f5es adicionais por federa\u00e7\u00e3o para custos de prepara\u00e7\u00e3o.<\/li>\n<\/ul>\n","protected":false},"author":2,"featured_media":440222,"comment_status":"closed","ping_status":"closed","sticky":false,"template":"","format":"standard","meta":{"footnotes":""},"categories":[6695,21],"tags":[7755,6367,28,2584,1014,3545],"class_list":["post-440220","post","type-post","status-publish","format-standard","has-post-thumbnail","hentry","category-copa-do-mundo","category-desporto","tag-_futebol","tag-copa2026","tag-economia","tag-financas","tag-portugal","tag-premios"],"yoast_head":"<!-- This site is optimized with the Yoast SEO plugin v27.2 - https:\/\/yoast.com\/product\/yoast-seo-wordpress\/ -->\n<title>Alguns pa\u00edses pagar\u00e3o mais para estar no Mundial 2026 - Portal Tela Portugal<\/title>\n<meta name=\"robots\" content=\"index, follow, max-snippet:-1, max-image-preview:large, max-video-preview:-1\" \/>\n<meta property=\"og:locale\" content=\"pt_PT\" \/>\n<meta property=\"og:type\" content=\"article\" \/>\n<meta property=\"og:title\" content=\"Alguns pa\u00edses pagar\u00e3o mais para estar no Mundial 2026 - Portal Tela Portugal\" \/>\n<meta property=\"og:description\" content=\"A FIFA n\u00e3o conseguiu obter isen\u00e7\u00e3o fiscal junto do Governo dos EUA para o Mundial de 2026, o que significa que v\u00e1rias selec\u00e7\u00f5es v\u00e3o pagar impostos nos EUA durante o torneio. Quarenta e oito pa\u00edses v\u00e3o ficar sujeitos a impostos caso n\u00e3o estejam abrangidos por acordos de dupla tributa\u00e7\u00e3o com os EUA; Portugal mant\u00e9m esse acordo desde 1995, para o imposto federal. O Brasil pode tamb\u00e9m ficar fortemente penalizado, com a federa\u00e7\u00e3o a prever cobrir a carga fiscal adicional para o treinador e staff, embora os sal\u00e1rios de jogadores n\u00e3o estejam abrangidos pelos acordos. O Mundial decorre entre 11 de junho e 19 de julho de 2026; o Guardian revela que selec\u00e7\u00f5es menores sem acordo ficam particularmente fragilizadas pela falta de isen\u00e7\u00e3o. O valor total de pr\u00e9mios para as 48 selec\u00e7\u00f5es \u00e9 de \u20ac559 milh\u00f5es, com o campe\u00e3o a receber \u20ac42,6 milh\u00f5es; h\u00e1\u20ac1,28 milh\u00f5es adicionais por federa\u00e7\u00e3o para custos de prepara\u00e7\u00e3o.\" \/>\n<meta property=\"og:url\" content=\"https:\/\/portaltela.pt\/noticias\/2026\/04\/11\/alguns-paises-pagarao-mais-para-estar-no-mundial-2026\/\" \/>\n<meta property=\"og:site_name\" content=\"Portal Tela Portugal\" \/>\n<meta property=\"article:published_time\" content=\"2026-04-11T07:32:19+00:00\" \/>\n<meta name=\"author\" content=\"Telinha\" \/>\n<meta name=\"twitter:card\" content=\"summary_large_image\" \/>\n<meta name=\"twitter:label1\" content=\"Escrito por\" \/>\n\t<meta name=\"twitter:data1\" content=\"Telinha\" \/>\n\t<meta name=\"twitter:label2\" content=\"Tempo estimado de leitura\" \/>\n\t<meta name=\"twitter:data2\" content=\"2 minutos\" \/>\n<script type=\"application\/ld+json\" class=\"yoast-schema-graph\">{\"@context\":\"https:\/\/schema.org\",\"@graph\":[{\"@type\":\"Article\",\"@id\":\"https:\/\/portaltela.pt\/noticias\/2026\/04\/11\/alguns-paises-pagarao-mais-para-estar-no-mundial-2026\/#article\",\"isPartOf\":{\"@id\":\"https:\/\/portaltela.pt\/noticias\/2026\/04\/11\/alguns-paises-pagarao-mais-para-estar-no-mundial-2026\/\"},\"author\":{\"name\":\"Telinha\",\"@id\":\"https:\/\/portaltela.pt\/#\/schema\/person\/c4278d4a6028830caff9ee44b42d32ed\"},\"headline\":\"Alguns pa\u00edses pagar\u00e3o mais para estar no Mundial 2026\",\"datePublished\":\"2026-04-11T07:32:19+00:00\",\"mainEntityOfPage\":{\"@id\":\"https:\/\/portaltela.pt\/noticias\/2026\/04\/11\/alguns-paises-pagarao-mais-para-estar-no-mundial-2026\/\"},\"wordCount\":479,\"image\":{\"@id\":\"https:\/\/portaltela.pt\/noticias\/2026\/04\/11\/alguns-paises-pagarao-mais-para-estar-no-mundial-2026\/#primaryimage\"},\"thumbnailUrl\":\"https:\/\/portaltela.pt\/s.01k8rhncp4jt1\/2026\/04\/2080601.jpg\",\"keywords\":[\"_futebol\",\"#copa2026\",\"economia\",\"finan\u00e7as\",\"Portugal\",\"pr\u00e9mios\"],\"articleSection\":[\"Copa do Mundo\",\"Desporto\"],\"inLanguage\":\"pt-PT\"},{\"@type\":\"WebPage\",\"@id\":\"https:\/\/portaltela.pt\/noticias\/2026\/04\/11\/alguns-paises-pagarao-mais-para-estar-no-mundial-2026\/\",\"url\":\"https:\/\/portaltela.pt\/noticias\/2026\/04\/11\/alguns-paises-pagarao-mais-para-estar-no-mundial-2026\/\",\"name\":\"Alguns pa\u00edses pagar\u00e3o mais para estar no Mundial 2026 - Portal Tela Portugal\",\"isPartOf\":{\"@id\":\"https:\/\/portaltela.pt\/#website\"},\"primaryImageOfPage\":{\"@id\":\"https:\/\/portaltela.pt\/noticias\/2026\/04\/11\/alguns-paises-pagarao-mais-para-estar-no-mundial-2026\/#primaryimage\"},\"image\":{\"@id\":\"https:\/\/portaltela.pt\/noticias\/2026\/04\/11\/alguns-paises-pagarao-mais-para-estar-no-mundial-2026\/#primaryimage\"},\"thumbnailUrl\":\"https:\/\/portaltela.pt\/s.01k8rhncp4jt1\/2026\/04\/2080601.jpg\",\"datePublished\":\"2026-04-11T07:32:19+00:00\",\"author\":{\"@id\":\"https:\/\/portaltela.pt\/#\/schema\/person\/c4278d4a6028830caff9ee44b42d32ed\"},\"breadcrumb\":{\"@id\":\"https:\/\/portaltela.pt\/noticias\/2026\/04\/11\/alguns-paises-pagarao-mais-para-estar-no-mundial-2026\/#breadcrumb\"},\"inLanguage\":\"pt-PT\",\"potentialAction\":[{\"@type\":\"ReadAction\",\"target\":[\"https:\/\/portaltela.pt\/noticias\/2026\/04\/11\/alguns-paises-pagarao-mais-para-estar-no-mundial-2026\/\"]}]},{\"@type\":\"ImageObject\",\"inLanguage\":\"pt-PT\",\"@id\":\"https:\/\/portaltela.pt\/noticias\/2026\/04\/11\/alguns-paises-pagarao-mais-para-estar-no-mundial-2026\/#primaryimage\",\"url\":\"https:\/\/portaltela.pt\/s.01k8rhncp4jt1\/2026\/04\/2080601.jpg\",\"contentUrl\":\"https:\/\/portaltela.pt\/s.01k8rhncp4jt1\/2026\/04\/2080601.jpg\",\"width\":796,\"height\":448,\"caption\":\"Donald Trump, presidente dos EUA, e Gianni Infantino, presidente da FIFA\"},{\"@type\":\"BreadcrumbList\",\"@id\":\"https:\/\/portaltela.pt\/noticias\/2026\/04\/11\/alguns-paises-pagarao-mais-para-estar-no-mundial-2026\/#breadcrumb\",\"itemListElement\":[{\"@type\":\"ListItem\",\"position\":1,\"name\":\"In\u00edcio\",\"item\":\"https:\/\/portaltela.pt\/\"},{\"@type\":\"ListItem\",\"position\":2,\"name\":\"Alguns pa\u00edses pagar\u00e3o mais para estar no Mundial 2026\"}]},{\"@type\":\"WebSite\",\"@id\":\"https:\/\/portaltela.pt\/#website\",\"url\":\"https:\/\/portaltela.pt\/\",\"name\":\"Portal Tela Portugal\",\"description\":\"\",\"potentialAction\":[{\"@type\":\"SearchAction\",\"target\":{\"@type\":\"EntryPoint\",\"urlTemplate\":\"https:\/\/portaltela.pt\/?s={search_term_string}\"},\"query-input\":{\"@type\":\"PropertyValueSpecification\",\"valueRequired\":true,\"valueName\":\"search_term_string\"}}],\"inLanguage\":\"pt-PT\"},{\"@type\":\"Person\",\"@id\":\"https:\/\/portaltela.pt\/#\/schema\/person\/c4278d4a6028830caff9ee44b42d32ed\",\"name\":\"Telinha\",\"image\":{\"@type\":\"ImageObject\",\"inLanguage\":\"pt-PT\",\"@id\":\"https:\/\/portaltela.pt\/s.01k8rhncp4jt1\/2025\/11\/talking-bot-125x125.png\",\"url\":\"https:\/\/portaltela.pt\/s.01k8rhncp4jt1\/2025\/11\/talking-bot-125x125.png\",\"contentUrl\":\"https:\/\/portaltela.pt\/s.01k8rhncp4jt1\/2025\/11\/talking-bot-125x125.png\",\"caption\":\"Telinha\"},\"sameAs\":[\"https:\/\/portaltela.pt\/\"],\"url\":\"https:\/\/portaltela.pt\/por\/367410592786\/\"}]}<\/script>\n<!-- \/ Yoast SEO plugin. -->","yoast_head_json":{"title":"Alguns pa\u00edses pagar\u00e3o mais para estar no Mundial 2026 - Portal Tela Portugal","robots":{"index":"index","follow":"follow","max-snippet":"max-snippet:-1","max-image-preview":"max-image-preview:large","max-video-preview":"max-video-preview:-1"},"og_locale":"pt_PT","og_type":"article","og_title":"Alguns pa\u00edses pagar\u00e3o mais para estar no Mundial 2026 - Portal Tela Portugal","og_description":"A FIFA n\u00e3o conseguiu obter isen\u00e7\u00e3o fiscal junto do Governo dos EUA para o Mundial de 2026, o que significa que v\u00e1rias selec\u00e7\u00f5es v\u00e3o pagar impostos nos EUA durante o torneio. Quarenta e oito pa\u00edses v\u00e3o ficar sujeitos a impostos caso n\u00e3o estejam abrangidos por acordos de dupla tributa\u00e7\u00e3o com os EUA; Portugal mant\u00e9m esse acordo desde 1995, para o imposto federal. O Brasil pode tamb\u00e9m ficar fortemente penalizado, com a federa\u00e7\u00e3o a prever cobrir a carga fiscal adicional para o treinador e staff, embora os sal\u00e1rios de jogadores n\u00e3o estejam abrangidos pelos acordos. O Mundial decorre entre 11 de junho e 19 de julho de 2026; o Guardian revela que selec\u00e7\u00f5es menores sem acordo ficam particularmente fragilizadas pela falta de isen\u00e7\u00e3o. O valor total de pr\u00e9mios para as 48 selec\u00e7\u00f5es \u00e9 de \u20ac559 milh\u00f5es, com o campe\u00e3o a receber \u20ac42,6 milh\u00f5es; h\u00e1\u20ac1,28 milh\u00f5es adicionais por federa\u00e7\u00e3o para custos de prepara\u00e7\u00e3o.","og_url":"https:\/\/portaltela.pt\/noticias\/2026\/04\/11\/alguns-paises-pagarao-mais-para-estar-no-mundial-2026\/","og_site_name":"Portal Tela Portugal","article_published_time":"2026-04-11T07:32:19+00:00","author":"Telinha","twitter_card":"summary_large_image","twitter_misc":{"Escrito por":"Telinha","Tempo estimado de leitura":"2 minutos"},"schema":{"@context":"https:\/\/schema.org","@graph":[{"@type":"Article","@id":"https:\/\/portaltela.pt\/noticias\/2026\/04\/11\/alguns-paises-pagarao-mais-para-estar-no-mundial-2026\/#article","isPartOf":{"@id":"https:\/\/portaltela.pt\/noticias\/2026\/04\/11\/alguns-paises-pagarao-mais-para-estar-no-mundial-2026\/"},"author":{"name":"Telinha","@id":"https:\/\/portaltela.pt\/#\/schema\/person\/c4278d4a6028830caff9ee44b42d32ed"},"headline":"Alguns pa\u00edses pagar\u00e3o mais para estar no Mundial 2026","datePublished":"2026-04-11T07:32:19+00:00","mainEntityOfPage":{"@id":"https:\/\/portaltela.pt\/noticias\/2026\/04\/11\/alguns-paises-pagarao-mais-para-estar-no-mundial-2026\/"},"wordCount":479,"image":{"@id":"https:\/\/portaltela.pt\/noticias\/2026\/04\/11\/alguns-paises-pagarao-mais-para-estar-no-mundial-2026\/#primaryimage"},"thumbnailUrl":"https:\/\/portaltela.pt\/s.01k8rhncp4jt1\/2026\/04\/2080601.jpg","keywords":["_futebol","#copa2026","economia","finan\u00e7as","Portugal","pr\u00e9mios"],"articleSection":["Copa do Mundo","Desporto"],"inLanguage":"pt-PT"},{"@type":"WebPage","@id":"https:\/\/portaltela.pt\/noticias\/2026\/04\/11\/alguns-paises-pagarao-mais-para-estar-no-mundial-2026\/","url":"https:\/\/portaltela.pt\/noticias\/2026\/04\/11\/alguns-paises-pagarao-mais-para-estar-no-mundial-2026\/","name":"Alguns pa\u00edses pagar\u00e3o mais para estar no Mundial 2026 - Portal Tela Portugal","isPartOf":{"@id":"https:\/\/portaltela.pt\/#website"},"primaryImageOfPage":{"@id":"https:\/\/portaltela.pt\/noticias\/2026\/04\/11\/alguns-paises-pagarao-mais-para-estar-no-mundial-2026\/#primaryimage"},"image":{"@id":"https:\/\/portaltela.pt\/noticias\/2026\/04\/11\/alguns-paises-pagarao-mais-para-estar-no-mundial-2026\/#primaryimage"},"thumbnailUrl":"https:\/\/portaltela.pt\/s.01k8rhncp4jt1\/2026\/04\/2080601.jpg","datePublished":"2026-04-11T07:32:19+00:00","author":{"@id":"https:\/\/portaltela.pt\/#\/schema\/person\/c4278d4a6028830caff9ee44b42d32ed"},"breadcrumb":{"@id":"https:\/\/portaltela.pt\/noticias\/2026\/04\/11\/alguns-paises-pagarao-mais-para-estar-no-mundial-2026\/#breadcrumb"},"inLanguage":"pt-PT","potentialAction":[{"@type":"ReadAction","target":["https:\/\/portaltela.pt\/noticias\/2026\/04\/11\/alguns-paises-pagarao-mais-para-estar-no-mundial-2026\/"]}]},{"@type":"ImageObject","inLanguage":"pt-PT","@id":"https:\/\/portaltela.pt\/noticias\/2026\/04\/11\/alguns-paises-pagarao-mais-para-estar-no-mundial-2026\/#primaryimage","url":"https:\/\/portaltela.pt\/s.01k8rhncp4jt1\/2026\/04\/2080601.jpg","contentUrl":"https:\/\/portaltela.pt\/s.01k8rhncp4jt1\/2026\/04\/2080601.jpg","width":796,"height":448,"caption":"Donald Trump, presidente dos EUA, e Gianni Infantino, presidente da FIFA"},{"@type":"BreadcrumbList","@id":"https:\/\/portaltela.pt\/noticias\/2026\/04\/11\/alguns-paises-pagarao-mais-para-estar-no-mundial-2026\/#breadcrumb","itemListElement":[{"@type":"ListItem","position":1,"name":"In\u00edcio","item":"https:\/\/portaltela.pt\/"},{"@type":"ListItem","position":2,"name":"Alguns pa\u00edses pagar\u00e3o mais para estar no Mundial 2026"}]},{"@type":"WebSite","@id":"https:\/\/portaltela.pt\/#website","url":"https:\/\/portaltela.pt\/","name":"Portal Tela Portugal","description":"","potentialAction":[{"@type":"SearchAction","target":{"@type":"EntryPoint","urlTemplate":"https:\/\/portaltela.pt\/?s={search_term_string}"},"query-input":{"@type":"PropertyValueSpecification","valueRequired":true,"valueName":"search_term_string"}}],"inLanguage":"pt-PT"},{"@type":"Person","@id":"https:\/\/portaltela.pt\/#\/schema\/person\/c4278d4a6028830caff9ee44b42d32ed","name":"Telinha","image":{"@type":"ImageObject","inLanguage":"pt-PT","@id":"https:\/\/portaltela.pt\/s.01k8rhncp4jt1\/2025\/11\/talking-bot-125x125.png","url":"https:\/\/portaltela.pt\/s.01k8rhncp4jt1\/2025\/11\/talking-bot-125x125.png","contentUrl":"https:\/\/portaltela.pt\/s.01k8rhncp4jt1\/2025\/11\/talking-bot-125x125.png","caption":"Telinha"},"sameAs":["https:\/\/portaltela.pt\/"],"url":"https:\/\/portaltela.pt\/por\/367410592786\/"}]}},"_links":{"self":[{"href":"https:\/\/portaltela.pt\/api\/wp\/v2\/posts\/440220","targetHints":{"allow":["GET"]}}],"collection":[{"href":"https:\/\/portaltela.pt\/api\/wp\/v2\/posts"}],"about":[{"href":"https:\/\/portaltela.pt\/api\/wp\/v2\/types\/post"}],"author":[{"embeddable":true,"href":"https:\/\/portaltela.pt\/api\/wp\/v2\/users\/2"}],"replies":[{"embeddable":true,"href":"https:\/\/portaltela.pt\/api\/wp\/v2\/comments?post=440220"}],"version-history":[{"count":0,"href":"https:\/\/portaltela.pt\/api\/wp\/v2\/posts\/440220\/revisions"}],"wp:featuredmedia":[{"embeddable":true,"href":"https:\/\/portaltela.pt\/api\/wp\/v2\/media\/440222"}],"wp:attachment":[{"href":"https:\/\/portaltela.pt\/api\/wp\/v2\/media?parent=440220"}],"wp:term":[{"taxonomy":"category","embeddable":true,"href":"https:\/\/portaltela.pt\/api\/wp\/v2\/categories?post=440220"},{"taxonomy":"post_tag","embeddable":true,"href":"https:\/\/portaltela.pt\/api\/wp\/v2\/tags?post=440220"}],"curies":[{"name":"wp","href":"https:\/\/api.w.org\/{rel}","templated":true}]}}