{"id":440214,"date":"2026-04-11T04:28:00","date_gmt":"2026-04-11T07:28:00","guid":{"rendered":"https:\/\/portaltela.pt\/noticias\/2026\/04\/11\/mp-pede-internamento-de-tres-anos-para-menor-que-matou-a-mae\/"},"modified":"2026-04-11T04:28:00","modified_gmt":"2026-04-11T07:28:00","slug":"mp-pede-internamento-de-tres-anos-para-menor-que-matou-a-mae","status":"publish","type":"post","link":"https:\/\/portaltela.pt\/justica\/2026\/04\/11\/mp-pede-internamento-de-tres-anos-para-menor-que-matou-a-mae\/","title":{"rendered":"MP pede internamento de tr\u00eas anos para menor que matou a m\u00e3e"},"content":{"rendered":"<p>O Minist\u00e9rio P\u00fablico do Tribunal de Fam\u00edlia e Menores de Aveiro pediu, em alega\u00e7\u00f5es finais, o internamento do jovem que matou a m\u00e3e em Vagos, a 21 de outubro de 2025. A medida solicitada \u00e9 de tr\u00eas anos, em regime fechado.<\/p>\n<p>O internamento \u00e9 a mais pesada das medidas tutelares educativas para jovens entre 12 e 16 anos que cometam crimes qualificados pela lei. O MP sustenta que a gravidade do crime justifica a aplica\u00e7\u00e3o desta pena.<\/p>\n<p>A decis\u00e3o final cabe ao tribunal e, caso aceite, o jovem ser\u00e1 colocado sob internamento por tr\u00eas anos, com regime de execu\u00e7\u00e3o fechado. O processo decorre no \u00e2mbito do direito de prote\u00e7\u00e3o de menores.<\/p>\n","protected":false},"excerpt":{"rendered":"<ul>\n<li>O Minist\u00e9rio P\u00fablico do Tribunal de Fam\u00edlia e Menores de Aveiro pediu, ontem de manh\u00e3, o internamento do jovem que matou a m\u00e3e em Vagos, a 21 de outubro de 2025.<\/li>\n<li>O pedido \u00e9 de tr\u00eas anos de internamento, em regime fechado, para o jovem com idade entre 12 e 16 anos que cometeu o crime qualificado.<\/li>\n<li>O internamento de tr\u00eas anos \u00e9 a medida tutelares educativas mais pesada previstas para atos qualificados.<\/li>\n<li>A decis\u00e3o caber\u00e1 ao tribunal, com base nas alega\u00e7\u00f5es finais apresentadas.<\/li>\n<\/ul>\n","protected":false},"author":2,"featured_media":440216,"comment_status":"closed","ping_status":"closed","sticky":false,"template":"","format":"standard","meta":{"footnotes":""},"categories":[6815],"tags":[1059,147,7846,1345,6056,250],"class_list":["post-440214","post","type-post","status-publish","format-standard","has-post-thumbnail","hentry","category-justica","tag-aveiro","tag-crime","tag-direitos-dos-menores","tag-homicidio","tag-menores","tag-seguranca-publica"],"yoast_head":"<!-- This site is optimized with the Yoast SEO plugin v27.2 - https:\/\/yoast.com\/product\/yoast-seo-wordpress\/ -->\n<title>MP pede internamento de tr\u00eas anos para menor que matou a m\u00e3e - Portal Tela Portugal<\/title>\n<meta name=\"robots\" content=\"index, follow, max-snippet:-1, max-image-preview:large, max-video-preview:-1\" \/>\n<meta property=\"og:locale\" content=\"pt_PT\" \/>\n<meta property=\"og:type\" content=\"article\" \/>\n<meta property=\"og:title\" content=\"MP pede internamento de tr\u00eas anos para menor que matou a m\u00e3e - Portal Tela Portugal\" \/>\n<meta property=\"og:description\" content=\"O Minist\u00e9rio P\u00fablico do Tribunal de Fam\u00edlia e Menores de Aveiro pediu, ontem de manh\u00e3, o internamento do jovem que matou a m\u00e3e em Vagos, a 21 de outubro de 2025. O pedido \u00e9 de tr\u00eas anos de internamento, em regime fechado, para o jovem com idade entre 12 e 16 anos que cometeu o crime qualificado. O internamento de tr\u00eas anos \u00e9 a medida tutelares educativas mais pesada previstas para atos qualificados. A decis\u00e3o caber\u00e1 ao tribunal, com base nas alega\u00e7\u00f5es finais apresentadas.\" \/>\n<meta property=\"og:url\" content=\"https:\/\/portaltela.pt\/noticias\/2026\/04\/11\/mp-pede-internamento-de-tres-anos-para-menor-que-matou-a-mae\/\" \/>\n<meta property=\"og:site_name\" content=\"Portal Tela Portugal\" \/>\n<meta property=\"article:published_time\" content=\"2026-04-11T07:28:00+00:00\" \/>\n<meta name=\"author\" content=\"Telinha\" \/>\n<meta name=\"twitter:card\" content=\"summary_large_image\" \/>\n<meta name=\"twitter:label1\" content=\"Escrito por\" \/>\n\t<meta name=\"twitter:data1\" content=\"Telinha\" \/>\n\t<meta name=\"twitter:label2\" content=\"Tempo estimado de leitura\" \/>\n\t<meta name=\"twitter:data2\" content=\"1 minuto\" \/>\n<script type=\"application\/ld+json\" class=\"yoast-schema-graph\">{\"@context\":\"https:\/\/schema.org\",\"@graph\":[{\"@type\":\"Article\",\"@id\":\"https:\/\/portaltela.pt\/noticias\/2026\/04\/11\/mp-pede-internamento-de-tres-anos-para-menor-que-matou-a-mae\/#article\",\"isPartOf\":{\"@id\":\"https:\/\/portaltela.pt\/noticias\/2026\/04\/11\/mp-pede-internamento-de-tres-anos-para-menor-que-matou-a-mae\/\"},\"author\":{\"name\":\"Telinha\",\"@id\":\"https:\/\/portaltela.pt\/#\/schema\/person\/c4278d4a6028830caff9ee44b42d32ed\"},\"headline\":\"MP pede internamento de tr\u00eas anos para menor que matou a m\u00e3e\",\"datePublished\":\"2026-04-11T07:28:00+00:00\",\"mainEntityOfPage\":{\"@id\":\"https:\/\/portaltela.pt\/noticias\/2026\/04\/11\/mp-pede-internamento-de-tres-anos-para-menor-que-matou-a-mae\/\"},\"wordCount\":130,\"image\":{\"@id\":\"https:\/\/portaltela.pt\/noticias\/2026\/04\/11\/mp-pede-internamento-de-tres-anos-para-menor-que-matou-a-mae\/#primaryimage\"},\"thumbnailUrl\":\"https:\/\/portaltela.pt\/s.01k8rhncp4jt1\/2026\/04\/c09f36cb-59af-484f-b03c-e9d8ed2deeaf_1200x675.jpg\",\"keywords\":[\"Aveiro\",\"crime\",\"direitos dos menores\",\"homic\u00eddio\",\"menores\",\"seguran\u00e7a p\u00fablica\"],\"articleSection\":[\"Justi\u00e7a\"],\"inLanguage\":\"pt-PT\"},{\"@type\":\"WebPage\",\"@id\":\"https:\/\/portaltela.pt\/noticias\/2026\/04\/11\/mp-pede-internamento-de-tres-anos-para-menor-que-matou-a-mae\/\",\"url\":\"https:\/\/portaltela.pt\/noticias\/2026\/04\/11\/mp-pede-internamento-de-tres-anos-para-menor-que-matou-a-mae\/\",\"name\":\"MP pede internamento de tr\u00eas anos para menor que matou a m\u00e3e - Portal Tela Portugal\",\"isPartOf\":{\"@id\":\"https:\/\/portaltela.pt\/#website\"},\"primaryImageOfPage\":{\"@id\":\"https:\/\/portaltela.pt\/noticias\/2026\/04\/11\/mp-pede-internamento-de-tres-anos-para-menor-que-matou-a-mae\/#primaryimage\"},\"image\":{\"@id\":\"https:\/\/portaltela.pt\/noticias\/2026\/04\/11\/mp-pede-internamento-de-tres-anos-para-menor-que-matou-a-mae\/#primaryimage\"},\"thumbnailUrl\":\"https:\/\/portaltela.pt\/s.01k8rhncp4jt1\/2026\/04\/c09f36cb-59af-484f-b03c-e9d8ed2deeaf_1200x675.jpg\",\"datePublished\":\"2026-04-11T07:28:00+00:00\",\"author\":{\"@id\":\"https:\/\/portaltela.pt\/#\/schema\/person\/c4278d4a6028830caff9ee44b42d32ed\"},\"breadcrumb\":{\"@id\":\"https:\/\/portaltela.pt\/noticias\/2026\/04\/11\/mp-pede-internamento-de-tres-anos-para-menor-que-matou-a-mae\/#breadcrumb\"},\"inLanguage\":\"pt-PT\",\"potentialAction\":[{\"@type\":\"ReadAction\",\"target\":[\"https:\/\/portaltela.pt\/noticias\/2026\/04\/11\/mp-pede-internamento-de-tres-anos-para-menor-que-matou-a-mae\/\"]}]},{\"@type\":\"ImageObject\",\"inLanguage\":\"pt-PT\",\"@id\":\"https:\/\/portaltela.pt\/noticias\/2026\/04\/11\/mp-pede-internamento-de-tres-anos-para-menor-que-matou-a-mae\/#primaryimage\",\"url\":\"https:\/\/portaltela.pt\/s.01k8rhncp4jt1\/2026\/04\/c09f36cb-59af-484f-b03c-e9d8ed2deeaf_1200x675.jpg\",\"contentUrl\":\"https:\/\/portaltela.pt\/s.01k8rhncp4jt1\/2026\/04\/c09f36cb-59af-484f-b03c-e9d8ed2deeaf_1200x675.jpg\",\"width\":796,\"height\":448,\"caption\":\"Photo\"},{\"@type\":\"BreadcrumbList\",\"@id\":\"https:\/\/portaltela.pt\/noticias\/2026\/04\/11\/mp-pede-internamento-de-tres-anos-para-menor-que-matou-a-mae\/#breadcrumb\",\"itemListElement\":[{\"@type\":\"ListItem\",\"position\":1,\"name\":\"In\u00edcio\",\"item\":\"https:\/\/portaltela.pt\/\"},{\"@type\":\"ListItem\",\"position\":2,\"name\":\"MP pede internamento de tr\u00eas anos para menor que matou a m\u00e3e\"}]},{\"@type\":\"WebSite\",\"@id\":\"https:\/\/portaltela.pt\/#website\",\"url\":\"https:\/\/portaltela.pt\/\",\"name\":\"Portal Tela Portugal\",\"description\":\"\",\"potentialAction\":[{\"@type\":\"SearchAction\",\"target\":{\"@type\":\"EntryPoint\",\"urlTemplate\":\"https:\/\/portaltela.pt\/?s={search_term_string}\"},\"query-input\":{\"@type\":\"PropertyValueSpecification\",\"valueRequired\":true,\"valueName\":\"search_term_string\"}}],\"inLanguage\":\"pt-PT\"},{\"@type\":\"Person\",\"@id\":\"https:\/\/portaltela.pt\/#\/schema\/person\/c4278d4a6028830caff9ee44b42d32ed\",\"name\":\"Telinha\",\"image\":{\"@type\":\"ImageObject\",\"inLanguage\":\"pt-PT\",\"@id\":\"https:\/\/portaltela.pt\/s.01k8rhncp4jt1\/2025\/11\/talking-bot-125x125.png\",\"url\":\"https:\/\/portaltela.pt\/s.01k8rhncp4jt1\/2025\/11\/talking-bot-125x125.png\",\"contentUrl\":\"https:\/\/portaltela.pt\/s.01k8rhncp4jt1\/2025\/11\/talking-bot-125x125.png\",\"caption\":\"Telinha\"},\"sameAs\":[\"https:\/\/portaltela.pt\/\"],\"url\":\"https:\/\/portaltela.pt\/por\/367410592786\/\"}]}<\/script>\n<!-- \/ Yoast SEO plugin. -->","yoast_head_json":{"title":"MP pede internamento de tr\u00eas anos para menor que matou a m\u00e3e - Portal Tela Portugal","robots":{"index":"index","follow":"follow","max-snippet":"max-snippet:-1","max-image-preview":"max-image-preview:large","max-video-preview":"max-video-preview:-1"},"og_locale":"pt_PT","og_type":"article","og_title":"MP pede internamento de tr\u00eas anos para menor que matou a m\u00e3e - Portal Tela Portugal","og_description":"O Minist\u00e9rio P\u00fablico do Tribunal de Fam\u00edlia e Menores de Aveiro pediu, ontem de manh\u00e3, o internamento do jovem que matou a m\u00e3e em Vagos, a 21 de outubro de 2025. O pedido \u00e9 de tr\u00eas anos de internamento, em regime fechado, para o jovem com idade entre 12 e 16 anos que cometeu o crime qualificado. O internamento de tr\u00eas anos \u00e9 a medida tutelares educativas mais pesada previstas para atos qualificados. A decis\u00e3o caber\u00e1 ao tribunal, com base nas alega\u00e7\u00f5es finais apresentadas.","og_url":"https:\/\/portaltela.pt\/noticias\/2026\/04\/11\/mp-pede-internamento-de-tres-anos-para-menor-que-matou-a-mae\/","og_site_name":"Portal Tela Portugal","article_published_time":"2026-04-11T07:28:00+00:00","author":"Telinha","twitter_card":"summary_large_image","twitter_misc":{"Escrito por":"Telinha","Tempo estimado de leitura":"1 minuto"},"schema":{"@context":"https:\/\/schema.org","@graph":[{"@type":"Article","@id":"https:\/\/portaltela.pt\/noticias\/2026\/04\/11\/mp-pede-internamento-de-tres-anos-para-menor-que-matou-a-mae\/#article","isPartOf":{"@id":"https:\/\/portaltela.pt\/noticias\/2026\/04\/11\/mp-pede-internamento-de-tres-anos-para-menor-que-matou-a-mae\/"},"author":{"name":"Telinha","@id":"https:\/\/portaltela.pt\/#\/schema\/person\/c4278d4a6028830caff9ee44b42d32ed"},"headline":"MP pede internamento de tr\u00eas anos para menor que matou a m\u00e3e","datePublished":"2026-04-11T07:28:00+00:00","mainEntityOfPage":{"@id":"https:\/\/portaltela.pt\/noticias\/2026\/04\/11\/mp-pede-internamento-de-tres-anos-para-menor-que-matou-a-mae\/"},"wordCount":130,"image":{"@id":"https:\/\/portaltela.pt\/noticias\/2026\/04\/11\/mp-pede-internamento-de-tres-anos-para-menor-que-matou-a-mae\/#primaryimage"},"thumbnailUrl":"https:\/\/portaltela.pt\/s.01k8rhncp4jt1\/2026\/04\/c09f36cb-59af-484f-b03c-e9d8ed2deeaf_1200x675.jpg","keywords":["Aveiro","crime","direitos dos menores","homic\u00eddio","menores","seguran\u00e7a p\u00fablica"],"articleSection":["Justi\u00e7a"],"inLanguage":"pt-PT"},{"@type":"WebPage","@id":"https:\/\/portaltela.pt\/noticias\/2026\/04\/11\/mp-pede-internamento-de-tres-anos-para-menor-que-matou-a-mae\/","url":"https:\/\/portaltela.pt\/noticias\/2026\/04\/11\/mp-pede-internamento-de-tres-anos-para-menor-que-matou-a-mae\/","name":"MP pede internamento de tr\u00eas anos para menor que matou a m\u00e3e - Portal Tela Portugal","isPartOf":{"@id":"https:\/\/portaltela.pt\/#website"},"primaryImageOfPage":{"@id":"https:\/\/portaltela.pt\/noticias\/2026\/04\/11\/mp-pede-internamento-de-tres-anos-para-menor-que-matou-a-mae\/#primaryimage"},"image":{"@id":"https:\/\/portaltela.pt\/noticias\/2026\/04\/11\/mp-pede-internamento-de-tres-anos-para-menor-que-matou-a-mae\/#primaryimage"},"thumbnailUrl":"https:\/\/portaltela.pt\/s.01k8rhncp4jt1\/2026\/04\/c09f36cb-59af-484f-b03c-e9d8ed2deeaf_1200x675.jpg","datePublished":"2026-04-11T07:28:00+00:00","author":{"@id":"https:\/\/portaltela.pt\/#\/schema\/person\/c4278d4a6028830caff9ee44b42d32ed"},"breadcrumb":{"@id":"https:\/\/portaltela.pt\/noticias\/2026\/04\/11\/mp-pede-internamento-de-tres-anos-para-menor-que-matou-a-mae\/#breadcrumb"},"inLanguage":"pt-PT","potentialAction":[{"@type":"ReadAction","target":["https:\/\/portaltela.pt\/noticias\/2026\/04\/11\/mp-pede-internamento-de-tres-anos-para-menor-que-matou-a-mae\/"]}]},{"@type":"ImageObject","inLanguage":"pt-PT","@id":"https:\/\/portaltela.pt\/noticias\/2026\/04\/11\/mp-pede-internamento-de-tres-anos-para-menor-que-matou-a-mae\/#primaryimage","url":"https:\/\/portaltela.pt\/s.01k8rhncp4jt1\/2026\/04\/c09f36cb-59af-484f-b03c-e9d8ed2deeaf_1200x675.jpg","contentUrl":"https:\/\/portaltela.pt\/s.01k8rhncp4jt1\/2026\/04\/c09f36cb-59af-484f-b03c-e9d8ed2deeaf_1200x675.jpg","width":796,"height":448,"caption":"Photo"},{"@type":"BreadcrumbList","@id":"https:\/\/portaltela.pt\/noticias\/2026\/04\/11\/mp-pede-internamento-de-tres-anos-para-menor-que-matou-a-mae\/#breadcrumb","itemListElement":[{"@type":"ListItem","position":1,"name":"In\u00edcio","item":"https:\/\/portaltela.pt\/"},{"@type":"ListItem","position":2,"name":"MP pede internamento de tr\u00eas anos para menor que matou a m\u00e3e"}]},{"@type":"WebSite","@id":"https:\/\/portaltela.pt\/#website","url":"https:\/\/portaltela.pt\/","name":"Portal Tela Portugal","description":"","potentialAction":[{"@type":"SearchAction","target":{"@type":"EntryPoint","urlTemplate":"https:\/\/portaltela.pt\/?s={search_term_string}"},"query-input":{"@type":"PropertyValueSpecification","valueRequired":true,"valueName":"search_term_string"}}],"inLanguage":"pt-PT"},{"@type":"Person","@id":"https:\/\/portaltela.pt\/#\/schema\/person\/c4278d4a6028830caff9ee44b42d32ed","name":"Telinha","image":{"@type":"ImageObject","inLanguage":"pt-PT","@id":"https:\/\/portaltela.pt\/s.01k8rhncp4jt1\/2025\/11\/talking-bot-125x125.png","url":"https:\/\/portaltela.pt\/s.01k8rhncp4jt1\/2025\/11\/talking-bot-125x125.png","contentUrl":"https:\/\/portaltela.pt\/s.01k8rhncp4jt1\/2025\/11\/talking-bot-125x125.png","caption":"Telinha"},"sameAs":["https:\/\/portaltela.pt\/"],"url":"https:\/\/portaltela.pt\/por\/367410592786\/"}]}},"_links":{"self":[{"href":"https:\/\/portaltela.pt\/api\/wp\/v2\/posts\/440214","targetHints":{"allow":["GET"]}}],"collection":[{"href":"https:\/\/portaltela.pt\/api\/wp\/v2\/posts"}],"about":[{"href":"https:\/\/portaltela.pt\/api\/wp\/v2\/types\/post"}],"author":[{"embeddable":true,"href":"https:\/\/portaltela.pt\/api\/wp\/v2\/users\/2"}],"replies":[{"embeddable":true,"href":"https:\/\/portaltela.pt\/api\/wp\/v2\/comments?post=440214"}],"version-history":[{"count":0,"href":"https:\/\/portaltela.pt\/api\/wp\/v2\/posts\/440214\/revisions"}],"wp:featuredmedia":[{"embeddable":true,"href":"https:\/\/portaltela.pt\/api\/wp\/v2\/media\/440216"}],"wp:attachment":[{"href":"https:\/\/portaltela.pt\/api\/wp\/v2\/media?parent=440214"}],"wp:term":[{"taxonomy":"category","embeddable":true,"href":"https:\/\/portaltela.pt\/api\/wp\/v2\/categories?post=440214"},{"taxonomy":"post_tag","embeddable":true,"href":"https:\/\/portaltela.pt\/api\/wp\/v2\/tags?post=440214"}],"curies":[{"name":"wp","href":"https:\/\/api.w.org\/{rel}","templated":true}]}}