{"id":440207,"date":"2026-04-11T04:11:00","date_gmt":"2026-04-11T07:11:00","guid":{"rendered":"https:\/\/portaltela.pt\/noticias\/2026\/04\/11\/aumento-de-passageiros-em-autocarros-metros-e-comboios\/"},"modified":"2026-04-11T04:11:00","modified_gmt":"2026-04-11T07:11:00","slug":"aumento-de-passageiros-em-autocarros-metros-e-comboios","status":"publish","type":"post","link":"https:\/\/portaltela.pt\/sociedade\/2026\/04\/11\/aumento-de-passageiros-em-autocarros-metros-e-comboios\/","title":{"rendered":"Aumento de passageiros em autocarros, metros e comboios"},"content":{"rendered":"<p>A procura pelo transporte p\u00fablico tem vindo a crescer, superando, em muitos casos, os n\u00edveis pr\u00e9-pandemia de covid-19. O grupo de pol\u00edticas nacionais tem contribu\u00eddo para esse impulso, com a redu\u00e7\u00e3o de tarifas iniciada em 2019, o PART, o passe ferrovi\u00e1rio verde em 2024 e o passe gr\u00e1tis para jovens at\u00e9 aos 23 anos.<\/p>\n<p>Al\u00e9m disso, a ado\u00e7\u00e3o de tarifas mais acess\u00edveis acompanha uma maior mobilidade, sobretudo entre os jovens. A evolu\u00e7\u00e3o das valida\u00e7\u00f5es reflete o peso destes segmentos na procura, bem como a ades\u00e3o a solu\u00e7\u00f5es de mobilidade que visam reduzir custos para fam\u00edlias.<\/p>\n<h3>Aumento da procura e pol\u00edticas de tarifas<\/h3>\n<p>As autoridades destacam que a queda de pre\u00e7os \u00e9 um dos fatores que tem impulsionado o uso do transporte p\u00fablico, com impactos observados em diferentes modos.<\/p>\n<h3>Dados dos Transportes Metropolitanos do Porto<\/h3>\n<p>Nos Transportes Metropolitanos do Porto, foram registadas 210,68 milh\u00f5es de valida\u00e7\u00f5es no ano passado, um aumento de 5,62% face a 2024. A maioria das valida\u00e7\u00f5es corresponde a t\u00edtulos de assinatura (87,6%), frente a 12,4% de t\u00edtulos ocasionais.<\/p>\n<h3>Perspetivas por grupos et\u00e1rios<\/h3>\n<p>Os jovens representam 26,75% das valida\u00e7\u00f5es em 2025, indica o organismo, enquanto os idosos respondem por 14,12%. Os n\u00fameros refletem a integra\u00e7\u00e3o de medidas de acessibilidade para faixas et\u00e1rias espec\u00edficas e a valoriza\u00e7\u00e3o do transporte p\u00fablico na atual conjuntura.<\/p>\n","protected":false},"excerpt":{"rendered":"<ul>\n<li>A procura pelo transporte p\u00fablico tem aumentado, com impactos em autocarros, metros e comboios, acima dos n\u00edveis pr\u00e9-pandemia.<\/li>\n<li>Pol\u00edticas nacionais contribu\u00edram para o crescimento, incluindo o Programa de Apoio \u00e0 Redu\u00e7\u00e3o do Tarif\u00e1rio dos Transportes P\u00fablicos (PART), o passe ferrovi\u00e1rio verde (2024) e o passe gr\u00e1tis para jovens at\u00e9 aos 23 anos.<\/li>\n<li>Nos Transportes Metropolitanos do Porto registaram-se 210,68 milh\u00f5es de valida\u00e7\u00f5es no \u00faltimo ano, com um aumento de 5,62% face a 2024.<\/li>\n<li>Deste total, 87,6% correspondem a t\u00edtulos de assinatura (passe) e 12,4% a t\u00edtulos ocasionais, com os jovens a representar 26,75% das valida\u00e7\u00f5es em 2025.<\/li>\n<li>Os idosos responderam por 14,12% das valida\u00e7\u00f5es.<\/li>\n<\/ul>\n","protected":false},"author":2,"featured_media":440211,"comment_status":"closed","ping_status":"closed","sticky":false,"template":"","format":"standard","meta":{"footnotes":""},"categories":[6725,6871],"tags":[3772,7443,28,3263,982,363],"class_list":["post-440207","post","type-post","status-publish","format-standard","has-post-thumbnail","hentry","category-meio-ambiente","category-sociedade","tag-acessibilidade","tag-desenvolvimento-urbano","tag-economia","tag-mobilidade-urbana","tag-porto","tag-transportes"],"yoast_head":"<!-- This site is optimized with the Yoast SEO plugin v27.2 - https:\/\/yoast.com\/product\/yoast-seo-wordpress\/ -->\n<title>Aumento de passageiros em autocarros, metros e comboios - Portal Tela Portugal<\/title>\n<meta name=\"robots\" content=\"index, follow, max-snippet:-1, max-image-preview:large, max-video-preview:-1\" \/>\n<meta property=\"og:locale\" content=\"pt_PT\" \/>\n<meta property=\"og:type\" content=\"article\" \/>\n<meta property=\"og:title\" content=\"Aumento de passageiros em autocarros, metros e comboios - Portal Tela Portugal\" \/>\n<meta property=\"og:description\" content=\"A procura pelo transporte p\u00fablico tem aumentado, com impactos em autocarros, metros e comboios, acima dos n\u00edveis pr\u00e9-pandemia. Pol\u00edticas nacionais contribu\u00edram para o crescimento, incluindo o Programa de Apoio \u00e0 Redu\u00e7\u00e3o do Tarif\u00e1rio dos Transportes P\u00fablicos (PART), o passe ferrovi\u00e1rio verde (2024) e o passe gr\u00e1tis para jovens at\u00e9 aos 23 anos. Nos Transportes Metropolitanos do Porto registaram-se 210,68 milh\u00f5es de valida\u00e7\u00f5es no \u00faltimo ano, com um aumento de 5,62% face a 2024. Deste total, 87,6% correspondem a t\u00edtulos de assinatura (passe) e 12,4% a t\u00edtulos ocasionais, com os jovens a representar 26,75% das valida\u00e7\u00f5es em 2025. Os idosos responderam por 14,12% das valida\u00e7\u00f5es.\" \/>\n<meta property=\"og:url\" content=\"https:\/\/portaltela.pt\/noticias\/2026\/04\/11\/aumento-de-passageiros-em-autocarros-metros-e-comboios\/\" \/>\n<meta property=\"og:site_name\" content=\"Portal Tela Portugal\" \/>\n<meta property=\"article:published_time\" content=\"2026-04-11T07:11:00+00:00\" \/>\n<meta name=\"author\" content=\"Telinha\" \/>\n<meta name=\"twitter:card\" content=\"summary_large_image\" \/>\n<meta name=\"twitter:label1\" content=\"Escrito por\" \/>\n\t<meta name=\"twitter:data1\" content=\"Telinha\" \/>\n\t<meta name=\"twitter:label2\" content=\"Tempo estimado de leitura\" \/>\n\t<meta name=\"twitter:data2\" content=\"1 minuto\" \/>\n<script type=\"application\/ld+json\" class=\"yoast-schema-graph\">{\"@context\":\"https:\/\/schema.org\",\"@graph\":[{\"@type\":\"Article\",\"@id\":\"https:\/\/portaltela.pt\/noticias\/2026\/04\/11\/aumento-de-passageiros-em-autocarros-metros-e-comboios\/#article\",\"isPartOf\":{\"@id\":\"https:\/\/portaltela.pt\/noticias\/2026\/04\/11\/aumento-de-passageiros-em-autocarros-metros-e-comboios\/\"},\"author\":{\"name\":\"Telinha\",\"@id\":\"https:\/\/portaltela.pt\/#\/schema\/person\/c4278d4a6028830caff9ee44b42d32ed\"},\"headline\":\"Aumento de passageiros em autocarros, metros e comboios\",\"datePublished\":\"2026-04-11T07:11:00+00:00\",\"mainEntityOfPage\":{\"@id\":\"https:\/\/portaltela.pt\/noticias\/2026\/04\/11\/aumento-de-passageiros-em-autocarros-metros-e-comboios\/\"},\"wordCount\":242,\"image\":{\"@id\":\"https:\/\/portaltela.pt\/noticias\/2026\/04\/11\/aumento-de-passageiros-em-autocarros-metros-e-comboios\/#primaryimage\"},\"thumbnailUrl\":\"https:\/\/portaltela.pt\/s.01k8rhncp4jt1\/2026\/04\/image-636.jpg\",\"keywords\":[\"acessibilidade\",\"desenvolvimento urbano\",\"economia\",\"mobilidade urbana\",\"Porto\",\"transportes\"],\"articleSection\":[\"Meio Ambiente\",\"Sociedade\"],\"inLanguage\":\"pt-PT\"},{\"@type\":\"WebPage\",\"@id\":\"https:\/\/portaltela.pt\/noticias\/2026\/04\/11\/aumento-de-passageiros-em-autocarros-metros-e-comboios\/\",\"url\":\"https:\/\/portaltela.pt\/noticias\/2026\/04\/11\/aumento-de-passageiros-em-autocarros-metros-e-comboios\/\",\"name\":\"Aumento de passageiros em autocarros, metros e comboios - Portal Tela Portugal\",\"isPartOf\":{\"@id\":\"https:\/\/portaltela.pt\/#website\"},\"primaryImageOfPage\":{\"@id\":\"https:\/\/portaltela.pt\/noticias\/2026\/04\/11\/aumento-de-passageiros-em-autocarros-metros-e-comboios\/#primaryimage\"},\"image\":{\"@id\":\"https:\/\/portaltela.pt\/noticias\/2026\/04\/11\/aumento-de-passageiros-em-autocarros-metros-e-comboios\/#primaryimage\"},\"thumbnailUrl\":\"https:\/\/portaltela.pt\/s.01k8rhncp4jt1\/2026\/04\/image-636.jpg\",\"datePublished\":\"2026-04-11T07:11:00+00:00\",\"author\":{\"@id\":\"https:\/\/portaltela.pt\/#\/schema\/person\/c4278d4a6028830caff9ee44b42d32ed\"},\"breadcrumb\":{\"@id\":\"https:\/\/portaltela.pt\/noticias\/2026\/04\/11\/aumento-de-passageiros-em-autocarros-metros-e-comboios\/#breadcrumb\"},\"inLanguage\":\"pt-PT\",\"potentialAction\":[{\"@type\":\"ReadAction\",\"target\":[\"https:\/\/portaltela.pt\/noticias\/2026\/04\/11\/aumento-de-passageiros-em-autocarros-metros-e-comboios\/\"]}]},{\"@type\":\"ImageObject\",\"inLanguage\":\"pt-PT\",\"@id\":\"https:\/\/portaltela.pt\/noticias\/2026\/04\/11\/aumento-de-passageiros-em-autocarros-metros-e-comboios\/#primaryimage\",\"url\":\"https:\/\/portaltela.pt\/s.01k8rhncp4jt1\/2026\/04\/image-636.jpg\",\"contentUrl\":\"https:\/\/portaltela.pt\/s.01k8rhncp4jt1\/2026\/04\/image-636.jpg\",\"width\":796,\"height\":448,\"caption\":\"Na ferrovia, a procura tamb\u00e9m cresceu\"},{\"@type\":\"BreadcrumbList\",\"@id\":\"https:\/\/portaltela.pt\/noticias\/2026\/04\/11\/aumento-de-passageiros-em-autocarros-metros-e-comboios\/#breadcrumb\",\"itemListElement\":[{\"@type\":\"ListItem\",\"position\":1,\"name\":\"In\u00edcio\",\"item\":\"https:\/\/portaltela.pt\/\"},{\"@type\":\"ListItem\",\"position\":2,\"name\":\"Aumento de passageiros em autocarros, metros e comboios\"}]},{\"@type\":\"WebSite\",\"@id\":\"https:\/\/portaltela.pt\/#website\",\"url\":\"https:\/\/portaltela.pt\/\",\"name\":\"Portal Tela Portugal\",\"description\":\"\",\"potentialAction\":[{\"@type\":\"SearchAction\",\"target\":{\"@type\":\"EntryPoint\",\"urlTemplate\":\"https:\/\/portaltela.pt\/?s={search_term_string}\"},\"query-input\":{\"@type\":\"PropertyValueSpecification\",\"valueRequired\":true,\"valueName\":\"search_term_string\"}}],\"inLanguage\":\"pt-PT\"},{\"@type\":\"Person\",\"@id\":\"https:\/\/portaltela.pt\/#\/schema\/person\/c4278d4a6028830caff9ee44b42d32ed\",\"name\":\"Telinha\",\"image\":{\"@type\":\"ImageObject\",\"inLanguage\":\"pt-PT\",\"@id\":\"https:\/\/portaltela.pt\/s.01k8rhncp4jt1\/2025\/11\/talking-bot-125x125.png\",\"url\":\"https:\/\/portaltela.pt\/s.01k8rhncp4jt1\/2025\/11\/talking-bot-125x125.png\",\"contentUrl\":\"https:\/\/portaltela.pt\/s.01k8rhncp4jt1\/2025\/11\/talking-bot-125x125.png\",\"caption\":\"Telinha\"},\"sameAs\":[\"https:\/\/portaltela.pt\/\"],\"url\":\"https:\/\/portaltela.pt\/por\/367410592786\/\"}]}<\/script>\n<!-- \/ Yoast SEO plugin. -->","yoast_head_json":{"title":"Aumento de passageiros em autocarros, metros e comboios - Portal Tela Portugal","robots":{"index":"index","follow":"follow","max-snippet":"max-snippet:-1","max-image-preview":"max-image-preview:large","max-video-preview":"max-video-preview:-1"},"og_locale":"pt_PT","og_type":"article","og_title":"Aumento de passageiros em autocarros, metros e comboios - Portal Tela Portugal","og_description":"A procura pelo transporte p\u00fablico tem aumentado, com impactos em autocarros, metros e comboios, acima dos n\u00edveis pr\u00e9-pandemia. Pol\u00edticas nacionais contribu\u00edram para o crescimento, incluindo o Programa de Apoio \u00e0 Redu\u00e7\u00e3o do Tarif\u00e1rio dos Transportes P\u00fablicos (PART), o passe ferrovi\u00e1rio verde (2024) e o passe gr\u00e1tis para jovens at\u00e9 aos 23 anos. Nos Transportes Metropolitanos do Porto registaram-se 210,68 milh\u00f5es de valida\u00e7\u00f5es no \u00faltimo ano, com um aumento de 5,62% face a 2024. Deste total, 87,6% correspondem a t\u00edtulos de assinatura (passe) e 12,4% a t\u00edtulos ocasionais, com os jovens a representar 26,75% das valida\u00e7\u00f5es em 2025. Os idosos responderam por 14,12% das valida\u00e7\u00f5es.","og_url":"https:\/\/portaltela.pt\/noticias\/2026\/04\/11\/aumento-de-passageiros-em-autocarros-metros-e-comboios\/","og_site_name":"Portal Tela Portugal","article_published_time":"2026-04-11T07:11:00+00:00","author":"Telinha","twitter_card":"summary_large_image","twitter_misc":{"Escrito por":"Telinha","Tempo estimado de leitura":"1 minuto"},"schema":{"@context":"https:\/\/schema.org","@graph":[{"@type":"Article","@id":"https:\/\/portaltela.pt\/noticias\/2026\/04\/11\/aumento-de-passageiros-em-autocarros-metros-e-comboios\/#article","isPartOf":{"@id":"https:\/\/portaltela.pt\/noticias\/2026\/04\/11\/aumento-de-passageiros-em-autocarros-metros-e-comboios\/"},"author":{"name":"Telinha","@id":"https:\/\/portaltela.pt\/#\/schema\/person\/c4278d4a6028830caff9ee44b42d32ed"},"headline":"Aumento de passageiros em autocarros, metros e comboios","datePublished":"2026-04-11T07:11:00+00:00","mainEntityOfPage":{"@id":"https:\/\/portaltela.pt\/noticias\/2026\/04\/11\/aumento-de-passageiros-em-autocarros-metros-e-comboios\/"},"wordCount":242,"image":{"@id":"https:\/\/portaltela.pt\/noticias\/2026\/04\/11\/aumento-de-passageiros-em-autocarros-metros-e-comboios\/#primaryimage"},"thumbnailUrl":"https:\/\/portaltela.pt\/s.01k8rhncp4jt1\/2026\/04\/image-636.jpg","keywords":["acessibilidade","desenvolvimento urbano","economia","mobilidade urbana","Porto","transportes"],"articleSection":["Meio Ambiente","Sociedade"],"inLanguage":"pt-PT"},{"@type":"WebPage","@id":"https:\/\/portaltela.pt\/noticias\/2026\/04\/11\/aumento-de-passageiros-em-autocarros-metros-e-comboios\/","url":"https:\/\/portaltela.pt\/noticias\/2026\/04\/11\/aumento-de-passageiros-em-autocarros-metros-e-comboios\/","name":"Aumento de passageiros em autocarros, metros e comboios - Portal Tela Portugal","isPartOf":{"@id":"https:\/\/portaltela.pt\/#website"},"primaryImageOfPage":{"@id":"https:\/\/portaltela.pt\/noticias\/2026\/04\/11\/aumento-de-passageiros-em-autocarros-metros-e-comboios\/#primaryimage"},"image":{"@id":"https:\/\/portaltela.pt\/noticias\/2026\/04\/11\/aumento-de-passageiros-em-autocarros-metros-e-comboios\/#primaryimage"},"thumbnailUrl":"https:\/\/portaltela.pt\/s.01k8rhncp4jt1\/2026\/04\/image-636.jpg","datePublished":"2026-04-11T07:11:00+00:00","author":{"@id":"https:\/\/portaltela.pt\/#\/schema\/person\/c4278d4a6028830caff9ee44b42d32ed"},"breadcrumb":{"@id":"https:\/\/portaltela.pt\/noticias\/2026\/04\/11\/aumento-de-passageiros-em-autocarros-metros-e-comboios\/#breadcrumb"},"inLanguage":"pt-PT","potentialAction":[{"@type":"ReadAction","target":["https:\/\/portaltela.pt\/noticias\/2026\/04\/11\/aumento-de-passageiros-em-autocarros-metros-e-comboios\/"]}]},{"@type":"ImageObject","inLanguage":"pt-PT","@id":"https:\/\/portaltela.pt\/noticias\/2026\/04\/11\/aumento-de-passageiros-em-autocarros-metros-e-comboios\/#primaryimage","url":"https:\/\/portaltela.pt\/s.01k8rhncp4jt1\/2026\/04\/image-636.jpg","contentUrl":"https:\/\/portaltela.pt\/s.01k8rhncp4jt1\/2026\/04\/image-636.jpg","width":796,"height":448,"caption":"Na ferrovia, a procura tamb\u00e9m cresceu"},{"@type":"BreadcrumbList","@id":"https:\/\/portaltela.pt\/noticias\/2026\/04\/11\/aumento-de-passageiros-em-autocarros-metros-e-comboios\/#breadcrumb","itemListElement":[{"@type":"ListItem","position":1,"name":"In\u00edcio","item":"https:\/\/portaltela.pt\/"},{"@type":"ListItem","position":2,"name":"Aumento de passageiros em autocarros, metros e comboios"}]},{"@type":"WebSite","@id":"https:\/\/portaltela.pt\/#website","url":"https:\/\/portaltela.pt\/","name":"Portal Tela Portugal","description":"","potentialAction":[{"@type":"SearchAction","target":{"@type":"EntryPoint","urlTemplate":"https:\/\/portaltela.pt\/?s={search_term_string}"},"query-input":{"@type":"PropertyValueSpecification","valueRequired":true,"valueName":"search_term_string"}}],"inLanguage":"pt-PT"},{"@type":"Person","@id":"https:\/\/portaltela.pt\/#\/schema\/person\/c4278d4a6028830caff9ee44b42d32ed","name":"Telinha","image":{"@type":"ImageObject","inLanguage":"pt-PT","@id":"https:\/\/portaltela.pt\/s.01k8rhncp4jt1\/2025\/11\/talking-bot-125x125.png","url":"https:\/\/portaltela.pt\/s.01k8rhncp4jt1\/2025\/11\/talking-bot-125x125.png","contentUrl":"https:\/\/portaltela.pt\/s.01k8rhncp4jt1\/2025\/11\/talking-bot-125x125.png","caption":"Telinha"},"sameAs":["https:\/\/portaltela.pt\/"],"url":"https:\/\/portaltela.pt\/por\/367410592786\/"}]}},"_links":{"self":[{"href":"https:\/\/portaltela.pt\/api\/wp\/v2\/posts\/440207","targetHints":{"allow":["GET"]}}],"collection":[{"href":"https:\/\/portaltela.pt\/api\/wp\/v2\/posts"}],"about":[{"href":"https:\/\/portaltela.pt\/api\/wp\/v2\/types\/post"}],"author":[{"embeddable":true,"href":"https:\/\/portaltela.pt\/api\/wp\/v2\/users\/2"}],"replies":[{"embeddable":true,"href":"https:\/\/portaltela.pt\/api\/wp\/v2\/comments?post=440207"}],"version-history":[{"count":0,"href":"https:\/\/portaltela.pt\/api\/wp\/v2\/posts\/440207\/revisions"}],"wp:featuredmedia":[{"embeddable":true,"href":"https:\/\/portaltela.pt\/api\/wp\/v2\/media\/440211"}],"wp:attachment":[{"href":"https:\/\/portaltela.pt\/api\/wp\/v2\/media?parent=440207"}],"wp:term":[{"taxonomy":"category","embeddable":true,"href":"https:\/\/portaltela.pt\/api\/wp\/v2\/categories?post=440207"},{"taxonomy":"post_tag","embeddable":true,"href":"https:\/\/portaltela.pt\/api\/wp\/v2\/tags?post=440207"}],"curies":[{"name":"wp","href":"https:\/\/api.w.org\/{rel}","templated":true}]}}