{"id":440204,"date":"2026-04-11T04:17:14","date_gmt":"2026-04-11T07:17:14","guid":{"rendered":"https:\/\/portaltela.pt\/noticias\/2026\/04\/11\/proteger-a-cultura-gastronomica-exige-defesa-da-resistencia-alimentar\/"},"modified":"2026-04-11T04:17:14","modified_gmt":"2026-04-11T07:17:14","slug":"proteger-a-cultura-gastronomica-exige-defesa-da-resistencia-alimentar","status":"publish","type":"post","link":"https:\/\/portaltela.pt\/gastronomia\/2026\/04\/11\/proteger-a-cultura-gastronomica-exige-defesa-da-resistencia-alimentar\/","title":{"rendered":"Proteger a cultura gastron\u00f3mica exige defesa da resist\u00eancia alimentar"},"content":{"rendered":"<p>Um texto publicado recentemente aborda a defesa da cultura gastron\u00f3mica como forma de resist\u00eancia alimentar. O artigo analisa o impacto de fatores externos na nossa tradi\u00e7\u00e3o culin\u00e1ria.<\/p>\n<p>Afirma que, h\u00e1 40 anos, fazemos parte da Uni\u00e3o Europeia e que a influ\u00eancia de produtos importados e modas alimentares competitivas coloca as nossas tradi\u00e7\u00f5es numa posi\u00e7\u00e3o menos protegida.<\/p>\n<p>O autor critica abordagens que reduziram o problema a cr\u00edticas superficiais e alerta para a necessidade de estrat\u00e9gias de prote\u00e7\u00e3o sem recorrer a estigmas ou exageros.<\/p>\n<p>O artigo mant\u00e9m o foco na preserva\u00e7\u00e3o de m\u00e9todos, ingredientes e saber-fazer locais, mantendo uma leitura informativa sobre o tema.<\/p>\n","protected":false},"excerpt":{"rendered":"<ul>\n<li>Ao longo de quarenta anos, Portugal tem estado na Uni\u00e3o Europeia, e a nossa cultura gastron\u00f3mica enfrenta a press\u00e3o da importa\u00e7\u00e3o de produtos e de modas alimentares.<\/li>\n<li>O texto sustenta que estas din\u00e2micas competem com os produtos e tradi\u00e7\u00f5es locais, que s\u00e3o descritos como minorit\u00e1rios e economicamente d\u00e9beis.<\/li>\n<li>Defende-se proteger a resist\u00eancia alimentar sem recorrer a queixas devastadoras ou a ataques a servi\u00e7os de entrega, como as motas da Glovo, ou a demonizar tend\u00eancias.<\/li>\n<li>O objetivo \u00e9 preservar as nossas tradi\u00e7\u00f5es e produtos alimentares nacionais, reconhecendo a necessidade de uma defesa mais eficaz da cultura gastron\u00f3mica.<\/li>\n<\/ul>\n","protected":false},"author":2,"featured_media":440209,"comment_status":"closed","ping_status":"closed","sticky":false,"template":"","format":"standard","meta":{"footnotes":""},"categories":[7369],"tags":[7756,4880,219,1175,6247,169],"class_list":["post-440204","post","type-post","status-publish","format-standard","has-post-thumbnail","hentry","category-gastronomia","tag-_cultura","tag-conservacao-ambiental","tag-gastronomia","tag-patrimonio-cultural","tag-patrimonio-cultural-imaterial","tag-turismo"],"yoast_head":"<!-- This site is optimized with the Yoast SEO plugin v27.2 - https:\/\/yoast.com\/product\/yoast-seo-wordpress\/ -->\n<title>Proteger a cultura gastron\u00f3mica exige defesa da resist\u00eancia alimentar - Portal Tela Portugal<\/title>\n<meta name=\"robots\" content=\"index, follow, max-snippet:-1, max-image-preview:large, max-video-preview:-1\" \/>\n<meta property=\"og:locale\" content=\"pt_PT\" \/>\n<meta property=\"og:type\" content=\"article\" \/>\n<meta property=\"og:title\" content=\"Proteger a cultura gastron\u00f3mica exige defesa da resist\u00eancia alimentar - Portal Tela Portugal\" \/>\n<meta property=\"og:description\" content=\"Ao longo de quarenta anos, Portugal tem estado na Uni\u00e3o Europeia, e a nossa cultura gastron\u00f3mica enfrenta a press\u00e3o da importa\u00e7\u00e3o de produtos e de modas alimentares. O texto sustenta que estas din\u00e2micas competem com os produtos e tradi\u00e7\u00f5es locais, que s\u00e3o descritos como minorit\u00e1rios e economicamente d\u00e9beis. Defende-se proteger a resist\u00eancia alimentar sem recorrer a queixas devastadoras ou a ataques a servi\u00e7os de entrega, como as motas da Glovo, ou a demonizar tend\u00eancias. O objetivo \u00e9 preservar as nossas tradi\u00e7\u00f5es e produtos alimentares nacionais, reconhecendo a necessidade de uma defesa mais eficaz da cultura gastron\u00f3mica.\" \/>\n<meta property=\"og:url\" content=\"https:\/\/portaltela.pt\/noticias\/2026\/04\/11\/proteger-a-cultura-gastronomica-exige-defesa-da-resistencia-alimentar\/\" \/>\n<meta property=\"og:site_name\" content=\"Portal Tela Portugal\" \/>\n<meta property=\"article:published_time\" content=\"2026-04-11T07:17:14+00:00\" \/>\n<meta name=\"author\" content=\"Telinha\" \/>\n<meta name=\"twitter:card\" content=\"summary_large_image\" \/>\n<meta name=\"twitter:label1\" content=\"Escrito por\" \/>\n\t<meta name=\"twitter:data1\" content=\"Telinha\" \/>\n\t<meta name=\"twitter:label2\" content=\"Tempo estimado de leitura\" \/>\n\t<meta name=\"twitter:data2\" content=\"1 minuto\" \/>\n<script type=\"application\/ld+json\" class=\"yoast-schema-graph\">{\"@context\":\"https:\/\/schema.org\",\"@graph\":[{\"@type\":\"Article\",\"@id\":\"https:\/\/portaltela.pt\/noticias\/2026\/04\/11\/proteger-a-cultura-gastronomica-exige-defesa-da-resistencia-alimentar\/#article\",\"isPartOf\":{\"@id\":\"https:\/\/portaltela.pt\/noticias\/2026\/04\/11\/proteger-a-cultura-gastronomica-exige-defesa-da-resistencia-alimentar\/\"},\"author\":{\"name\":\"Telinha\",\"@id\":\"https:\/\/portaltela.pt\/#\/schema\/person\/c4278d4a6028830caff9ee44b42d32ed\"},\"headline\":\"Proteger a cultura gastron\u00f3mica exige defesa da resist\u00eancia alimentar\",\"datePublished\":\"2026-04-11T07:17:14+00:00\",\"mainEntityOfPage\":{\"@id\":\"https:\/\/portaltela.pt\/noticias\/2026\/04\/11\/proteger-a-cultura-gastronomica-exige-defesa-da-resistencia-alimentar\/\"},\"wordCount\":126,\"image\":{\"@id\":\"https:\/\/portaltela.pt\/noticias\/2026\/04\/11\/proteger-a-cultura-gastronomica-exige-defesa-da-resistencia-alimentar\/#primaryimage\"},\"thumbnailUrl\":\"https:\/\/portaltela.pt\/s.01k8rhncp4jt1\/2026\/04\/2079563.jpg\",\"keywords\":[\"_cultura\",\"conserva\u00e7\u00e3o ambiental\",\"gastronomia\",\"Patrim\u00f3nio Cultural\",\"Patrim\u00f3nio Cultural Imaterial\",\"turismo\"],\"articleSection\":[\"Gastronomia\"],\"inLanguage\":\"pt-PT\"},{\"@type\":\"WebPage\",\"@id\":\"https:\/\/portaltela.pt\/noticias\/2026\/04\/11\/proteger-a-cultura-gastronomica-exige-defesa-da-resistencia-alimentar\/\",\"url\":\"https:\/\/portaltela.pt\/noticias\/2026\/04\/11\/proteger-a-cultura-gastronomica-exige-defesa-da-resistencia-alimentar\/\",\"name\":\"Proteger a cultura gastron\u00f3mica exige defesa da resist\u00eancia alimentar - Portal Tela Portugal\",\"isPartOf\":{\"@id\":\"https:\/\/portaltela.pt\/#website\"},\"primaryImageOfPage\":{\"@id\":\"https:\/\/portaltela.pt\/noticias\/2026\/04\/11\/proteger-a-cultura-gastronomica-exige-defesa-da-resistencia-alimentar\/#primaryimage\"},\"image\":{\"@id\":\"https:\/\/portaltela.pt\/noticias\/2026\/04\/11\/proteger-a-cultura-gastronomica-exige-defesa-da-resistencia-alimentar\/#primaryimage\"},\"thumbnailUrl\":\"https:\/\/portaltela.pt\/s.01k8rhncp4jt1\/2026\/04\/2079563.jpg\",\"datePublished\":\"2026-04-11T07:17:14+00:00\",\"author\":{\"@id\":\"https:\/\/portaltela.pt\/#\/schema\/person\/c4278d4a6028830caff9ee44b42d32ed\"},\"breadcrumb\":{\"@id\":\"https:\/\/portaltela.pt\/noticias\/2026\/04\/11\/proteger-a-cultura-gastronomica-exige-defesa-da-resistencia-alimentar\/#breadcrumb\"},\"inLanguage\":\"pt-PT\",\"potentialAction\":[{\"@type\":\"ReadAction\",\"target\":[\"https:\/\/portaltela.pt\/noticias\/2026\/04\/11\/proteger-a-cultura-gastronomica-exige-defesa-da-resistencia-alimentar\/\"]}]},{\"@type\":\"ImageObject\",\"inLanguage\":\"pt-PT\",\"@id\":\"https:\/\/portaltela.pt\/noticias\/2026\/04\/11\/proteger-a-cultura-gastronomica-exige-defesa-da-resistencia-alimentar\/#primaryimage\",\"url\":\"https:\/\/portaltela.pt\/s.01k8rhncp4jt1\/2026\/04\/2079563.jpg\",\"contentUrl\":\"https:\/\/portaltela.pt\/s.01k8rhncp4jt1\/2026\/04\/2079563.jpg\",\"width\":796,\"height\":448,\"caption\":\"A pior maneira de a defender \u00e9 desatar a chorar, apontando para as motas da Glovo, albardadas com a comida do dem\u00f3nio, a caminho do 4.\u00ba Esq.\u00ba onde dantes se fritavam carapauzinhos e a maior malandrice poss\u00edvel era abrir uma lata de feij\u00e3o-frade.\"},{\"@type\":\"BreadcrumbList\",\"@id\":\"https:\/\/portaltela.pt\/noticias\/2026\/04\/11\/proteger-a-cultura-gastronomica-exige-defesa-da-resistencia-alimentar\/#breadcrumb\",\"itemListElement\":[{\"@type\":\"ListItem\",\"position\":1,\"name\":\"In\u00edcio\",\"item\":\"https:\/\/portaltela.pt\/\"},{\"@type\":\"ListItem\",\"position\":2,\"name\":\"Proteger a cultura gastron\u00f3mica exige defesa da resist\u00eancia alimentar\"}]},{\"@type\":\"WebSite\",\"@id\":\"https:\/\/portaltela.pt\/#website\",\"url\":\"https:\/\/portaltela.pt\/\",\"name\":\"Portal Tela Portugal\",\"description\":\"\",\"potentialAction\":[{\"@type\":\"SearchAction\",\"target\":{\"@type\":\"EntryPoint\",\"urlTemplate\":\"https:\/\/portaltela.pt\/?s={search_term_string}\"},\"query-input\":{\"@type\":\"PropertyValueSpecification\",\"valueRequired\":true,\"valueName\":\"search_term_string\"}}],\"inLanguage\":\"pt-PT\"},{\"@type\":\"Person\",\"@id\":\"https:\/\/portaltela.pt\/#\/schema\/person\/c4278d4a6028830caff9ee44b42d32ed\",\"name\":\"Telinha\",\"image\":{\"@type\":\"ImageObject\",\"inLanguage\":\"pt-PT\",\"@id\":\"https:\/\/portaltela.pt\/s.01k8rhncp4jt1\/2025\/11\/talking-bot-125x125.png\",\"url\":\"https:\/\/portaltela.pt\/s.01k8rhncp4jt1\/2025\/11\/talking-bot-125x125.png\",\"contentUrl\":\"https:\/\/portaltela.pt\/s.01k8rhncp4jt1\/2025\/11\/talking-bot-125x125.png\",\"caption\":\"Telinha\"},\"sameAs\":[\"https:\/\/portaltela.pt\/\"],\"url\":\"https:\/\/portaltela.pt\/por\/367410592786\/\"}]}<\/script>\n<!-- \/ Yoast SEO plugin. -->","yoast_head_json":{"title":"Proteger a cultura gastron\u00f3mica exige defesa da resist\u00eancia alimentar - Portal Tela Portugal","robots":{"index":"index","follow":"follow","max-snippet":"max-snippet:-1","max-image-preview":"max-image-preview:large","max-video-preview":"max-video-preview:-1"},"og_locale":"pt_PT","og_type":"article","og_title":"Proteger a cultura gastron\u00f3mica exige defesa da resist\u00eancia alimentar - Portal Tela Portugal","og_description":"Ao longo de quarenta anos, Portugal tem estado na Uni\u00e3o Europeia, e a nossa cultura gastron\u00f3mica enfrenta a press\u00e3o da importa\u00e7\u00e3o de produtos e de modas alimentares. O texto sustenta que estas din\u00e2micas competem com os produtos e tradi\u00e7\u00f5es locais, que s\u00e3o descritos como minorit\u00e1rios e economicamente d\u00e9beis. Defende-se proteger a resist\u00eancia alimentar sem recorrer a queixas devastadoras ou a ataques a servi\u00e7os de entrega, como as motas da Glovo, ou a demonizar tend\u00eancias. O objetivo \u00e9 preservar as nossas tradi\u00e7\u00f5es e produtos alimentares nacionais, reconhecendo a necessidade de uma defesa mais eficaz da cultura gastron\u00f3mica.","og_url":"https:\/\/portaltela.pt\/noticias\/2026\/04\/11\/proteger-a-cultura-gastronomica-exige-defesa-da-resistencia-alimentar\/","og_site_name":"Portal Tela Portugal","article_published_time":"2026-04-11T07:17:14+00:00","author":"Telinha","twitter_card":"summary_large_image","twitter_misc":{"Escrito por":"Telinha","Tempo estimado de leitura":"1 minuto"},"schema":{"@context":"https:\/\/schema.org","@graph":[{"@type":"Article","@id":"https:\/\/portaltela.pt\/noticias\/2026\/04\/11\/proteger-a-cultura-gastronomica-exige-defesa-da-resistencia-alimentar\/#article","isPartOf":{"@id":"https:\/\/portaltela.pt\/noticias\/2026\/04\/11\/proteger-a-cultura-gastronomica-exige-defesa-da-resistencia-alimentar\/"},"author":{"name":"Telinha","@id":"https:\/\/portaltela.pt\/#\/schema\/person\/c4278d4a6028830caff9ee44b42d32ed"},"headline":"Proteger a cultura gastron\u00f3mica exige defesa da resist\u00eancia alimentar","datePublished":"2026-04-11T07:17:14+00:00","mainEntityOfPage":{"@id":"https:\/\/portaltela.pt\/noticias\/2026\/04\/11\/proteger-a-cultura-gastronomica-exige-defesa-da-resistencia-alimentar\/"},"wordCount":126,"image":{"@id":"https:\/\/portaltela.pt\/noticias\/2026\/04\/11\/proteger-a-cultura-gastronomica-exige-defesa-da-resistencia-alimentar\/#primaryimage"},"thumbnailUrl":"https:\/\/portaltela.pt\/s.01k8rhncp4jt1\/2026\/04\/2079563.jpg","keywords":["_cultura","conserva\u00e7\u00e3o ambiental","gastronomia","Patrim\u00f3nio Cultural","Patrim\u00f3nio Cultural Imaterial","turismo"],"articleSection":["Gastronomia"],"inLanguage":"pt-PT"},{"@type":"WebPage","@id":"https:\/\/portaltela.pt\/noticias\/2026\/04\/11\/proteger-a-cultura-gastronomica-exige-defesa-da-resistencia-alimentar\/","url":"https:\/\/portaltela.pt\/noticias\/2026\/04\/11\/proteger-a-cultura-gastronomica-exige-defesa-da-resistencia-alimentar\/","name":"Proteger a cultura gastron\u00f3mica exige defesa da resist\u00eancia alimentar - Portal Tela Portugal","isPartOf":{"@id":"https:\/\/portaltela.pt\/#website"},"primaryImageOfPage":{"@id":"https:\/\/portaltela.pt\/noticias\/2026\/04\/11\/proteger-a-cultura-gastronomica-exige-defesa-da-resistencia-alimentar\/#primaryimage"},"image":{"@id":"https:\/\/portaltela.pt\/noticias\/2026\/04\/11\/proteger-a-cultura-gastronomica-exige-defesa-da-resistencia-alimentar\/#primaryimage"},"thumbnailUrl":"https:\/\/portaltela.pt\/s.01k8rhncp4jt1\/2026\/04\/2079563.jpg","datePublished":"2026-04-11T07:17:14+00:00","author":{"@id":"https:\/\/portaltela.pt\/#\/schema\/person\/c4278d4a6028830caff9ee44b42d32ed"},"breadcrumb":{"@id":"https:\/\/portaltela.pt\/noticias\/2026\/04\/11\/proteger-a-cultura-gastronomica-exige-defesa-da-resistencia-alimentar\/#breadcrumb"},"inLanguage":"pt-PT","potentialAction":[{"@type":"ReadAction","target":["https:\/\/portaltela.pt\/noticias\/2026\/04\/11\/proteger-a-cultura-gastronomica-exige-defesa-da-resistencia-alimentar\/"]}]},{"@type":"ImageObject","inLanguage":"pt-PT","@id":"https:\/\/portaltela.pt\/noticias\/2026\/04\/11\/proteger-a-cultura-gastronomica-exige-defesa-da-resistencia-alimentar\/#primaryimage","url":"https:\/\/portaltela.pt\/s.01k8rhncp4jt1\/2026\/04\/2079563.jpg","contentUrl":"https:\/\/portaltela.pt\/s.01k8rhncp4jt1\/2026\/04\/2079563.jpg","width":796,"height":448,"caption":"A pior maneira de a defender \u00e9 desatar a chorar, apontando para as motas da Glovo, albardadas com a comida do dem\u00f3nio, a caminho do 4.\u00ba Esq.\u00ba onde dantes se fritavam carapauzinhos e a maior malandrice poss\u00edvel era abrir uma lata de feij\u00e3o-frade."},{"@type":"BreadcrumbList","@id":"https:\/\/portaltela.pt\/noticias\/2026\/04\/11\/proteger-a-cultura-gastronomica-exige-defesa-da-resistencia-alimentar\/#breadcrumb","itemListElement":[{"@type":"ListItem","position":1,"name":"In\u00edcio","item":"https:\/\/portaltela.pt\/"},{"@type":"ListItem","position":2,"name":"Proteger a cultura gastron\u00f3mica exige defesa da resist\u00eancia alimentar"}]},{"@type":"WebSite","@id":"https:\/\/portaltela.pt\/#website","url":"https:\/\/portaltela.pt\/","name":"Portal Tela Portugal","description":"","potentialAction":[{"@type":"SearchAction","target":{"@type":"EntryPoint","urlTemplate":"https:\/\/portaltela.pt\/?s={search_term_string}"},"query-input":{"@type":"PropertyValueSpecification","valueRequired":true,"valueName":"search_term_string"}}],"inLanguage":"pt-PT"},{"@type":"Person","@id":"https:\/\/portaltela.pt\/#\/schema\/person\/c4278d4a6028830caff9ee44b42d32ed","name":"Telinha","image":{"@type":"ImageObject","inLanguage":"pt-PT","@id":"https:\/\/portaltela.pt\/s.01k8rhncp4jt1\/2025\/11\/talking-bot-125x125.png","url":"https:\/\/portaltela.pt\/s.01k8rhncp4jt1\/2025\/11\/talking-bot-125x125.png","contentUrl":"https:\/\/portaltela.pt\/s.01k8rhncp4jt1\/2025\/11\/talking-bot-125x125.png","caption":"Telinha"},"sameAs":["https:\/\/portaltela.pt\/"],"url":"https:\/\/portaltela.pt\/por\/367410592786\/"}]}},"_links":{"self":[{"href":"https:\/\/portaltela.pt\/api\/wp\/v2\/posts\/440204","targetHints":{"allow":["GET"]}}],"collection":[{"href":"https:\/\/portaltela.pt\/api\/wp\/v2\/posts"}],"about":[{"href":"https:\/\/portaltela.pt\/api\/wp\/v2\/types\/post"}],"author":[{"embeddable":true,"href":"https:\/\/portaltela.pt\/api\/wp\/v2\/users\/2"}],"replies":[{"embeddable":true,"href":"https:\/\/portaltela.pt\/api\/wp\/v2\/comments?post=440204"}],"version-history":[{"count":0,"href":"https:\/\/portaltela.pt\/api\/wp\/v2\/posts\/440204\/revisions"}],"wp:featuredmedia":[{"embeddable":true,"href":"https:\/\/portaltela.pt\/api\/wp\/v2\/media\/440209"}],"wp:attachment":[{"href":"https:\/\/portaltela.pt\/api\/wp\/v2\/media?parent=440204"}],"wp:term":[{"taxonomy":"category","embeddable":true,"href":"https:\/\/portaltela.pt\/api\/wp\/v2\/categories?post=440204"},{"taxonomy":"post_tag","embeddable":true,"href":"https:\/\/portaltela.pt\/api\/wp\/v2\/tags?post=440204"}],"curies":[{"name":"wp","href":"https:\/\/api.w.org\/{rel}","templated":true}]}}