{"id":440180,"date":"2026-04-11T03:47:20","date_gmt":"2026-04-11T06:47:20","guid":{"rendered":"https:\/\/portaltela.pt\/noticias\/2026\/04\/11\/carla-tavares-defende-que-violacao-seja-crime-publico-para-proteger-mulheres\/"},"modified":"2026-04-11T03:47:20","modified_gmt":"2026-04-11T06:47:20","slug":"carla-tavares-defende-que-violacao-seja-crime-publico-para-proteger-mulheres","status":"publish","type":"post","link":"https:\/\/portaltela.pt\/sociedade\/2026\/04\/11\/carla-tavares-defende-que-violacao-seja-crime-publico-para-proteger-mulheres\/","title":{"rendered":"Carla Tavares defende que viola\u00e7\u00e3o seja crime p\u00fablico para proteger mulheres"},"content":{"rendered":"<p>Carla Tavares foi eleita presidente das Mulheres Socialistas \u2013 Igualdade e Direitos (MS-ID) em mar\u00e7o. A dirigente pretende promover forma\u00e7\u00e3o pol\u00edtica entre as militantes para incentivar a participa\u00e7\u00e3o c\u00edvica e parlamentar.<\/p>\n<p>A surpresa nas posi\u00e7\u00e3o p\u00fablicas surgiu quando anunciou propostas que poder\u00e3o chegar \u00e0 bancada socialista para debate na lei laboral. A l\u00edder tamb\u00e9m aponta iniciativas na preven\u00e7\u00e3o da viol\u00eancia dom\u00e9stica e em relacionamentos afetivos.<\/p>\n<p>A mudan\u00e7a de opini\u00e3o sobre a viola\u00e7\u00e3o ser crime p\u00fablico foi destacada pela dirigente. A passagem de pensamento ocorre numa altura em que o grupo reivindica prote\u00e7\u00e3o de direitos e refor\u00e7o de mecanismos legais.<\/p>\n<p>Neste s\u00e1bado, ficam eleitos e instalados os restantes \u00f3rg\u00e3os da MS-ID, consolidando a dire\u00e7\u00e3o liderada por Carla Tavares. A decis\u00e3o acompanha o objetivo de defender pol\u00edticas de igualdade e direitos no Parlamento.<\/p>\n<h3>Contexto institucional<\/h3>\n<p>A MS-ID \u00e9 a estrutura interna do Partido Socialista dedicada \u00e0 participa\u00e7\u00e3o de mulheres na pol\u00edtica. A nova dire\u00e7\u00e3o aponta para uma atua\u00e7\u00e3o mais propositiva junto da lei laboral e de pol\u00edticas de combate \u00e0 viol\u00eancia.<\/p>\n<h3>Perspetivas futuras<\/h3>\n<p>Como parte do programa, a lideran\u00e7a promete apresentar propostas para fortalecer a prote\u00e7\u00e3o de v\u00edtimas e a participa\u00e7\u00e3o pol\u00edtica feminina. A agenda tamb\u00e9m inclui medidas de preven\u00e7\u00e3o e resposta a situa\u00e7\u00f5es de viol\u00eancia no namoro.<\/p>\n","protected":false},"excerpt":{"rendered":"<ul>\n<li>Carla Eliana Tavares foi eleita presidente das Mulheres Socialistas \u2013 Igualdade e Direitos (MS\u2011ID) em mar\u00e7o.<\/li>\n<li>Quer dar forma\u00e7\u00e3o pol\u00edtica \u00e0s militantes para incentivar a participa\u00e7\u00e3o e preparar propostas para a lei laboral.<\/li>\n<li>Pretende intervir com propostas na lei laboral e tamb\u00e9m na \u00e1rea da preven\u00e7\u00e3o da viol\u00eancia dom\u00e9stica e do namoro.<\/li>\n<li>Admitiu ter mudado de opini\u00e3o sobre a viola\u00e7\u00e3o ser crime p\u00fablico e sobre as regras dos processos de viol\u00eancia dom\u00e9stica, defendendo que o retrocesso de direitos justifica a lideran\u00e7a que assume.<\/li>\n<li>Neste s\u00e1bado s\u00e3o eleitos e instalados os restantes \u00f3rg\u00e3os das MS\u2011ID.<\/li>\n<\/ul>\n","protected":false},"author":2,"featured_media":440183,"comment_status":"closed","ping_status":"closed","sticky":false,"template":"","format":"standard","meta":{"footnotes":""},"categories":[6745,6871],"tags":[2701,3676,2832,939,1165,214],"class_list":["post-440180","post","type-post","status-publish","format-standard","has-post-thumbnail","hentry","category-saude","category-sociedade","tag-mulheres","tag-partido-socialista","tag-politica","tag-violencia","tag-violencia-de-genero","tag-violencia-domestica"],"yoast_head":"<!-- This site is optimized with the Yoast SEO plugin v27.2 - https:\/\/yoast.com\/product\/yoast-seo-wordpress\/ -->\n<title>Carla Tavares defende que viola\u00e7\u00e3o seja crime p\u00fablico para proteger mulheres - Portal Tela Portugal<\/title>\n<meta name=\"robots\" content=\"index, follow, max-snippet:-1, max-image-preview:large, max-video-preview:-1\" \/>\n<meta property=\"og:locale\" content=\"pt_PT\" \/>\n<meta property=\"og:type\" content=\"article\" \/>\n<meta property=\"og:title\" content=\"Carla Tavares defende que viola\u00e7\u00e3o seja crime p\u00fablico para proteger mulheres - Portal Tela Portugal\" \/>\n<meta property=\"og:description\" content=\"Carla Eliana Tavares foi eleita presidente das Mulheres Socialistas \u2013 Igualdade e Direitos (MS\u2011ID) em mar\u00e7o. Quer dar forma\u00e7\u00e3o pol\u00edtica \u00e0s militantes para incentivar a participa\u00e7\u00e3o e preparar propostas para a lei laboral. Pretende intervir com propostas na lei laboral e tamb\u00e9m na \u00e1rea da preven\u00e7\u00e3o da viol\u00eancia dom\u00e9stica e do namoro. Admitiu ter mudado de opini\u00e3o sobre a viola\u00e7\u00e3o ser crime p\u00fablico e sobre as regras dos processos de viol\u00eancia dom\u00e9stica, defendendo que o retrocesso de direitos justifica a lideran\u00e7a que assume. Neste s\u00e1bado s\u00e3o eleitos e instalados os restantes \u00f3rg\u00e3os das MS\u2011ID.\" \/>\n<meta property=\"og:url\" content=\"https:\/\/portaltela.pt\/noticias\/2026\/04\/11\/carla-tavares-defende-que-violacao-seja-crime-publico-para-proteger-mulheres\/\" \/>\n<meta property=\"og:site_name\" content=\"Portal Tela Portugal\" \/>\n<meta property=\"article:published_time\" content=\"2026-04-11T06:47:20+00:00\" \/>\n<meta name=\"author\" content=\"Telinha\" \/>\n<meta name=\"twitter:card\" content=\"summary_large_image\" \/>\n<meta name=\"twitter:label1\" content=\"Escrito por\" \/>\n\t<meta name=\"twitter:data1\" content=\"Telinha\" \/>\n\t<meta name=\"twitter:label2\" content=\"Tempo estimado de leitura\" \/>\n\t<meta name=\"twitter:data2\" content=\"1 minuto\" \/>\n<script type=\"application\/ld+json\" class=\"yoast-schema-graph\">{\"@context\":\"https:\/\/schema.org\",\"@graph\":[{\"@type\":\"Article\",\"@id\":\"https:\/\/portaltela.pt\/noticias\/2026\/04\/11\/carla-tavares-defende-que-violacao-seja-crime-publico-para-proteger-mulheres\/#article\",\"isPartOf\":{\"@id\":\"https:\/\/portaltela.pt\/noticias\/2026\/04\/11\/carla-tavares-defende-que-violacao-seja-crime-publico-para-proteger-mulheres\/\"},\"author\":{\"name\":\"Telinha\",\"@id\":\"https:\/\/portaltela.pt\/#\/schema\/person\/c4278d4a6028830caff9ee44b42d32ed\"},\"headline\":\"Carla Tavares defende que viola\u00e7\u00e3o seja crime p\u00fablico para proteger mulheres\",\"datePublished\":\"2026-04-11T06:47:20+00:00\",\"mainEntityOfPage\":{\"@id\":\"https:\/\/portaltela.pt\/noticias\/2026\/04\/11\/carla-tavares-defende-que-violacao-seja-crime-publico-para-proteger-mulheres\/\"},\"wordCount\":253,\"image\":{\"@id\":\"https:\/\/portaltela.pt\/noticias\/2026\/04\/11\/carla-tavares-defende-que-violacao-seja-crime-publico-para-proteger-mulheres\/#primaryimage\"},\"thumbnailUrl\":\"https:\/\/portaltela.pt\/s.01k8rhncp4jt1\/2026\/04\/2080497.jpg\",\"keywords\":[\"Mulheres\",\"Partido Socialista\",\"pol\u00edtica\",\"viol\u00eancia\",\"viol\u00eancia de g\u00e9nero\",\"viol\u00eancia dom\u00e9stica\"],\"articleSection\":[\"Sa\u00fade\",\"Sociedade\"],\"inLanguage\":\"pt-PT\"},{\"@type\":\"WebPage\",\"@id\":\"https:\/\/portaltela.pt\/noticias\/2026\/04\/11\/carla-tavares-defende-que-violacao-seja-crime-publico-para-proteger-mulheres\/\",\"url\":\"https:\/\/portaltela.pt\/noticias\/2026\/04\/11\/carla-tavares-defende-que-violacao-seja-crime-publico-para-proteger-mulheres\/\",\"name\":\"Carla Tavares defende que viola\u00e7\u00e3o seja crime p\u00fablico para proteger mulheres - Portal Tela Portugal\",\"isPartOf\":{\"@id\":\"https:\/\/portaltela.pt\/#website\"},\"primaryImageOfPage\":{\"@id\":\"https:\/\/portaltela.pt\/noticias\/2026\/04\/11\/carla-tavares-defende-que-violacao-seja-crime-publico-para-proteger-mulheres\/#primaryimage\"},\"image\":{\"@id\":\"https:\/\/portaltela.pt\/noticias\/2026\/04\/11\/carla-tavares-defende-que-violacao-seja-crime-publico-para-proteger-mulheres\/#primaryimage\"},\"thumbnailUrl\":\"https:\/\/portaltela.pt\/s.01k8rhncp4jt1\/2026\/04\/2080497.jpg\",\"datePublished\":\"2026-04-11T06:47:20+00:00\",\"author\":{\"@id\":\"https:\/\/portaltela.pt\/#\/schema\/person\/c4278d4a6028830caff9ee44b42d32ed\"},\"breadcrumb\":{\"@id\":\"https:\/\/portaltela.pt\/noticias\/2026\/04\/11\/carla-tavares-defende-que-violacao-seja-crime-publico-para-proteger-mulheres\/#breadcrumb\"},\"inLanguage\":\"pt-PT\",\"potentialAction\":[{\"@type\":\"ReadAction\",\"target\":[\"https:\/\/portaltela.pt\/noticias\/2026\/04\/11\/carla-tavares-defende-que-violacao-seja-crime-publico-para-proteger-mulheres\/\"]}]},{\"@type\":\"ImageObject\",\"inLanguage\":\"pt-PT\",\"@id\":\"https:\/\/portaltela.pt\/noticias\/2026\/04\/11\/carla-tavares-defende-que-violacao-seja-crime-publico-para-proteger-mulheres\/#primaryimage\",\"url\":\"https:\/\/portaltela.pt\/s.01k8rhncp4jt1\/2026\/04\/2080497.jpg\",\"contentUrl\":\"https:\/\/portaltela.pt\/s.01k8rhncp4jt1\/2026\/04\/2080497.jpg\",\"width\":796,\"height\":448,\"caption\":\"Carla Eliana Tavares assume, neste s\u00e1bado, a lideran\u00e7a das Mulheres Socialistas\"},{\"@type\":\"BreadcrumbList\",\"@id\":\"https:\/\/portaltela.pt\/noticias\/2026\/04\/11\/carla-tavares-defende-que-violacao-seja-crime-publico-para-proteger-mulheres\/#breadcrumb\",\"itemListElement\":[{\"@type\":\"ListItem\",\"position\":1,\"name\":\"In\u00edcio\",\"item\":\"https:\/\/portaltela.pt\/\"},{\"@type\":\"ListItem\",\"position\":2,\"name\":\"Carla Tavares defende que viola\u00e7\u00e3o seja crime p\u00fablico para proteger mulheres\"}]},{\"@type\":\"WebSite\",\"@id\":\"https:\/\/portaltela.pt\/#website\",\"url\":\"https:\/\/portaltela.pt\/\",\"name\":\"Portal Tela Portugal\",\"description\":\"\",\"potentialAction\":[{\"@type\":\"SearchAction\",\"target\":{\"@type\":\"EntryPoint\",\"urlTemplate\":\"https:\/\/portaltela.pt\/?s={search_term_string}\"},\"query-input\":{\"@type\":\"PropertyValueSpecification\",\"valueRequired\":true,\"valueName\":\"search_term_string\"}}],\"inLanguage\":\"pt-PT\"},{\"@type\":\"Person\",\"@id\":\"https:\/\/portaltela.pt\/#\/schema\/person\/c4278d4a6028830caff9ee44b42d32ed\",\"name\":\"Telinha\",\"image\":{\"@type\":\"ImageObject\",\"inLanguage\":\"pt-PT\",\"@id\":\"https:\/\/portaltela.pt\/s.01k8rhncp4jt1\/2025\/11\/talking-bot-125x125.png\",\"url\":\"https:\/\/portaltela.pt\/s.01k8rhncp4jt1\/2025\/11\/talking-bot-125x125.png\",\"contentUrl\":\"https:\/\/portaltela.pt\/s.01k8rhncp4jt1\/2025\/11\/talking-bot-125x125.png\",\"caption\":\"Telinha\"},\"sameAs\":[\"https:\/\/portaltela.pt\/\"],\"url\":\"https:\/\/portaltela.pt\/por\/367410592786\/\"}]}<\/script>\n<!-- \/ Yoast SEO plugin. -->","yoast_head_json":{"title":"Carla Tavares defende que viola\u00e7\u00e3o seja crime p\u00fablico para proteger mulheres - Portal Tela Portugal","robots":{"index":"index","follow":"follow","max-snippet":"max-snippet:-1","max-image-preview":"max-image-preview:large","max-video-preview":"max-video-preview:-1"},"og_locale":"pt_PT","og_type":"article","og_title":"Carla Tavares defende que viola\u00e7\u00e3o seja crime p\u00fablico para proteger mulheres - Portal Tela Portugal","og_description":"Carla Eliana Tavares foi eleita presidente das Mulheres Socialistas \u2013 Igualdade e Direitos (MS\u2011ID) em mar\u00e7o. Quer dar forma\u00e7\u00e3o pol\u00edtica \u00e0s militantes para incentivar a participa\u00e7\u00e3o e preparar propostas para a lei laboral. Pretende intervir com propostas na lei laboral e tamb\u00e9m na \u00e1rea da preven\u00e7\u00e3o da viol\u00eancia dom\u00e9stica e do namoro. Admitiu ter mudado de opini\u00e3o sobre a viola\u00e7\u00e3o ser crime p\u00fablico e sobre as regras dos processos de viol\u00eancia dom\u00e9stica, defendendo que o retrocesso de direitos justifica a lideran\u00e7a que assume. Neste s\u00e1bado s\u00e3o eleitos e instalados os restantes \u00f3rg\u00e3os das MS\u2011ID.","og_url":"https:\/\/portaltela.pt\/noticias\/2026\/04\/11\/carla-tavares-defende-que-violacao-seja-crime-publico-para-proteger-mulheres\/","og_site_name":"Portal Tela Portugal","article_published_time":"2026-04-11T06:47:20+00:00","author":"Telinha","twitter_card":"summary_large_image","twitter_misc":{"Escrito por":"Telinha","Tempo estimado de leitura":"1 minuto"},"schema":{"@context":"https:\/\/schema.org","@graph":[{"@type":"Article","@id":"https:\/\/portaltela.pt\/noticias\/2026\/04\/11\/carla-tavares-defende-que-violacao-seja-crime-publico-para-proteger-mulheres\/#article","isPartOf":{"@id":"https:\/\/portaltela.pt\/noticias\/2026\/04\/11\/carla-tavares-defende-que-violacao-seja-crime-publico-para-proteger-mulheres\/"},"author":{"name":"Telinha","@id":"https:\/\/portaltela.pt\/#\/schema\/person\/c4278d4a6028830caff9ee44b42d32ed"},"headline":"Carla Tavares defende que viola\u00e7\u00e3o seja crime p\u00fablico para proteger mulheres","datePublished":"2026-04-11T06:47:20+00:00","mainEntityOfPage":{"@id":"https:\/\/portaltela.pt\/noticias\/2026\/04\/11\/carla-tavares-defende-que-violacao-seja-crime-publico-para-proteger-mulheres\/"},"wordCount":253,"image":{"@id":"https:\/\/portaltela.pt\/noticias\/2026\/04\/11\/carla-tavares-defende-que-violacao-seja-crime-publico-para-proteger-mulheres\/#primaryimage"},"thumbnailUrl":"https:\/\/portaltela.pt\/s.01k8rhncp4jt1\/2026\/04\/2080497.jpg","keywords":["Mulheres","Partido Socialista","pol\u00edtica","viol\u00eancia","viol\u00eancia de g\u00e9nero","viol\u00eancia dom\u00e9stica"],"articleSection":["Sa\u00fade","Sociedade"],"inLanguage":"pt-PT"},{"@type":"WebPage","@id":"https:\/\/portaltela.pt\/noticias\/2026\/04\/11\/carla-tavares-defende-que-violacao-seja-crime-publico-para-proteger-mulheres\/","url":"https:\/\/portaltela.pt\/noticias\/2026\/04\/11\/carla-tavares-defende-que-violacao-seja-crime-publico-para-proteger-mulheres\/","name":"Carla Tavares defende que viola\u00e7\u00e3o seja crime p\u00fablico para proteger mulheres - Portal Tela Portugal","isPartOf":{"@id":"https:\/\/portaltela.pt\/#website"},"primaryImageOfPage":{"@id":"https:\/\/portaltela.pt\/noticias\/2026\/04\/11\/carla-tavares-defende-que-violacao-seja-crime-publico-para-proteger-mulheres\/#primaryimage"},"image":{"@id":"https:\/\/portaltela.pt\/noticias\/2026\/04\/11\/carla-tavares-defende-que-violacao-seja-crime-publico-para-proteger-mulheres\/#primaryimage"},"thumbnailUrl":"https:\/\/portaltela.pt\/s.01k8rhncp4jt1\/2026\/04\/2080497.jpg","datePublished":"2026-04-11T06:47:20+00:00","author":{"@id":"https:\/\/portaltela.pt\/#\/schema\/person\/c4278d4a6028830caff9ee44b42d32ed"},"breadcrumb":{"@id":"https:\/\/portaltela.pt\/noticias\/2026\/04\/11\/carla-tavares-defende-que-violacao-seja-crime-publico-para-proteger-mulheres\/#breadcrumb"},"inLanguage":"pt-PT","potentialAction":[{"@type":"ReadAction","target":["https:\/\/portaltela.pt\/noticias\/2026\/04\/11\/carla-tavares-defende-que-violacao-seja-crime-publico-para-proteger-mulheres\/"]}]},{"@type":"ImageObject","inLanguage":"pt-PT","@id":"https:\/\/portaltela.pt\/noticias\/2026\/04\/11\/carla-tavares-defende-que-violacao-seja-crime-publico-para-proteger-mulheres\/#primaryimage","url":"https:\/\/portaltela.pt\/s.01k8rhncp4jt1\/2026\/04\/2080497.jpg","contentUrl":"https:\/\/portaltela.pt\/s.01k8rhncp4jt1\/2026\/04\/2080497.jpg","width":796,"height":448,"caption":"Carla Eliana Tavares assume, neste s\u00e1bado, a lideran\u00e7a das Mulheres Socialistas"},{"@type":"BreadcrumbList","@id":"https:\/\/portaltela.pt\/noticias\/2026\/04\/11\/carla-tavares-defende-que-violacao-seja-crime-publico-para-proteger-mulheres\/#breadcrumb","itemListElement":[{"@type":"ListItem","position":1,"name":"In\u00edcio","item":"https:\/\/portaltela.pt\/"},{"@type":"ListItem","position":2,"name":"Carla Tavares defende que viola\u00e7\u00e3o seja crime p\u00fablico para proteger mulheres"}]},{"@type":"WebSite","@id":"https:\/\/portaltela.pt\/#website","url":"https:\/\/portaltela.pt\/","name":"Portal Tela Portugal","description":"","potentialAction":[{"@type":"SearchAction","target":{"@type":"EntryPoint","urlTemplate":"https:\/\/portaltela.pt\/?s={search_term_string}"},"query-input":{"@type":"PropertyValueSpecification","valueRequired":true,"valueName":"search_term_string"}}],"inLanguage":"pt-PT"},{"@type":"Person","@id":"https:\/\/portaltela.pt\/#\/schema\/person\/c4278d4a6028830caff9ee44b42d32ed","name":"Telinha","image":{"@type":"ImageObject","inLanguage":"pt-PT","@id":"https:\/\/portaltela.pt\/s.01k8rhncp4jt1\/2025\/11\/talking-bot-125x125.png","url":"https:\/\/portaltela.pt\/s.01k8rhncp4jt1\/2025\/11\/talking-bot-125x125.png","contentUrl":"https:\/\/portaltela.pt\/s.01k8rhncp4jt1\/2025\/11\/talking-bot-125x125.png","caption":"Telinha"},"sameAs":["https:\/\/portaltela.pt\/"],"url":"https:\/\/portaltela.pt\/por\/367410592786\/"}]}},"_links":{"self":[{"href":"https:\/\/portaltela.pt\/api\/wp\/v2\/posts\/440180","targetHints":{"allow":["GET"]}}],"collection":[{"href":"https:\/\/portaltela.pt\/api\/wp\/v2\/posts"}],"about":[{"href":"https:\/\/portaltela.pt\/api\/wp\/v2\/types\/post"}],"author":[{"embeddable":true,"href":"https:\/\/portaltela.pt\/api\/wp\/v2\/users\/2"}],"replies":[{"embeddable":true,"href":"https:\/\/portaltela.pt\/api\/wp\/v2\/comments?post=440180"}],"version-history":[{"count":0,"href":"https:\/\/portaltela.pt\/api\/wp\/v2\/posts\/440180\/revisions"}],"wp:featuredmedia":[{"embeddable":true,"href":"https:\/\/portaltela.pt\/api\/wp\/v2\/media\/440183"}],"wp:attachment":[{"href":"https:\/\/portaltela.pt\/api\/wp\/v2\/media?parent=440180"}],"wp:term":[{"taxonomy":"category","embeddable":true,"href":"https:\/\/portaltela.pt\/api\/wp\/v2\/categories?post=440180"},{"taxonomy":"post_tag","embeddable":true,"href":"https:\/\/portaltela.pt\/api\/wp\/v2\/tags?post=440180"}],"curies":[{"name":"wp","href":"https:\/\/api.w.org\/{rel}","templated":true}]}}