{"id":440174,"date":"2026-04-11T03:25:00","date_gmt":"2026-04-11T06:25:00","guid":{"rendered":"https:\/\/portaltela.pt\/noticias\/2026\/04\/11\/um-terco-dos-pedidos-para-abrir-cursos-superiores-foram-rejeitados\/"},"modified":"2026-04-11T03:25:00","modified_gmt":"2026-04-11T06:25:00","slug":"um-terco-dos-pedidos-para-abrir-cursos-superiores-foram-rejeitados","status":"publish","type":"post","link":"https:\/\/portaltela.pt\/sociedade\/2026\/04\/11\/um-terco-dos-pedidos-para-abrir-cursos-superiores-foram-rejeitados\/","title":{"rendered":"Um ter\u00e7o dos pedidos para abrir cursos superiores foram rejeitados"},"content":{"rendered":"<p>Em 2025, o sistema educativo portugu\u00eas viu universidades e polit\u00e9cnicos submeterem 336 propostas de novos ciclos de estudo.<\/p>\n<p>A lista inclui processos que j\u00e1 vinham de anos anteriores e outros criados mais recentemente.<\/p>\n<p>A avalia\u00e7\u00e3o foi realizada pela Ag\u00eancia de Avalia\u00e7\u00e3o e Acredita\u00e7\u00e3o do Ensino Superior (A3ES).<\/p>\n<p>Nenhum coment\u00e1rio adicional foi inclu\u00eddo neste texto.<\/p>\n<p>Ao todo, a A3ES avaliou 391 propostas de novos cursos, considerando o conjunto de entradas at\u00e9 2025.<\/p>\n<p>Entre os projetos avaliados, uma parte significava mudan\u00e7as ou cria\u00e7\u00f5es em \u00e1reas diversas.<\/p>\n<p>A propor\u00e7\u00e3o de aprova\u00e7\u00f5es ainda n\u00e3o foi detalhada pela ag\u00eancia no resumo p\u00fablico dispon\u00edvel.<\/p>\n<p>A maior parte dos pedidos aprovados concentrou-se nas \u00e1reas das ci\u00eancias sociais, com\u00e9rcio e direito.<\/p>\n<p>Estas \u00e1reas destacam-se pela elevada procura de novas ofertas formativas por parte das institui\u00e7\u00f5es.<\/p>\n<p>Enquanto isso, nem todos os cursos apresentados tiveram parecer favor\u00e1vel para avan\u00e7ar.<\/p>\n<p>Um ter\u00e7o das propostas n\u00e3o recebeu luz verde para avan\u00e7ar, segundo a A3ES.<\/p>\n<p>A ag\u00eancia refor\u00e7a que as decis\u00f5es seguem crit\u00e9rios de qualidade, relev\u00e2ncia e sustentabilidade pedag\u00f3gica.<\/p>\n<p>As institui\u00e7\u00f5es p\u00fablicas e privadas mant\u00eam o objetivo de ampliar a oferta formativa, mesmo com a redu\u00e7\u00e3o de candidatos.<\/p>\n","protected":false},"excerpt":{"rendered":"<ul>\n<li>Em 2025, universidades e polit\u00e9cnicos apresentaram 336 propostas de novos ciclos de estudo.<\/li>\n<li>No total, entre as entradas atuais e os processos de anos anteriores, a Ag\u00eancia de Avalia\u00e7\u00e3o e Acredita\u00e7\u00e3o do Ensino Superior (A3ES) avaliou 391 pedidos.<\/li>\n<li>Cerca de um ter\u00e7o desses processos n\u00e3o recebeu luz verde para avan\u00e7ar.<\/li>\n<li>A maior fatia rejeitada concentrou-se nas \u00e1reas de ci\u00eancias sociais, com\u00e9rcio e direito.<\/li>\n<li>Mesmo com menos candidatos ao ensino superior, as institui\u00e7\u00f5es p\u00fablicas e privadas continuam a criar novos cursos em Portugal.<\/li>\n<\/ul>\n","protected":false},"author":2,"featured_media":440178,"comment_status":"closed","ping_status":"closed","sticky":false,"template":"","format":"standard","meta":{"footnotes":""},"categories":[1,6871],"tags":[7795,7875,7858,163,6623,58],"class_list":["post-440174","post","type-post","status-publish","format-standard","has-post-thumbnail","hentry","category-noticias","category-sociedade","tag-_educacao","tag-_educacao-publica","tag-a3es","tag-educacao","tag-ensino-superior","tag-universidades"],"yoast_head":"<!-- This site is optimized with the Yoast SEO plugin v27.2 - https:\/\/yoast.com\/product\/yoast-seo-wordpress\/ -->\n<title>Um ter\u00e7o dos pedidos para abrir cursos superiores foram rejeitados - Portal Tela Portugal<\/title>\n<meta name=\"robots\" content=\"index, follow, max-snippet:-1, max-image-preview:large, max-video-preview:-1\" \/>\n<meta property=\"og:locale\" content=\"pt_PT\" \/>\n<meta property=\"og:type\" content=\"article\" \/>\n<meta property=\"og:title\" content=\"Um ter\u00e7o dos pedidos para abrir cursos superiores foram rejeitados - Portal Tela Portugal\" \/>\n<meta property=\"og:description\" content=\"Em 2025, universidades e polit\u00e9cnicos apresentaram 336 propostas de novos ciclos de estudo. No total, entre as entradas atuais e os processos de anos anteriores, a Ag\u00eancia de Avalia\u00e7\u00e3o e Acredita\u00e7\u00e3o do Ensino Superior (A3ES) avaliou 391 pedidos. Cerca de um ter\u00e7o desses processos n\u00e3o recebeu luz verde para avan\u00e7ar. A maior fatia rejeitada concentrou-se nas \u00e1reas de ci\u00eancias sociais, com\u00e9rcio e direito. Mesmo com menos candidatos ao ensino superior, as institui\u00e7\u00f5es p\u00fablicas e privadas continuam a criar novos cursos em Portugal.\" \/>\n<meta property=\"og:url\" content=\"https:\/\/portaltela.pt\/noticias\/2026\/04\/11\/um-terco-dos-pedidos-para-abrir-cursos-superiores-foram-rejeitados\/\" \/>\n<meta property=\"og:site_name\" content=\"Portal Tela Portugal\" \/>\n<meta property=\"article:published_time\" content=\"2026-04-11T06:25:00+00:00\" \/>\n<meta name=\"author\" content=\"Telinha\" \/>\n<meta name=\"twitter:card\" content=\"summary_large_image\" \/>\n<meta name=\"twitter:label1\" content=\"Escrito por\" \/>\n\t<meta name=\"twitter:data1\" content=\"Telinha\" \/>\n\t<meta name=\"twitter:label2\" content=\"Tempo estimado de leitura\" \/>\n\t<meta name=\"twitter:data2\" content=\"1 minuto\" \/>\n<script type=\"application\/ld+json\" class=\"yoast-schema-graph\">{\"@context\":\"https:\/\/schema.org\",\"@graph\":[{\"@type\":\"Article\",\"@id\":\"https:\/\/portaltela.pt\/noticias\/2026\/04\/11\/um-terco-dos-pedidos-para-abrir-cursos-superiores-foram-rejeitados\/#article\",\"isPartOf\":{\"@id\":\"https:\/\/portaltela.pt\/noticias\/2026\/04\/11\/um-terco-dos-pedidos-para-abrir-cursos-superiores-foram-rejeitados\/\"},\"author\":{\"name\":\"Telinha\",\"@id\":\"https:\/\/portaltela.pt\/#\/schema\/person\/c4278d4a6028830caff9ee44b42d32ed\"},\"headline\":\"Um ter\u00e7o dos pedidos para abrir cursos superiores foram rejeitados\",\"datePublished\":\"2026-04-11T06:25:00+00:00\",\"mainEntityOfPage\":{\"@id\":\"https:\/\/portaltela.pt\/noticias\/2026\/04\/11\/um-terco-dos-pedidos-para-abrir-cursos-superiores-foram-rejeitados\/\"},\"wordCount\":229,\"image\":{\"@id\":\"https:\/\/portaltela.pt\/noticias\/2026\/04\/11\/um-terco-dos-pedidos-para-abrir-cursos-superiores-foram-rejeitados\/#primaryimage\"},\"thumbnailUrl\":\"https:\/\/portaltela.pt\/s.01k8rhncp4jt1\/2026\/04\/2080519.jpg\",\"keywords\":[\"_educa\u00e7\u00e3o\",\"_educa\u00e7\u00e3o p\u00fablica\",\"A3ES\",\"educa\u00e7\u00e3o\",\"Ensino Superior\",\"universidades\"],\"articleSection\":[\"Not\u00edcias\",\"Sociedade\"],\"inLanguage\":\"pt-PT\"},{\"@type\":\"WebPage\",\"@id\":\"https:\/\/portaltela.pt\/noticias\/2026\/04\/11\/um-terco-dos-pedidos-para-abrir-cursos-superiores-foram-rejeitados\/\",\"url\":\"https:\/\/portaltela.pt\/noticias\/2026\/04\/11\/um-terco-dos-pedidos-para-abrir-cursos-superiores-foram-rejeitados\/\",\"name\":\"Um ter\u00e7o dos pedidos para abrir cursos superiores foram rejeitados - Portal Tela Portugal\",\"isPartOf\":{\"@id\":\"https:\/\/portaltela.pt\/#website\"},\"primaryImageOfPage\":{\"@id\":\"https:\/\/portaltela.pt\/noticias\/2026\/04\/11\/um-terco-dos-pedidos-para-abrir-cursos-superiores-foram-rejeitados\/#primaryimage\"},\"image\":{\"@id\":\"https:\/\/portaltela.pt\/noticias\/2026\/04\/11\/um-terco-dos-pedidos-para-abrir-cursos-superiores-foram-rejeitados\/#primaryimage\"},\"thumbnailUrl\":\"https:\/\/portaltela.pt\/s.01k8rhncp4jt1\/2026\/04\/2080519.jpg\",\"datePublished\":\"2026-04-11T06:25:00+00:00\",\"author\":{\"@id\":\"https:\/\/portaltela.pt\/#\/schema\/person\/c4278d4a6028830caff9ee44b42d32ed\"},\"breadcrumb\":{\"@id\":\"https:\/\/portaltela.pt\/noticias\/2026\/04\/11\/um-terco-dos-pedidos-para-abrir-cursos-superiores-foram-rejeitados\/#breadcrumb\"},\"inLanguage\":\"pt-PT\",\"potentialAction\":[{\"@type\":\"ReadAction\",\"target\":[\"https:\/\/portaltela.pt\/noticias\/2026\/04\/11\/um-terco-dos-pedidos-para-abrir-cursos-superiores-foram-rejeitados\/\"]}]},{\"@type\":\"ImageObject\",\"inLanguage\":\"pt-PT\",\"@id\":\"https:\/\/portaltela.pt\/noticias\/2026\/04\/11\/um-terco-dos-pedidos-para-abrir-cursos-superiores-foram-rejeitados\/#primaryimage\",\"url\":\"https:\/\/portaltela.pt\/s.01k8rhncp4jt1\/2026\/04\/2080519.jpg\",\"contentUrl\":\"https:\/\/portaltela.pt\/s.01k8rhncp4jt1\/2026\/04\/2080519.jpg\",\"width\":796,\"height\":448,\"caption\":\"As institui\u00e7\u00f5es p\u00fablicas s\u00e3o respons\u00e1veis por 56% das propostas de novos ciclos de estudo\"},{\"@type\":\"BreadcrumbList\",\"@id\":\"https:\/\/portaltela.pt\/noticias\/2026\/04\/11\/um-terco-dos-pedidos-para-abrir-cursos-superiores-foram-rejeitados\/#breadcrumb\",\"itemListElement\":[{\"@type\":\"ListItem\",\"position\":1,\"name\":\"In\u00edcio\",\"item\":\"https:\/\/portaltela.pt\/\"},{\"@type\":\"ListItem\",\"position\":2,\"name\":\"Um ter\u00e7o dos pedidos para abrir cursos superiores foram rejeitados\"}]},{\"@type\":\"WebSite\",\"@id\":\"https:\/\/portaltela.pt\/#website\",\"url\":\"https:\/\/portaltela.pt\/\",\"name\":\"Portal Tela Portugal\",\"description\":\"\",\"potentialAction\":[{\"@type\":\"SearchAction\",\"target\":{\"@type\":\"EntryPoint\",\"urlTemplate\":\"https:\/\/portaltela.pt\/?s={search_term_string}\"},\"query-input\":{\"@type\":\"PropertyValueSpecification\",\"valueRequired\":true,\"valueName\":\"search_term_string\"}}],\"inLanguage\":\"pt-PT\"},{\"@type\":\"Person\",\"@id\":\"https:\/\/portaltela.pt\/#\/schema\/person\/c4278d4a6028830caff9ee44b42d32ed\",\"name\":\"Telinha\",\"image\":{\"@type\":\"ImageObject\",\"inLanguage\":\"pt-PT\",\"@id\":\"https:\/\/portaltela.pt\/s.01k8rhncp4jt1\/2025\/11\/talking-bot-125x125.png\",\"url\":\"https:\/\/portaltela.pt\/s.01k8rhncp4jt1\/2025\/11\/talking-bot-125x125.png\",\"contentUrl\":\"https:\/\/portaltela.pt\/s.01k8rhncp4jt1\/2025\/11\/talking-bot-125x125.png\",\"caption\":\"Telinha\"},\"sameAs\":[\"https:\/\/portaltela.pt\/\"],\"url\":\"https:\/\/portaltela.pt\/por\/367410592786\/\"}]}<\/script>\n<!-- \/ Yoast SEO plugin. -->","yoast_head_json":{"title":"Um ter\u00e7o dos pedidos para abrir cursos superiores foram rejeitados - Portal Tela Portugal","robots":{"index":"index","follow":"follow","max-snippet":"max-snippet:-1","max-image-preview":"max-image-preview:large","max-video-preview":"max-video-preview:-1"},"og_locale":"pt_PT","og_type":"article","og_title":"Um ter\u00e7o dos pedidos para abrir cursos superiores foram rejeitados - Portal Tela Portugal","og_description":"Em 2025, universidades e polit\u00e9cnicos apresentaram 336 propostas de novos ciclos de estudo. No total, entre as entradas atuais e os processos de anos anteriores, a Ag\u00eancia de Avalia\u00e7\u00e3o e Acredita\u00e7\u00e3o do Ensino Superior (A3ES) avaliou 391 pedidos. Cerca de um ter\u00e7o desses processos n\u00e3o recebeu luz verde para avan\u00e7ar. A maior fatia rejeitada concentrou-se nas \u00e1reas de ci\u00eancias sociais, com\u00e9rcio e direito. Mesmo com menos candidatos ao ensino superior, as institui\u00e7\u00f5es p\u00fablicas e privadas continuam a criar novos cursos em Portugal.","og_url":"https:\/\/portaltela.pt\/noticias\/2026\/04\/11\/um-terco-dos-pedidos-para-abrir-cursos-superiores-foram-rejeitados\/","og_site_name":"Portal Tela Portugal","article_published_time":"2026-04-11T06:25:00+00:00","author":"Telinha","twitter_card":"summary_large_image","twitter_misc":{"Escrito por":"Telinha","Tempo estimado de leitura":"1 minuto"},"schema":{"@context":"https:\/\/schema.org","@graph":[{"@type":"Article","@id":"https:\/\/portaltela.pt\/noticias\/2026\/04\/11\/um-terco-dos-pedidos-para-abrir-cursos-superiores-foram-rejeitados\/#article","isPartOf":{"@id":"https:\/\/portaltela.pt\/noticias\/2026\/04\/11\/um-terco-dos-pedidos-para-abrir-cursos-superiores-foram-rejeitados\/"},"author":{"name":"Telinha","@id":"https:\/\/portaltela.pt\/#\/schema\/person\/c4278d4a6028830caff9ee44b42d32ed"},"headline":"Um ter\u00e7o dos pedidos para abrir cursos superiores foram rejeitados","datePublished":"2026-04-11T06:25:00+00:00","mainEntityOfPage":{"@id":"https:\/\/portaltela.pt\/noticias\/2026\/04\/11\/um-terco-dos-pedidos-para-abrir-cursos-superiores-foram-rejeitados\/"},"wordCount":229,"image":{"@id":"https:\/\/portaltela.pt\/noticias\/2026\/04\/11\/um-terco-dos-pedidos-para-abrir-cursos-superiores-foram-rejeitados\/#primaryimage"},"thumbnailUrl":"https:\/\/portaltela.pt\/s.01k8rhncp4jt1\/2026\/04\/2080519.jpg","keywords":["_educa\u00e7\u00e3o","_educa\u00e7\u00e3o p\u00fablica","A3ES","educa\u00e7\u00e3o","Ensino Superior","universidades"],"articleSection":["Not\u00edcias","Sociedade"],"inLanguage":"pt-PT"},{"@type":"WebPage","@id":"https:\/\/portaltela.pt\/noticias\/2026\/04\/11\/um-terco-dos-pedidos-para-abrir-cursos-superiores-foram-rejeitados\/","url":"https:\/\/portaltela.pt\/noticias\/2026\/04\/11\/um-terco-dos-pedidos-para-abrir-cursos-superiores-foram-rejeitados\/","name":"Um ter\u00e7o dos pedidos para abrir cursos superiores foram rejeitados - Portal Tela Portugal","isPartOf":{"@id":"https:\/\/portaltela.pt\/#website"},"primaryImageOfPage":{"@id":"https:\/\/portaltela.pt\/noticias\/2026\/04\/11\/um-terco-dos-pedidos-para-abrir-cursos-superiores-foram-rejeitados\/#primaryimage"},"image":{"@id":"https:\/\/portaltela.pt\/noticias\/2026\/04\/11\/um-terco-dos-pedidos-para-abrir-cursos-superiores-foram-rejeitados\/#primaryimage"},"thumbnailUrl":"https:\/\/portaltela.pt\/s.01k8rhncp4jt1\/2026\/04\/2080519.jpg","datePublished":"2026-04-11T06:25:00+00:00","author":{"@id":"https:\/\/portaltela.pt\/#\/schema\/person\/c4278d4a6028830caff9ee44b42d32ed"},"breadcrumb":{"@id":"https:\/\/portaltela.pt\/noticias\/2026\/04\/11\/um-terco-dos-pedidos-para-abrir-cursos-superiores-foram-rejeitados\/#breadcrumb"},"inLanguage":"pt-PT","potentialAction":[{"@type":"ReadAction","target":["https:\/\/portaltela.pt\/noticias\/2026\/04\/11\/um-terco-dos-pedidos-para-abrir-cursos-superiores-foram-rejeitados\/"]}]},{"@type":"ImageObject","inLanguage":"pt-PT","@id":"https:\/\/portaltela.pt\/noticias\/2026\/04\/11\/um-terco-dos-pedidos-para-abrir-cursos-superiores-foram-rejeitados\/#primaryimage","url":"https:\/\/portaltela.pt\/s.01k8rhncp4jt1\/2026\/04\/2080519.jpg","contentUrl":"https:\/\/portaltela.pt\/s.01k8rhncp4jt1\/2026\/04\/2080519.jpg","width":796,"height":448,"caption":"As institui\u00e7\u00f5es p\u00fablicas s\u00e3o respons\u00e1veis por 56% das propostas de novos ciclos de estudo"},{"@type":"BreadcrumbList","@id":"https:\/\/portaltela.pt\/noticias\/2026\/04\/11\/um-terco-dos-pedidos-para-abrir-cursos-superiores-foram-rejeitados\/#breadcrumb","itemListElement":[{"@type":"ListItem","position":1,"name":"In\u00edcio","item":"https:\/\/portaltela.pt\/"},{"@type":"ListItem","position":2,"name":"Um ter\u00e7o dos pedidos para abrir cursos superiores foram rejeitados"}]},{"@type":"WebSite","@id":"https:\/\/portaltela.pt\/#website","url":"https:\/\/portaltela.pt\/","name":"Portal Tela Portugal","description":"","potentialAction":[{"@type":"SearchAction","target":{"@type":"EntryPoint","urlTemplate":"https:\/\/portaltela.pt\/?s={search_term_string}"},"query-input":{"@type":"PropertyValueSpecification","valueRequired":true,"valueName":"search_term_string"}}],"inLanguage":"pt-PT"},{"@type":"Person","@id":"https:\/\/portaltela.pt\/#\/schema\/person\/c4278d4a6028830caff9ee44b42d32ed","name":"Telinha","image":{"@type":"ImageObject","inLanguage":"pt-PT","@id":"https:\/\/portaltela.pt\/s.01k8rhncp4jt1\/2025\/11\/talking-bot-125x125.png","url":"https:\/\/portaltela.pt\/s.01k8rhncp4jt1\/2025\/11\/talking-bot-125x125.png","contentUrl":"https:\/\/portaltela.pt\/s.01k8rhncp4jt1\/2025\/11\/talking-bot-125x125.png","caption":"Telinha"},"sameAs":["https:\/\/portaltela.pt\/"],"url":"https:\/\/portaltela.pt\/por\/367410592786\/"}]}},"_links":{"self":[{"href":"https:\/\/portaltela.pt\/api\/wp\/v2\/posts\/440174","targetHints":{"allow":["GET"]}}],"collection":[{"href":"https:\/\/portaltela.pt\/api\/wp\/v2\/posts"}],"about":[{"href":"https:\/\/portaltela.pt\/api\/wp\/v2\/types\/post"}],"author":[{"embeddable":true,"href":"https:\/\/portaltela.pt\/api\/wp\/v2\/users\/2"}],"replies":[{"embeddable":true,"href":"https:\/\/portaltela.pt\/api\/wp\/v2\/comments?post=440174"}],"version-history":[{"count":0,"href":"https:\/\/portaltela.pt\/api\/wp\/v2\/posts\/440174\/revisions"}],"wp:featuredmedia":[{"embeddable":true,"href":"https:\/\/portaltela.pt\/api\/wp\/v2\/media\/440178"}],"wp:attachment":[{"href":"https:\/\/portaltela.pt\/api\/wp\/v2\/media?parent=440174"}],"wp:term":[{"taxonomy":"category","embeddable":true,"href":"https:\/\/portaltela.pt\/api\/wp\/v2\/categories?post=440174"},{"taxonomy":"post_tag","embeddable":true,"href":"https:\/\/portaltela.pt\/api\/wp\/v2\/tags?post=440174"}],"curies":[{"name":"wp","href":"https:\/\/api.w.org\/{rel}","templated":true}]}}