{"id":440172,"date":"2026-04-11T03:08:00","date_gmt":"2026-04-11T06:08:00","guid":{"rendered":"https:\/\/portaltela.pt\/noticias\/2026\/04\/11\/pontos-que-travam-ou-salvam-acordo-na-reforma-laboral\/"},"modified":"2026-04-11T03:08:00","modified_gmt":"2026-04-11T06:08:00","slug":"pontos-que-travam-ou-salvam-acordo-na-reforma-laboral","status":"publish","type":"post","link":"https:\/\/portaltela.pt\/noticias\/economia\/2026\/04\/11\/pontos-que-travam-ou-salvam-acordo-na-reforma-laboral\/","title":{"rendered":"Pontos que travam ou salvam acordo na reforma laboral"},"content":{"rendered":"<p>A UGT rejeitou a proposta de pacote laboral apresentada pelo Governo, com base no documento enviado aos parceiros sociais ap\u00f3s a reuni\u00e3o de 24 de mar\u00e7o. A vota\u00e7\u00e3o final n\u00e3o teve em conta as ced\u00eancias discutidas na reuni\u00e3o de 6 de abril, que n\u00e3o ficaram registadas por escrito, mas foram explicadas aos dirigentes pelo secretariado nacional.<\/p>\n<p>A central sindical classificou as propostas como tendo \u201creduzidos avan\u00e7os\u201d e considerou-as \u201cinaceit\u00e1veis\u201d, apontando diverg\u00eancias relevantes com as promessas feitas no in\u00edcio da semana. A decis\u00e3o foi comunicada ap\u00f3s an\u00e1lise detalhada dos textos pelo seu \u00f3rg\u00e3o m\u00e1ximo.<\/p>\n<p>Segundo a leitura da UGT, as concess\u00f5es de 6 de abril n\u00e3o constavam do registo formal que influenciou a decis\u00e3o final, o que contribuiu para a rejei\u00e7\u00e3o. O Governo ainda n\u00e3o divulgou respostas oficiais sobre eventuais ajustes ou a pr\u00f3xima ronda negocial.<\/p>\n<h3>Contexto e perspetivas futuras<\/h3>\n<p>A ag\u00eancia sindical sustenta que o documento apresentado pelo Governo n\u00e3o reflete plenamente os acordos discutidos em reuni\u00f5es anteriores. A UGT diz manter posi\u00e7\u00e3o de abertura a negocia\u00e7\u00f5es, desde que haja avan\u00e7o claro em pontos considerados vitais.<\/p>\n<p>O Governo, por seu lado, n\u00e3o confirmou se ir\u00e1 apresentar nova vers\u00e3o do pacote e quais altera\u00e7\u00f5es poder\u00e1 aceitar. O tema continua em aberto e depende de encaminhamentos entre o Executivo e os parceiros sociais.<\/p>\n","protected":false},"excerpt":{"rendered":"<ul>\n<li>A UGT rejeitou a proposta do Governo apresentada para a reforma laboral.<\/li>\n<li>A decis\u00e3o baseou-se no documento enviado pelo Governo aos parceiros sociais ap\u00f3s a reuni\u00e3o de 24 de mar\u00e7o.<\/li>\n<li>Concess\u00f5es feitas na reuni\u00e3o de 6 de abril n\u00e3o ficaram registadas por escrito e n\u00e3o foram consideradas na vota\u00e7\u00e3o final.<\/li>\n<li>A posi\u00e7\u00e3o da UGT manteve-se embora as ced\u00eancias tenham sido explicadas aos dirigentes do secretariado nacional.<\/li>\n<li>A UGT alega que a posi\u00e7\u00e3o n\u00e3o teve em conta promessas feitas no in\u00edcio da semana.<\/li>\n<\/ul>\n","protected":false},"author":2,"featured_media":440176,"comment_status":"closed","ping_status":"closed","sticky":false,"template":"","format":"standard","meta":{"footnotes":""},"categories":[2,6871],"tags":[6331,6094,34,3897,966,2201],"class_list":["post-440172","post","type-post","status-publish","format-standard","has-post-thumbnail","hentry","category-economia","category-sociedade","tag-condicoes-de-trabalho","tag-direitos-dos-trabalhadores","tag-governo","tag-negociacoes","tag-sindicatos","tag-trabalho"],"yoast_head":"<!-- This site is optimized with the Yoast SEO plugin v27.2 - https:\/\/yoast.com\/product\/yoast-seo-wordpress\/ -->\n<title>Pontos que travam ou salvam acordo na reforma laboral - Portal Tela Portugal<\/title>\n<meta name=\"robots\" content=\"index, follow, max-snippet:-1, max-image-preview:large, max-video-preview:-1\" \/>\n<meta property=\"og:locale\" content=\"pt_PT\" \/>\n<meta property=\"og:type\" content=\"article\" \/>\n<meta property=\"og:title\" content=\"Pontos que travam ou salvam acordo na reforma laboral - Portal Tela Portugal\" \/>\n<meta property=\"og:description\" content=\"A UGT rejeitou a proposta do Governo apresentada para a reforma laboral. A decis\u00e3o baseou-se no documento enviado pelo Governo aos parceiros sociais ap\u00f3s a reuni\u00e3o de 24 de mar\u00e7o. Concess\u00f5es feitas na reuni\u00e3o de 6 de abril n\u00e3o ficaram registadas por escrito e n\u00e3o foram consideradas na vota\u00e7\u00e3o final. A posi\u00e7\u00e3o da UGT manteve-se embora as ced\u00eancias tenham sido explicadas aos dirigentes do secretariado nacional. A UGT alega que a posi\u00e7\u00e3o n\u00e3o teve em conta promessas feitas no in\u00edcio da semana.\" \/>\n<meta property=\"og:url\" content=\"https:\/\/portaltela.pt\/noticias\/2026\/04\/11\/pontos-que-travam-ou-salvam-acordo-na-reforma-laboral\/\" \/>\n<meta property=\"og:site_name\" content=\"Portal Tela Portugal\" \/>\n<meta property=\"article:published_time\" content=\"2026-04-11T06:08:00+00:00\" \/>\n<meta name=\"author\" content=\"Telinha\" \/>\n<meta name=\"twitter:card\" content=\"summary_large_image\" \/>\n<meta name=\"twitter:label1\" content=\"Escrito por\" \/>\n\t<meta name=\"twitter:data1\" content=\"Telinha\" \/>\n\t<meta name=\"twitter:label2\" content=\"Tempo estimado de leitura\" \/>\n\t<meta name=\"twitter:data2\" content=\"1 minuto\" \/>\n<script type=\"application\/ld+json\" class=\"yoast-schema-graph\">{\"@context\":\"https:\/\/schema.org\",\"@graph\":[{\"@type\":\"Article\",\"@id\":\"https:\/\/portaltela.pt\/noticias\/2026\/04\/11\/pontos-que-travam-ou-salvam-acordo-na-reforma-laboral\/#article\",\"isPartOf\":{\"@id\":\"https:\/\/portaltela.pt\/noticias\/2026\/04\/11\/pontos-que-travam-ou-salvam-acordo-na-reforma-laboral\/\"},\"author\":{\"name\":\"Telinha\",\"@id\":\"https:\/\/portaltela.pt\/#\/schema\/person\/c4278d4a6028830caff9ee44b42d32ed\"},\"headline\":\"Pontos que travam ou salvam acordo na reforma laboral\",\"datePublished\":\"2026-04-11T06:08:00+00:00\",\"mainEntityOfPage\":{\"@id\":\"https:\/\/portaltela.pt\/noticias\/2026\/04\/11\/pontos-que-travam-ou-salvam-acordo-na-reforma-laboral\/\"},\"wordCount\":249,\"image\":{\"@id\":\"https:\/\/portaltela.pt\/noticias\/2026\/04\/11\/pontos-que-travam-ou-salvam-acordo-na-reforma-laboral\/#primaryimage\"},\"thumbnailUrl\":\"https:\/\/portaltela.pt\/s.01k8rhncp4jt1\/2026\/04\/2080604.jpg\",\"keywords\":[\"condi\u00e7\u00f5es de trabalho\",\"direitos dos trabalhadores\",\"governo\",\"negocia\u00e7\u00f5es\",\"sindicatos\",\"trabalho\"],\"articleSection\":[\"Economia\",\"Sociedade\"],\"inLanguage\":\"pt-PT\"},{\"@type\":\"WebPage\",\"@id\":\"https:\/\/portaltela.pt\/noticias\/2026\/04\/11\/pontos-que-travam-ou-salvam-acordo-na-reforma-laboral\/\",\"url\":\"https:\/\/portaltela.pt\/noticias\/2026\/04\/11\/pontos-que-travam-ou-salvam-acordo-na-reforma-laboral\/\",\"name\":\"Pontos que travam ou salvam acordo na reforma laboral - Portal Tela Portugal\",\"isPartOf\":{\"@id\":\"https:\/\/portaltela.pt\/#website\"},\"primaryImageOfPage\":{\"@id\":\"https:\/\/portaltela.pt\/noticias\/2026\/04\/11\/pontos-que-travam-ou-salvam-acordo-na-reforma-laboral\/#primaryimage\"},\"image\":{\"@id\":\"https:\/\/portaltela.pt\/noticias\/2026\/04\/11\/pontos-que-travam-ou-salvam-acordo-na-reforma-laboral\/#primaryimage\"},\"thumbnailUrl\":\"https:\/\/portaltela.pt\/s.01k8rhncp4jt1\/2026\/04\/2080604.jpg\",\"datePublished\":\"2026-04-11T06:08:00+00:00\",\"author\":{\"@id\":\"https:\/\/portaltela.pt\/#\/schema\/person\/c4278d4a6028830caff9ee44b42d32ed\"},\"breadcrumb\":{\"@id\":\"https:\/\/portaltela.pt\/noticias\/2026\/04\/11\/pontos-que-travam-ou-salvam-acordo-na-reforma-laboral\/#breadcrumb\"},\"inLanguage\":\"pt-PT\",\"potentialAction\":[{\"@type\":\"ReadAction\",\"target\":[\"https:\/\/portaltela.pt\/noticias\/2026\/04\/11\/pontos-que-travam-ou-salvam-acordo-na-reforma-laboral\/\"]}]},{\"@type\":\"ImageObject\",\"inLanguage\":\"pt-PT\",\"@id\":\"https:\/\/portaltela.pt\/noticias\/2026\/04\/11\/pontos-que-travam-ou-salvam-acordo-na-reforma-laboral\/#primaryimage\",\"url\":\"https:\/\/portaltela.pt\/s.01k8rhncp4jt1\/2026\/04\/2080604.jpg\",\"contentUrl\":\"https:\/\/portaltela.pt\/s.01k8rhncp4jt1\/2026\/04\/2080604.jpg\",\"width\":796,\"height\":448,\"caption\":\"M\u00e1rio Mour\u00e3o, secret\u00e1rio-geral da UGT, volta a reunir-se com a ministra do Trabalho e com os patr\u00f5es na segunda-feira\"},{\"@type\":\"BreadcrumbList\",\"@id\":\"https:\/\/portaltela.pt\/noticias\/2026\/04\/11\/pontos-que-travam-ou-salvam-acordo-na-reforma-laboral\/#breadcrumb\",\"itemListElement\":[{\"@type\":\"ListItem\",\"position\":1,\"name\":\"In\u00edcio\",\"item\":\"https:\/\/portaltela.pt\/\"},{\"@type\":\"ListItem\",\"position\":2,\"name\":\"Pontos que travam ou salvam acordo na reforma laboral\"}]},{\"@type\":\"WebSite\",\"@id\":\"https:\/\/portaltela.pt\/#website\",\"url\":\"https:\/\/portaltela.pt\/\",\"name\":\"Portal Tela Portugal\",\"description\":\"\",\"potentialAction\":[{\"@type\":\"SearchAction\",\"target\":{\"@type\":\"EntryPoint\",\"urlTemplate\":\"https:\/\/portaltela.pt\/?s={search_term_string}\"},\"query-input\":{\"@type\":\"PropertyValueSpecification\",\"valueRequired\":true,\"valueName\":\"search_term_string\"}}],\"inLanguage\":\"pt-PT\"},{\"@type\":\"Person\",\"@id\":\"https:\/\/portaltela.pt\/#\/schema\/person\/c4278d4a6028830caff9ee44b42d32ed\",\"name\":\"Telinha\",\"image\":{\"@type\":\"ImageObject\",\"inLanguage\":\"pt-PT\",\"@id\":\"https:\/\/portaltela.pt\/s.01k8rhncp4jt1\/2025\/11\/talking-bot-125x125.png\",\"url\":\"https:\/\/portaltela.pt\/s.01k8rhncp4jt1\/2025\/11\/talking-bot-125x125.png\",\"contentUrl\":\"https:\/\/portaltela.pt\/s.01k8rhncp4jt1\/2025\/11\/talking-bot-125x125.png\",\"caption\":\"Telinha\"},\"sameAs\":[\"https:\/\/portaltela.pt\/\"],\"url\":\"https:\/\/portaltela.pt\/por\/367410592786\/\"}]}<\/script>\n<!-- \/ Yoast SEO plugin. -->","yoast_head_json":{"title":"Pontos que travam ou salvam acordo na reforma laboral - Portal Tela Portugal","robots":{"index":"index","follow":"follow","max-snippet":"max-snippet:-1","max-image-preview":"max-image-preview:large","max-video-preview":"max-video-preview:-1"},"og_locale":"pt_PT","og_type":"article","og_title":"Pontos que travam ou salvam acordo na reforma laboral - Portal Tela Portugal","og_description":"A UGT rejeitou a proposta do Governo apresentada para a reforma laboral. A decis\u00e3o baseou-se no documento enviado pelo Governo aos parceiros sociais ap\u00f3s a reuni\u00e3o de 24 de mar\u00e7o. Concess\u00f5es feitas na reuni\u00e3o de 6 de abril n\u00e3o ficaram registadas por escrito e n\u00e3o foram consideradas na vota\u00e7\u00e3o final. A posi\u00e7\u00e3o da UGT manteve-se embora as ced\u00eancias tenham sido explicadas aos dirigentes do secretariado nacional. A UGT alega que a posi\u00e7\u00e3o n\u00e3o teve em conta promessas feitas no in\u00edcio da semana.","og_url":"https:\/\/portaltela.pt\/noticias\/2026\/04\/11\/pontos-que-travam-ou-salvam-acordo-na-reforma-laboral\/","og_site_name":"Portal Tela Portugal","article_published_time":"2026-04-11T06:08:00+00:00","author":"Telinha","twitter_card":"summary_large_image","twitter_misc":{"Escrito por":"Telinha","Tempo estimado de leitura":"1 minuto"},"schema":{"@context":"https:\/\/schema.org","@graph":[{"@type":"Article","@id":"https:\/\/portaltela.pt\/noticias\/2026\/04\/11\/pontos-que-travam-ou-salvam-acordo-na-reforma-laboral\/#article","isPartOf":{"@id":"https:\/\/portaltela.pt\/noticias\/2026\/04\/11\/pontos-que-travam-ou-salvam-acordo-na-reforma-laboral\/"},"author":{"name":"Telinha","@id":"https:\/\/portaltela.pt\/#\/schema\/person\/c4278d4a6028830caff9ee44b42d32ed"},"headline":"Pontos que travam ou salvam acordo na reforma laboral","datePublished":"2026-04-11T06:08:00+00:00","mainEntityOfPage":{"@id":"https:\/\/portaltela.pt\/noticias\/2026\/04\/11\/pontos-que-travam-ou-salvam-acordo-na-reforma-laboral\/"},"wordCount":249,"image":{"@id":"https:\/\/portaltela.pt\/noticias\/2026\/04\/11\/pontos-que-travam-ou-salvam-acordo-na-reforma-laboral\/#primaryimage"},"thumbnailUrl":"https:\/\/portaltela.pt\/s.01k8rhncp4jt1\/2026\/04\/2080604.jpg","keywords":["condi\u00e7\u00f5es de trabalho","direitos dos trabalhadores","governo","negocia\u00e7\u00f5es","sindicatos","trabalho"],"articleSection":["Economia","Sociedade"],"inLanguage":"pt-PT"},{"@type":"WebPage","@id":"https:\/\/portaltela.pt\/noticias\/2026\/04\/11\/pontos-que-travam-ou-salvam-acordo-na-reforma-laboral\/","url":"https:\/\/portaltela.pt\/noticias\/2026\/04\/11\/pontos-que-travam-ou-salvam-acordo-na-reforma-laboral\/","name":"Pontos que travam ou salvam acordo na reforma laboral - Portal Tela Portugal","isPartOf":{"@id":"https:\/\/portaltela.pt\/#website"},"primaryImageOfPage":{"@id":"https:\/\/portaltela.pt\/noticias\/2026\/04\/11\/pontos-que-travam-ou-salvam-acordo-na-reforma-laboral\/#primaryimage"},"image":{"@id":"https:\/\/portaltela.pt\/noticias\/2026\/04\/11\/pontos-que-travam-ou-salvam-acordo-na-reforma-laboral\/#primaryimage"},"thumbnailUrl":"https:\/\/portaltela.pt\/s.01k8rhncp4jt1\/2026\/04\/2080604.jpg","datePublished":"2026-04-11T06:08:00+00:00","author":{"@id":"https:\/\/portaltela.pt\/#\/schema\/person\/c4278d4a6028830caff9ee44b42d32ed"},"breadcrumb":{"@id":"https:\/\/portaltela.pt\/noticias\/2026\/04\/11\/pontos-que-travam-ou-salvam-acordo-na-reforma-laboral\/#breadcrumb"},"inLanguage":"pt-PT","potentialAction":[{"@type":"ReadAction","target":["https:\/\/portaltela.pt\/noticias\/2026\/04\/11\/pontos-que-travam-ou-salvam-acordo-na-reforma-laboral\/"]}]},{"@type":"ImageObject","inLanguage":"pt-PT","@id":"https:\/\/portaltela.pt\/noticias\/2026\/04\/11\/pontos-que-travam-ou-salvam-acordo-na-reforma-laboral\/#primaryimage","url":"https:\/\/portaltela.pt\/s.01k8rhncp4jt1\/2026\/04\/2080604.jpg","contentUrl":"https:\/\/portaltela.pt\/s.01k8rhncp4jt1\/2026\/04\/2080604.jpg","width":796,"height":448,"caption":"M\u00e1rio Mour\u00e3o, secret\u00e1rio-geral da UGT, volta a reunir-se com a ministra do Trabalho e com os patr\u00f5es na segunda-feira"},{"@type":"BreadcrumbList","@id":"https:\/\/portaltela.pt\/noticias\/2026\/04\/11\/pontos-que-travam-ou-salvam-acordo-na-reforma-laboral\/#breadcrumb","itemListElement":[{"@type":"ListItem","position":1,"name":"In\u00edcio","item":"https:\/\/portaltela.pt\/"},{"@type":"ListItem","position":2,"name":"Pontos que travam ou salvam acordo na reforma laboral"}]},{"@type":"WebSite","@id":"https:\/\/portaltela.pt\/#website","url":"https:\/\/portaltela.pt\/","name":"Portal Tela Portugal","description":"","potentialAction":[{"@type":"SearchAction","target":{"@type":"EntryPoint","urlTemplate":"https:\/\/portaltela.pt\/?s={search_term_string}"},"query-input":{"@type":"PropertyValueSpecification","valueRequired":true,"valueName":"search_term_string"}}],"inLanguage":"pt-PT"},{"@type":"Person","@id":"https:\/\/portaltela.pt\/#\/schema\/person\/c4278d4a6028830caff9ee44b42d32ed","name":"Telinha","image":{"@type":"ImageObject","inLanguage":"pt-PT","@id":"https:\/\/portaltela.pt\/s.01k8rhncp4jt1\/2025\/11\/talking-bot-125x125.png","url":"https:\/\/portaltela.pt\/s.01k8rhncp4jt1\/2025\/11\/talking-bot-125x125.png","contentUrl":"https:\/\/portaltela.pt\/s.01k8rhncp4jt1\/2025\/11\/talking-bot-125x125.png","caption":"Telinha"},"sameAs":["https:\/\/portaltela.pt\/"],"url":"https:\/\/portaltela.pt\/por\/367410592786\/"}]}},"_links":{"self":[{"href":"https:\/\/portaltela.pt\/api\/wp\/v2\/posts\/440172","targetHints":{"allow":["GET"]}}],"collection":[{"href":"https:\/\/portaltela.pt\/api\/wp\/v2\/posts"}],"about":[{"href":"https:\/\/portaltela.pt\/api\/wp\/v2\/types\/post"}],"author":[{"embeddable":true,"href":"https:\/\/portaltela.pt\/api\/wp\/v2\/users\/2"}],"replies":[{"embeddable":true,"href":"https:\/\/portaltela.pt\/api\/wp\/v2\/comments?post=440172"}],"version-history":[{"count":0,"href":"https:\/\/portaltela.pt\/api\/wp\/v2\/posts\/440172\/revisions"}],"wp:featuredmedia":[{"embeddable":true,"href":"https:\/\/portaltela.pt\/api\/wp\/v2\/media\/440176"}],"wp:attachment":[{"href":"https:\/\/portaltela.pt\/api\/wp\/v2\/media?parent=440172"}],"wp:term":[{"taxonomy":"category","embeddable":true,"href":"https:\/\/portaltela.pt\/api\/wp\/v2\/categories?post=440172"},{"taxonomy":"post_tag","embeddable":true,"href":"https:\/\/portaltela.pt\/api\/wp\/v2\/tags?post=440172"}],"curies":[{"name":"wp","href":"https:\/\/api.w.org\/{rel}","templated":true}]}}