{"id":440167,"date":"2026-04-11T03:32:20","date_gmt":"2026-04-11T06:32:20","guid":{"rendered":"https:\/\/portaltela.pt\/noticias\/2026\/04\/11\/viagem-espacial-pode-provocar-perda-ossea-e-visao-turva-mostra-estudo\/"},"modified":"2026-04-11T03:32:20","modified_gmt":"2026-04-11T06:32:20","slug":"viagem-espacial-pode-provocar-perda-ossea-e-visao-turva-mostra-estudo","status":"publish","type":"post","link":"https:\/\/portaltela.pt\/saude\/2026\/04\/11\/viagem-espacial-pode-provocar-perda-ossea-e-visao-turva-mostra-estudo\/","title":{"rendered":"Viagem espacial pode provocar perda \u00f3ssea e vis\u00e3o turva, mostra estudo"},"content":{"rendered":"<p>A tripula\u00e7\u00e3o da miss\u00e3o Artemis II retornou \u00e0 Terra, ap\u00f3s viajar 406 771 quil\u00f3metros at\u00e9 \u00e0 face oculta da Lua. Foi a maior dist\u00e2ncia j\u00e1 alcan\u00e7ada por seres humanos no espa\u00e7o. O objetivo \u00e9 estudar os efeitos do voo prolongado no corpo humano, em contexto de explora\u00e7\u00e3o lunar.<\/p>\n<p>A NASA identifica cinco grandes perigos: radia\u00e7\u00e3o, isolamento, dist\u00e2ncia da Terra, gravidade e ambientes fechados. Cientistas procuram entender como mitigar estes riscos para futuras miss\u00f5es a Lua e Marte.<\/p>\n<h3>Impacto no corpo<\/h3>\n<p>O corpo humano n\u00e3o foi feito para o espa\u00e7o. A gravidade reduzida pode diminuir a densidade \u00f3ssea e alterar o funcionamento do cora\u00e7\u00e3o. Enjoo e desorienta\u00e7\u00e3o tamb\u00e9m surgem com mudan\u00e7as na gravidade.<\/p>\n<p>A gravidade ausente afeta o sistema cardiovascular, com riscos de co\u00e1gulos, arritmias e press\u00e3o arterial baixa. Ossos podem perder entre 1% e 1,5% da densidade por m\u00eas numa miss\u00e3o de quatro a seis meses.<\/p>\n<p>A aus\u00eancia de peso provoca redistribui\u00e7\u00e3o de fluidos, o que pode afetar a vis\u00e3o e elevar a press\u00e3o intracraniana, gerindo um quadro conhecido como s\u00edndrome neuro-ocular.<\/p>\n<h3>Ritmos de vida e nutri\u00e7\u00e3o<\/h3>\n<p>No espa\u00e7o, hor\u00e1rios n\u00e3o funcionam como na Terra. Elevadas flutua\u00e7\u00f5es de luz podem perturbar o sono e os ritmos circadianos. Em esta\u00e7\u00f5es com 16 nasceres e 16 pores-do-sol di\u00e1rios, o sono fica comprometido.<\/p>\n<p>As refei\u00e7\u00f5es mudam: necessidades energ\u00e9ticas e nutrientes variam no espa\u00e7o. Estudos apontam ingest\u00e3o insuficiente de energia, l\u00edquidos, c\u00e1lcio e s\u00f3dio em miss\u00f5es anteriores. Nutri\u00e7\u00e3o busca energia e prote\u00e7\u00e3o contra efeitos adversos.<\/p>\n<p>A equipa cient\u00edfica visa refei\u00e7\u00f5es seguras, nutritivas, duradouras, simples de preparar e com variedade para evitar satura\u00e7\u00e3o do menu.<\/p>\n<h3>Sa\u00fade mental e apoio<\/h3>\n<p>O isolamento, o confinamento e a dist\u00e2ncia da Terra aumentam o stress, com impacto potencial na ansiedade e na moral. A NASA sublinha a import\u00e2ncia de manter a sa\u00fade psicol\u00f3gica durante as miss\u00f5es.<\/p>\n<p>Medidas de apoio incluem registo di\u00e1rio, exerc\u00edcio regular, interesse pela m\u00fasica e comunica\u00e7\u00e3o com pessoas pr\u00f3ximas. A gest\u00e3o do bem\u2011estar \u00e9 considerada essencial para o sucesso das opera\u00e7\u00f5es.<\/p>\n<h3>Prepara\u00e7\u00e3o m\u00e9dica e preven\u00e7\u00e3o<\/h3>\n<p>Se surgir doen\u00e7a a bordo, os membros da tripula\u00e7\u00e3o recebem apoio m\u00e9dico cont\u00ednuo. A NASA aposta em medidas preventivas, como suplementa\u00e7\u00e3o vitam\u00ednica, exames m\u00e9dicos completos e quarentena pr\u00e9-lan\u00e7amento de 14 dias.<\/p>\n<p>Os recursos m\u00e9dicos a bordo s\u00e3o adaptados \u00e0s situa\u00e7\u00f5es previstas, dando prioridade a tratamentos que sejam eficazes e com efeitos secund\u00e1rios m\u00ednimos. A maioria das situa\u00e7\u00f5es pode ser gerida com op\u00e7\u00f5es dispon\u00edveis na Terra.<\/p>\n","protected":false},"excerpt":{"rendered":"<ul>\n<li>A tripula\u00e7\u00e3o da miss\u00e3o Artemis II regressou \u00e0 Terra, ap\u00f3s viajar 406 771 quil\u00f3metros at\u00e9 \u00e0 face oculta da Lua, a maior dist\u00e2ncia j\u00e1 alcan\u00e7ada por um humano no espa\u00e7o.<\/li>\n<li>A NASA identifica cinco grandes perigos nos voos espaciais: radia\u00e7\u00e3o, isolamento e confinamento, dist\u00e2ncia da Terra, gravidade (ou a sua aus\u00eancia) e ambientes fechados ou hostis.<\/li>\n<li>O corpo humano n\u00e3o est\u00e1 preparado para a aus\u00eancia de gravidade, que pode reduzir a densidade \u00f3ssea (entre 1% e 1,5% por m\u00eas) e provocar altera\u00e7\u00f5es no cora\u00e7\u00e3o e nos vasos sangu\u00edneos, com risco de co\u00e1gulos e arritmias.<\/li>\n<li>A aus\u00eancia de peso desloca fluidos para o c\u00e9rebro, afetando a vis\u00e3o e a press\u00e3o intracraniana, levando \u00e0 s\u00edndrome neuro-ocular associada aos voos espaciais.<\/li>\n<li>Al\u00e9m do impacto f\u00edsico, h\u00e1 efeitos na sa\u00fade mental, sono e nutri\u00e7\u00e3o; a NASA desenvolve medidas de preven\u00e7\u00e3o, monitoriza\u00e7\u00e3o m\u00e9dica e apoio a bordo para miss\u00f5es longas.<\/li>\n<\/ul>\n","protected":false},"author":2,"featured_media":440169,"comment_status":"closed","ping_status":"closed","sticky":false,"template":"","format":"standard","meta":{"footnotes":""},"categories":[6745],"tags":[7767,1992,215,915,172,55],"class_list":["post-440167","post","type-post","status-publish","format-standard","has-post-thumbnail","hentry","category-saude","tag-_meio-ambiente","tag-ciencia","tag-investigacao","tag-nutricao","tag-saude","tag-saude-mental"],"yoast_head":"<!-- This site is optimized with the Yoast SEO plugin v27.2 - https:\/\/yoast.com\/product\/yoast-seo-wordpress\/ -->\n<title>Viagem espacial pode provocar perda \u00f3ssea e vis\u00e3o turva, mostra estudo - Portal Tela Portugal<\/title>\n<meta name=\"robots\" content=\"index, follow, max-snippet:-1, max-image-preview:large, max-video-preview:-1\" \/>\n<meta property=\"og:locale\" content=\"pt_PT\" \/>\n<meta property=\"og:type\" content=\"article\" \/>\n<meta property=\"og:title\" content=\"Viagem espacial pode provocar perda \u00f3ssea e vis\u00e3o turva, mostra estudo - Portal Tela Portugal\" \/>\n<meta property=\"og:description\" content=\"A tripula\u00e7\u00e3o da miss\u00e3o Artemis II regressou \u00e0 Terra, ap\u00f3s viajar 406 771 quil\u00f3metros at\u00e9 \u00e0 face oculta da Lua, a maior dist\u00e2ncia j\u00e1 alcan\u00e7ada por um humano no espa\u00e7o. A NASA identifica cinco grandes perigos nos voos espaciais: radia\u00e7\u00e3o, isolamento e confinamento, dist\u00e2ncia da Terra, gravidade (ou a sua aus\u00eancia) e ambientes fechados ou hostis. O corpo humano n\u00e3o est\u00e1 preparado para a aus\u00eancia de gravidade, que pode reduzir a densidade \u00f3ssea (entre 1% e 1,5% por m\u00eas) e provocar altera\u00e7\u00f5es no cora\u00e7\u00e3o e nos vasos sangu\u00edneos, com risco de co\u00e1gulos e arritmias. A aus\u00eancia de peso desloca fluidos para o c\u00e9rebro, afetando a vis\u00e3o e a press\u00e3o intracraniana, levando \u00e0 s\u00edndrome neuro-ocular associada aos voos espaciais. Al\u00e9m do impacto f\u00edsico, h\u00e1 efeitos na sa\u00fade mental, sono e nutri\u00e7\u00e3o; a NASA desenvolve medidas de preven\u00e7\u00e3o, monitoriza\u00e7\u00e3o m\u00e9dica e apoio a bordo para miss\u00f5es longas.\" \/>\n<meta property=\"og:url\" content=\"https:\/\/portaltela.pt\/noticias\/2026\/04\/11\/viagem-espacial-pode-provocar-perda-ossea-e-visao-turva-mostra-estudo\/\" \/>\n<meta property=\"og:site_name\" content=\"Portal Tela Portugal\" \/>\n<meta property=\"article:published_time\" content=\"2026-04-11T06:32:20+00:00\" \/>\n<meta name=\"author\" content=\"Telinha\" \/>\n<meta name=\"twitter:card\" content=\"summary_large_image\" \/>\n<meta name=\"twitter:label1\" content=\"Escrito por\" \/>\n\t<meta name=\"twitter:data1\" content=\"Telinha\" \/>\n\t<meta name=\"twitter:label2\" content=\"Tempo estimado de leitura\" \/>\n\t<meta name=\"twitter:data2\" content=\"2 minutos\" \/>\n<script type=\"application\/ld+json\" class=\"yoast-schema-graph\">{\"@context\":\"https:\/\/schema.org\",\"@graph\":[{\"@type\":\"Article\",\"@id\":\"https:\/\/portaltela.pt\/noticias\/2026\/04\/11\/viagem-espacial-pode-provocar-perda-ossea-e-visao-turva-mostra-estudo\/#article\",\"isPartOf\":{\"@id\":\"https:\/\/portaltela.pt\/noticias\/2026\/04\/11\/viagem-espacial-pode-provocar-perda-ossea-e-visao-turva-mostra-estudo\/\"},\"author\":{\"name\":\"Telinha\",\"@id\":\"https:\/\/portaltela.pt\/#\/schema\/person\/c4278d4a6028830caff9ee44b42d32ed\"},\"headline\":\"Viagem espacial pode provocar perda \u00f3ssea e vis\u00e3o turva, mostra estudo\",\"datePublished\":\"2026-04-11T06:32:20+00:00\",\"mainEntityOfPage\":{\"@id\":\"https:\/\/portaltela.pt\/noticias\/2026\/04\/11\/viagem-espacial-pode-provocar-perda-ossea-e-visao-turva-mostra-estudo\/\"},\"wordCount\":475,\"image\":{\"@id\":\"https:\/\/portaltela.pt\/noticias\/2026\/04\/11\/viagem-espacial-pode-provocar-perda-ossea-e-visao-turva-mostra-estudo\/#primaryimage\"},\"thumbnailUrl\":\"https:\/\/portaltela.pt\/s.01k8rhncp4jt1\/2026\/04\/1536x864_cmsv2_636d20d1-993d-568f-848b-9a97081e81fe-9717428.jpg\",\"keywords\":[\"_meio-ambiente\",\"ci\u00eancia\",\"investiga\u00e7\u00e3o\",\"nutri\u00e7\u00e3o\",\"sa\u00fade\",\"sa\u00fade mental\"],\"articleSection\":[\"Sa\u00fade\"],\"inLanguage\":\"pt-PT\"},{\"@type\":\"WebPage\",\"@id\":\"https:\/\/portaltela.pt\/noticias\/2026\/04\/11\/viagem-espacial-pode-provocar-perda-ossea-e-visao-turva-mostra-estudo\/\",\"url\":\"https:\/\/portaltela.pt\/noticias\/2026\/04\/11\/viagem-espacial-pode-provocar-perda-ossea-e-visao-turva-mostra-estudo\/\",\"name\":\"Viagem espacial pode provocar perda \u00f3ssea e vis\u00e3o turva, mostra estudo - Portal Tela Portugal\",\"isPartOf\":{\"@id\":\"https:\/\/portaltela.pt\/#website\"},\"primaryImageOfPage\":{\"@id\":\"https:\/\/portaltela.pt\/noticias\/2026\/04\/11\/viagem-espacial-pode-provocar-perda-ossea-e-visao-turva-mostra-estudo\/#primaryimage\"},\"image\":{\"@id\":\"https:\/\/portaltela.pt\/noticias\/2026\/04\/11\/viagem-espacial-pode-provocar-perda-ossea-e-visao-turva-mostra-estudo\/#primaryimage\"},\"thumbnailUrl\":\"https:\/\/portaltela.pt\/s.01k8rhncp4jt1\/2026\/04\/1536x864_cmsv2_636d20d1-993d-568f-848b-9a97081e81fe-9717428.jpg\",\"datePublished\":\"2026-04-11T06:32:20+00:00\",\"author\":{\"@id\":\"https:\/\/portaltela.pt\/#\/schema\/person\/c4278d4a6028830caff9ee44b42d32ed\"},\"breadcrumb\":{\"@id\":\"https:\/\/portaltela.pt\/noticias\/2026\/04\/11\/viagem-espacial-pode-provocar-perda-ossea-e-visao-turva-mostra-estudo\/#breadcrumb\"},\"inLanguage\":\"pt-PT\",\"potentialAction\":[{\"@type\":\"ReadAction\",\"target\":[\"https:\/\/portaltela.pt\/noticias\/2026\/04\/11\/viagem-espacial-pode-provocar-perda-ossea-e-visao-turva-mostra-estudo\/\"]}]},{\"@type\":\"ImageObject\",\"inLanguage\":\"pt-PT\",\"@id\":\"https:\/\/portaltela.pt\/noticias\/2026\/04\/11\/viagem-espacial-pode-provocar-perda-ossea-e-visao-turva-mostra-estudo\/#primaryimage\",\"url\":\"https:\/\/portaltela.pt\/s.01k8rhncp4jt1\/2026\/04\/1536x864_cmsv2_636d20d1-993d-568f-848b-9a97081e81fe-9717428.jpg\",\"contentUrl\":\"https:\/\/portaltela.pt\/s.01k8rhncp4jt1\/2026\/04\/1536x864_cmsv2_636d20d1-993d-568f-848b-9a97081e81fe-9717428.jpg\",\"width\":796,\"height\":448,\"caption\":\"Astronauta da ASA Christina Koch, especialista da miss\u00e3o Artemis II, faz verifica\u00e7\u00f5es ao fato espacial na sala de prepara\u00e7\u00e3o da tripula\u00e7\u00e3o\"},{\"@type\":\"BreadcrumbList\",\"@id\":\"https:\/\/portaltela.pt\/noticias\/2026\/04\/11\/viagem-espacial-pode-provocar-perda-ossea-e-visao-turva-mostra-estudo\/#breadcrumb\",\"itemListElement\":[{\"@type\":\"ListItem\",\"position\":1,\"name\":\"In\u00edcio\",\"item\":\"https:\/\/portaltela.pt\/\"},{\"@type\":\"ListItem\",\"position\":2,\"name\":\"Viagem espacial pode provocar perda \u00f3ssea e vis\u00e3o turva, mostra estudo\"}]},{\"@type\":\"WebSite\",\"@id\":\"https:\/\/portaltela.pt\/#website\",\"url\":\"https:\/\/portaltela.pt\/\",\"name\":\"Portal Tela Portugal\",\"description\":\"\",\"potentialAction\":[{\"@type\":\"SearchAction\",\"target\":{\"@type\":\"EntryPoint\",\"urlTemplate\":\"https:\/\/portaltela.pt\/?s={search_term_string}\"},\"query-input\":{\"@type\":\"PropertyValueSpecification\",\"valueRequired\":true,\"valueName\":\"search_term_string\"}}],\"inLanguage\":\"pt-PT\"},{\"@type\":\"Person\",\"@id\":\"https:\/\/portaltela.pt\/#\/schema\/person\/c4278d4a6028830caff9ee44b42d32ed\",\"name\":\"Telinha\",\"image\":{\"@type\":\"ImageObject\",\"inLanguage\":\"pt-PT\",\"@id\":\"https:\/\/portaltela.pt\/s.01k8rhncp4jt1\/2025\/11\/talking-bot-125x125.png\",\"url\":\"https:\/\/portaltela.pt\/s.01k8rhncp4jt1\/2025\/11\/talking-bot-125x125.png\",\"contentUrl\":\"https:\/\/portaltela.pt\/s.01k8rhncp4jt1\/2025\/11\/talking-bot-125x125.png\",\"caption\":\"Telinha\"},\"sameAs\":[\"https:\/\/portaltela.pt\/\"],\"url\":\"https:\/\/portaltela.pt\/por\/367410592786\/\"}]}<\/script>\n<!-- \/ Yoast SEO plugin. -->","yoast_head_json":{"title":"Viagem espacial pode provocar perda \u00f3ssea e vis\u00e3o turva, mostra estudo - Portal Tela Portugal","robots":{"index":"index","follow":"follow","max-snippet":"max-snippet:-1","max-image-preview":"max-image-preview:large","max-video-preview":"max-video-preview:-1"},"og_locale":"pt_PT","og_type":"article","og_title":"Viagem espacial pode provocar perda \u00f3ssea e vis\u00e3o turva, mostra estudo - Portal Tela Portugal","og_description":"A tripula\u00e7\u00e3o da miss\u00e3o Artemis II regressou \u00e0 Terra, ap\u00f3s viajar 406 771 quil\u00f3metros at\u00e9 \u00e0 face oculta da Lua, a maior dist\u00e2ncia j\u00e1 alcan\u00e7ada por um humano no espa\u00e7o. A NASA identifica cinco grandes perigos nos voos espaciais: radia\u00e7\u00e3o, isolamento e confinamento, dist\u00e2ncia da Terra, gravidade (ou a sua aus\u00eancia) e ambientes fechados ou hostis. O corpo humano n\u00e3o est\u00e1 preparado para a aus\u00eancia de gravidade, que pode reduzir a densidade \u00f3ssea (entre 1% e 1,5% por m\u00eas) e provocar altera\u00e7\u00f5es no cora\u00e7\u00e3o e nos vasos sangu\u00edneos, com risco de co\u00e1gulos e arritmias. A aus\u00eancia de peso desloca fluidos para o c\u00e9rebro, afetando a vis\u00e3o e a press\u00e3o intracraniana, levando \u00e0 s\u00edndrome neuro-ocular associada aos voos espaciais. Al\u00e9m do impacto f\u00edsico, h\u00e1 efeitos na sa\u00fade mental, sono e nutri\u00e7\u00e3o; a NASA desenvolve medidas de preven\u00e7\u00e3o, monitoriza\u00e7\u00e3o m\u00e9dica e apoio a bordo para miss\u00f5es longas.","og_url":"https:\/\/portaltela.pt\/noticias\/2026\/04\/11\/viagem-espacial-pode-provocar-perda-ossea-e-visao-turva-mostra-estudo\/","og_site_name":"Portal Tela Portugal","article_published_time":"2026-04-11T06:32:20+00:00","author":"Telinha","twitter_card":"summary_large_image","twitter_misc":{"Escrito por":"Telinha","Tempo estimado de leitura":"2 minutos"},"schema":{"@context":"https:\/\/schema.org","@graph":[{"@type":"Article","@id":"https:\/\/portaltela.pt\/noticias\/2026\/04\/11\/viagem-espacial-pode-provocar-perda-ossea-e-visao-turva-mostra-estudo\/#article","isPartOf":{"@id":"https:\/\/portaltela.pt\/noticias\/2026\/04\/11\/viagem-espacial-pode-provocar-perda-ossea-e-visao-turva-mostra-estudo\/"},"author":{"name":"Telinha","@id":"https:\/\/portaltela.pt\/#\/schema\/person\/c4278d4a6028830caff9ee44b42d32ed"},"headline":"Viagem espacial pode provocar perda \u00f3ssea e vis\u00e3o turva, mostra estudo","datePublished":"2026-04-11T06:32:20+00:00","mainEntityOfPage":{"@id":"https:\/\/portaltela.pt\/noticias\/2026\/04\/11\/viagem-espacial-pode-provocar-perda-ossea-e-visao-turva-mostra-estudo\/"},"wordCount":475,"image":{"@id":"https:\/\/portaltela.pt\/noticias\/2026\/04\/11\/viagem-espacial-pode-provocar-perda-ossea-e-visao-turva-mostra-estudo\/#primaryimage"},"thumbnailUrl":"https:\/\/portaltela.pt\/s.01k8rhncp4jt1\/2026\/04\/1536x864_cmsv2_636d20d1-993d-568f-848b-9a97081e81fe-9717428.jpg","keywords":["_meio-ambiente","ci\u00eancia","investiga\u00e7\u00e3o","nutri\u00e7\u00e3o","sa\u00fade","sa\u00fade mental"],"articleSection":["Sa\u00fade"],"inLanguage":"pt-PT"},{"@type":"WebPage","@id":"https:\/\/portaltela.pt\/noticias\/2026\/04\/11\/viagem-espacial-pode-provocar-perda-ossea-e-visao-turva-mostra-estudo\/","url":"https:\/\/portaltela.pt\/noticias\/2026\/04\/11\/viagem-espacial-pode-provocar-perda-ossea-e-visao-turva-mostra-estudo\/","name":"Viagem espacial pode provocar perda \u00f3ssea e vis\u00e3o turva, mostra estudo - Portal Tela Portugal","isPartOf":{"@id":"https:\/\/portaltela.pt\/#website"},"primaryImageOfPage":{"@id":"https:\/\/portaltela.pt\/noticias\/2026\/04\/11\/viagem-espacial-pode-provocar-perda-ossea-e-visao-turva-mostra-estudo\/#primaryimage"},"image":{"@id":"https:\/\/portaltela.pt\/noticias\/2026\/04\/11\/viagem-espacial-pode-provocar-perda-ossea-e-visao-turva-mostra-estudo\/#primaryimage"},"thumbnailUrl":"https:\/\/portaltela.pt\/s.01k8rhncp4jt1\/2026\/04\/1536x864_cmsv2_636d20d1-993d-568f-848b-9a97081e81fe-9717428.jpg","datePublished":"2026-04-11T06:32:20+00:00","author":{"@id":"https:\/\/portaltela.pt\/#\/schema\/person\/c4278d4a6028830caff9ee44b42d32ed"},"breadcrumb":{"@id":"https:\/\/portaltela.pt\/noticias\/2026\/04\/11\/viagem-espacial-pode-provocar-perda-ossea-e-visao-turva-mostra-estudo\/#breadcrumb"},"inLanguage":"pt-PT","potentialAction":[{"@type":"ReadAction","target":["https:\/\/portaltela.pt\/noticias\/2026\/04\/11\/viagem-espacial-pode-provocar-perda-ossea-e-visao-turva-mostra-estudo\/"]}]},{"@type":"ImageObject","inLanguage":"pt-PT","@id":"https:\/\/portaltela.pt\/noticias\/2026\/04\/11\/viagem-espacial-pode-provocar-perda-ossea-e-visao-turva-mostra-estudo\/#primaryimage","url":"https:\/\/portaltela.pt\/s.01k8rhncp4jt1\/2026\/04\/1536x864_cmsv2_636d20d1-993d-568f-848b-9a97081e81fe-9717428.jpg","contentUrl":"https:\/\/portaltela.pt\/s.01k8rhncp4jt1\/2026\/04\/1536x864_cmsv2_636d20d1-993d-568f-848b-9a97081e81fe-9717428.jpg","width":796,"height":448,"caption":"Astronauta da ASA Christina Koch, especialista da miss\u00e3o Artemis II, faz verifica\u00e7\u00f5es ao fato espacial na sala de prepara\u00e7\u00e3o da tripula\u00e7\u00e3o"},{"@type":"BreadcrumbList","@id":"https:\/\/portaltela.pt\/noticias\/2026\/04\/11\/viagem-espacial-pode-provocar-perda-ossea-e-visao-turva-mostra-estudo\/#breadcrumb","itemListElement":[{"@type":"ListItem","position":1,"name":"In\u00edcio","item":"https:\/\/portaltela.pt\/"},{"@type":"ListItem","position":2,"name":"Viagem espacial pode provocar perda \u00f3ssea e vis\u00e3o turva, mostra estudo"}]},{"@type":"WebSite","@id":"https:\/\/portaltela.pt\/#website","url":"https:\/\/portaltela.pt\/","name":"Portal Tela Portugal","description":"","potentialAction":[{"@type":"SearchAction","target":{"@type":"EntryPoint","urlTemplate":"https:\/\/portaltela.pt\/?s={search_term_string}"},"query-input":{"@type":"PropertyValueSpecification","valueRequired":true,"valueName":"search_term_string"}}],"inLanguage":"pt-PT"},{"@type":"Person","@id":"https:\/\/portaltela.pt\/#\/schema\/person\/c4278d4a6028830caff9ee44b42d32ed","name":"Telinha","image":{"@type":"ImageObject","inLanguage":"pt-PT","@id":"https:\/\/portaltela.pt\/s.01k8rhncp4jt1\/2025\/11\/talking-bot-125x125.png","url":"https:\/\/portaltela.pt\/s.01k8rhncp4jt1\/2025\/11\/talking-bot-125x125.png","contentUrl":"https:\/\/portaltela.pt\/s.01k8rhncp4jt1\/2025\/11\/talking-bot-125x125.png","caption":"Telinha"},"sameAs":["https:\/\/portaltela.pt\/"],"url":"https:\/\/portaltela.pt\/por\/367410592786\/"}]}},"_links":{"self":[{"href":"https:\/\/portaltela.pt\/api\/wp\/v2\/posts\/440167","targetHints":{"allow":["GET"]}}],"collection":[{"href":"https:\/\/portaltela.pt\/api\/wp\/v2\/posts"}],"about":[{"href":"https:\/\/portaltela.pt\/api\/wp\/v2\/types\/post"}],"author":[{"embeddable":true,"href":"https:\/\/portaltela.pt\/api\/wp\/v2\/users\/2"}],"replies":[{"embeddable":true,"href":"https:\/\/portaltela.pt\/api\/wp\/v2\/comments?post=440167"}],"version-history":[{"count":0,"href":"https:\/\/portaltela.pt\/api\/wp\/v2\/posts\/440167\/revisions"}],"wp:featuredmedia":[{"embeddable":true,"href":"https:\/\/portaltela.pt\/api\/wp\/v2\/media\/440169"}],"wp:attachment":[{"href":"https:\/\/portaltela.pt\/api\/wp\/v2\/media?parent=440167"}],"wp:term":[{"taxonomy":"category","embeddable":true,"href":"https:\/\/portaltela.pt\/api\/wp\/v2\/categories?post=440167"},{"taxonomy":"post_tag","embeddable":true,"href":"https:\/\/portaltela.pt\/api\/wp\/v2\/tags?post=440167"}],"curies":[{"name":"wp","href":"https:\/\/api.w.org\/{rel}","templated":true}]}}