{"id":440166,"date":"2026-04-11T03:32:18","date_gmt":"2026-04-11T06:32:18","guid":{"rendered":"https:\/\/portaltela.pt\/noticias\/2026\/04\/11\/artemis-ii-cronologia-da-missao-em-imagens\/"},"modified":"2026-04-11T03:32:18","modified_gmt":"2026-04-11T06:32:18","slug":"artemis-ii-cronologia-da-missao-em-imagens","status":"publish","type":"post","link":"https:\/\/portaltela.pt\/noticias\/internacional\/2026\/04\/11\/artemis-ii-cronologia-da-missao-em-imagens\/","title":{"rendered":"Artemis II: cronologia da miss\u00e3o em imagens"},"content":{"rendered":"<p>Quatro astronautas viajaram na miss\u00e3o Artemis II da NASA, com o lan\u00e7amento ocorrido no dia 1 de abril, no Centro Espacial Kennedy, na Fl\u00f3rida. O objetivo \u00e9 orbitar a Lua e retornar \u00e0 Terra, seguindo um caminho de teste para futuras miss\u00f5es. A viagem superou o recorde de dist\u00e2ncia da Terra definido pela Apollo 13 em 1970.<\/p>\n<p>A miss\u00e3o registrou o maior afastamento j\u00e1 atingido por uma equipa humana desde a conquista lunar. A nave Orion integrou a c\u00e1psula e a tripula\u00e7\u00e3o enfatizou o car\u00e1ter experimental da opera\u00e7\u00e3o, que visa validar sistemas e procedimentos para miss\u00f5es de explora\u00e7\u00e3o tripulada ao redor da Lua.<\/p>\n<h3>Progresso da miss\u00e3o<\/h3>\n<p>O lan\u00e7amento reuniu milhares de pessoas que acompanharam em tempo real. A bordo est\u00e3o quatro astronautas, liderados pelo comandante Reid Wiseman, com planos de orbitar a Lua e retornar \u00e0 Terra em abril, sem pousar no sat\u00e9lite.<\/p>\n<p>Durante a etapa orbital, a tripula\u00e7\u00e3o observou a Terra, a Lua e o espa\u00e7o, partilhando imagens da vista exterior e de momentos dentro da Orion. A miss\u00e3o recebeu cobertura extensa da imprensa e de \u00f3rg\u00e3os oficiais da NASA.<\/p>\n<h3>Reentrada e amarrage<\/h3>\n<p>Ap\u00f3s a conclus\u00e3o das opera\u00e7\u00f5es lunares, a c\u00e1psula Orion fez a reentrada e amornou com seguran\u00e7a no Oceano Pac\u00edfico no dia 10 de abril. Equipas de resgate cercaram a c\u00e1psula, retirando os astronautas de helic\u00f3ptero e avaliando o estado da tripula\u00e7\u00e3o.<\/p>\n<p>Os investigadores da NASA consideram a Artemis II um marco de teste t\u00e9cnico para futuras miss\u00f5es de maior aspira\u00e7\u00e3o, incluindo viagens mais profundas no espa\u00e7o e potenciais etapas de constru\u00e7\u00e3o de bases lunares permanentes.<\/p>\n","protected":false},"excerpt":{"rendered":"<ul>\n<li>Em 1 de abril de 2026, quatro astronautas lan\u00e7aram a miss\u00e3o Artemis II da NASA a partir do Centro Espacial Kennedy.<\/li>\n<li>A miss\u00e3o atingiu o recorde hist\u00f3rico de dist\u00e2ncia da Terra, superando o marco da Apolo 13, em 1970.<\/li>\n<li>A expedi\u00e7\u00e3o envolveu a c\u00e1psula Orion, com as imagens a acompanharem a trajet\u00f3ria at\u00e9 \u00e0 \u00f3rbita da Lua e a observa\u00e7\u00e3o dos astronautas a bordo.<\/li>\n<li>A aterragem de regresso ocorreu entre 10 e 11 de abril de 2026, com a c\u00e1psula Orion a amarrar no Oceano Pac\u00edfico e as equipas de resgate a retirar os astronautas.<\/li>\n<li>Ao longo da miss\u00e3o foram divulgadas v\u00e1rias imagens e momentos, incluindo selfies e abra\u00e7os coletivos dentro da nave.<\/li>\n<\/ul>\n","protected":false},"author":2,"featured_media":440168,"comment_status":"closed","ping_status":"closed","sticky":false,"template":"","format":"standard","meta":{"footnotes":""},"categories":[4,1],"tags":[4558,6231,7877,7186,6232],"class_list":["post-440166","post","type-post","status-publish","format-standard","has-post-thumbnail","hentry","category-internacional","category-noticias","tag-a-aeronautica","tag-artemis","tag-astronautas","tag-astronomia","tag-nasa"],"yoast_head":"<!-- This site is optimized with the Yoast SEO plugin v27.2 - https:\/\/yoast.com\/product\/yoast-seo-wordpress\/ -->\n<title>Artemis II: cronologia da miss\u00e3o em imagens - Portal Tela Portugal<\/title>\n<meta name=\"robots\" content=\"index, follow, max-snippet:-1, max-image-preview:large, max-video-preview:-1\" \/>\n<meta property=\"og:locale\" content=\"pt_PT\" \/>\n<meta property=\"og:type\" content=\"article\" \/>\n<meta property=\"og:title\" content=\"Artemis II: cronologia da miss\u00e3o em imagens - Portal Tela Portugal\" \/>\n<meta property=\"og:description\" content=\"Em 1 de abril de 2026, quatro astronautas lan\u00e7aram a miss\u00e3o Artemis II da NASA a partir do Centro Espacial Kennedy. A miss\u00e3o atingiu o recorde hist\u00f3rico de dist\u00e2ncia da Terra, superando o marco da Apolo 13, em 1970. A expedi\u00e7\u00e3o envolveu a c\u00e1psula Orion, com as imagens a acompanharem a trajet\u00f3ria at\u00e9 \u00e0 \u00f3rbita da Lua e a observa\u00e7\u00e3o dos astronautas a bordo. A aterragem de regresso ocorreu entre 10 e 11 de abril de 2026, com a c\u00e1psula Orion a amarrar no Oceano Pac\u00edfico e as equipas de resgate a retirar os astronautas. Ao longo da miss\u00e3o foram divulgadas v\u00e1rias imagens e momentos, incluindo selfies e abra\u00e7os coletivos dentro da nave.\" \/>\n<meta property=\"og:url\" content=\"https:\/\/portaltela.pt\/noticias\/2026\/04\/11\/artemis-ii-cronologia-da-missao-em-imagens\/\" \/>\n<meta property=\"og:site_name\" content=\"Portal Tela Portugal\" \/>\n<meta property=\"article:published_time\" content=\"2026-04-11T06:32:18+00:00\" \/>\n<meta name=\"author\" content=\"Telinha\" \/>\n<meta name=\"twitter:card\" content=\"summary_large_image\" \/>\n<meta name=\"twitter:label1\" content=\"Escrito por\" \/>\n\t<meta name=\"twitter:data1\" content=\"Telinha\" \/>\n\t<meta name=\"twitter:label2\" content=\"Tempo estimado de leitura\" \/>\n\t<meta name=\"twitter:data2\" content=\"1 minuto\" \/>\n<script type=\"application\/ld+json\" class=\"yoast-schema-graph\">{\"@context\":\"https:\/\/schema.org\",\"@graph\":[{\"@type\":\"Article\",\"@id\":\"https:\/\/portaltela.pt\/noticias\/2026\/04\/11\/artemis-ii-cronologia-da-missao-em-imagens\/#article\",\"isPartOf\":{\"@id\":\"https:\/\/portaltela.pt\/noticias\/2026\/04\/11\/artemis-ii-cronologia-da-missao-em-imagens\/\"},\"author\":{\"name\":\"Telinha\",\"@id\":\"https:\/\/portaltela.pt\/#\/schema\/person\/c4278d4a6028830caff9ee44b42d32ed\"},\"headline\":\"Artemis II: cronologia da miss\u00e3o em imagens\",\"datePublished\":\"2026-04-11T06:32:18+00:00\",\"mainEntityOfPage\":{\"@id\":\"https:\/\/portaltela.pt\/noticias\/2026\/04\/11\/artemis-ii-cronologia-da-missao-em-imagens\/\"},\"wordCount\":294,\"image\":{\"@id\":\"https:\/\/portaltela.pt\/noticias\/2026\/04\/11\/artemis-ii-cronologia-da-missao-em-imagens\/#primaryimage\"},\"thumbnailUrl\":\"https:\/\/portaltela.pt\/s.01k8rhncp4jt1\/2026\/04\/img_1280x721uu2026-04-10-23-25-47-2277845.jpg\",\"keywords\":[\"a aeron\u00e1utica\",\"Artemis\",\"astronautas\",\"astronomia\",\"NASA\"],\"articleSection\":[\"Internacional\",\"Not\u00edcias\"],\"inLanguage\":\"pt-PT\"},{\"@type\":\"WebPage\",\"@id\":\"https:\/\/portaltela.pt\/noticias\/2026\/04\/11\/artemis-ii-cronologia-da-missao-em-imagens\/\",\"url\":\"https:\/\/portaltela.pt\/noticias\/2026\/04\/11\/artemis-ii-cronologia-da-missao-em-imagens\/\",\"name\":\"Artemis II: cronologia da miss\u00e3o em imagens - Portal Tela Portugal\",\"isPartOf\":{\"@id\":\"https:\/\/portaltela.pt\/#website\"},\"primaryImageOfPage\":{\"@id\":\"https:\/\/portaltela.pt\/noticias\/2026\/04\/11\/artemis-ii-cronologia-da-missao-em-imagens\/#primaryimage\"},\"image\":{\"@id\":\"https:\/\/portaltela.pt\/noticias\/2026\/04\/11\/artemis-ii-cronologia-da-missao-em-imagens\/#primaryimage\"},\"thumbnailUrl\":\"https:\/\/portaltela.pt\/s.01k8rhncp4jt1\/2026\/04\/img_1280x721uu2026-04-10-23-25-47-2277845.jpg\",\"datePublished\":\"2026-04-11T06:32:18+00:00\",\"author\":{\"@id\":\"https:\/\/portaltela.pt\/#\/schema\/person\/c4278d4a6028830caff9ee44b42d32ed\"},\"breadcrumb\":{\"@id\":\"https:\/\/portaltela.pt\/noticias\/2026\/04\/11\/artemis-ii-cronologia-da-missao-em-imagens\/#breadcrumb\"},\"inLanguage\":\"pt-PT\",\"potentialAction\":[{\"@type\":\"ReadAction\",\"target\":[\"https:\/\/portaltela.pt\/noticias\/2026\/04\/11\/artemis-ii-cronologia-da-missao-em-imagens\/\"]}]},{\"@type\":\"ImageObject\",\"inLanguage\":\"pt-PT\",\"@id\":\"https:\/\/portaltela.pt\/noticias\/2026\/04\/11\/artemis-ii-cronologia-da-missao-em-imagens\/#primaryimage\",\"url\":\"https:\/\/portaltela.pt\/s.01k8rhncp4jt1\/2026\/04\/img_1280x721uu2026-04-10-23-25-47-2277845.jpg\",\"contentUrl\":\"https:\/\/portaltela.pt\/s.01k8rhncp4jt1\/2026\/04\/img_1280x721uu2026-04-10-23-25-47-2277845.jpg\",\"width\":796,\"height\":448,\"caption\":\"Foguet\u00e3o Artemis II antes do lan\u00e7amento no Centro Espacial Kennedy\"},{\"@type\":\"BreadcrumbList\",\"@id\":\"https:\/\/portaltela.pt\/noticias\/2026\/04\/11\/artemis-ii-cronologia-da-missao-em-imagens\/#breadcrumb\",\"itemListElement\":[{\"@type\":\"ListItem\",\"position\":1,\"name\":\"In\u00edcio\",\"item\":\"https:\/\/portaltela.pt\/\"},{\"@type\":\"ListItem\",\"position\":2,\"name\":\"Artemis II: cronologia da miss\u00e3o em imagens\"}]},{\"@type\":\"WebSite\",\"@id\":\"https:\/\/portaltela.pt\/#website\",\"url\":\"https:\/\/portaltela.pt\/\",\"name\":\"Portal Tela Portugal\",\"description\":\"\",\"potentialAction\":[{\"@type\":\"SearchAction\",\"target\":{\"@type\":\"EntryPoint\",\"urlTemplate\":\"https:\/\/portaltela.pt\/?s={search_term_string}\"},\"query-input\":{\"@type\":\"PropertyValueSpecification\",\"valueRequired\":true,\"valueName\":\"search_term_string\"}}],\"inLanguage\":\"pt-PT\"},{\"@type\":\"Person\",\"@id\":\"https:\/\/portaltela.pt\/#\/schema\/person\/c4278d4a6028830caff9ee44b42d32ed\",\"name\":\"Telinha\",\"image\":{\"@type\":\"ImageObject\",\"inLanguage\":\"pt-PT\",\"@id\":\"https:\/\/portaltela.pt\/s.01k8rhncp4jt1\/2025\/11\/talking-bot-125x125.png\",\"url\":\"https:\/\/portaltela.pt\/s.01k8rhncp4jt1\/2025\/11\/talking-bot-125x125.png\",\"contentUrl\":\"https:\/\/portaltela.pt\/s.01k8rhncp4jt1\/2025\/11\/talking-bot-125x125.png\",\"caption\":\"Telinha\"},\"sameAs\":[\"https:\/\/portaltela.pt\/\"],\"url\":\"https:\/\/portaltela.pt\/por\/367410592786\/\"}]}<\/script>\n<!-- \/ Yoast SEO plugin. -->","yoast_head_json":{"title":"Artemis II: cronologia da miss\u00e3o em imagens - Portal Tela Portugal","robots":{"index":"index","follow":"follow","max-snippet":"max-snippet:-1","max-image-preview":"max-image-preview:large","max-video-preview":"max-video-preview:-1"},"og_locale":"pt_PT","og_type":"article","og_title":"Artemis II: cronologia da miss\u00e3o em imagens - Portal Tela Portugal","og_description":"Em 1 de abril de 2026, quatro astronautas lan\u00e7aram a miss\u00e3o Artemis II da NASA a partir do Centro Espacial Kennedy. A miss\u00e3o atingiu o recorde hist\u00f3rico de dist\u00e2ncia da Terra, superando o marco da Apolo 13, em 1970. A expedi\u00e7\u00e3o envolveu a c\u00e1psula Orion, com as imagens a acompanharem a trajet\u00f3ria at\u00e9 \u00e0 \u00f3rbita da Lua e a observa\u00e7\u00e3o dos astronautas a bordo. A aterragem de regresso ocorreu entre 10 e 11 de abril de 2026, com a c\u00e1psula Orion a amarrar no Oceano Pac\u00edfico e as equipas de resgate a retirar os astronautas. Ao longo da miss\u00e3o foram divulgadas v\u00e1rias imagens e momentos, incluindo selfies e abra\u00e7os coletivos dentro da nave.","og_url":"https:\/\/portaltela.pt\/noticias\/2026\/04\/11\/artemis-ii-cronologia-da-missao-em-imagens\/","og_site_name":"Portal Tela Portugal","article_published_time":"2026-04-11T06:32:18+00:00","author":"Telinha","twitter_card":"summary_large_image","twitter_misc":{"Escrito por":"Telinha","Tempo estimado de leitura":"1 minuto"},"schema":{"@context":"https:\/\/schema.org","@graph":[{"@type":"Article","@id":"https:\/\/portaltela.pt\/noticias\/2026\/04\/11\/artemis-ii-cronologia-da-missao-em-imagens\/#article","isPartOf":{"@id":"https:\/\/portaltela.pt\/noticias\/2026\/04\/11\/artemis-ii-cronologia-da-missao-em-imagens\/"},"author":{"name":"Telinha","@id":"https:\/\/portaltela.pt\/#\/schema\/person\/c4278d4a6028830caff9ee44b42d32ed"},"headline":"Artemis II: cronologia da miss\u00e3o em imagens","datePublished":"2026-04-11T06:32:18+00:00","mainEntityOfPage":{"@id":"https:\/\/portaltela.pt\/noticias\/2026\/04\/11\/artemis-ii-cronologia-da-missao-em-imagens\/"},"wordCount":294,"image":{"@id":"https:\/\/portaltela.pt\/noticias\/2026\/04\/11\/artemis-ii-cronologia-da-missao-em-imagens\/#primaryimage"},"thumbnailUrl":"https:\/\/portaltela.pt\/s.01k8rhncp4jt1\/2026\/04\/img_1280x721uu2026-04-10-23-25-47-2277845.jpg","keywords":["a aeron\u00e1utica","Artemis","astronautas","astronomia","NASA"],"articleSection":["Internacional","Not\u00edcias"],"inLanguage":"pt-PT"},{"@type":"WebPage","@id":"https:\/\/portaltela.pt\/noticias\/2026\/04\/11\/artemis-ii-cronologia-da-missao-em-imagens\/","url":"https:\/\/portaltela.pt\/noticias\/2026\/04\/11\/artemis-ii-cronologia-da-missao-em-imagens\/","name":"Artemis II: cronologia da miss\u00e3o em imagens - Portal Tela Portugal","isPartOf":{"@id":"https:\/\/portaltela.pt\/#website"},"primaryImageOfPage":{"@id":"https:\/\/portaltela.pt\/noticias\/2026\/04\/11\/artemis-ii-cronologia-da-missao-em-imagens\/#primaryimage"},"image":{"@id":"https:\/\/portaltela.pt\/noticias\/2026\/04\/11\/artemis-ii-cronologia-da-missao-em-imagens\/#primaryimage"},"thumbnailUrl":"https:\/\/portaltela.pt\/s.01k8rhncp4jt1\/2026\/04\/img_1280x721uu2026-04-10-23-25-47-2277845.jpg","datePublished":"2026-04-11T06:32:18+00:00","author":{"@id":"https:\/\/portaltela.pt\/#\/schema\/person\/c4278d4a6028830caff9ee44b42d32ed"},"breadcrumb":{"@id":"https:\/\/portaltela.pt\/noticias\/2026\/04\/11\/artemis-ii-cronologia-da-missao-em-imagens\/#breadcrumb"},"inLanguage":"pt-PT","potentialAction":[{"@type":"ReadAction","target":["https:\/\/portaltela.pt\/noticias\/2026\/04\/11\/artemis-ii-cronologia-da-missao-em-imagens\/"]}]},{"@type":"ImageObject","inLanguage":"pt-PT","@id":"https:\/\/portaltela.pt\/noticias\/2026\/04\/11\/artemis-ii-cronologia-da-missao-em-imagens\/#primaryimage","url":"https:\/\/portaltela.pt\/s.01k8rhncp4jt1\/2026\/04\/img_1280x721uu2026-04-10-23-25-47-2277845.jpg","contentUrl":"https:\/\/portaltela.pt\/s.01k8rhncp4jt1\/2026\/04\/img_1280x721uu2026-04-10-23-25-47-2277845.jpg","width":796,"height":448,"caption":"Foguet\u00e3o Artemis II antes do lan\u00e7amento no Centro Espacial Kennedy"},{"@type":"BreadcrumbList","@id":"https:\/\/portaltela.pt\/noticias\/2026\/04\/11\/artemis-ii-cronologia-da-missao-em-imagens\/#breadcrumb","itemListElement":[{"@type":"ListItem","position":1,"name":"In\u00edcio","item":"https:\/\/portaltela.pt\/"},{"@type":"ListItem","position":2,"name":"Artemis II: cronologia da miss\u00e3o em imagens"}]},{"@type":"WebSite","@id":"https:\/\/portaltela.pt\/#website","url":"https:\/\/portaltela.pt\/","name":"Portal Tela Portugal","description":"","potentialAction":[{"@type":"SearchAction","target":{"@type":"EntryPoint","urlTemplate":"https:\/\/portaltela.pt\/?s={search_term_string}"},"query-input":{"@type":"PropertyValueSpecification","valueRequired":true,"valueName":"search_term_string"}}],"inLanguage":"pt-PT"},{"@type":"Person","@id":"https:\/\/portaltela.pt\/#\/schema\/person\/c4278d4a6028830caff9ee44b42d32ed","name":"Telinha","image":{"@type":"ImageObject","inLanguage":"pt-PT","@id":"https:\/\/portaltela.pt\/s.01k8rhncp4jt1\/2025\/11\/talking-bot-125x125.png","url":"https:\/\/portaltela.pt\/s.01k8rhncp4jt1\/2025\/11\/talking-bot-125x125.png","contentUrl":"https:\/\/portaltela.pt\/s.01k8rhncp4jt1\/2025\/11\/talking-bot-125x125.png","caption":"Telinha"},"sameAs":["https:\/\/portaltela.pt\/"],"url":"https:\/\/portaltela.pt\/por\/367410592786\/"}]}},"_links":{"self":[{"href":"https:\/\/portaltela.pt\/api\/wp\/v2\/posts\/440166","targetHints":{"allow":["GET"]}}],"collection":[{"href":"https:\/\/portaltela.pt\/api\/wp\/v2\/posts"}],"about":[{"href":"https:\/\/portaltela.pt\/api\/wp\/v2\/types\/post"}],"author":[{"embeddable":true,"href":"https:\/\/portaltela.pt\/api\/wp\/v2\/users\/2"}],"replies":[{"embeddable":true,"href":"https:\/\/portaltela.pt\/api\/wp\/v2\/comments?post=440166"}],"version-history":[{"count":0,"href":"https:\/\/portaltela.pt\/api\/wp\/v2\/posts\/440166\/revisions"}],"wp:featuredmedia":[{"embeddable":true,"href":"https:\/\/portaltela.pt\/api\/wp\/v2\/media\/440168"}],"wp:attachment":[{"href":"https:\/\/portaltela.pt\/api\/wp\/v2\/media?parent=440166"}],"wp:term":[{"taxonomy":"category","embeddable":true,"href":"https:\/\/portaltela.pt\/api\/wp\/v2\/categories?post=440166"},{"taxonomy":"post_tag","embeddable":true,"href":"https:\/\/portaltela.pt\/api\/wp\/v2\/tags?post=440166"}],"curies":[{"name":"wp","href":"https:\/\/api.w.org\/{rel}","templated":true}]}}