{"id":440104,"date":"2026-04-10T23:17:09","date_gmt":"2026-04-11T02:17:09","guid":{"rendered":"https:\/\/portaltela.pt\/noticias\/2026\/04\/10\/benfica-traca-planos-para-tomas-araujo-como-central\/"},"modified":"2026-04-10T23:17:09","modified_gmt":"2026-04-11T02:17:09","slug":"benfica-traca-planos-para-tomas-araujo-como-central","status":"publish","type":"post","link":"https:\/\/portaltela.pt\/desporto\/futebol\/2026\/04\/10\/benfica-traca-planos-para-tomas-araujo-como-central\/","title":{"rendered":"Benfica tra\u00e7a planos para Tom\u00e1s Ara\u00fajo como central"},"content":{"rendered":"<p>Tom\u00e1s Ara\u00fajo est\u00e1 a caminho de tornar-se o patr\u00e3o da defesa do Benfica, conforme a dire\u00e7\u00e3o. A aposta \u00e9 clara: o internacional portugu\u00eas ter\u00e1 um papel central na linha a defender a equipa na pr\u00f3xima \u00e9poca. O objetivo passa por premiar o jogador pelo rendimento mostrado.<\/p>\n<p>Segundo informa\u00e7\u00f5es da imprensa desportiva, o clube n\u00e3o pretende apenas renovar o contrato, mas tamb\u00e9m acelerar a progress\u00e3o salarial conforme o n\u00famero de jogos disputados na nova \u00e9poca. A ambi\u00e7\u00e3o \u00e9 assegurar estabilidade financeira e reconhecimento desportivo.<\/p>\n<p>Tom\u00e1s Ara\u00fajo est\u00e1 perto de atingir o 100.\u00ba jogo pelo Benfica, marco citado como sinal da continuidade do projeto no plantel. A not\u00edcia enfatiza o impacto do jovem na constru\u00e7\u00e3o defensiva para o futuro imediato do clube.<\/p>\n<h3>Otamendi em foco: poss\u00edvel sa\u00edda<\/h3>\n<p>A mesma fonte aponta que Otamendi est\u00e1 mais pr\u00f3ximo da sa\u00edda, o que coloca o Benfica a preparar alternativas para a posi\u00e7\u00e3o. A dire\u00e7\u00e3o j\u00e1 analisa op\u00e7\u00f5es internas e no mercado para suprir a eventual vac\u00e2ncia na defesa central.<\/p>\n<p>Em paralelo, o clube pode avan\u00e7ar com contrata\u00e7\u00f5es ou com revela\u00e7oes de oportunidades internas, mantendo o foco na continuidade do eixo defensivo. A chegada de um substituto seria alinhavada com a estrat\u00e9gia de longo prazo da equipa.<\/p>\n","protected":false},"excerpt":{"rendered":"<ul>\n<li>O Benfica pretende que Tom\u00e1s Ara\u00fajo seja o novo patr\u00e3o da defesa na pr\u00f3xima \u00e9poca.<\/li>\n<li>O clube planeia premiar o central com sal\u00e1rio mais elevado, via renova\u00e7\u00e3o ou progress\u00e3o salarial consoante o n\u00famero de jogos.<\/li>\n<li>Otamendi est\u00e1 mais perto de sa\u00edda, abrindo espa\u00e7o para o central portugu\u00eas ganhar protagonismo.<\/li>\n<li>Tom\u00e1s Ara\u00fajo est\u00e1 prestes a cumprir o 100.\u00ba jogo pela equipa principal do Benfica.<\/li>\n<li>A dire\u00e7\u00e3o foca-se em aumentar as responsabilidades do jogador na linha defensiva.<\/li>\n<\/ul>\n","protected":false},"author":2,"featured_media":440111,"comment_status":"closed","ping_status":"closed","sticky":false,"template":"","format":"standard","meta":{"footnotes":""},"categories":[21,24],"tags":[4143,1946,2219,32,50],"class_list":["post-440104","post","type-post","status-publish","format-standard","has-post-thumbnail","hentry","category-desporto","category-futebol","tag-1-liga","tag-benfica","tag-contratacoes","tag-futebol","tag-mercado-da-bola"],"yoast_head":"<!-- This site is optimized with the Yoast SEO plugin v27.2 - https:\/\/yoast.com\/product\/yoast-seo-wordpress\/ -->\n<title>Benfica tra\u00e7a planos para Tom\u00e1s Ara\u00fajo como central - Portal Tela Portugal<\/title>\n<meta name=\"robots\" content=\"index, follow, max-snippet:-1, max-image-preview:large, max-video-preview:-1\" \/>\n<meta property=\"og:locale\" content=\"pt_PT\" \/>\n<meta property=\"og:type\" content=\"article\" \/>\n<meta property=\"og:title\" content=\"Benfica tra\u00e7a planos para Tom\u00e1s Ara\u00fajo como central - Portal Tela Portugal\" \/>\n<meta property=\"og:description\" content=\"O Benfica pretende que Tom\u00e1s Ara\u00fajo seja o novo patr\u00e3o da defesa na pr\u00f3xima \u00e9poca. O clube planeia premiar o central com sal\u00e1rio mais elevado, via renova\u00e7\u00e3o ou progress\u00e3o salarial consoante o n\u00famero de jogos. Otamendi est\u00e1 mais perto de sa\u00edda, abrindo espa\u00e7o para o central portugu\u00eas ganhar protagonismo. Tom\u00e1s Ara\u00fajo est\u00e1 prestes a cumprir o 100.\u00ba jogo pela equipa principal do Benfica. A dire\u00e7\u00e3o foca-se em aumentar as responsabilidades do jogador na linha defensiva.\" \/>\n<meta property=\"og:url\" content=\"https:\/\/portaltela.pt\/noticias\/2026\/04\/10\/benfica-traca-planos-para-tomas-araujo-como-central\/\" \/>\n<meta property=\"og:site_name\" content=\"Portal Tela Portugal\" \/>\n<meta property=\"article:published_time\" content=\"2026-04-11T02:17:09+00:00\" \/>\n<meta name=\"author\" content=\"Telinha\" \/>\n<meta name=\"twitter:card\" content=\"summary_large_image\" \/>\n<meta name=\"twitter:label1\" content=\"Escrito por\" \/>\n\t<meta name=\"twitter:data1\" content=\"Telinha\" \/>\n\t<meta name=\"twitter:label2\" content=\"Tempo estimado de leitura\" \/>\n\t<meta name=\"twitter:data2\" content=\"1 minuto\" \/>\n<script type=\"application\/ld+json\" class=\"yoast-schema-graph\">{\"@context\":\"https:\/\/schema.org\",\"@graph\":[{\"@type\":\"Article\",\"@id\":\"https:\/\/portaltela.pt\/noticias\/2026\/04\/10\/benfica-traca-planos-para-tomas-araujo-como-central\/#article\",\"isPartOf\":{\"@id\":\"https:\/\/portaltela.pt\/noticias\/2026\/04\/10\/benfica-traca-planos-para-tomas-araujo-como-central\/\"},\"author\":{\"name\":\"Telinha\",\"@id\":\"https:\/\/portaltela.pt\/#\/schema\/person\/c4278d4a6028830caff9ee44b42d32ed\"},\"headline\":\"Benfica tra\u00e7a planos para Tom\u00e1s Ara\u00fajo como central\",\"datePublished\":\"2026-04-11T02:17:09+00:00\",\"mainEntityOfPage\":{\"@id\":\"https:\/\/portaltela.pt\/noticias\/2026\/04\/10\/benfica-traca-planos-para-tomas-araujo-como-central\/\"},\"wordCount\":237,\"image\":{\"@id\":\"https:\/\/portaltela.pt\/noticias\/2026\/04\/10\/benfica-traca-planos-para-tomas-araujo-como-central\/#primaryimage\"},\"thumbnailUrl\":\"https:\/\/portaltela.pt\/s.01k8rhncp4jt1\/2026\/04\/img_920x518uu2026-02-23-23-42-05-2423380.jpg\",\"keywords\":[\"1. Liga\",\"Benfica\",\"contrata\u00e7\u00f5es\",\"futebol\",\"mercado da bola\"],\"articleSection\":[\"Desporto\",\"Futebol\"],\"inLanguage\":\"pt-PT\"},{\"@type\":\"WebPage\",\"@id\":\"https:\/\/portaltela.pt\/noticias\/2026\/04\/10\/benfica-traca-planos-para-tomas-araujo-como-central\/\",\"url\":\"https:\/\/portaltela.pt\/noticias\/2026\/04\/10\/benfica-traca-planos-para-tomas-araujo-como-central\/\",\"name\":\"Benfica tra\u00e7a planos para Tom\u00e1s Ara\u00fajo como central - Portal Tela Portugal\",\"isPartOf\":{\"@id\":\"https:\/\/portaltela.pt\/#website\"},\"primaryImageOfPage\":{\"@id\":\"https:\/\/portaltela.pt\/noticias\/2026\/04\/10\/benfica-traca-planos-para-tomas-araujo-como-central\/#primaryimage\"},\"image\":{\"@id\":\"https:\/\/portaltela.pt\/noticias\/2026\/04\/10\/benfica-traca-planos-para-tomas-araujo-como-central\/#primaryimage\"},\"thumbnailUrl\":\"https:\/\/portaltela.pt\/s.01k8rhncp4jt1\/2026\/04\/img_920x518uu2026-02-23-23-42-05-2423380.jpg\",\"datePublished\":\"2026-04-11T02:17:09+00:00\",\"author\":{\"@id\":\"https:\/\/portaltela.pt\/#\/schema\/person\/c4278d4a6028830caff9ee44b42d32ed\"},\"breadcrumb\":{\"@id\":\"https:\/\/portaltela.pt\/noticias\/2026\/04\/10\/benfica-traca-planos-para-tomas-araujo-como-central\/#breadcrumb\"},\"inLanguage\":\"pt-PT\",\"potentialAction\":[{\"@type\":\"ReadAction\",\"target\":[\"https:\/\/portaltela.pt\/noticias\/2026\/04\/10\/benfica-traca-planos-para-tomas-araujo-como-central\/\"]}]},{\"@type\":\"ImageObject\",\"inLanguage\":\"pt-PT\",\"@id\":\"https:\/\/portaltela.pt\/noticias\/2026\/04\/10\/benfica-traca-planos-para-tomas-araujo-como-central\/#primaryimage\",\"url\":\"https:\/\/portaltela.pt\/s.01k8rhncp4jt1\/2026\/04\/img_920x518uu2026-02-23-23-42-05-2423380.jpg\",\"contentUrl\":\"https:\/\/portaltela.pt\/s.01k8rhncp4jt1\/2026\/04\/img_920x518uu2026-02-23-23-42-05-2423380.jpg\",\"width\":796,\"height\":448,\"caption\":\"Tom\u00e1s Ara\u00fajo est\u00e1 prestes a cumprir o 100.\u00ba jogo com a camisola do Benfica\"},{\"@type\":\"BreadcrumbList\",\"@id\":\"https:\/\/portaltela.pt\/noticias\/2026\/04\/10\/benfica-traca-planos-para-tomas-araujo-como-central\/#breadcrumb\",\"itemListElement\":[{\"@type\":\"ListItem\",\"position\":1,\"name\":\"In\u00edcio\",\"item\":\"https:\/\/portaltela.pt\/\"},{\"@type\":\"ListItem\",\"position\":2,\"name\":\"Benfica tra\u00e7a planos para Tom\u00e1s Ara\u00fajo como central\"}]},{\"@type\":\"WebSite\",\"@id\":\"https:\/\/portaltela.pt\/#website\",\"url\":\"https:\/\/portaltela.pt\/\",\"name\":\"Portal Tela Portugal\",\"description\":\"\",\"potentialAction\":[{\"@type\":\"SearchAction\",\"target\":{\"@type\":\"EntryPoint\",\"urlTemplate\":\"https:\/\/portaltela.pt\/?s={search_term_string}\"},\"query-input\":{\"@type\":\"PropertyValueSpecification\",\"valueRequired\":true,\"valueName\":\"search_term_string\"}}],\"inLanguage\":\"pt-PT\"},{\"@type\":\"Person\",\"@id\":\"https:\/\/portaltela.pt\/#\/schema\/person\/c4278d4a6028830caff9ee44b42d32ed\",\"name\":\"Telinha\",\"image\":{\"@type\":\"ImageObject\",\"inLanguage\":\"pt-PT\",\"@id\":\"https:\/\/portaltela.pt\/s.01k8rhncp4jt1\/2025\/11\/talking-bot-125x125.png\",\"url\":\"https:\/\/portaltela.pt\/s.01k8rhncp4jt1\/2025\/11\/talking-bot-125x125.png\",\"contentUrl\":\"https:\/\/portaltela.pt\/s.01k8rhncp4jt1\/2025\/11\/talking-bot-125x125.png\",\"caption\":\"Telinha\"},\"sameAs\":[\"https:\/\/portaltela.pt\/\"],\"url\":\"https:\/\/portaltela.pt\/por\/367410592786\/\"}]}<\/script>\n<!-- \/ Yoast SEO plugin. -->","yoast_head_json":{"title":"Benfica tra\u00e7a planos para Tom\u00e1s Ara\u00fajo como central - Portal Tela Portugal","robots":{"index":"index","follow":"follow","max-snippet":"max-snippet:-1","max-image-preview":"max-image-preview:large","max-video-preview":"max-video-preview:-1"},"og_locale":"pt_PT","og_type":"article","og_title":"Benfica tra\u00e7a planos para Tom\u00e1s Ara\u00fajo como central - Portal Tela Portugal","og_description":"O Benfica pretende que Tom\u00e1s Ara\u00fajo seja o novo patr\u00e3o da defesa na pr\u00f3xima \u00e9poca. O clube planeia premiar o central com sal\u00e1rio mais elevado, via renova\u00e7\u00e3o ou progress\u00e3o salarial consoante o n\u00famero de jogos. Otamendi est\u00e1 mais perto de sa\u00edda, abrindo espa\u00e7o para o central portugu\u00eas ganhar protagonismo. Tom\u00e1s Ara\u00fajo est\u00e1 prestes a cumprir o 100.\u00ba jogo pela equipa principal do Benfica. A dire\u00e7\u00e3o foca-se em aumentar as responsabilidades do jogador na linha defensiva.","og_url":"https:\/\/portaltela.pt\/noticias\/2026\/04\/10\/benfica-traca-planos-para-tomas-araujo-como-central\/","og_site_name":"Portal Tela Portugal","article_published_time":"2026-04-11T02:17:09+00:00","author":"Telinha","twitter_card":"summary_large_image","twitter_misc":{"Escrito por":"Telinha","Tempo estimado de leitura":"1 minuto"},"schema":{"@context":"https:\/\/schema.org","@graph":[{"@type":"Article","@id":"https:\/\/portaltela.pt\/noticias\/2026\/04\/10\/benfica-traca-planos-para-tomas-araujo-como-central\/#article","isPartOf":{"@id":"https:\/\/portaltela.pt\/noticias\/2026\/04\/10\/benfica-traca-planos-para-tomas-araujo-como-central\/"},"author":{"name":"Telinha","@id":"https:\/\/portaltela.pt\/#\/schema\/person\/c4278d4a6028830caff9ee44b42d32ed"},"headline":"Benfica tra\u00e7a planos para Tom\u00e1s Ara\u00fajo como central","datePublished":"2026-04-11T02:17:09+00:00","mainEntityOfPage":{"@id":"https:\/\/portaltela.pt\/noticias\/2026\/04\/10\/benfica-traca-planos-para-tomas-araujo-como-central\/"},"wordCount":237,"image":{"@id":"https:\/\/portaltela.pt\/noticias\/2026\/04\/10\/benfica-traca-planos-para-tomas-araujo-como-central\/#primaryimage"},"thumbnailUrl":"https:\/\/portaltela.pt\/s.01k8rhncp4jt1\/2026\/04\/img_920x518uu2026-02-23-23-42-05-2423380.jpg","keywords":["1. Liga","Benfica","contrata\u00e7\u00f5es","futebol","mercado da bola"],"articleSection":["Desporto","Futebol"],"inLanguage":"pt-PT"},{"@type":"WebPage","@id":"https:\/\/portaltela.pt\/noticias\/2026\/04\/10\/benfica-traca-planos-para-tomas-araujo-como-central\/","url":"https:\/\/portaltela.pt\/noticias\/2026\/04\/10\/benfica-traca-planos-para-tomas-araujo-como-central\/","name":"Benfica tra\u00e7a planos para Tom\u00e1s Ara\u00fajo como central - Portal Tela Portugal","isPartOf":{"@id":"https:\/\/portaltela.pt\/#website"},"primaryImageOfPage":{"@id":"https:\/\/portaltela.pt\/noticias\/2026\/04\/10\/benfica-traca-planos-para-tomas-araujo-como-central\/#primaryimage"},"image":{"@id":"https:\/\/portaltela.pt\/noticias\/2026\/04\/10\/benfica-traca-planos-para-tomas-araujo-como-central\/#primaryimage"},"thumbnailUrl":"https:\/\/portaltela.pt\/s.01k8rhncp4jt1\/2026\/04\/img_920x518uu2026-02-23-23-42-05-2423380.jpg","datePublished":"2026-04-11T02:17:09+00:00","author":{"@id":"https:\/\/portaltela.pt\/#\/schema\/person\/c4278d4a6028830caff9ee44b42d32ed"},"breadcrumb":{"@id":"https:\/\/portaltela.pt\/noticias\/2026\/04\/10\/benfica-traca-planos-para-tomas-araujo-como-central\/#breadcrumb"},"inLanguage":"pt-PT","potentialAction":[{"@type":"ReadAction","target":["https:\/\/portaltela.pt\/noticias\/2026\/04\/10\/benfica-traca-planos-para-tomas-araujo-como-central\/"]}]},{"@type":"ImageObject","inLanguage":"pt-PT","@id":"https:\/\/portaltela.pt\/noticias\/2026\/04\/10\/benfica-traca-planos-para-tomas-araujo-como-central\/#primaryimage","url":"https:\/\/portaltela.pt\/s.01k8rhncp4jt1\/2026\/04\/img_920x518uu2026-02-23-23-42-05-2423380.jpg","contentUrl":"https:\/\/portaltela.pt\/s.01k8rhncp4jt1\/2026\/04\/img_920x518uu2026-02-23-23-42-05-2423380.jpg","width":796,"height":448,"caption":"Tom\u00e1s Ara\u00fajo est\u00e1 prestes a cumprir o 100.\u00ba jogo com a camisola do Benfica"},{"@type":"BreadcrumbList","@id":"https:\/\/portaltela.pt\/noticias\/2026\/04\/10\/benfica-traca-planos-para-tomas-araujo-como-central\/#breadcrumb","itemListElement":[{"@type":"ListItem","position":1,"name":"In\u00edcio","item":"https:\/\/portaltela.pt\/"},{"@type":"ListItem","position":2,"name":"Benfica tra\u00e7a planos para Tom\u00e1s Ara\u00fajo como central"}]},{"@type":"WebSite","@id":"https:\/\/portaltela.pt\/#website","url":"https:\/\/portaltela.pt\/","name":"Portal Tela Portugal","description":"","potentialAction":[{"@type":"SearchAction","target":{"@type":"EntryPoint","urlTemplate":"https:\/\/portaltela.pt\/?s={search_term_string}"},"query-input":{"@type":"PropertyValueSpecification","valueRequired":true,"valueName":"search_term_string"}}],"inLanguage":"pt-PT"},{"@type":"Person","@id":"https:\/\/portaltela.pt\/#\/schema\/person\/c4278d4a6028830caff9ee44b42d32ed","name":"Telinha","image":{"@type":"ImageObject","inLanguage":"pt-PT","@id":"https:\/\/portaltela.pt\/s.01k8rhncp4jt1\/2025\/11\/talking-bot-125x125.png","url":"https:\/\/portaltela.pt\/s.01k8rhncp4jt1\/2025\/11\/talking-bot-125x125.png","contentUrl":"https:\/\/portaltela.pt\/s.01k8rhncp4jt1\/2025\/11\/talking-bot-125x125.png","caption":"Telinha"},"sameAs":["https:\/\/portaltela.pt\/"],"url":"https:\/\/portaltela.pt\/por\/367410592786\/"}]}},"_links":{"self":[{"href":"https:\/\/portaltela.pt\/api\/wp\/v2\/posts\/440104","targetHints":{"allow":["GET"]}}],"collection":[{"href":"https:\/\/portaltela.pt\/api\/wp\/v2\/posts"}],"about":[{"href":"https:\/\/portaltela.pt\/api\/wp\/v2\/types\/post"}],"author":[{"embeddable":true,"href":"https:\/\/portaltela.pt\/api\/wp\/v2\/users\/2"}],"replies":[{"embeddable":true,"href":"https:\/\/portaltela.pt\/api\/wp\/v2\/comments?post=440104"}],"version-history":[{"count":0,"href":"https:\/\/portaltela.pt\/api\/wp\/v2\/posts\/440104\/revisions"}],"wp:featuredmedia":[{"embeddable":true,"href":"https:\/\/portaltela.pt\/api\/wp\/v2\/media\/440111"}],"wp:attachment":[{"href":"https:\/\/portaltela.pt\/api\/wp\/v2\/media?parent=440104"}],"wp:term":[{"taxonomy":"category","embeddable":true,"href":"https:\/\/portaltela.pt\/api\/wp\/v2\/categories?post=440104"},{"taxonomy":"post_tag","embeddable":true,"href":"https:\/\/portaltela.pt\/api\/wp\/v2\/tags?post=440104"}],"curies":[{"name":"wp","href":"https:\/\/api.w.org\/{rel}","templated":true}]}}