{"id":440096,"date":"2026-04-10T22:47:03","date_gmt":"2026-04-11T01:47:03","guid":{"rendered":"https:\/\/portaltela.pt\/noticias\/2026\/04\/10\/guerra-no-irao-estreito-de-ormuz-e-impactos-na-economia-portuguesa\/"},"modified":"2026-04-10T22:47:03","modified_gmt":"2026-04-11T01:47:03","slug":"guerra-no-irao-estreito-de-ormuz-e-impactos-na-economia-portuguesa","status":"publish","type":"post","link":"https:\/\/portaltela.pt\/geopolitica\/2026\/04\/10\/guerra-no-irao-estreito-de-ormuz-e-impactos-na-economia-portuguesa\/","title":{"rendered":"Guerra no Ir\u00e3o, Estreito de Ormuz e impactos na economia portuguesa"},"content":{"rendered":"<p>A estabilidade energ\u00e9tica global est\u00e1 fortemente ligada a zonas geogr\u00e1ficas vulner\u00e1veis, entre elas o estreito de Ormuz, considerado o mais cr\u00edtico. O fluxo de energia por ali \u00e9 historicamente garantido, mas epis\u00f3dios de tens\u00e3o recente desafiaram essa premissa.<\/p>\n<p>O estreito liga o Golfo P\u00e9rsico ao oceano aberto e movimenta cerca de um quinto do petr\u00f3leo consumido mundialmente, al\u00e9m de parte significativa do g\u00e1s natural liquefeito. A produ\u00e7\u00e3o de aproximadamente 20 milh\u00f5es de barris por dia inclui pa\u00edses como Ar\u00e1bia Saudita, Iraque, Qatar e Emirados \u00c1rabes Unidos.<\/p>\n<p>O impacto imediato de qualquer encerramento \u00e9 global, com maior press\u00e3o sobre a \u00c1sia, destino principal das exporta\u00e7\u00f5es. Na Europa, os efeitos s\u00e3o indiretos: subida de pre\u00e7os, volatilidade e perturba\u00e7\u00f5es nas cadeias de abastecimento.<\/p>\n<p>Portugal tem depend\u00eancia direta reduzida, por via da diversifica\u00e7\u00e3o de fornecedores. Ainda assim, a exposi\u00e7\u00e3o n\u00e3o \u00e9 nula, j\u00e1 que o pa\u00eds n\u00e3o compra apenas petr\u00f3leo, mas tamb\u00e9m responde a pre\u00e7os definidos no mercado global.<\/p>\n<p>Quando Ormuz falha, a oferta reduz-se e os pre\u00e7os do crude sobem. O efeito chega rapidamente a combust\u00edveis, custos de transporte e infla\u00e7\u00e3o, afetando ind\u00fastria, agricultura e turismo.<\/p>\n<p>Para al\u00e9m da energia, o estreito \u00e9 via essencial para petroqu\u00edmicos, fertilizantes e mat\u00e9rias-primas industriais. A perturba\u00e7\u00e3o dessas cadeias eleva o custo de bens essenciais e pode reduzir a competitividade externa.<\/p>\n<p>O padr\u00e3o \u00e9 evidente: Portugal n\u00e3o depende diretamente, mas est\u00e1 inserido num sistema que depende de Ormuz para funcionar. Assim, a dist\u00e2ncia geogr\u00e1fica perde relevo face a uma interrup\u00e7\u00e3o.<\/p>\n<p>A resposta, portanto, n\u00e3o \u00e9 se Portugal depende do estreito, mas se pode escapar aos impactos. A an\u00e1lise aponta para uma vulnerabilidade sist\u00e9mica que n\u00e3o tem solu\u00e7\u00e3o simples.<\/p>\n","protected":false},"excerpt":{"rendered":"<ul>\n<li>O estreito de Ormuz \u00e9 a principal art\u00e9ria energ\u00e9tica mundial, ligando o Golfo P\u00e9rsico ao oceano aberto, com cerca de 20 milh\u00f5es de barris de crude por dia a atravessar o pelo, representando um quinto do petr\u00f3leo consumido globalmente.<\/li>\n<li>Um eventual encerramento afeta, em primeiro lugar, a \u00c1sia, principal destino, e imp\u00f5e efeitos de segunda ordem \u00e0 Europa: subida de pre\u00e7os e perturba\u00e7\u00f5es nas cadeias de abastecimento.<\/li>\n<li>Portugal tem depend\u00eancia indireta de Ormuz, baseada na liga\u00e7\u00e3o aos pre\u00e7os globais, expondo\u2011se a choques de oferta e volatilidade.<\/li>\n<li>O bloqueio reduz a oferta, aumenta o pre\u00e7o do crude e eleva custos de transporte, com impacto indireto em ind\u00fastria, agricultura e turismo.<\/li>\n<li>Para al\u00e9m da energia, Ormuz \u00e9 via cr\u00edtica para petroqu\u00edmicos, fertilizantes e mat\u00e9rias\u2011primas, cuja disrup\u00e7\u00e3o eleva pre\u00e7os de bens essenciais e compromete a competitividade externa; n\u00e3o \u00e9 poss\u00edvel escapar \u00e0s consequ\u00eancias.<\/li>\n<\/ul>\n","protected":false},"author":2,"featured_media":440097,"comment_status":"closed","ping_status":"closed","sticky":false,"template":"","format":"standard","meta":{"footnotes":""},"categories":[6814],"tags":[6115,7775,2026,174,4549,1014],"class_list":["post-440096","post","type-post","status-publish","format-standard","has-post-thumbnail","hentry","category-geopolitica","tag-_economia","tag-_energia","tag-cadeias-de-abastecimento","tag-energia","tag-energia-eletrica","tag-portugal"],"yoast_head":"<!-- This site is optimized with the Yoast SEO plugin v27.2 - https:\/\/yoast.com\/product\/yoast-seo-wordpress\/ -->\n<title>Guerra no Ir\u00e3o, Estreito de Ormuz e impactos na economia portuguesa - Portal Tela Portugal<\/title>\n<meta name=\"robots\" content=\"index, follow, max-snippet:-1, max-image-preview:large, max-video-preview:-1\" \/>\n<meta property=\"og:locale\" content=\"pt_PT\" \/>\n<meta property=\"og:type\" content=\"article\" \/>\n<meta property=\"og:title\" content=\"Guerra no Ir\u00e3o, Estreito de Ormuz e impactos na economia portuguesa - Portal Tela Portugal\" \/>\n<meta property=\"og:description\" content=\"O estreito de Ormuz \u00e9 a principal art\u00e9ria energ\u00e9tica mundial, ligando o Golfo P\u00e9rsico ao oceano aberto, com cerca de 20 milh\u00f5es de barris de crude por dia a atravessar o pelo, representando um quinto do petr\u00f3leo consumido globalmente. Um eventual encerramento afeta, em primeiro lugar, a \u00c1sia, principal destino, e imp\u00f5e efeitos de segunda ordem \u00e0 Europa: subida de pre\u00e7os e perturba\u00e7\u00f5es nas cadeias de abastecimento. Portugal tem depend\u00eancia indireta de Ormuz, baseada na liga\u00e7\u00e3o aos pre\u00e7os globais, expondo\u2011se a choques de oferta e volatilidade. O bloqueio reduz a oferta, aumenta o pre\u00e7o do crude e eleva custos de transporte, com impacto indireto em ind\u00fastria, agricultura e turismo. Para al\u00e9m da energia, Ormuz \u00e9 via cr\u00edtica para petroqu\u00edmicos, fertilizantes e mat\u00e9rias\u2011primas, cuja disrup\u00e7\u00e3o eleva pre\u00e7os de bens essenciais e compromete a competitividade externa; n\u00e3o \u00e9 poss\u00edvel escapar \u00e0s consequ\u00eancias.\" \/>\n<meta property=\"og:url\" content=\"https:\/\/portaltela.pt\/noticias\/2026\/04\/10\/guerra-no-irao-estreito-de-ormuz-e-impactos-na-economia-portuguesa\/\" \/>\n<meta property=\"og:site_name\" content=\"Portal Tela Portugal\" \/>\n<meta property=\"article:published_time\" content=\"2026-04-11T01:47:03+00:00\" \/>\n<meta name=\"author\" content=\"Telinha\" \/>\n<meta name=\"twitter:card\" content=\"summary_large_image\" \/>\n<meta name=\"twitter:label1\" content=\"Escrito por\" \/>\n\t<meta name=\"twitter:data1\" content=\"Telinha\" \/>\n\t<meta name=\"twitter:label2\" content=\"Tempo estimado de leitura\" \/>\n\t<meta name=\"twitter:data2\" content=\"2 minutos\" \/>\n<script type=\"application\/ld+json\" class=\"yoast-schema-graph\">{\"@context\":\"https:\/\/schema.org\",\"@graph\":[{\"@type\":\"Article\",\"@id\":\"https:\/\/portaltela.pt\/noticias\/2026\/04\/10\/guerra-no-irao-estreito-de-ormuz-e-impactos-na-economia-portuguesa\/#article\",\"isPartOf\":{\"@id\":\"https:\/\/portaltela.pt\/noticias\/2026\/04\/10\/guerra-no-irao-estreito-de-ormuz-e-impactos-na-economia-portuguesa\/\"},\"author\":{\"name\":\"Telinha\",\"@id\":\"https:\/\/portaltela.pt\/#\/schema\/person\/c4278d4a6028830caff9ee44b42d32ed\"},\"headline\":\"Guerra no Ir\u00e3o, Estreito de Ormuz e impactos na economia portuguesa\",\"datePublished\":\"2026-04-11T01:47:03+00:00\",\"mainEntityOfPage\":{\"@id\":\"https:\/\/portaltela.pt\/noticias\/2026\/04\/10\/guerra-no-irao-estreito-de-ormuz-e-impactos-na-economia-portuguesa\/\"},\"wordCount\":322,\"image\":{\"@id\":\"https:\/\/portaltela.pt\/noticias\/2026\/04\/10\/guerra-no-irao-estreito-de-ormuz-e-impactos-na-economia-portuguesa\/#primaryimage\"},\"thumbnailUrl\":\"https:\/\/portaltela.pt\/s.01k8rhncp4jt1\/2026\/04\/a0293cff-11ae-4eb7-b629-30a02f5b52e8_1200x675.jpg\",\"keywords\":[\"_economia\",\"_energia\",\"cadeias de abastecimento\",\"energia\",\"energia el\u00e9trica\",\"Portugal\"],\"articleSection\":[\"Geopol\u00edtica\"],\"inLanguage\":\"pt-PT\"},{\"@type\":\"WebPage\",\"@id\":\"https:\/\/portaltela.pt\/noticias\/2026\/04\/10\/guerra-no-irao-estreito-de-ormuz-e-impactos-na-economia-portuguesa\/\",\"url\":\"https:\/\/portaltela.pt\/noticias\/2026\/04\/10\/guerra-no-irao-estreito-de-ormuz-e-impactos-na-economia-portuguesa\/\",\"name\":\"Guerra no Ir\u00e3o, Estreito de Ormuz e impactos na economia portuguesa - Portal Tela Portugal\",\"isPartOf\":{\"@id\":\"https:\/\/portaltela.pt\/#website\"},\"primaryImageOfPage\":{\"@id\":\"https:\/\/portaltela.pt\/noticias\/2026\/04\/10\/guerra-no-irao-estreito-de-ormuz-e-impactos-na-economia-portuguesa\/#primaryimage\"},\"image\":{\"@id\":\"https:\/\/portaltela.pt\/noticias\/2026\/04\/10\/guerra-no-irao-estreito-de-ormuz-e-impactos-na-economia-portuguesa\/#primaryimage\"},\"thumbnailUrl\":\"https:\/\/portaltela.pt\/s.01k8rhncp4jt1\/2026\/04\/a0293cff-11ae-4eb7-b629-30a02f5b52e8_1200x675.jpg\",\"datePublished\":\"2026-04-11T01:47:03+00:00\",\"author\":{\"@id\":\"https:\/\/portaltela.pt\/#\/schema\/person\/c4278d4a6028830caff9ee44b42d32ed\"},\"breadcrumb\":{\"@id\":\"https:\/\/portaltela.pt\/noticias\/2026\/04\/10\/guerra-no-irao-estreito-de-ormuz-e-impactos-na-economia-portuguesa\/#breadcrumb\"},\"inLanguage\":\"pt-PT\",\"potentialAction\":[{\"@type\":\"ReadAction\",\"target\":[\"https:\/\/portaltela.pt\/noticias\/2026\/04\/10\/guerra-no-irao-estreito-de-ormuz-e-impactos-na-economia-portuguesa\/\"]}]},{\"@type\":\"ImageObject\",\"inLanguage\":\"pt-PT\",\"@id\":\"https:\/\/portaltela.pt\/noticias\/2026\/04\/10\/guerra-no-irao-estreito-de-ormuz-e-impactos-na-economia-portuguesa\/#primaryimage\",\"url\":\"https:\/\/portaltela.pt\/s.01k8rhncp4jt1\/2026\/04\/a0293cff-11ae-4eb7-b629-30a02f5b52e8_1200x675.jpg\",\"contentUrl\":\"https:\/\/portaltela.pt\/s.01k8rhncp4jt1\/2026\/04\/a0293cff-11ae-4eb7-b629-30a02f5b52e8_1200x675.jpg\",\"width\":796,\"height\":448,\"caption\":\"Photo\"},{\"@type\":\"BreadcrumbList\",\"@id\":\"https:\/\/portaltela.pt\/noticias\/2026\/04\/10\/guerra-no-irao-estreito-de-ormuz-e-impactos-na-economia-portuguesa\/#breadcrumb\",\"itemListElement\":[{\"@type\":\"ListItem\",\"position\":1,\"name\":\"In\u00edcio\",\"item\":\"https:\/\/portaltela.pt\/\"},{\"@type\":\"ListItem\",\"position\":2,\"name\":\"Guerra no Ir\u00e3o, Estreito de Ormuz e impactos na economia portuguesa\"}]},{\"@type\":\"WebSite\",\"@id\":\"https:\/\/portaltela.pt\/#website\",\"url\":\"https:\/\/portaltela.pt\/\",\"name\":\"Portal Tela Portugal\",\"description\":\"\",\"potentialAction\":[{\"@type\":\"SearchAction\",\"target\":{\"@type\":\"EntryPoint\",\"urlTemplate\":\"https:\/\/portaltela.pt\/?s={search_term_string}\"},\"query-input\":{\"@type\":\"PropertyValueSpecification\",\"valueRequired\":true,\"valueName\":\"search_term_string\"}}],\"inLanguage\":\"pt-PT\"},{\"@type\":\"Person\",\"@id\":\"https:\/\/portaltela.pt\/#\/schema\/person\/c4278d4a6028830caff9ee44b42d32ed\",\"name\":\"Telinha\",\"image\":{\"@type\":\"ImageObject\",\"inLanguage\":\"pt-PT\",\"@id\":\"https:\/\/portaltela.pt\/s.01k8rhncp4jt1\/2025\/11\/talking-bot-125x125.png\",\"url\":\"https:\/\/portaltela.pt\/s.01k8rhncp4jt1\/2025\/11\/talking-bot-125x125.png\",\"contentUrl\":\"https:\/\/portaltela.pt\/s.01k8rhncp4jt1\/2025\/11\/talking-bot-125x125.png\",\"caption\":\"Telinha\"},\"sameAs\":[\"https:\/\/portaltela.pt\/\"],\"url\":\"https:\/\/portaltela.pt\/por\/367410592786\/\"}]}<\/script>\n<!-- \/ Yoast SEO plugin. -->","yoast_head_json":{"title":"Guerra no Ir\u00e3o, Estreito de Ormuz e impactos na economia portuguesa - Portal Tela Portugal","robots":{"index":"index","follow":"follow","max-snippet":"max-snippet:-1","max-image-preview":"max-image-preview:large","max-video-preview":"max-video-preview:-1"},"og_locale":"pt_PT","og_type":"article","og_title":"Guerra no Ir\u00e3o, Estreito de Ormuz e impactos na economia portuguesa - Portal Tela Portugal","og_description":"O estreito de Ormuz \u00e9 a principal art\u00e9ria energ\u00e9tica mundial, ligando o Golfo P\u00e9rsico ao oceano aberto, com cerca de 20 milh\u00f5es de barris de crude por dia a atravessar o pelo, representando um quinto do petr\u00f3leo consumido globalmente. Um eventual encerramento afeta, em primeiro lugar, a \u00c1sia, principal destino, e imp\u00f5e efeitos de segunda ordem \u00e0 Europa: subida de pre\u00e7os e perturba\u00e7\u00f5es nas cadeias de abastecimento. Portugal tem depend\u00eancia indireta de Ormuz, baseada na liga\u00e7\u00e3o aos pre\u00e7os globais, expondo\u2011se a choques de oferta e volatilidade. O bloqueio reduz a oferta, aumenta o pre\u00e7o do crude e eleva custos de transporte, com impacto indireto em ind\u00fastria, agricultura e turismo. Para al\u00e9m da energia, Ormuz \u00e9 via cr\u00edtica para petroqu\u00edmicos, fertilizantes e mat\u00e9rias\u2011primas, cuja disrup\u00e7\u00e3o eleva pre\u00e7os de bens essenciais e compromete a competitividade externa; n\u00e3o \u00e9 poss\u00edvel escapar \u00e0s consequ\u00eancias.","og_url":"https:\/\/portaltela.pt\/noticias\/2026\/04\/10\/guerra-no-irao-estreito-de-ormuz-e-impactos-na-economia-portuguesa\/","og_site_name":"Portal Tela Portugal","article_published_time":"2026-04-11T01:47:03+00:00","author":"Telinha","twitter_card":"summary_large_image","twitter_misc":{"Escrito por":"Telinha","Tempo estimado de leitura":"2 minutos"},"schema":{"@context":"https:\/\/schema.org","@graph":[{"@type":"Article","@id":"https:\/\/portaltela.pt\/noticias\/2026\/04\/10\/guerra-no-irao-estreito-de-ormuz-e-impactos-na-economia-portuguesa\/#article","isPartOf":{"@id":"https:\/\/portaltela.pt\/noticias\/2026\/04\/10\/guerra-no-irao-estreito-de-ormuz-e-impactos-na-economia-portuguesa\/"},"author":{"name":"Telinha","@id":"https:\/\/portaltela.pt\/#\/schema\/person\/c4278d4a6028830caff9ee44b42d32ed"},"headline":"Guerra no Ir\u00e3o, Estreito de Ormuz e impactos na economia portuguesa","datePublished":"2026-04-11T01:47:03+00:00","mainEntityOfPage":{"@id":"https:\/\/portaltela.pt\/noticias\/2026\/04\/10\/guerra-no-irao-estreito-de-ormuz-e-impactos-na-economia-portuguesa\/"},"wordCount":322,"image":{"@id":"https:\/\/portaltela.pt\/noticias\/2026\/04\/10\/guerra-no-irao-estreito-de-ormuz-e-impactos-na-economia-portuguesa\/#primaryimage"},"thumbnailUrl":"https:\/\/portaltela.pt\/s.01k8rhncp4jt1\/2026\/04\/a0293cff-11ae-4eb7-b629-30a02f5b52e8_1200x675.jpg","keywords":["_economia","_energia","cadeias de abastecimento","energia","energia el\u00e9trica","Portugal"],"articleSection":["Geopol\u00edtica"],"inLanguage":"pt-PT"},{"@type":"WebPage","@id":"https:\/\/portaltela.pt\/noticias\/2026\/04\/10\/guerra-no-irao-estreito-de-ormuz-e-impactos-na-economia-portuguesa\/","url":"https:\/\/portaltela.pt\/noticias\/2026\/04\/10\/guerra-no-irao-estreito-de-ormuz-e-impactos-na-economia-portuguesa\/","name":"Guerra no Ir\u00e3o, Estreito de Ormuz e impactos na economia portuguesa - Portal Tela Portugal","isPartOf":{"@id":"https:\/\/portaltela.pt\/#website"},"primaryImageOfPage":{"@id":"https:\/\/portaltela.pt\/noticias\/2026\/04\/10\/guerra-no-irao-estreito-de-ormuz-e-impactos-na-economia-portuguesa\/#primaryimage"},"image":{"@id":"https:\/\/portaltela.pt\/noticias\/2026\/04\/10\/guerra-no-irao-estreito-de-ormuz-e-impactos-na-economia-portuguesa\/#primaryimage"},"thumbnailUrl":"https:\/\/portaltela.pt\/s.01k8rhncp4jt1\/2026\/04\/a0293cff-11ae-4eb7-b629-30a02f5b52e8_1200x675.jpg","datePublished":"2026-04-11T01:47:03+00:00","author":{"@id":"https:\/\/portaltela.pt\/#\/schema\/person\/c4278d4a6028830caff9ee44b42d32ed"},"breadcrumb":{"@id":"https:\/\/portaltela.pt\/noticias\/2026\/04\/10\/guerra-no-irao-estreito-de-ormuz-e-impactos-na-economia-portuguesa\/#breadcrumb"},"inLanguage":"pt-PT","potentialAction":[{"@type":"ReadAction","target":["https:\/\/portaltela.pt\/noticias\/2026\/04\/10\/guerra-no-irao-estreito-de-ormuz-e-impactos-na-economia-portuguesa\/"]}]},{"@type":"ImageObject","inLanguage":"pt-PT","@id":"https:\/\/portaltela.pt\/noticias\/2026\/04\/10\/guerra-no-irao-estreito-de-ormuz-e-impactos-na-economia-portuguesa\/#primaryimage","url":"https:\/\/portaltela.pt\/s.01k8rhncp4jt1\/2026\/04\/a0293cff-11ae-4eb7-b629-30a02f5b52e8_1200x675.jpg","contentUrl":"https:\/\/portaltela.pt\/s.01k8rhncp4jt1\/2026\/04\/a0293cff-11ae-4eb7-b629-30a02f5b52e8_1200x675.jpg","width":796,"height":448,"caption":"Photo"},{"@type":"BreadcrumbList","@id":"https:\/\/portaltela.pt\/noticias\/2026\/04\/10\/guerra-no-irao-estreito-de-ormuz-e-impactos-na-economia-portuguesa\/#breadcrumb","itemListElement":[{"@type":"ListItem","position":1,"name":"In\u00edcio","item":"https:\/\/portaltela.pt\/"},{"@type":"ListItem","position":2,"name":"Guerra no Ir\u00e3o, Estreito de Ormuz e impactos na economia portuguesa"}]},{"@type":"WebSite","@id":"https:\/\/portaltela.pt\/#website","url":"https:\/\/portaltela.pt\/","name":"Portal Tela Portugal","description":"","potentialAction":[{"@type":"SearchAction","target":{"@type":"EntryPoint","urlTemplate":"https:\/\/portaltela.pt\/?s={search_term_string}"},"query-input":{"@type":"PropertyValueSpecification","valueRequired":true,"valueName":"search_term_string"}}],"inLanguage":"pt-PT"},{"@type":"Person","@id":"https:\/\/portaltela.pt\/#\/schema\/person\/c4278d4a6028830caff9ee44b42d32ed","name":"Telinha","image":{"@type":"ImageObject","inLanguage":"pt-PT","@id":"https:\/\/portaltela.pt\/s.01k8rhncp4jt1\/2025\/11\/talking-bot-125x125.png","url":"https:\/\/portaltela.pt\/s.01k8rhncp4jt1\/2025\/11\/talking-bot-125x125.png","contentUrl":"https:\/\/portaltela.pt\/s.01k8rhncp4jt1\/2025\/11\/talking-bot-125x125.png","caption":"Telinha"},"sameAs":["https:\/\/portaltela.pt\/"],"url":"https:\/\/portaltela.pt\/por\/367410592786\/"}]}},"_links":{"self":[{"href":"https:\/\/portaltela.pt\/api\/wp\/v2\/posts\/440096","targetHints":{"allow":["GET"]}}],"collection":[{"href":"https:\/\/portaltela.pt\/api\/wp\/v2\/posts"}],"about":[{"href":"https:\/\/portaltela.pt\/api\/wp\/v2\/types\/post"}],"author":[{"embeddable":true,"href":"https:\/\/portaltela.pt\/api\/wp\/v2\/users\/2"}],"replies":[{"embeddable":true,"href":"https:\/\/portaltela.pt\/api\/wp\/v2\/comments?post=440096"}],"version-history":[{"count":0,"href":"https:\/\/portaltela.pt\/api\/wp\/v2\/posts\/440096\/revisions"}],"wp:featuredmedia":[{"embeddable":true,"href":"https:\/\/portaltela.pt\/api\/wp\/v2\/media\/440097"}],"wp:attachment":[{"href":"https:\/\/portaltela.pt\/api\/wp\/v2\/media?parent=440096"}],"wp:term":[{"taxonomy":"category","embeddable":true,"href":"https:\/\/portaltela.pt\/api\/wp\/v2\/categories?post=440096"},{"taxonomy":"post_tag","embeddable":true,"href":"https:\/\/portaltela.pt\/api\/wp\/v2\/tags?post=440096"}],"curies":[{"name":"wp","href":"https:\/\/api.w.org\/{rel}","templated":true}]}}