{"id":440052,"date":"2026-04-10T19:47:24","date_gmt":"2026-04-10T22:47:24","guid":{"rendered":"https:\/\/portaltela.pt\/noticias\/2026\/04\/10\/manteigas-apresenta-participacao-disciplinar-na-fpf-contra-villas-boas\/"},"modified":"2026-04-10T19:47:24","modified_gmt":"2026-04-10T22:47:24","slug":"manteigas-apresenta-participacao-disciplinar-na-fpf-contra-villas-boas","status":"publish","type":"post","link":"https:\/\/portaltela.pt\/desporto\/futebol\/2026\/04\/10\/manteigas-apresenta-participacao-disciplinar-na-fpf-contra-villas-boas\/","title":{"rendered":"Manteigas apresenta participa\u00e7\u00e3o disciplinar na FPF contra Villas-Boas"},"content":{"rendered":"<p>Jo\u00e3o Diogo Manteigas apresentou uma participa\u00e7\u00e3o disciplinar junto da Federa\u00e7\u00e3o Portuguesa de Futebol contra Andr\u00e9 Villas-Boas, por declara\u00e7\u00f5es proferidas na \u00faltima edi\u00e7\u00e3o da revista Drag\u00f5es. A queixa envolve o presidente do FC Porto e o contexto mudou o foco para potencial infra\u00e7\u00e3o disciplinar.<\/p>\n<p>A a\u00e7\u00e3o foi movida pelo s\u00f3cio e candidato \u00e0 presid\u00eancia do Benfica, que se mostrou desagradado com o que considerou ofensas dirigidas ao clube. A den\u00fancia aponta para conte\u00fado ofensivo que pode justificar um inqu\u00e9rito disciplinar.<\/p>\n<p>No texto referenciado, Villas-Boas menciona Paulo Gon\u00e7alves, antigo assessor jur\u00eddico do Benfica, numa cr\u00edtica relacionada com o caso dos emails entre clubes. A publica\u00e7\u00e3o tamb\u00e9m cita alegadas pr\u00e1ticas religiosas descritas como controversas.<\/p>\n<p>Segundo o que foi divulgado, o FC Porto expressou desejo de que a justi\u00e7a investigue a veracidade dos factos apresentados, alinhando-se com a gravidade dos conte\u00fados. O objetivo \u00e9 esclarecer o que ocorreu naquelas afirma\u00e7\u00f5es p\u00fablicas.<\/p>\n","protected":false},"excerpt":{"rendered":"<ul>\n<li>Jo\u00e3o Diogo Manteigas apresentou participa\u00e7\u00e3o disciplinar na Federa\u00e7\u00e3o Portuguesa de Futebol contra o presidente do FC Porto, Andr\u00e9 Villas-Boas.<\/li>\n<li>A queixa resulta de declara\u00e7\u00f5es de Villas-Boas na \u00faltima edi\u00e7\u00e3o da revista Drag\u00f5es.<\/li>\n<li>O Benfica pediu ao Conselho de Disciplina da FPF para sancionar o FC Porto por alegadamente divulgar conte\u00fados de pr\u00e1ticas religiosas controversas.<\/li>\n<li>No editorial, Villas-Boas refere-se a Paulo Gon\u00e7alves, antigo assessor jur\u00eddico do Benfica, em contexto de alegadas mensagens associadas ao caso dos emails.<\/li>\n<li>O FC Porto fica sujeito a um inqu\u00e9rito disciplinar.<\/li>\n<\/ul>\n","protected":false},"author":2,"featured_media":440053,"comment_status":"closed","ping_status":"closed","sticky":false,"template":"","format":"standard","meta":{"footnotes":""},"categories":[21,24],"tags":[2456,1946,2028,2705,32,7876],"class_list":["post-440052","post","type-post","status-publish","format-standard","has-post-thumbnail","hentry","category-desporto","category-futebol","tag-andre-villas-boas","tag-benfica","tag-fc-porto","tag-federacao-portuguesa-de-futebol","tag-futebol","tag-paulo-goncalves"],"yoast_head":"<!-- This site is optimized with the Yoast SEO plugin v27.2 - https:\/\/yoast.com\/product\/yoast-seo-wordpress\/ -->\n<title>Manteigas apresenta participa\u00e7\u00e3o disciplinar na FPF contra Villas-Boas - Portal Tela Portugal<\/title>\n<meta name=\"robots\" content=\"index, follow, max-snippet:-1, max-image-preview:large, max-video-preview:-1\" \/>\n<meta property=\"og:locale\" content=\"pt_PT\" \/>\n<meta property=\"og:type\" content=\"article\" \/>\n<meta property=\"og:title\" content=\"Manteigas apresenta participa\u00e7\u00e3o disciplinar na FPF contra Villas-Boas - Portal Tela Portugal\" \/>\n<meta property=\"og:description\" content=\"Jo\u00e3o Diogo Manteigas apresentou participa\u00e7\u00e3o disciplinar na Federa\u00e7\u00e3o Portuguesa de Futebol contra o presidente do FC Porto, Andr\u00e9 Villas-Boas. A queixa resulta de declara\u00e7\u00f5es de Villas-Boas na \u00faltima edi\u00e7\u00e3o da revista Drag\u00f5es. O Benfica pediu ao Conselho de Disciplina da FPF para sancionar o FC Porto por alegadamente divulgar conte\u00fados de pr\u00e1ticas religiosas controversas. No editorial, Villas-Boas refere-se a Paulo Gon\u00e7alves, antigo assessor jur\u00eddico do Benfica, em contexto de alegadas mensagens associadas ao caso dos emails. O FC Porto fica sujeito a um inqu\u00e9rito disciplinar.\" \/>\n<meta property=\"og:url\" content=\"https:\/\/portaltela.pt\/noticias\/2026\/04\/10\/manteigas-apresenta-participacao-disciplinar-na-fpf-contra-villas-boas\/\" \/>\n<meta property=\"og:site_name\" content=\"Portal Tela Portugal\" \/>\n<meta property=\"article:published_time\" content=\"2026-04-10T22:47:24+00:00\" \/>\n<meta name=\"author\" content=\"Telinha\" \/>\n<meta name=\"twitter:card\" content=\"summary_large_image\" \/>\n<meta name=\"twitter:label1\" content=\"Escrito por\" \/>\n\t<meta name=\"twitter:data1\" content=\"Telinha\" \/>\n\t<meta name=\"twitter:label2\" content=\"Tempo estimado de leitura\" \/>\n\t<meta name=\"twitter:data2\" content=\"1 minuto\" \/>\n<script type=\"application\/ld+json\" class=\"yoast-schema-graph\">{\"@context\":\"https:\/\/schema.org\",\"@graph\":[{\"@type\":\"Article\",\"@id\":\"https:\/\/portaltela.pt\/noticias\/2026\/04\/10\/manteigas-apresenta-participacao-disciplinar-na-fpf-contra-villas-boas\/#article\",\"isPartOf\":{\"@id\":\"https:\/\/portaltela.pt\/noticias\/2026\/04\/10\/manteigas-apresenta-participacao-disciplinar-na-fpf-contra-villas-boas\/\"},\"author\":{\"name\":\"Telinha\",\"@id\":\"https:\/\/portaltela.pt\/#\/schema\/person\/c4278d4a6028830caff9ee44b42d32ed\"},\"headline\":\"Manteigas apresenta participa\u00e7\u00e3o disciplinar na FPF contra Villas-Boas\",\"datePublished\":\"2026-04-10T22:47:24+00:00\",\"mainEntityOfPage\":{\"@id\":\"https:\/\/portaltela.pt\/noticias\/2026\/04\/10\/manteigas-apresenta-participacao-disciplinar-na-fpf-contra-villas-boas\/\"},\"wordCount\":177,\"image\":{\"@id\":\"https:\/\/portaltela.pt\/noticias\/2026\/04\/10\/manteigas-apresenta-participacao-disciplinar-na-fpf-contra-villas-boas\/#primaryimage\"},\"thumbnailUrl\":\"https:\/\/portaltela.pt\/s.01k8rhncp4jt1\/2026\/04\/img_920x518uu2025-10-15-08-28-59-2396304.jpg\",\"keywords\":[\"Andr\u00e9 Villas-Boas\",\"Benfica\",\"FC Porto\",\"Federa\u00e7\u00e3o Portuguesa de Futebol\",\"futebol\",\"Paulo Gon\u00e7alves\"],\"articleSection\":[\"Desporto\",\"Futebol\"],\"inLanguage\":\"pt-PT\"},{\"@type\":\"WebPage\",\"@id\":\"https:\/\/portaltela.pt\/noticias\/2026\/04\/10\/manteigas-apresenta-participacao-disciplinar-na-fpf-contra-villas-boas\/\",\"url\":\"https:\/\/portaltela.pt\/noticias\/2026\/04\/10\/manteigas-apresenta-participacao-disciplinar-na-fpf-contra-villas-boas\/\",\"name\":\"Manteigas apresenta participa\u00e7\u00e3o disciplinar na FPF contra Villas-Boas - Portal Tela Portugal\",\"isPartOf\":{\"@id\":\"https:\/\/portaltela.pt\/#website\"},\"primaryImageOfPage\":{\"@id\":\"https:\/\/portaltela.pt\/noticias\/2026\/04\/10\/manteigas-apresenta-participacao-disciplinar-na-fpf-contra-villas-boas\/#primaryimage\"},\"image\":{\"@id\":\"https:\/\/portaltela.pt\/noticias\/2026\/04\/10\/manteigas-apresenta-participacao-disciplinar-na-fpf-contra-villas-boas\/#primaryimage\"},\"thumbnailUrl\":\"https:\/\/portaltela.pt\/s.01k8rhncp4jt1\/2026\/04\/img_920x518uu2025-10-15-08-28-59-2396304.jpg\",\"datePublished\":\"2026-04-10T22:47:24+00:00\",\"author\":{\"@id\":\"https:\/\/portaltela.pt\/#\/schema\/person\/c4278d4a6028830caff9ee44b42d32ed\"},\"breadcrumb\":{\"@id\":\"https:\/\/portaltela.pt\/noticias\/2026\/04\/10\/manteigas-apresenta-participacao-disciplinar-na-fpf-contra-villas-boas\/#breadcrumb\"},\"inLanguage\":\"pt-PT\",\"potentialAction\":[{\"@type\":\"ReadAction\",\"target\":[\"https:\/\/portaltela.pt\/noticias\/2026\/04\/10\/manteigas-apresenta-participacao-disciplinar-na-fpf-contra-villas-boas\/\"]}]},{\"@type\":\"ImageObject\",\"inLanguage\":\"pt-PT\",\"@id\":\"https:\/\/portaltela.pt\/noticias\/2026\/04\/10\/manteigas-apresenta-participacao-disciplinar-na-fpf-contra-villas-boas\/#primaryimage\",\"url\":\"https:\/\/portaltela.pt\/s.01k8rhncp4jt1\/2026\/04\/img_920x518uu2025-10-15-08-28-59-2396304.jpg\",\"contentUrl\":\"https:\/\/portaltela.pt\/s.01k8rhncp4jt1\/2026\/04\/img_920x518uu2025-10-15-08-28-59-2396304.jpg\",\"width\":796,\"height\":448,\"caption\":\"Jo\u00e3o Diogo Manteigas, candidato \u00e0s elei\u00e7\u00f5es do Benfica\"},{\"@type\":\"BreadcrumbList\",\"@id\":\"https:\/\/portaltela.pt\/noticias\/2026\/04\/10\/manteigas-apresenta-participacao-disciplinar-na-fpf-contra-villas-boas\/#breadcrumb\",\"itemListElement\":[{\"@type\":\"ListItem\",\"position\":1,\"name\":\"In\u00edcio\",\"item\":\"https:\/\/portaltela.pt\/\"},{\"@type\":\"ListItem\",\"position\":2,\"name\":\"Manteigas apresenta participa\u00e7\u00e3o disciplinar na FPF contra Villas-Boas\"}]},{\"@type\":\"WebSite\",\"@id\":\"https:\/\/portaltela.pt\/#website\",\"url\":\"https:\/\/portaltela.pt\/\",\"name\":\"Portal Tela Portugal\",\"description\":\"\",\"potentialAction\":[{\"@type\":\"SearchAction\",\"target\":{\"@type\":\"EntryPoint\",\"urlTemplate\":\"https:\/\/portaltela.pt\/?s={search_term_string}\"},\"query-input\":{\"@type\":\"PropertyValueSpecification\",\"valueRequired\":true,\"valueName\":\"search_term_string\"}}],\"inLanguage\":\"pt-PT\"},{\"@type\":\"Person\",\"@id\":\"https:\/\/portaltela.pt\/#\/schema\/person\/c4278d4a6028830caff9ee44b42d32ed\",\"name\":\"Telinha\",\"image\":{\"@type\":\"ImageObject\",\"inLanguage\":\"pt-PT\",\"@id\":\"https:\/\/portaltela.pt\/s.01k8rhncp4jt1\/2025\/11\/talking-bot-125x125.png\",\"url\":\"https:\/\/portaltela.pt\/s.01k8rhncp4jt1\/2025\/11\/talking-bot-125x125.png\",\"contentUrl\":\"https:\/\/portaltela.pt\/s.01k8rhncp4jt1\/2025\/11\/talking-bot-125x125.png\",\"caption\":\"Telinha\"},\"sameAs\":[\"https:\/\/portaltela.pt\/\"],\"url\":\"https:\/\/portaltela.pt\/por\/367410592786\/\"}]}<\/script>\n<!-- \/ Yoast SEO plugin. -->","yoast_head_json":{"title":"Manteigas apresenta participa\u00e7\u00e3o disciplinar na FPF contra Villas-Boas - Portal Tela Portugal","robots":{"index":"index","follow":"follow","max-snippet":"max-snippet:-1","max-image-preview":"max-image-preview:large","max-video-preview":"max-video-preview:-1"},"og_locale":"pt_PT","og_type":"article","og_title":"Manteigas apresenta participa\u00e7\u00e3o disciplinar na FPF contra Villas-Boas - Portal Tela Portugal","og_description":"Jo\u00e3o Diogo Manteigas apresentou participa\u00e7\u00e3o disciplinar na Federa\u00e7\u00e3o Portuguesa de Futebol contra o presidente do FC Porto, Andr\u00e9 Villas-Boas. A queixa resulta de declara\u00e7\u00f5es de Villas-Boas na \u00faltima edi\u00e7\u00e3o da revista Drag\u00f5es. O Benfica pediu ao Conselho de Disciplina da FPF para sancionar o FC Porto por alegadamente divulgar conte\u00fados de pr\u00e1ticas religiosas controversas. No editorial, Villas-Boas refere-se a Paulo Gon\u00e7alves, antigo assessor jur\u00eddico do Benfica, em contexto de alegadas mensagens associadas ao caso dos emails. O FC Porto fica sujeito a um inqu\u00e9rito disciplinar.","og_url":"https:\/\/portaltela.pt\/noticias\/2026\/04\/10\/manteigas-apresenta-participacao-disciplinar-na-fpf-contra-villas-boas\/","og_site_name":"Portal Tela Portugal","article_published_time":"2026-04-10T22:47:24+00:00","author":"Telinha","twitter_card":"summary_large_image","twitter_misc":{"Escrito por":"Telinha","Tempo estimado de leitura":"1 minuto"},"schema":{"@context":"https:\/\/schema.org","@graph":[{"@type":"Article","@id":"https:\/\/portaltela.pt\/noticias\/2026\/04\/10\/manteigas-apresenta-participacao-disciplinar-na-fpf-contra-villas-boas\/#article","isPartOf":{"@id":"https:\/\/portaltela.pt\/noticias\/2026\/04\/10\/manteigas-apresenta-participacao-disciplinar-na-fpf-contra-villas-boas\/"},"author":{"name":"Telinha","@id":"https:\/\/portaltela.pt\/#\/schema\/person\/c4278d4a6028830caff9ee44b42d32ed"},"headline":"Manteigas apresenta participa\u00e7\u00e3o disciplinar na FPF contra Villas-Boas","datePublished":"2026-04-10T22:47:24+00:00","mainEntityOfPage":{"@id":"https:\/\/portaltela.pt\/noticias\/2026\/04\/10\/manteigas-apresenta-participacao-disciplinar-na-fpf-contra-villas-boas\/"},"wordCount":177,"image":{"@id":"https:\/\/portaltela.pt\/noticias\/2026\/04\/10\/manteigas-apresenta-participacao-disciplinar-na-fpf-contra-villas-boas\/#primaryimage"},"thumbnailUrl":"https:\/\/portaltela.pt\/s.01k8rhncp4jt1\/2026\/04\/img_920x518uu2025-10-15-08-28-59-2396304.jpg","keywords":["Andr\u00e9 Villas-Boas","Benfica","FC Porto","Federa\u00e7\u00e3o Portuguesa de Futebol","futebol","Paulo Gon\u00e7alves"],"articleSection":["Desporto","Futebol"],"inLanguage":"pt-PT"},{"@type":"WebPage","@id":"https:\/\/portaltela.pt\/noticias\/2026\/04\/10\/manteigas-apresenta-participacao-disciplinar-na-fpf-contra-villas-boas\/","url":"https:\/\/portaltela.pt\/noticias\/2026\/04\/10\/manteigas-apresenta-participacao-disciplinar-na-fpf-contra-villas-boas\/","name":"Manteigas apresenta participa\u00e7\u00e3o disciplinar na FPF contra Villas-Boas - Portal Tela Portugal","isPartOf":{"@id":"https:\/\/portaltela.pt\/#website"},"primaryImageOfPage":{"@id":"https:\/\/portaltela.pt\/noticias\/2026\/04\/10\/manteigas-apresenta-participacao-disciplinar-na-fpf-contra-villas-boas\/#primaryimage"},"image":{"@id":"https:\/\/portaltela.pt\/noticias\/2026\/04\/10\/manteigas-apresenta-participacao-disciplinar-na-fpf-contra-villas-boas\/#primaryimage"},"thumbnailUrl":"https:\/\/portaltela.pt\/s.01k8rhncp4jt1\/2026\/04\/img_920x518uu2025-10-15-08-28-59-2396304.jpg","datePublished":"2026-04-10T22:47:24+00:00","author":{"@id":"https:\/\/portaltela.pt\/#\/schema\/person\/c4278d4a6028830caff9ee44b42d32ed"},"breadcrumb":{"@id":"https:\/\/portaltela.pt\/noticias\/2026\/04\/10\/manteigas-apresenta-participacao-disciplinar-na-fpf-contra-villas-boas\/#breadcrumb"},"inLanguage":"pt-PT","potentialAction":[{"@type":"ReadAction","target":["https:\/\/portaltela.pt\/noticias\/2026\/04\/10\/manteigas-apresenta-participacao-disciplinar-na-fpf-contra-villas-boas\/"]}]},{"@type":"ImageObject","inLanguage":"pt-PT","@id":"https:\/\/portaltela.pt\/noticias\/2026\/04\/10\/manteigas-apresenta-participacao-disciplinar-na-fpf-contra-villas-boas\/#primaryimage","url":"https:\/\/portaltela.pt\/s.01k8rhncp4jt1\/2026\/04\/img_920x518uu2025-10-15-08-28-59-2396304.jpg","contentUrl":"https:\/\/portaltela.pt\/s.01k8rhncp4jt1\/2026\/04\/img_920x518uu2025-10-15-08-28-59-2396304.jpg","width":796,"height":448,"caption":"Jo\u00e3o Diogo Manteigas, candidato \u00e0s elei\u00e7\u00f5es do Benfica"},{"@type":"BreadcrumbList","@id":"https:\/\/portaltela.pt\/noticias\/2026\/04\/10\/manteigas-apresenta-participacao-disciplinar-na-fpf-contra-villas-boas\/#breadcrumb","itemListElement":[{"@type":"ListItem","position":1,"name":"In\u00edcio","item":"https:\/\/portaltela.pt\/"},{"@type":"ListItem","position":2,"name":"Manteigas apresenta participa\u00e7\u00e3o disciplinar na FPF contra Villas-Boas"}]},{"@type":"WebSite","@id":"https:\/\/portaltela.pt\/#website","url":"https:\/\/portaltela.pt\/","name":"Portal Tela Portugal","description":"","potentialAction":[{"@type":"SearchAction","target":{"@type":"EntryPoint","urlTemplate":"https:\/\/portaltela.pt\/?s={search_term_string}"},"query-input":{"@type":"PropertyValueSpecification","valueRequired":true,"valueName":"search_term_string"}}],"inLanguage":"pt-PT"},{"@type":"Person","@id":"https:\/\/portaltela.pt\/#\/schema\/person\/c4278d4a6028830caff9ee44b42d32ed","name":"Telinha","image":{"@type":"ImageObject","inLanguage":"pt-PT","@id":"https:\/\/portaltela.pt\/s.01k8rhncp4jt1\/2025\/11\/talking-bot-125x125.png","url":"https:\/\/portaltela.pt\/s.01k8rhncp4jt1\/2025\/11\/talking-bot-125x125.png","contentUrl":"https:\/\/portaltela.pt\/s.01k8rhncp4jt1\/2025\/11\/talking-bot-125x125.png","caption":"Telinha"},"sameAs":["https:\/\/portaltela.pt\/"],"url":"https:\/\/portaltela.pt\/por\/367410592786\/"}]}},"_links":{"self":[{"href":"https:\/\/portaltela.pt\/api\/wp\/v2\/posts\/440052","targetHints":{"allow":["GET"]}}],"collection":[{"href":"https:\/\/portaltela.pt\/api\/wp\/v2\/posts"}],"about":[{"href":"https:\/\/portaltela.pt\/api\/wp\/v2\/types\/post"}],"author":[{"embeddable":true,"href":"https:\/\/portaltela.pt\/api\/wp\/v2\/users\/2"}],"replies":[{"embeddable":true,"href":"https:\/\/portaltela.pt\/api\/wp\/v2\/comments?post=440052"}],"version-history":[{"count":0,"href":"https:\/\/portaltela.pt\/api\/wp\/v2\/posts\/440052\/revisions"}],"wp:featuredmedia":[{"embeddable":true,"href":"https:\/\/portaltela.pt\/api\/wp\/v2\/media\/440053"}],"wp:attachment":[{"href":"https:\/\/portaltela.pt\/api\/wp\/v2\/media?parent=440052"}],"wp:term":[{"taxonomy":"category","embeddable":true,"href":"https:\/\/portaltela.pt\/api\/wp\/v2\/categories?post=440052"},{"taxonomy":"post_tag","embeddable":true,"href":"https:\/\/portaltela.pt\/api\/wp\/v2\/tags?post=440052"}],"curies":[{"name":"wp","href":"https:\/\/api.w.org\/{rel}","templated":true}]}}