{"id":440049,"date":"2026-04-10T19:32:31","date_gmt":"2026-04-10T22:32:31","guid":{"rendered":"https:\/\/portaltela.pt\/noticias\/2026\/04\/10\/villas-boas-deixa-mensagem-no-video-de-despedida-de-fernando\/"},"modified":"2026-04-10T19:32:31","modified_gmt":"2026-04-10T22:32:31","slug":"villas-boas-deixa-mensagem-no-video-de-despedida-de-fernando","status":"publish","type":"post","link":"https:\/\/portaltela.pt\/desporto\/futebol\/2026\/04\/10\/villas-boas-deixa-mensagem-no-video-de-despedida-de-fernando\/","title":{"rendered":"Villas-Boas deixa mensagem no v\u00eddeo de despedida de Fernando"},"content":{"rendered":"<p>Fernando anunciou na sexta-feira a sua retirada dos relvados. A not\u00edcia chegou via redes sociais e foi comprovada por um v\u00eddeo partilhado pela ESPN Brasil, com mensagens de v\u00e1rias personalidades que cruzaram o seu percurso.<\/p>\n<p>No v\u00eddeo, \u00e9 poss\u00edvel reconhecer a voz de Andr\u00e9 Villas-Boas, presidente do FC Porto, que dirigiu uma mensagem ao antigo m\u00e9dio. Uma outra voz portuguesa tamb\u00e9m surge, sem que se tenha confirmado a identidade.<\/p>\n<p>A grava\u00e7\u00e3o re\u00fane homenagens de figuras do futebol que jogaram com Fernando ao longo da carreira, registando o momento de despedida do jogador, que ficou marcado pela alcunha de Polvo.<\/p>\n<p>O conte\u00fado foi divulgado nas redes sociais da ESPN Brasil, sem detalhar o local das mensagens, apenas indicando que se trata de votos de reconhecimento ao jogador que se afasta.<\/p>\n<p>A nota transmitida no v\u00eddeo refor\u00e7a o car\u00e1ter emocional da despedida e o impacto que Fernando teve junto de colegas, clubes e f\u00e3s ao longo dos anos.<\/p>\n","protected":false},"excerpt":{"rendered":"<ul>\n<li>Fernando anunciou nesta sexta-feira a sua retirada dos relvados.<\/li>\n<li>A ESPN Brasil partilhou um v\u00eddeo com mensagens de v\u00e1rias personalidades que acompanharam a carreira do jogador.<\/li>\n<li>No v\u00eddeo \u00e9 poss\u00edvel reconhecer a voz de Andr\u00e9 Villas-Boas.<\/li>\n<li>H\u00e1 outro portugu\u00eas que tamb\u00e9m fala, mas ainda n\u00e3o foi identificada pela produ\u00e7\u00e3o.<\/li>\n<li>O v\u00eddeo inclui uma mensagem do presidente do FC Porto dirigida ao agora ex-m\u00e9dio.<\/li>\n<\/ul>\n","protected":false},"author":2,"featured_media":440051,"comment_status":"closed","ping_status":"closed","sticky":false,"template":"","format":"standard","meta":{"footnotes":""},"categories":[21,24],"tags":[2456,152,2028,32,242,982],"class_list":["post-440049","post","type-post","status-publish","format-standard","has-post-thumbnail","hentry","category-desporto","category-futebol","tag-andre-villas-boas","tag-desporto","tag-fc-porto","tag-futebol","tag-jogadores","tag-porto"],"yoast_head":"<!-- This site is optimized with the Yoast SEO plugin v27.2 - https:\/\/yoast.com\/product\/yoast-seo-wordpress\/ -->\n<title>Villas-Boas deixa mensagem no v\u00eddeo de despedida de Fernando - Portal Tela Portugal<\/title>\n<meta name=\"robots\" content=\"index, follow, max-snippet:-1, max-image-preview:large, max-video-preview:-1\" \/>\n<meta property=\"og:locale\" content=\"pt_PT\" \/>\n<meta property=\"og:type\" content=\"article\" \/>\n<meta property=\"og:title\" content=\"Villas-Boas deixa mensagem no v\u00eddeo de despedida de Fernando - Portal Tela Portugal\" \/>\n<meta property=\"og:description\" content=\"Fernando anunciou nesta sexta-feira a sua retirada dos relvados. A ESPN Brasil partilhou um v\u00eddeo com mensagens de v\u00e1rias personalidades que acompanharam a carreira do jogador. No v\u00eddeo \u00e9 poss\u00edvel reconhecer a voz de Andr\u00e9 Villas-Boas. H\u00e1 outro portugu\u00eas que tamb\u00e9m fala, mas ainda n\u00e3o foi identificada pela produ\u00e7\u00e3o. O v\u00eddeo inclui uma mensagem do presidente do FC Porto dirigida ao agora ex-m\u00e9dio.\" \/>\n<meta property=\"og:url\" content=\"https:\/\/portaltela.pt\/noticias\/2026\/04\/10\/villas-boas-deixa-mensagem-no-video-de-despedida-de-fernando\/\" \/>\n<meta property=\"og:site_name\" content=\"Portal Tela Portugal\" \/>\n<meta property=\"article:published_time\" content=\"2026-04-10T22:32:31+00:00\" \/>\n<meta name=\"author\" content=\"Telinha\" \/>\n<meta name=\"twitter:card\" content=\"summary_large_image\" \/>\n<meta name=\"twitter:label1\" content=\"Escrito por\" \/>\n\t<meta name=\"twitter:data1\" content=\"Telinha\" \/>\n\t<meta name=\"twitter:label2\" content=\"Tempo estimado de leitura\" \/>\n\t<meta name=\"twitter:data2\" content=\"1 minuto\" \/>\n<script type=\"application\/ld+json\" class=\"yoast-schema-graph\">{\"@context\":\"https:\/\/schema.org\",\"@graph\":[{\"@type\":\"Article\",\"@id\":\"https:\/\/portaltela.pt\/noticias\/2026\/04\/10\/villas-boas-deixa-mensagem-no-video-de-despedida-de-fernando\/#article\",\"isPartOf\":{\"@id\":\"https:\/\/portaltela.pt\/noticias\/2026\/04\/10\/villas-boas-deixa-mensagem-no-video-de-despedida-de-fernando\/\"},\"author\":{\"name\":\"Telinha\",\"@id\":\"https:\/\/portaltela.pt\/#\/schema\/person\/c4278d4a6028830caff9ee44b42d32ed\"},\"headline\":\"Villas-Boas deixa mensagem no v\u00eddeo de despedida de Fernando\",\"datePublished\":\"2026-04-10T22:32:31+00:00\",\"mainEntityOfPage\":{\"@id\":\"https:\/\/portaltela.pt\/noticias\/2026\/04\/10\/villas-boas-deixa-mensagem-no-video-de-despedida-de-fernando\/\"},\"wordCount\":179,\"image\":{\"@id\":\"https:\/\/portaltela.pt\/noticias\/2026\/04\/10\/villas-boas-deixa-mensagem-no-video-de-despedida-de-fernando\/#primaryimage\"},\"thumbnailUrl\":\"https:\/\/portaltela.pt\/s.01k8rhncp4jt1\/2026\/04\/img_1200x721uu2026-04-10-23-27-00-2432309.jpg\",\"keywords\":[\"Andr\u00e9 Villas-Boas\",\"desporto\",\"FC Porto\",\"futebol\",\"jogadores\",\"Porto\"],\"articleSection\":[\"Desporto\",\"Futebol\"],\"inLanguage\":\"pt-PT\"},{\"@type\":\"WebPage\",\"@id\":\"https:\/\/portaltela.pt\/noticias\/2026\/04\/10\/villas-boas-deixa-mensagem-no-video-de-despedida-de-fernando\/\",\"url\":\"https:\/\/portaltela.pt\/noticias\/2026\/04\/10\/villas-boas-deixa-mensagem-no-video-de-despedida-de-fernando\/\",\"name\":\"Villas-Boas deixa mensagem no v\u00eddeo de despedida de Fernando - Portal Tela Portugal\",\"isPartOf\":{\"@id\":\"https:\/\/portaltela.pt\/#website\"},\"primaryImageOfPage\":{\"@id\":\"https:\/\/portaltela.pt\/noticias\/2026\/04\/10\/villas-boas-deixa-mensagem-no-video-de-despedida-de-fernando\/#primaryimage\"},\"image\":{\"@id\":\"https:\/\/portaltela.pt\/noticias\/2026\/04\/10\/villas-boas-deixa-mensagem-no-video-de-despedida-de-fernando\/#primaryimage\"},\"thumbnailUrl\":\"https:\/\/portaltela.pt\/s.01k8rhncp4jt1\/2026\/04\/img_1200x721uu2026-04-10-23-27-00-2432309.jpg\",\"datePublished\":\"2026-04-10T22:32:31+00:00\",\"author\":{\"@id\":\"https:\/\/portaltela.pt\/#\/schema\/person\/c4278d4a6028830caff9ee44b42d32ed\"},\"breadcrumb\":{\"@id\":\"https:\/\/portaltela.pt\/noticias\/2026\/04\/10\/villas-boas-deixa-mensagem-no-video-de-despedida-de-fernando\/#breadcrumb\"},\"inLanguage\":\"pt-PT\",\"potentialAction\":[{\"@type\":\"ReadAction\",\"target\":[\"https:\/\/portaltela.pt\/noticias\/2026\/04\/10\/villas-boas-deixa-mensagem-no-video-de-despedida-de-fernando\/\"]}]},{\"@type\":\"ImageObject\",\"inLanguage\":\"pt-PT\",\"@id\":\"https:\/\/portaltela.pt\/noticias\/2026\/04\/10\/villas-boas-deixa-mensagem-no-video-de-despedida-de-fernando\/#primaryimage\",\"url\":\"https:\/\/portaltela.pt\/s.01k8rhncp4jt1\/2026\/04\/img_1200x721uu2026-04-10-23-27-00-2432309.jpg\",\"contentUrl\":\"https:\/\/portaltela.pt\/s.01k8rhncp4jt1\/2026\/04\/img_1200x721uu2026-04-10-23-27-00-2432309.jpg\",\"width\":796,\"height\":448,\"caption\":\"Villas-Boas deixou mensagem no v\u00eddeo de despedida de Fernando\"},{\"@type\":\"BreadcrumbList\",\"@id\":\"https:\/\/portaltela.pt\/noticias\/2026\/04\/10\/villas-boas-deixa-mensagem-no-video-de-despedida-de-fernando\/#breadcrumb\",\"itemListElement\":[{\"@type\":\"ListItem\",\"position\":1,\"name\":\"In\u00edcio\",\"item\":\"https:\/\/portaltela.pt\/\"},{\"@type\":\"ListItem\",\"position\":2,\"name\":\"Villas-Boas deixa mensagem no v\u00eddeo de despedida de Fernando\"}]},{\"@type\":\"WebSite\",\"@id\":\"https:\/\/portaltela.pt\/#website\",\"url\":\"https:\/\/portaltela.pt\/\",\"name\":\"Portal Tela Portugal\",\"description\":\"\",\"potentialAction\":[{\"@type\":\"SearchAction\",\"target\":{\"@type\":\"EntryPoint\",\"urlTemplate\":\"https:\/\/portaltela.pt\/?s={search_term_string}\"},\"query-input\":{\"@type\":\"PropertyValueSpecification\",\"valueRequired\":true,\"valueName\":\"search_term_string\"}}],\"inLanguage\":\"pt-PT\"},{\"@type\":\"Person\",\"@id\":\"https:\/\/portaltela.pt\/#\/schema\/person\/c4278d4a6028830caff9ee44b42d32ed\",\"name\":\"Telinha\",\"image\":{\"@type\":\"ImageObject\",\"inLanguage\":\"pt-PT\",\"@id\":\"https:\/\/portaltela.pt\/s.01k8rhncp4jt1\/2025\/11\/talking-bot-125x125.png\",\"url\":\"https:\/\/portaltela.pt\/s.01k8rhncp4jt1\/2025\/11\/talking-bot-125x125.png\",\"contentUrl\":\"https:\/\/portaltela.pt\/s.01k8rhncp4jt1\/2025\/11\/talking-bot-125x125.png\",\"caption\":\"Telinha\"},\"sameAs\":[\"https:\/\/portaltela.pt\/\"],\"url\":\"https:\/\/portaltela.pt\/por\/367410592786\/\"}]}<\/script>\n<!-- \/ Yoast SEO plugin. -->","yoast_head_json":{"title":"Villas-Boas deixa mensagem no v\u00eddeo de despedida de Fernando - Portal Tela Portugal","robots":{"index":"index","follow":"follow","max-snippet":"max-snippet:-1","max-image-preview":"max-image-preview:large","max-video-preview":"max-video-preview:-1"},"og_locale":"pt_PT","og_type":"article","og_title":"Villas-Boas deixa mensagem no v\u00eddeo de despedida de Fernando - Portal Tela Portugal","og_description":"Fernando anunciou nesta sexta-feira a sua retirada dos relvados. A ESPN Brasil partilhou um v\u00eddeo com mensagens de v\u00e1rias personalidades que acompanharam a carreira do jogador. No v\u00eddeo \u00e9 poss\u00edvel reconhecer a voz de Andr\u00e9 Villas-Boas. H\u00e1 outro portugu\u00eas que tamb\u00e9m fala, mas ainda n\u00e3o foi identificada pela produ\u00e7\u00e3o. O v\u00eddeo inclui uma mensagem do presidente do FC Porto dirigida ao agora ex-m\u00e9dio.","og_url":"https:\/\/portaltela.pt\/noticias\/2026\/04\/10\/villas-boas-deixa-mensagem-no-video-de-despedida-de-fernando\/","og_site_name":"Portal Tela Portugal","article_published_time":"2026-04-10T22:32:31+00:00","author":"Telinha","twitter_card":"summary_large_image","twitter_misc":{"Escrito por":"Telinha","Tempo estimado de leitura":"1 minuto"},"schema":{"@context":"https:\/\/schema.org","@graph":[{"@type":"Article","@id":"https:\/\/portaltela.pt\/noticias\/2026\/04\/10\/villas-boas-deixa-mensagem-no-video-de-despedida-de-fernando\/#article","isPartOf":{"@id":"https:\/\/portaltela.pt\/noticias\/2026\/04\/10\/villas-boas-deixa-mensagem-no-video-de-despedida-de-fernando\/"},"author":{"name":"Telinha","@id":"https:\/\/portaltela.pt\/#\/schema\/person\/c4278d4a6028830caff9ee44b42d32ed"},"headline":"Villas-Boas deixa mensagem no v\u00eddeo de despedida de Fernando","datePublished":"2026-04-10T22:32:31+00:00","mainEntityOfPage":{"@id":"https:\/\/portaltela.pt\/noticias\/2026\/04\/10\/villas-boas-deixa-mensagem-no-video-de-despedida-de-fernando\/"},"wordCount":179,"image":{"@id":"https:\/\/portaltela.pt\/noticias\/2026\/04\/10\/villas-boas-deixa-mensagem-no-video-de-despedida-de-fernando\/#primaryimage"},"thumbnailUrl":"https:\/\/portaltela.pt\/s.01k8rhncp4jt1\/2026\/04\/img_1200x721uu2026-04-10-23-27-00-2432309.jpg","keywords":["Andr\u00e9 Villas-Boas","desporto","FC Porto","futebol","jogadores","Porto"],"articleSection":["Desporto","Futebol"],"inLanguage":"pt-PT"},{"@type":"WebPage","@id":"https:\/\/portaltela.pt\/noticias\/2026\/04\/10\/villas-boas-deixa-mensagem-no-video-de-despedida-de-fernando\/","url":"https:\/\/portaltela.pt\/noticias\/2026\/04\/10\/villas-boas-deixa-mensagem-no-video-de-despedida-de-fernando\/","name":"Villas-Boas deixa mensagem no v\u00eddeo de despedida de Fernando - Portal Tela Portugal","isPartOf":{"@id":"https:\/\/portaltela.pt\/#website"},"primaryImageOfPage":{"@id":"https:\/\/portaltela.pt\/noticias\/2026\/04\/10\/villas-boas-deixa-mensagem-no-video-de-despedida-de-fernando\/#primaryimage"},"image":{"@id":"https:\/\/portaltela.pt\/noticias\/2026\/04\/10\/villas-boas-deixa-mensagem-no-video-de-despedida-de-fernando\/#primaryimage"},"thumbnailUrl":"https:\/\/portaltela.pt\/s.01k8rhncp4jt1\/2026\/04\/img_1200x721uu2026-04-10-23-27-00-2432309.jpg","datePublished":"2026-04-10T22:32:31+00:00","author":{"@id":"https:\/\/portaltela.pt\/#\/schema\/person\/c4278d4a6028830caff9ee44b42d32ed"},"breadcrumb":{"@id":"https:\/\/portaltela.pt\/noticias\/2026\/04\/10\/villas-boas-deixa-mensagem-no-video-de-despedida-de-fernando\/#breadcrumb"},"inLanguage":"pt-PT","potentialAction":[{"@type":"ReadAction","target":["https:\/\/portaltela.pt\/noticias\/2026\/04\/10\/villas-boas-deixa-mensagem-no-video-de-despedida-de-fernando\/"]}]},{"@type":"ImageObject","inLanguage":"pt-PT","@id":"https:\/\/portaltela.pt\/noticias\/2026\/04\/10\/villas-boas-deixa-mensagem-no-video-de-despedida-de-fernando\/#primaryimage","url":"https:\/\/portaltela.pt\/s.01k8rhncp4jt1\/2026\/04\/img_1200x721uu2026-04-10-23-27-00-2432309.jpg","contentUrl":"https:\/\/portaltela.pt\/s.01k8rhncp4jt1\/2026\/04\/img_1200x721uu2026-04-10-23-27-00-2432309.jpg","width":796,"height":448,"caption":"Villas-Boas deixou mensagem no v\u00eddeo de despedida de Fernando"},{"@type":"BreadcrumbList","@id":"https:\/\/portaltela.pt\/noticias\/2026\/04\/10\/villas-boas-deixa-mensagem-no-video-de-despedida-de-fernando\/#breadcrumb","itemListElement":[{"@type":"ListItem","position":1,"name":"In\u00edcio","item":"https:\/\/portaltela.pt\/"},{"@type":"ListItem","position":2,"name":"Villas-Boas deixa mensagem no v\u00eddeo de despedida de Fernando"}]},{"@type":"WebSite","@id":"https:\/\/portaltela.pt\/#website","url":"https:\/\/portaltela.pt\/","name":"Portal Tela Portugal","description":"","potentialAction":[{"@type":"SearchAction","target":{"@type":"EntryPoint","urlTemplate":"https:\/\/portaltela.pt\/?s={search_term_string}"},"query-input":{"@type":"PropertyValueSpecification","valueRequired":true,"valueName":"search_term_string"}}],"inLanguage":"pt-PT"},{"@type":"Person","@id":"https:\/\/portaltela.pt\/#\/schema\/person\/c4278d4a6028830caff9ee44b42d32ed","name":"Telinha","image":{"@type":"ImageObject","inLanguage":"pt-PT","@id":"https:\/\/portaltela.pt\/s.01k8rhncp4jt1\/2025\/11\/talking-bot-125x125.png","url":"https:\/\/portaltela.pt\/s.01k8rhncp4jt1\/2025\/11\/talking-bot-125x125.png","contentUrl":"https:\/\/portaltela.pt\/s.01k8rhncp4jt1\/2025\/11\/talking-bot-125x125.png","caption":"Telinha"},"sameAs":["https:\/\/portaltela.pt\/"],"url":"https:\/\/portaltela.pt\/por\/367410592786\/"}]}},"_links":{"self":[{"href":"https:\/\/portaltela.pt\/api\/wp\/v2\/posts\/440049","targetHints":{"allow":["GET"]}}],"collection":[{"href":"https:\/\/portaltela.pt\/api\/wp\/v2\/posts"}],"about":[{"href":"https:\/\/portaltela.pt\/api\/wp\/v2\/types\/post"}],"author":[{"embeddable":true,"href":"https:\/\/portaltela.pt\/api\/wp\/v2\/users\/2"}],"replies":[{"embeddable":true,"href":"https:\/\/portaltela.pt\/api\/wp\/v2\/comments?post=440049"}],"version-history":[{"count":0,"href":"https:\/\/portaltela.pt\/api\/wp\/v2\/posts\/440049\/revisions"}],"wp:featuredmedia":[{"embeddable":true,"href":"https:\/\/portaltela.pt\/api\/wp\/v2\/media\/440051"}],"wp:attachment":[{"href":"https:\/\/portaltela.pt\/api\/wp\/v2\/media?parent=440049"}],"wp:term":[{"taxonomy":"category","embeddable":true,"href":"https:\/\/portaltela.pt\/api\/wp\/v2\/categories?post=440049"},{"taxonomy":"post_tag","embeddable":true,"href":"https:\/\/portaltela.pt\/api\/wp\/v2\/tags?post=440049"}],"curies":[{"name":"wp","href":"https:\/\/api.w.org\/{rel}","templated":true}]}}