{"id":440046,"date":"2026-04-10T19:32:27","date_gmt":"2026-04-10T22:32:27","guid":{"rendered":"https:\/\/portaltela.pt\/noticias\/2026\/04\/10\/arbeloa-critica-a-arbitragem-mbappe-e-penalti-aqui-e-na-lua\/"},"modified":"2026-04-10T19:32:27","modified_gmt":"2026-04-10T22:32:27","slug":"arbeloa-critica-a-arbitragem-mbappe-e-penalti-aqui-e-na-lua","status":"publish","type":"post","link":"https:\/\/portaltela.pt\/desporto\/futebol\/2026\/04\/10\/arbeloa-critica-a-arbitragem-mbappe-e-penalti-aqui-e-na-lua\/","title":{"rendered":"Arbeloa critica a arbitragem: Mbapp\u00e9 \u00e9 pen\u00e1lti aqui e na Lua"},"content":{"rendered":"<p>O Real Madrid empatou 1-1 frente ao Girona no Bernab\u00e9u, em jogo da liga espanhola. A igualdade deixa o conjunto merengue a seis pontos do l\u00edder Barcelona, com a possibilidade de a dist\u00e2ncia aumentar para nove ainda neste s\u00e1bado.<\/p>\n<p>Aos 51 minutos, Valverde inaugurou o marcador com um remate do meio da rua, perante uma defesa que acabou por facilitar o golo. O Girona reduziu minutos depois com um remate que acabou por surpreender o guarda-redes. O lance foi decisivo para o desfecho do encontro.<\/p>\n<p>O jogo teve uma situa\u00e7\u00e3o pol\u00e9mica na \u00e1rea do Real Madrid. V\u00edtor Reis tocou o rosto de Mbapp\u00e9, ao que o \u00e1rbitro n\u00e3o apontou grande penalidade. Em rea\u00e7\u00e3o, o apoio do banco e de analistas foi de incredulidade, sugerindo que o lance merecia decis\u00e3o diferente.<\/p>\n<p>O resultado mant\u00e9m o Real Madrid na luta pela lideran\u00e7a, com ainda v\u00e1rias jornadas pela frente. As incid\u00eancias do encontro, sobretudo a decis\u00e3o arbitral, v\u00e3o continuar a ser discutidas entre adeptos e especialistas, sem qualquer conclus\u00e3o antecipada.<\/p>\n","protected":false},"excerpt":{"rendered":"<ul>\n<li>O Real Madrid empatou 1-1 com o Girona no Bernab\u00e9u, mantendo-se a seis pontos do Barcelona, com a perspetiva de ficar a nove ao fim do s\u00e1bado.<\/li>\n<li>Valverde adiantou o Madrid aos 51 minutos, num remate de longe; o Girona empatou aos 62 minutos atrav\u00e9s de Lemar.<\/li>\n<li>O lance pol\u00e9mico envolveu Mbapp\u00e9: V\u00edtor Reis tocou com o bra\u00e7o na \u00e1rea, mas o \u00e1rbitro n\u00e3o assinalou pen\u00e1lti.<\/li>\n<li>\u00c1lvaro Arbeloa reagiu naquilo que considera pen\u00e1lti claro, dizendo que \u201c\u00e9 pen\u00e1lti aqui e na Lua\u201d, e que o Real devia ter vencido.<\/li>\n<li>A equipa mant\u00e9m a luta pelo t\u00edtulo, com Arbeloa a sublinhar a necessidade de jogar a 100 por cento para vencer.<\/li>\n<\/ul>\n","protected":false},"author":2,"featured_media":440048,"comment_status":"closed","ping_status":"closed","sticky":false,"template":"","format":"standard","meta":{"footnotes":""},"categories":[21,24],"tags":[7755,1289,6920,1789,3375,2714],"class_list":["post-440046","post","type-post","status-publish","format-standard","has-post-thumbnail","hentry","category-desporto","category-futebol","tag-_futebol","tag-arbitragem","tag-arbitros","tag-la-liga","tag-mbappe","tag-real-madrid"],"yoast_head":"<!-- This site is optimized with the Yoast SEO plugin v27.2 - https:\/\/yoast.com\/product\/yoast-seo-wordpress\/ -->\n<title>Arbeloa critica a arbitragem: Mbapp\u00e9 \u00e9 pen\u00e1lti aqui e na Lua - Portal Tela Portugal<\/title>\n<meta name=\"robots\" content=\"index, follow, max-snippet:-1, max-image-preview:large, max-video-preview:-1\" \/>\n<meta property=\"og:locale\" content=\"pt_PT\" \/>\n<meta property=\"og:type\" content=\"article\" \/>\n<meta property=\"og:title\" content=\"Arbeloa critica a arbitragem: Mbapp\u00e9 \u00e9 pen\u00e1lti aqui e na Lua - Portal Tela Portugal\" \/>\n<meta property=\"og:description\" content=\"O Real Madrid empatou 1-1 com o Girona no Bernab\u00e9u, mantendo-se a seis pontos do Barcelona, com a perspetiva de ficar a nove ao fim do s\u00e1bado. Valverde adiantou o Madrid aos 51 minutos, num remate de longe; o Girona empatou aos 62 minutos atrav\u00e9s de Lemar. O lance pol\u00e9mico envolveu Mbapp\u00e9: V\u00edtor Reis tocou com o bra\u00e7o na \u00e1rea, mas o \u00e1rbitro n\u00e3o assinalou pen\u00e1lti. \u00c1lvaro Arbeloa reagiu naquilo que considera pen\u00e1lti claro, dizendo que \u201c\u00e9 pen\u00e1lti aqui e na Lua\u201d, e que o Real devia ter vencido. A equipa mant\u00e9m a luta pelo t\u00edtulo, com Arbeloa a sublinhar a necessidade de jogar a 100 por cento para vencer.\" \/>\n<meta property=\"og:url\" content=\"https:\/\/portaltela.pt\/noticias\/2026\/04\/10\/arbeloa-critica-a-arbitragem-mbappe-e-penalti-aqui-e-na-lua\/\" \/>\n<meta property=\"og:site_name\" content=\"Portal Tela Portugal\" \/>\n<meta property=\"article:published_time\" content=\"2026-04-10T22:32:27+00:00\" \/>\n<meta name=\"author\" content=\"Telinha\" \/>\n<meta name=\"twitter:card\" content=\"summary_large_image\" \/>\n<meta name=\"twitter:label1\" content=\"Escrito por\" \/>\n\t<meta name=\"twitter:data1\" content=\"Telinha\" \/>\n\t<meta name=\"twitter:label2\" content=\"Tempo estimado de leitura\" \/>\n\t<meta name=\"twitter:data2\" content=\"1 minuto\" \/>\n<script type=\"application\/ld+json\" class=\"yoast-schema-graph\">{\"@context\":\"https:\/\/schema.org\",\"@graph\":[{\"@type\":\"Article\",\"@id\":\"https:\/\/portaltela.pt\/noticias\/2026\/04\/10\/arbeloa-critica-a-arbitragem-mbappe-e-penalti-aqui-e-na-lua\/#article\",\"isPartOf\":{\"@id\":\"https:\/\/portaltela.pt\/noticias\/2026\/04\/10\/arbeloa-critica-a-arbitragem-mbappe-e-penalti-aqui-e-na-lua\/\"},\"author\":{\"name\":\"Telinha\",\"@id\":\"https:\/\/portaltela.pt\/#\/schema\/person\/c4278d4a6028830caff9ee44b42d32ed\"},\"headline\":\"Arbeloa critica a arbitragem: Mbapp\u00e9 \u00e9 pen\u00e1lti aqui e na Lua\",\"datePublished\":\"2026-04-10T22:32:27+00:00\",\"mainEntityOfPage\":{\"@id\":\"https:\/\/portaltela.pt\/noticias\/2026\/04\/10\/arbeloa-critica-a-arbitragem-mbappe-e-penalti-aqui-e-na-lua\/\"},\"wordCount\":194,\"image\":{\"@id\":\"https:\/\/portaltela.pt\/noticias\/2026\/04\/10\/arbeloa-critica-a-arbitragem-mbappe-e-penalti-aqui-e-na-lua\/#primaryimage\"},\"thumbnailUrl\":\"https:\/\/portaltela.pt\/s.01k8rhncp4jt1\/2026\/04\/img_920x518uu2026-04-04-12-06-00-2431058.jpg\",\"keywords\":[\"_futebol\",\"arbitragem\",\"\u00e1rbitros\",\"La Liga\",\"Mbapp\u00e9\",\"Real Madrid\"],\"articleSection\":[\"Desporto\",\"Futebol\"],\"inLanguage\":\"pt-PT\"},{\"@type\":\"WebPage\",\"@id\":\"https:\/\/portaltela.pt\/noticias\/2026\/04\/10\/arbeloa-critica-a-arbitragem-mbappe-e-penalti-aqui-e-na-lua\/\",\"url\":\"https:\/\/portaltela.pt\/noticias\/2026\/04\/10\/arbeloa-critica-a-arbitragem-mbappe-e-penalti-aqui-e-na-lua\/\",\"name\":\"Arbeloa critica a arbitragem: Mbapp\u00e9 \u00e9 pen\u00e1lti aqui e na Lua - Portal Tela Portugal\",\"isPartOf\":{\"@id\":\"https:\/\/portaltela.pt\/#website\"},\"primaryImageOfPage\":{\"@id\":\"https:\/\/portaltela.pt\/noticias\/2026\/04\/10\/arbeloa-critica-a-arbitragem-mbappe-e-penalti-aqui-e-na-lua\/#primaryimage\"},\"image\":{\"@id\":\"https:\/\/portaltela.pt\/noticias\/2026\/04\/10\/arbeloa-critica-a-arbitragem-mbappe-e-penalti-aqui-e-na-lua\/#primaryimage\"},\"thumbnailUrl\":\"https:\/\/portaltela.pt\/s.01k8rhncp4jt1\/2026\/04\/img_920x518uu2026-04-04-12-06-00-2431058.jpg\",\"datePublished\":\"2026-04-10T22:32:27+00:00\",\"author\":{\"@id\":\"https:\/\/portaltela.pt\/#\/schema\/person\/c4278d4a6028830caff9ee44b42d32ed\"},\"breadcrumb\":{\"@id\":\"https:\/\/portaltela.pt\/noticias\/2026\/04\/10\/arbeloa-critica-a-arbitragem-mbappe-e-penalti-aqui-e-na-lua\/#breadcrumb\"},\"inLanguage\":\"pt-PT\",\"potentialAction\":[{\"@type\":\"ReadAction\",\"target\":[\"https:\/\/portaltela.pt\/noticias\/2026\/04\/10\/arbeloa-critica-a-arbitragem-mbappe-e-penalti-aqui-e-na-lua\/\"]}]},{\"@type\":\"ImageObject\",\"inLanguage\":\"pt-PT\",\"@id\":\"https:\/\/portaltela.pt\/noticias\/2026\/04\/10\/arbeloa-critica-a-arbitragem-mbappe-e-penalti-aqui-e-na-lua\/#primaryimage\",\"url\":\"https:\/\/portaltela.pt\/s.01k8rhncp4jt1\/2026\/04\/img_920x518uu2026-04-04-12-06-00-2431058.jpg\",\"contentUrl\":\"https:\/\/portaltela.pt\/s.01k8rhncp4jt1\/2026\/04\/img_920x518uu2026-04-04-12-06-00-2431058.jpg\",\"width\":796,\"height\":448,\"caption\":\"Arbeloa orienta o Real Madrid\"},{\"@type\":\"BreadcrumbList\",\"@id\":\"https:\/\/portaltela.pt\/noticias\/2026\/04\/10\/arbeloa-critica-a-arbitragem-mbappe-e-penalti-aqui-e-na-lua\/#breadcrumb\",\"itemListElement\":[{\"@type\":\"ListItem\",\"position\":1,\"name\":\"In\u00edcio\",\"item\":\"https:\/\/portaltela.pt\/\"},{\"@type\":\"ListItem\",\"position\":2,\"name\":\"Arbeloa critica a arbitragem: Mbapp\u00e9 \u00e9 pen\u00e1lti aqui e na Lua\"}]},{\"@type\":\"WebSite\",\"@id\":\"https:\/\/portaltela.pt\/#website\",\"url\":\"https:\/\/portaltela.pt\/\",\"name\":\"Portal Tela Portugal\",\"description\":\"\",\"potentialAction\":[{\"@type\":\"SearchAction\",\"target\":{\"@type\":\"EntryPoint\",\"urlTemplate\":\"https:\/\/portaltela.pt\/?s={search_term_string}\"},\"query-input\":{\"@type\":\"PropertyValueSpecification\",\"valueRequired\":true,\"valueName\":\"search_term_string\"}}],\"inLanguage\":\"pt-PT\"},{\"@type\":\"Person\",\"@id\":\"https:\/\/portaltela.pt\/#\/schema\/person\/c4278d4a6028830caff9ee44b42d32ed\",\"name\":\"Telinha\",\"image\":{\"@type\":\"ImageObject\",\"inLanguage\":\"pt-PT\",\"@id\":\"https:\/\/portaltela.pt\/s.01k8rhncp4jt1\/2025\/11\/talking-bot-125x125.png\",\"url\":\"https:\/\/portaltela.pt\/s.01k8rhncp4jt1\/2025\/11\/talking-bot-125x125.png\",\"contentUrl\":\"https:\/\/portaltela.pt\/s.01k8rhncp4jt1\/2025\/11\/talking-bot-125x125.png\",\"caption\":\"Telinha\"},\"sameAs\":[\"https:\/\/portaltela.pt\/\"],\"url\":\"https:\/\/portaltela.pt\/por\/367410592786\/\"}]}<\/script>\n<!-- \/ Yoast SEO plugin. -->","yoast_head_json":{"title":"Arbeloa critica a arbitragem: Mbapp\u00e9 \u00e9 pen\u00e1lti aqui e na Lua - Portal Tela Portugal","robots":{"index":"index","follow":"follow","max-snippet":"max-snippet:-1","max-image-preview":"max-image-preview:large","max-video-preview":"max-video-preview:-1"},"og_locale":"pt_PT","og_type":"article","og_title":"Arbeloa critica a arbitragem: Mbapp\u00e9 \u00e9 pen\u00e1lti aqui e na Lua - Portal Tela Portugal","og_description":"O Real Madrid empatou 1-1 com o Girona no Bernab\u00e9u, mantendo-se a seis pontos do Barcelona, com a perspetiva de ficar a nove ao fim do s\u00e1bado. Valverde adiantou o Madrid aos 51 minutos, num remate de longe; o Girona empatou aos 62 minutos atrav\u00e9s de Lemar. O lance pol\u00e9mico envolveu Mbapp\u00e9: V\u00edtor Reis tocou com o bra\u00e7o na \u00e1rea, mas o \u00e1rbitro n\u00e3o assinalou pen\u00e1lti. \u00c1lvaro Arbeloa reagiu naquilo que considera pen\u00e1lti claro, dizendo que \u201c\u00e9 pen\u00e1lti aqui e na Lua\u201d, e que o Real devia ter vencido. A equipa mant\u00e9m a luta pelo t\u00edtulo, com Arbeloa a sublinhar a necessidade de jogar a 100 por cento para vencer.","og_url":"https:\/\/portaltela.pt\/noticias\/2026\/04\/10\/arbeloa-critica-a-arbitragem-mbappe-e-penalti-aqui-e-na-lua\/","og_site_name":"Portal Tela Portugal","article_published_time":"2026-04-10T22:32:27+00:00","author":"Telinha","twitter_card":"summary_large_image","twitter_misc":{"Escrito por":"Telinha","Tempo estimado de leitura":"1 minuto"},"schema":{"@context":"https:\/\/schema.org","@graph":[{"@type":"Article","@id":"https:\/\/portaltela.pt\/noticias\/2026\/04\/10\/arbeloa-critica-a-arbitragem-mbappe-e-penalti-aqui-e-na-lua\/#article","isPartOf":{"@id":"https:\/\/portaltela.pt\/noticias\/2026\/04\/10\/arbeloa-critica-a-arbitragem-mbappe-e-penalti-aqui-e-na-lua\/"},"author":{"name":"Telinha","@id":"https:\/\/portaltela.pt\/#\/schema\/person\/c4278d4a6028830caff9ee44b42d32ed"},"headline":"Arbeloa critica a arbitragem: Mbapp\u00e9 \u00e9 pen\u00e1lti aqui e na Lua","datePublished":"2026-04-10T22:32:27+00:00","mainEntityOfPage":{"@id":"https:\/\/portaltela.pt\/noticias\/2026\/04\/10\/arbeloa-critica-a-arbitragem-mbappe-e-penalti-aqui-e-na-lua\/"},"wordCount":194,"image":{"@id":"https:\/\/portaltela.pt\/noticias\/2026\/04\/10\/arbeloa-critica-a-arbitragem-mbappe-e-penalti-aqui-e-na-lua\/#primaryimage"},"thumbnailUrl":"https:\/\/portaltela.pt\/s.01k8rhncp4jt1\/2026\/04\/img_920x518uu2026-04-04-12-06-00-2431058.jpg","keywords":["_futebol","arbitragem","\u00e1rbitros","La Liga","Mbapp\u00e9","Real Madrid"],"articleSection":["Desporto","Futebol"],"inLanguage":"pt-PT"},{"@type":"WebPage","@id":"https:\/\/portaltela.pt\/noticias\/2026\/04\/10\/arbeloa-critica-a-arbitragem-mbappe-e-penalti-aqui-e-na-lua\/","url":"https:\/\/portaltela.pt\/noticias\/2026\/04\/10\/arbeloa-critica-a-arbitragem-mbappe-e-penalti-aqui-e-na-lua\/","name":"Arbeloa critica a arbitragem: Mbapp\u00e9 \u00e9 pen\u00e1lti aqui e na Lua - Portal Tela Portugal","isPartOf":{"@id":"https:\/\/portaltela.pt\/#website"},"primaryImageOfPage":{"@id":"https:\/\/portaltela.pt\/noticias\/2026\/04\/10\/arbeloa-critica-a-arbitragem-mbappe-e-penalti-aqui-e-na-lua\/#primaryimage"},"image":{"@id":"https:\/\/portaltela.pt\/noticias\/2026\/04\/10\/arbeloa-critica-a-arbitragem-mbappe-e-penalti-aqui-e-na-lua\/#primaryimage"},"thumbnailUrl":"https:\/\/portaltela.pt\/s.01k8rhncp4jt1\/2026\/04\/img_920x518uu2026-04-04-12-06-00-2431058.jpg","datePublished":"2026-04-10T22:32:27+00:00","author":{"@id":"https:\/\/portaltela.pt\/#\/schema\/person\/c4278d4a6028830caff9ee44b42d32ed"},"breadcrumb":{"@id":"https:\/\/portaltela.pt\/noticias\/2026\/04\/10\/arbeloa-critica-a-arbitragem-mbappe-e-penalti-aqui-e-na-lua\/#breadcrumb"},"inLanguage":"pt-PT","potentialAction":[{"@type":"ReadAction","target":["https:\/\/portaltela.pt\/noticias\/2026\/04\/10\/arbeloa-critica-a-arbitragem-mbappe-e-penalti-aqui-e-na-lua\/"]}]},{"@type":"ImageObject","inLanguage":"pt-PT","@id":"https:\/\/portaltela.pt\/noticias\/2026\/04\/10\/arbeloa-critica-a-arbitragem-mbappe-e-penalti-aqui-e-na-lua\/#primaryimage","url":"https:\/\/portaltela.pt\/s.01k8rhncp4jt1\/2026\/04\/img_920x518uu2026-04-04-12-06-00-2431058.jpg","contentUrl":"https:\/\/portaltela.pt\/s.01k8rhncp4jt1\/2026\/04\/img_920x518uu2026-04-04-12-06-00-2431058.jpg","width":796,"height":448,"caption":"Arbeloa orienta o Real Madrid"},{"@type":"BreadcrumbList","@id":"https:\/\/portaltela.pt\/noticias\/2026\/04\/10\/arbeloa-critica-a-arbitragem-mbappe-e-penalti-aqui-e-na-lua\/#breadcrumb","itemListElement":[{"@type":"ListItem","position":1,"name":"In\u00edcio","item":"https:\/\/portaltela.pt\/"},{"@type":"ListItem","position":2,"name":"Arbeloa critica a arbitragem: Mbapp\u00e9 \u00e9 pen\u00e1lti aqui e na Lua"}]},{"@type":"WebSite","@id":"https:\/\/portaltela.pt\/#website","url":"https:\/\/portaltela.pt\/","name":"Portal Tela Portugal","description":"","potentialAction":[{"@type":"SearchAction","target":{"@type":"EntryPoint","urlTemplate":"https:\/\/portaltela.pt\/?s={search_term_string}"},"query-input":{"@type":"PropertyValueSpecification","valueRequired":true,"valueName":"search_term_string"}}],"inLanguage":"pt-PT"},{"@type":"Person","@id":"https:\/\/portaltela.pt\/#\/schema\/person\/c4278d4a6028830caff9ee44b42d32ed","name":"Telinha","image":{"@type":"ImageObject","inLanguage":"pt-PT","@id":"https:\/\/portaltela.pt\/s.01k8rhncp4jt1\/2025\/11\/talking-bot-125x125.png","url":"https:\/\/portaltela.pt\/s.01k8rhncp4jt1\/2025\/11\/talking-bot-125x125.png","contentUrl":"https:\/\/portaltela.pt\/s.01k8rhncp4jt1\/2025\/11\/talking-bot-125x125.png","caption":"Telinha"},"sameAs":["https:\/\/portaltela.pt\/"],"url":"https:\/\/portaltela.pt\/por\/367410592786\/"}]}},"_links":{"self":[{"href":"https:\/\/portaltela.pt\/api\/wp\/v2\/posts\/440046","targetHints":{"allow":["GET"]}}],"collection":[{"href":"https:\/\/portaltela.pt\/api\/wp\/v2\/posts"}],"about":[{"href":"https:\/\/portaltela.pt\/api\/wp\/v2\/types\/post"}],"author":[{"embeddable":true,"href":"https:\/\/portaltela.pt\/api\/wp\/v2\/users\/2"}],"replies":[{"embeddable":true,"href":"https:\/\/portaltela.pt\/api\/wp\/v2\/comments?post=440046"}],"version-history":[{"count":0,"href":"https:\/\/portaltela.pt\/api\/wp\/v2\/posts\/440046\/revisions"}],"wp:featuredmedia":[{"embeddable":true,"href":"https:\/\/portaltela.pt\/api\/wp\/v2\/media\/440048"}],"wp:attachment":[{"href":"https:\/\/portaltela.pt\/api\/wp\/v2\/media?parent=440046"}],"wp:term":[{"taxonomy":"category","embeddable":true,"href":"https:\/\/portaltela.pt\/api\/wp\/v2\/categories?post=440046"},{"taxonomy":"post_tag","embeddable":true,"href":"https:\/\/portaltela.pt\/api\/wp\/v2\/tags?post=440046"}],"curies":[{"name":"wp","href":"https:\/\/api.w.org\/{rel}","templated":true}]}}