{"id":440030,"date":"2026-04-10T19:02:25","date_gmt":"2026-04-10T22:02:25","guid":{"rendered":"https:\/\/portaltela.pt\/noticias\/2026\/04\/10\/ex-portista-fernando-encerra-a-carreira-aos-38-anos\/"},"modified":"2026-04-10T19:02:25","modified_gmt":"2026-04-10T22:02:25","slug":"ex-portista-fernando-encerra-a-carreira-aos-38-anos","status":"publish","type":"post","link":"https:\/\/portaltela.pt\/desporto\/futebol\/2026\/04\/10\/ex-portista-fernando-encerra-a-carreira-aos-38-anos\/","title":{"rendered":"Ex-portista Fernando encerra a carreira aos 38 anos"},"content":{"rendered":"<p>Fernando Reges, ex-m\u00e9dio de carreira marcante, anunciou a retirada dos relvados aos 38 anos. A decis\u00e3o foi comunicada na sexta-feira, durante uma participa\u00e7\u00e3o no programa Resenha ESPN. O motivo apresentado foi o desgaste f\u00edsico causado por les\u00f5es no joelho, que dificultam a continuidade da carreira.<\/p>\n<p>O jogador iniciou a sua trajet\u00f3ria na Europa ao servi\u00e7o do FC Porto, onde atuou entre 2008\/09 e 2013\/14. Posteriormente, jogou por empr\u00e9stimo no Estrela da Amadora, antes de seguir para Manchester City, Galatasaray e Sevilla, onde terminou o percurso europeu em 2023.<\/p>\n<p>Durante a carreira, Reges somou conquistas relevantes, incluindo t\u00edtulos da Liga Europa em duas ocasi\u00f5es, quatro campeonatos nacionais em Portugal, tr\u00eas Ta\u00e7as de Portugal e cinco Superta\u00e7as C\u00e2ndido de Oliveira. No Reino Unido ganhou a Ta\u00e7a da Liga, enquanto na Turquia foi campe\u00e3o nacional duas vezes e levantou uma Ta\u00e7a da Turquia.<\/p>\n<h3>Carreira em Portugal e Europa<\/h3>\n<p>A \u00e9poca no FC Porto destacou-se pela presen\u00e7a constante no meio-campo, contribuindo para m\u00faltiplas competi\u00e7\u00f5es nacionais e internacionais. No est\u00e1gio final da carreira na Europa, o jogador viu-se confrontado com o desgaste f\u00edsico que o levou a identificar o momento da retirada.<\/p>\n<h3>Pr\u00f3ximos passos<\/h3>\n<p>Apesar de terminar a carreira como jogador, Reges pode manter v\u00ednculos no futebol, nomeadamente em fun\u00e7\u00f5es t\u00e9cnicas ou de forma\u00e7\u00e3o, embora n\u00e3o haja confirma\u00e7\u00e3o oficial sobre fun\u00e7\u00f5es futuras. O atleta n\u00e3o prosseguiu com declara\u00e7\u00f5es adicionais ap\u00f3s o an\u00fancio.<\/p>\n","protected":false},"excerpt":{"rendered":"<ul>\n<li>O ex-m\u00e9dio Fernando Reges, de 38 anos, anunciou a retirada dos relvados, citando desgaste no joelho e problemas de cartilagem, durante o programa Resenha ESPN.<\/li>\n<li>Iniciou a carreira europeia no FC Porto (2008\/09 a 2013\/14) e esteve por empr\u00e9stimo no Estrela da Amadora.<\/li>\n<li>Seguiu carreira pelo Manchester City, Galatasaray e Sevilla, onde permaneceu at\u00e9 2023.<\/li>\n<li>Entre os feitos na Europa, destacou-se em duas Liga Europa, quatro t\u00edtulos nacionais em Portugal, tr\u00eas Ta\u00e7as de Portugal e cinco Superta\u00e7as C\u00e2ndido de Oliveira.<\/li>\n<li>Em Inglaterra venceu a Ta\u00e7a da Liga; na Turquia foi campe\u00e3o nacional duas vezes e conquistou a Ta\u00e7a da Turquia.<\/li>\n<\/ul>\n","protected":false},"author":2,"featured_media":440033,"comment_status":"closed","ping_status":"closed","sticky":false,"template":"","format":"standard","meta":{"footnotes":""},"categories":[21,24],"tags":[32,4270,2006,1980,982,5650],"class_list":["post-440030","post","type-post","status-publish","format-standard","has-post-thumbnail","hentry","category-desporto","category-futebol","tag-futebol","tag-galatasaray","tag-liga-europa","tag-manchester-city","tag-porto","tag-sevilla"],"yoast_head":"<!-- This site is optimized with the Yoast SEO plugin v27.2 - https:\/\/yoast.com\/product\/yoast-seo-wordpress\/ -->\n<title>Ex-portista Fernando encerra a carreira aos 38 anos - Portal Tela Portugal<\/title>\n<meta name=\"robots\" content=\"index, follow, max-snippet:-1, max-image-preview:large, max-video-preview:-1\" \/>\n<meta property=\"og:locale\" content=\"pt_PT\" \/>\n<meta property=\"og:type\" content=\"article\" \/>\n<meta property=\"og:title\" content=\"Ex-portista Fernando encerra a carreira aos 38 anos - Portal Tela Portugal\" \/>\n<meta property=\"og:description\" content=\"O ex-m\u00e9dio Fernando Reges, de 38 anos, anunciou a retirada dos relvados, citando desgaste no joelho e problemas de cartilagem, durante o programa Resenha ESPN. Iniciou a carreira europeia no FC Porto (2008\/09 a 2013\/14) e esteve por empr\u00e9stimo no Estrela da Amadora. Seguiu carreira pelo Manchester City, Galatasaray e Sevilla, onde permaneceu at\u00e9 2023. Entre os feitos na Europa, destacou-se em duas Liga Europa, quatro t\u00edtulos nacionais em Portugal, tr\u00eas Ta\u00e7as de Portugal e cinco Superta\u00e7as C\u00e2ndido de Oliveira. Em Inglaterra venceu a Ta\u00e7a da Liga; na Turquia foi campe\u00e3o nacional duas vezes e conquistou a Ta\u00e7a da Turquia.\" \/>\n<meta property=\"og:url\" content=\"https:\/\/portaltela.pt\/noticias\/2026\/04\/10\/ex-portista-fernando-encerra-a-carreira-aos-38-anos\/\" \/>\n<meta property=\"og:site_name\" content=\"Portal Tela Portugal\" \/>\n<meta property=\"article:published_time\" content=\"2026-04-10T22:02:25+00:00\" \/>\n<meta name=\"author\" content=\"Telinha\" \/>\n<meta name=\"twitter:card\" content=\"summary_large_image\" \/>\n<meta name=\"twitter:label1\" content=\"Escrito por\" \/>\n\t<meta name=\"twitter:data1\" content=\"Telinha\" \/>\n\t<meta name=\"twitter:label2\" content=\"Tempo estimado de leitura\" \/>\n\t<meta name=\"twitter:data2\" content=\"1 minuto\" \/>\n<script type=\"application\/ld+json\" class=\"yoast-schema-graph\">{\"@context\":\"https:\/\/schema.org\",\"@graph\":[{\"@type\":\"Article\",\"@id\":\"https:\/\/portaltela.pt\/noticias\/2026\/04\/10\/ex-portista-fernando-encerra-a-carreira-aos-38-anos\/#article\",\"isPartOf\":{\"@id\":\"https:\/\/portaltela.pt\/noticias\/2026\/04\/10\/ex-portista-fernando-encerra-a-carreira-aos-38-anos\/\"},\"author\":{\"name\":\"Telinha\",\"@id\":\"https:\/\/portaltela.pt\/#\/schema\/person\/c4278d4a6028830caff9ee44b42d32ed\"},\"headline\":\"Ex-portista Fernando encerra a carreira aos 38 anos\",\"datePublished\":\"2026-04-10T22:02:25+00:00\",\"mainEntityOfPage\":{\"@id\":\"https:\/\/portaltela.pt\/noticias\/2026\/04\/10\/ex-portista-fernando-encerra-a-carreira-aos-38-anos\/\"},\"wordCount\":264,\"image\":{\"@id\":\"https:\/\/portaltela.pt\/noticias\/2026\/04\/10\/ex-portista-fernando-encerra-a-carreira-aos-38-anos\/#primaryimage\"},\"thumbnailUrl\":\"https:\/\/portaltela.pt\/s.01k8rhncp4jt1\/2026\/04\/img_920x518uu2026-04-10-22-51-44-2432304.jpg\",\"keywords\":[\"futebol\",\"Galatasaray\",\"Liga Europa\",\"Manchester City\",\"Porto\",\"Sevilla\"],\"articleSection\":[\"Desporto\",\"Futebol\"],\"inLanguage\":\"pt-PT\"},{\"@type\":\"WebPage\",\"@id\":\"https:\/\/portaltela.pt\/noticias\/2026\/04\/10\/ex-portista-fernando-encerra-a-carreira-aos-38-anos\/\",\"url\":\"https:\/\/portaltela.pt\/noticias\/2026\/04\/10\/ex-portista-fernando-encerra-a-carreira-aos-38-anos\/\",\"name\":\"Ex-portista Fernando encerra a carreira aos 38 anos - Portal Tela Portugal\",\"isPartOf\":{\"@id\":\"https:\/\/portaltela.pt\/#website\"},\"primaryImageOfPage\":{\"@id\":\"https:\/\/portaltela.pt\/noticias\/2026\/04\/10\/ex-portista-fernando-encerra-a-carreira-aos-38-anos\/#primaryimage\"},\"image\":{\"@id\":\"https:\/\/portaltela.pt\/noticias\/2026\/04\/10\/ex-portista-fernando-encerra-a-carreira-aos-38-anos\/#primaryimage\"},\"thumbnailUrl\":\"https:\/\/portaltela.pt\/s.01k8rhncp4jt1\/2026\/04\/img_920x518uu2026-04-10-22-51-44-2432304.jpg\",\"datePublished\":\"2026-04-10T22:02:25+00:00\",\"author\":{\"@id\":\"https:\/\/portaltela.pt\/#\/schema\/person\/c4278d4a6028830caff9ee44b42d32ed\"},\"breadcrumb\":{\"@id\":\"https:\/\/portaltela.pt\/noticias\/2026\/04\/10\/ex-portista-fernando-encerra-a-carreira-aos-38-anos\/#breadcrumb\"},\"inLanguage\":\"pt-PT\",\"potentialAction\":[{\"@type\":\"ReadAction\",\"target\":[\"https:\/\/portaltela.pt\/noticias\/2026\/04\/10\/ex-portista-fernando-encerra-a-carreira-aos-38-anos\/\"]}]},{\"@type\":\"ImageObject\",\"inLanguage\":\"pt-PT\",\"@id\":\"https:\/\/portaltela.pt\/noticias\/2026\/04\/10\/ex-portista-fernando-encerra-a-carreira-aos-38-anos\/#primaryimage\",\"url\":\"https:\/\/portaltela.pt\/s.01k8rhncp4jt1\/2026\/04\/img_920x518uu2026-04-10-22-51-44-2432304.jpg\",\"contentUrl\":\"https:\/\/portaltela.pt\/s.01k8rhncp4jt1\/2026\/04\/img_920x518uu2026-04-10-22-51-44-2432304.jpg\",\"width\":796,\"height\":448,\"caption\":\"Fernando, ex-jogador do FC Porto, anuncia reforma aos 38 anos\"},{\"@type\":\"BreadcrumbList\",\"@id\":\"https:\/\/portaltela.pt\/noticias\/2026\/04\/10\/ex-portista-fernando-encerra-a-carreira-aos-38-anos\/#breadcrumb\",\"itemListElement\":[{\"@type\":\"ListItem\",\"position\":1,\"name\":\"In\u00edcio\",\"item\":\"https:\/\/portaltela.pt\/\"},{\"@type\":\"ListItem\",\"position\":2,\"name\":\"Ex-portista Fernando encerra a carreira aos 38 anos\"}]},{\"@type\":\"WebSite\",\"@id\":\"https:\/\/portaltela.pt\/#website\",\"url\":\"https:\/\/portaltela.pt\/\",\"name\":\"Portal Tela Portugal\",\"description\":\"\",\"potentialAction\":[{\"@type\":\"SearchAction\",\"target\":{\"@type\":\"EntryPoint\",\"urlTemplate\":\"https:\/\/portaltela.pt\/?s={search_term_string}\"},\"query-input\":{\"@type\":\"PropertyValueSpecification\",\"valueRequired\":true,\"valueName\":\"search_term_string\"}}],\"inLanguage\":\"pt-PT\"},{\"@type\":\"Person\",\"@id\":\"https:\/\/portaltela.pt\/#\/schema\/person\/c4278d4a6028830caff9ee44b42d32ed\",\"name\":\"Telinha\",\"image\":{\"@type\":\"ImageObject\",\"inLanguage\":\"pt-PT\",\"@id\":\"https:\/\/portaltela.pt\/s.01k8rhncp4jt1\/2025\/11\/talking-bot-125x125.png\",\"url\":\"https:\/\/portaltela.pt\/s.01k8rhncp4jt1\/2025\/11\/talking-bot-125x125.png\",\"contentUrl\":\"https:\/\/portaltela.pt\/s.01k8rhncp4jt1\/2025\/11\/talking-bot-125x125.png\",\"caption\":\"Telinha\"},\"sameAs\":[\"https:\/\/portaltela.pt\/\"],\"url\":\"https:\/\/portaltela.pt\/por\/367410592786\/\"}]}<\/script>\n<!-- \/ Yoast SEO plugin. -->","yoast_head_json":{"title":"Ex-portista Fernando encerra a carreira aos 38 anos - Portal Tela Portugal","robots":{"index":"index","follow":"follow","max-snippet":"max-snippet:-1","max-image-preview":"max-image-preview:large","max-video-preview":"max-video-preview:-1"},"og_locale":"pt_PT","og_type":"article","og_title":"Ex-portista Fernando encerra a carreira aos 38 anos - Portal Tela Portugal","og_description":"O ex-m\u00e9dio Fernando Reges, de 38 anos, anunciou a retirada dos relvados, citando desgaste no joelho e problemas de cartilagem, durante o programa Resenha ESPN. Iniciou a carreira europeia no FC Porto (2008\/09 a 2013\/14) e esteve por empr\u00e9stimo no Estrela da Amadora. Seguiu carreira pelo Manchester City, Galatasaray e Sevilla, onde permaneceu at\u00e9 2023. Entre os feitos na Europa, destacou-se em duas Liga Europa, quatro t\u00edtulos nacionais em Portugal, tr\u00eas Ta\u00e7as de Portugal e cinco Superta\u00e7as C\u00e2ndido de Oliveira. Em Inglaterra venceu a Ta\u00e7a da Liga; na Turquia foi campe\u00e3o nacional duas vezes e conquistou a Ta\u00e7a da Turquia.","og_url":"https:\/\/portaltela.pt\/noticias\/2026\/04\/10\/ex-portista-fernando-encerra-a-carreira-aos-38-anos\/","og_site_name":"Portal Tela Portugal","article_published_time":"2026-04-10T22:02:25+00:00","author":"Telinha","twitter_card":"summary_large_image","twitter_misc":{"Escrito por":"Telinha","Tempo estimado de leitura":"1 minuto"},"schema":{"@context":"https:\/\/schema.org","@graph":[{"@type":"Article","@id":"https:\/\/portaltela.pt\/noticias\/2026\/04\/10\/ex-portista-fernando-encerra-a-carreira-aos-38-anos\/#article","isPartOf":{"@id":"https:\/\/portaltela.pt\/noticias\/2026\/04\/10\/ex-portista-fernando-encerra-a-carreira-aos-38-anos\/"},"author":{"name":"Telinha","@id":"https:\/\/portaltela.pt\/#\/schema\/person\/c4278d4a6028830caff9ee44b42d32ed"},"headline":"Ex-portista Fernando encerra a carreira aos 38 anos","datePublished":"2026-04-10T22:02:25+00:00","mainEntityOfPage":{"@id":"https:\/\/portaltela.pt\/noticias\/2026\/04\/10\/ex-portista-fernando-encerra-a-carreira-aos-38-anos\/"},"wordCount":264,"image":{"@id":"https:\/\/portaltela.pt\/noticias\/2026\/04\/10\/ex-portista-fernando-encerra-a-carreira-aos-38-anos\/#primaryimage"},"thumbnailUrl":"https:\/\/portaltela.pt\/s.01k8rhncp4jt1\/2026\/04\/img_920x518uu2026-04-10-22-51-44-2432304.jpg","keywords":["futebol","Galatasaray","Liga Europa","Manchester City","Porto","Sevilla"],"articleSection":["Desporto","Futebol"],"inLanguage":"pt-PT"},{"@type":"WebPage","@id":"https:\/\/portaltela.pt\/noticias\/2026\/04\/10\/ex-portista-fernando-encerra-a-carreira-aos-38-anos\/","url":"https:\/\/portaltela.pt\/noticias\/2026\/04\/10\/ex-portista-fernando-encerra-a-carreira-aos-38-anos\/","name":"Ex-portista Fernando encerra a carreira aos 38 anos - Portal Tela Portugal","isPartOf":{"@id":"https:\/\/portaltela.pt\/#website"},"primaryImageOfPage":{"@id":"https:\/\/portaltela.pt\/noticias\/2026\/04\/10\/ex-portista-fernando-encerra-a-carreira-aos-38-anos\/#primaryimage"},"image":{"@id":"https:\/\/portaltela.pt\/noticias\/2026\/04\/10\/ex-portista-fernando-encerra-a-carreira-aos-38-anos\/#primaryimage"},"thumbnailUrl":"https:\/\/portaltela.pt\/s.01k8rhncp4jt1\/2026\/04\/img_920x518uu2026-04-10-22-51-44-2432304.jpg","datePublished":"2026-04-10T22:02:25+00:00","author":{"@id":"https:\/\/portaltela.pt\/#\/schema\/person\/c4278d4a6028830caff9ee44b42d32ed"},"breadcrumb":{"@id":"https:\/\/portaltela.pt\/noticias\/2026\/04\/10\/ex-portista-fernando-encerra-a-carreira-aos-38-anos\/#breadcrumb"},"inLanguage":"pt-PT","potentialAction":[{"@type":"ReadAction","target":["https:\/\/portaltela.pt\/noticias\/2026\/04\/10\/ex-portista-fernando-encerra-a-carreira-aos-38-anos\/"]}]},{"@type":"ImageObject","inLanguage":"pt-PT","@id":"https:\/\/portaltela.pt\/noticias\/2026\/04\/10\/ex-portista-fernando-encerra-a-carreira-aos-38-anos\/#primaryimage","url":"https:\/\/portaltela.pt\/s.01k8rhncp4jt1\/2026\/04\/img_920x518uu2026-04-10-22-51-44-2432304.jpg","contentUrl":"https:\/\/portaltela.pt\/s.01k8rhncp4jt1\/2026\/04\/img_920x518uu2026-04-10-22-51-44-2432304.jpg","width":796,"height":448,"caption":"Fernando, ex-jogador do FC Porto, anuncia reforma aos 38 anos"},{"@type":"BreadcrumbList","@id":"https:\/\/portaltela.pt\/noticias\/2026\/04\/10\/ex-portista-fernando-encerra-a-carreira-aos-38-anos\/#breadcrumb","itemListElement":[{"@type":"ListItem","position":1,"name":"In\u00edcio","item":"https:\/\/portaltela.pt\/"},{"@type":"ListItem","position":2,"name":"Ex-portista Fernando encerra a carreira aos 38 anos"}]},{"@type":"WebSite","@id":"https:\/\/portaltela.pt\/#website","url":"https:\/\/portaltela.pt\/","name":"Portal Tela Portugal","description":"","potentialAction":[{"@type":"SearchAction","target":{"@type":"EntryPoint","urlTemplate":"https:\/\/portaltela.pt\/?s={search_term_string}"},"query-input":{"@type":"PropertyValueSpecification","valueRequired":true,"valueName":"search_term_string"}}],"inLanguage":"pt-PT"},{"@type":"Person","@id":"https:\/\/portaltela.pt\/#\/schema\/person\/c4278d4a6028830caff9ee44b42d32ed","name":"Telinha","image":{"@type":"ImageObject","inLanguage":"pt-PT","@id":"https:\/\/portaltela.pt\/s.01k8rhncp4jt1\/2025\/11\/talking-bot-125x125.png","url":"https:\/\/portaltela.pt\/s.01k8rhncp4jt1\/2025\/11\/talking-bot-125x125.png","contentUrl":"https:\/\/portaltela.pt\/s.01k8rhncp4jt1\/2025\/11\/talking-bot-125x125.png","caption":"Telinha"},"sameAs":["https:\/\/portaltela.pt\/"],"url":"https:\/\/portaltela.pt\/por\/367410592786\/"}]}},"_links":{"self":[{"href":"https:\/\/portaltela.pt\/api\/wp\/v2\/posts\/440030","targetHints":{"allow":["GET"]}}],"collection":[{"href":"https:\/\/portaltela.pt\/api\/wp\/v2\/posts"}],"about":[{"href":"https:\/\/portaltela.pt\/api\/wp\/v2\/types\/post"}],"author":[{"embeddable":true,"href":"https:\/\/portaltela.pt\/api\/wp\/v2\/users\/2"}],"replies":[{"embeddable":true,"href":"https:\/\/portaltela.pt\/api\/wp\/v2\/comments?post=440030"}],"version-history":[{"count":0,"href":"https:\/\/portaltela.pt\/api\/wp\/v2\/posts\/440030\/revisions"}],"wp:featuredmedia":[{"embeddable":true,"href":"https:\/\/portaltela.pt\/api\/wp\/v2\/media\/440033"}],"wp:attachment":[{"href":"https:\/\/portaltela.pt\/api\/wp\/v2\/media?parent=440030"}],"wp:term":[{"taxonomy":"category","embeddable":true,"href":"https:\/\/portaltela.pt\/api\/wp\/v2\/categories?post=440030"},{"taxonomy":"post_tag","embeddable":true,"href":"https:\/\/portaltela.pt\/api\/wp\/v2\/tags?post=440030"}],"curies":[{"name":"wp","href":"https:\/\/api.w.org\/{rel}","templated":true}]}}